{"id":7664,"date":"2024-11-12T11:59:44","date_gmt":"2024-11-12T10:59:44","guid":{"rendered":"https:\/\/gremicafe.cat\/?p=7664"},"modified":"2024-11-14T12:06:30","modified_gmt":"2024-11-14T11:06:30","slug":"visita-dalumnat-a-les-installacions-de-bracafe","status":"publish","type":"post","link":"https:\/\/gremicafe.cat\/es\/2024\/11\/12\/visita-dalumnat-a-les-installacions-de-bracafe\/","title":{"rendered":"Visita de alumnado a las instalaciones de Bracaf\u00e9"},"content":{"rendered":"<p class=\"p1\"><span class=\"s1\">Barcelona, 11 de noviembre 2024. Los alumnos de 1\u00ba del Ciclo Fomativo de Gesti\u00f3n Administrativa de <strong>Salesianos, Badalona<\/strong> han visitado las instalaciones de <strong>Bracaf\u00e9<\/strong>.<\/span><\/p>\n<p>Los alumnos han podido conocer de primera mano la gesti\u00f3n de la empresa Bracaf\u00e9, gracias a las explicaciones profesionales del <strong>SR. Javier de Erausquin<\/strong>, directivo de la empresa; viendo en directo el proceso de elaboraci\u00f3n del caf\u00e9, c\u00f3mo se recibe y se trata el caf\u00e9, su elaboraci\u00f3n, la torrefacci\u00f3n y el envasado manual. Dando servicio a quien desea tomar un caf\u00e9 espectacular.<\/p>\n<p>El objetivo de este tipo de visitas, se enmarca dentro del programa de <strong>Cofee Experience del Gremio del Caf\u00e9 de Catalu\u00f1a<\/strong>, a trav\u00e9s de las cuales los estudiantes pueden abrir horizontes sobre posibles salidas laborales adem\u00e1s de conocer las caracter\u00edsticas de la empresa y algunos de los requisitos administrativos para la actividad industrial.<\/p>\n<div id=\"attachment_7671\" style=\"width: 729px\" class=\"wp-caption aligncenter\"><img loading=\"lazy\" decoding=\"async\" aria-describedby=\"caption-attachment-7671\" class=\"wp-image-7671 size-full\" title=\"Visita a Bracaf\u00e9 del alumnado del Ciclo Formativo de Gesti\u00f3n Administrativa\" src=\"https:\/\/gremicafe.cat\/wp-content\/uploads\/2024\/11\/edit-si.jpg\" alt=\"Visita a Bracaf\u00e9 de l'alumnat del Cicle Formatiu de Gesti\u00f3 Administrativa\" width=\"719\" height=\"919\" srcset=\"https:\/\/gremicafe.cat\/wp-content\/uploads\/2024\/11\/edit-si.jpg 719w, https:\/\/gremicafe.cat\/wp-content\/uploads\/2024\/11\/edit-si-9x12.jpg 9w, https:\/\/gremicafe.cat\/wp-content\/uploads\/2024\/11\/edit-si-563x720.jpg 563w\" sizes=\"(max-width: 719px) 100vw, 719px\" \/><p id=\"caption-attachment-7671\" class=\"wp-caption-text\">Visita a Bracaf\u00e9 del alumnado del Ciclo Formativo de Gesti\u00f3n Administrativa<\/p><\/div>","protected":false},"excerpt":{"rendered":"<p>Barcelona, 11 de novembre 2024. Els alumnes de 1r del Cicle Fomatiu de Gesti\u00f3 Administrativa de Salesians, Badalona han visitat les instal\u00b7lacions de Bracaf\u00e9. Els alumnes han pogut con\u00e8ixer de primera m\u00e0 la gesti\u00f3 de l\u2019empresa Bracaf\u00e9, gr\u00e0cies a les explicacions professionals del Sr. Xavier de Erausquin, directiu de l&#8217;empresa; veient en directe el proc\u00e9s [&hellip;]<\/p>\n","protected":false},"author":1,"featured_media":7665,"comment_status":"closed","ping_status":"open","sticky":false,"template":"","format":"standard","meta":{"_acf_changed":false,"inline_featured_image":false,"footnotes":""},"categories":[1],"tags":[40,120],"class_list":["post-7664","post","type-post","status-publish","format-standard","has-post-thumbnail","hentry","category-noticies","tag-bracafe","tag-cofee-experience"],"acf":[],"yoast_head":"<!-- This site is optimized with the Yoast SEO plugin v25.5 - https:\/\/yoast.com\/wordpress\/plugins\/seo\/ -->\n<title>Visita d&#039;alumnat a les instal\u00b7lacions de Bracaf\u00e9 - Gremi del Caf\u00e8, torradors de Catalunya<\/title>\n<meta name=\"description\" content=\"L&#039;objectiu d&#039;aquesta mena de visites, s&#039;emmarca dins del programa de Cofee Experience del Gremi del Caf\u00e8 de Catalunya.\" \/>\n<meta name=\"robots\" content=\"index, follow, max-snippet:-1, max-image-preview:large, max-video-preview:-1\" \/>\n<link rel=\"canonical\" href=\"https:\/\/gremicafe.cat\/es\/2024\/11\/12\/visita-dalumnat-a-les-installacions-de-bracafe\/\" \/>\n<meta property=\"og:locale\" content=\"es_ES\" \/>\n<meta property=\"og:type\" content=\"article\" \/>\n<meta property=\"og:title\" content=\"Visita d&#039;alumnat a les instal\u00b7lacions de Bracaf\u00e9 - Gremi del Caf\u00e8, torradors de Catalunya\" \/>\n<meta property=\"og:description\" content=\"L&#039;objectiu d&#039;aquesta mena de visites, s&#039;emmarca dins del programa de Cofee Experience del Gremi del Caf\u00e8 de Catalunya.\" \/>\n<meta property=\"og:url\" content=\"https:\/\/gremicafe.cat\/es\/2024\/11\/12\/visita-dalumnat-a-les-installacions-de-bracafe\/\" \/>\n<meta property=\"og:site_name\" content=\"Gremi del Caf\u00e8, torradors de Catalunya\" \/>\n<meta property=\"article:publisher\" content=\"https:\/\/www.facebook.com\/gremicafecat\" \/>\n<meta property=\"article:published_time\" content=\"2024-11-12T10:59:44+00:00\" \/>\n<meta property=\"article:modified_time\" content=\"2024-11-14T11:06:30+00:00\" \/>\n<meta property=\"og:image\" content=\"https:\/\/gremicafe.cat\/wp-content\/uploads\/2024\/11\/GcMpdDZX0AAccrX.jpg\" \/>\n\t<meta property=\"og:image:width\" content=\"900\" \/>\n\t<meta property=\"og:image:height\" content=\"404\" \/>\n\t<meta property=\"og:image:type\" content=\"image\/jpeg\" \/>\n<meta name=\"author\" content=\"gremicafe\" \/>\n<meta name=\"twitter:card\" content=\"summary_large_image\" \/>\n<meta name=\"twitter:creator\" content=\"@gremicafecat\" \/>\n<meta name=\"twitter:site\" content=\"@gremicafecat\" \/>\n<meta name=\"twitter:label1\" content=\"Escrito por\" \/>\n\t<meta name=\"twitter:data1\" content=\"gremicafe\" \/>\n\t<meta name=\"twitter:label2\" content=\"Tiempo de lectura\" \/>\n\t<meta name=\"twitter:data2\" content=\"2 minutos\" \/>\n<script type=\"application\/ld+json\" class=\"yoast-schema-graph\">{\"@context\":\"https:\/\/schema.org\",\"@graph\":[{\"@type\":\"Article\",\"@id\":\"https:\/\/gremicafe.cat\/2024\/11\/12\/visita-dalumnat-a-les-installacions-de-bracafe\/#article\",\"isPartOf\":{\"@id\":\"https:\/\/gremicafe.cat\/2024\/11\/12\/visita-dalumnat-a-les-installacions-de-bracafe\/\"},\"author\":{\"name\":\"gremicafe\",\"@id\":\"https:\/\/gremicafe.cat\/#\/schema\/person\/dabfdbb3d0fa36260855a380f94e4733\"},\"headline\":\"Visita d&#8217;alumnat a les instal\u00b7lacions de Bracaf\u00e9\",\"datePublished\":\"2024-11-12T10:59:44+00:00\",\"dateModified\":\"2024-11-14T11:06:30+00:00\",\"mainEntityOfPage\":{\"@id\":\"https:\/\/gremicafe.cat\/2024\/11\/12\/visita-dalumnat-a-les-installacions-de-bracafe\/\"},\"wordCount\":167,\"publisher\":{\"@id\":\"https:\/\/gremicafe.cat\/#organization\"},\"image\":{\"@id\":\"https:\/\/gremicafe.cat\/2024\/11\/12\/visita-dalumnat-a-les-installacions-de-bracafe\/#primaryimage\"},\"thumbnailUrl\":\"https:\/\/gremicafe.cat\/wp-content\/uploads\/2024\/11\/GcMpdDZX0AAccrX.jpg\",\"keywords\":[\"bracaf\u00e9\",\"Cofee Experience\"],\"articleSection\":[\"Not\u00edcies\"],\"inLanguage\":\"es\"},{\"@type\":\"WebPage\",\"@id\":\"https:\/\/gremicafe.cat\/2024\/11\/12\/visita-dalumnat-a-les-installacions-de-bracafe\/\",\"url\":\"https:\/\/gremicafe.cat\/2024\/11\/12\/visita-dalumnat-a-les-installacions-de-bracafe\/\",\"name\":\"Visita d'alumnat a les instal\u00b7lacions de Bracaf\u00e9 - Gremi del Caf\u00e8, torradors de Catalunya\",\"isPartOf\":{\"@id\":\"https:\/\/gremicafe.cat\/#website\"},\"primaryImageOfPage\":{\"@id\":\"https:\/\/gremicafe.cat\/2024\/11\/12\/visita-dalumnat-a-les-installacions-de-bracafe\/#primaryimage\"},\"image\":{\"@id\":\"https:\/\/gremicafe.cat\/2024\/11\/12\/visita-dalumnat-a-les-installacions-de-bracafe\/#primaryimage\"},\"thumbnailUrl\":\"https:\/\/gremicafe.cat\/wp-content\/uploads\/2024\/11\/GcMpdDZX0AAccrX.jpg\",\"datePublished\":\"2024-11-12T10:59:44+00:00\",\"dateModified\":\"2024-11-14T11:06:30+00:00\",\"description\":\"L'objectiu d'aquesta mena de visites, s'emmarca dins del programa de Cofee Experience del Gremi del Caf\u00e8 de Catalunya.\",\"breadcrumb\":{\"@id\":\"https:\/\/gremicafe.cat\/2024\/11\/12\/visita-dalumnat-a-les-installacions-de-bracafe\/#breadcrumb\"},\"inLanguage\":\"es\",\"potentialAction\":[{\"@type\":\"ReadAction\",\"target\":[\"https:\/\/gremicafe.cat\/2024\/11\/12\/visita-dalumnat-a-les-installacions-de-bracafe\/\"]}]},{\"@type\":\"ImageObject\",\"inLanguage\":\"es\",\"@id\":\"https:\/\/gremicafe.cat\/2024\/11\/12\/visita-dalumnat-a-les-installacions-de-bracafe\/#primaryimage\",\"url\":\"https:\/\/gremicafe.cat\/wp-content\/uploads\/2024\/11\/GcMpdDZX0AAccrX.jpg\",\"contentUrl\":\"https:\/\/gremicafe.cat\/wp-content\/uploads\/2024\/11\/GcMpdDZX0AAccrX.jpg\",\"width\":900,\"height\":404,\"caption\":\"Visita a Bracaf\u00e9 de l'alumnat del Cicle Formatiu de Gesti\u00f3 Administrativa\"},{\"@type\":\"BreadcrumbList\",\"@id\":\"https:\/\/gremicafe.cat\/2024\/11\/12\/visita-dalumnat-a-les-installacions-de-bracafe\/#breadcrumb\",\"itemListElement\":[{\"@type\":\"ListItem\",\"position\":1,\"name\":\"Inici\",\"item\":\"https:\/\/gremicafe.cat\/\"},{\"@type\":\"ListItem\",\"position\":2,\"name\":\"Visita d&#8217;alumnat a les instal\u00b7lacions de Bracaf\u00e9\"}]},{\"@type\":\"WebSite\",\"@id\":\"https:\/\/gremicafe.cat\/#website\",\"url\":\"https:\/\/gremicafe.cat\/\",\"name\":\"Gremi del Caf\u00e8, torradors de Catalunya\",\"description\":\"Web oficial del gremi de torradors de caf\u00e8 de Catalunya\",\"publisher\":{\"@id\":\"https:\/\/gremicafe.cat\/#organization\"},\"potentialAction\":[{\"@type\":\"SearchAction\",\"target\":{\"@type\":\"EntryPoint\",\"urlTemplate\":\"https:\/\/gremicafe.cat\/?s={search_term_string}\"},\"query-input\":{\"@type\":\"PropertyValueSpecification\",\"valueRequired\":true,\"valueName\":\"search_term_string\"}}],\"inLanguage\":\"es\"},{\"@type\":\"Organization\",\"@id\":\"https:\/\/gremicafe.cat\/#organization\",\"name\":\"Gremi del Caf\u00e8, Torradors de Catalunya\",\"url\":\"https:\/\/gremicafe.cat\/\",\"logo\":{\"@type\":\"ImageObject\",\"inLanguage\":\"es\",\"@id\":\"https:\/\/gremicafe.cat\/#\/schema\/logo\/image\/\",\"url\":\"https:\/\/gremicafe.cat\/wp-content\/uploads\/2018\/03\/gremicafe-logo250.png\",\"contentUrl\":\"https:\/\/gremicafe.cat\/wp-content\/uploads\/2018\/03\/gremicafe-logo250.png\",\"width\":250,\"height\":49,\"caption\":\"Gremi del Caf\u00e8, Torradors de Catalunya\"},\"image\":{\"@id\":\"https:\/\/gremicafe.cat\/#\/schema\/logo\/image\/\"},\"sameAs\":[\"https:\/\/www.facebook.com\/gremicafecat\",\"https:\/\/x.com\/gremicafecat\",\"https:\/\/www.instagram.com\/gremicafecat\/\",\"https:\/\/www.pinterest.es\/gremicafecat\/\",\"https:\/\/www.youtube.com\/channel\/UCGLo5Y35vLwLvP4FrPZrCrw\/\"]},{\"@type\":\"Person\",\"@id\":\"https:\/\/gremicafe.cat\/#\/schema\/person\/dabfdbb3d0fa36260855a380f94e4733\",\"name\":\"gremicafe\",\"image\":{\"@type\":\"ImageObject\",\"inLanguage\":\"es\",\"@id\":\"https:\/\/gremicafe.cat\/#\/schema\/person\/image\/\",\"url\":\"https:\/\/secure.gravatar.com\/avatar\/e59baa4ca8f6f97576d6375fb6d3c8f0?s=96&d=mm&r=g\",\"contentUrl\":\"https:\/\/secure.gravatar.com\/avatar\/e59baa4ca8f6f97576d6375fb6d3c8f0?s=96&d=mm&r=g\",\"caption\":\"gremicafe\"}}]}<\/script>\n<!-- \/ Yoast SEO plugin. -->","yoast_head_json":{"title":"Visita d'alumnat a les instal\u00b7lacions de Bracaf\u00e9 - Gremi del Caf\u00e8, torradors de Catalunya","description":"L'objectiu d'aquesta mena de visites, s'emmarca dins del programa de Cofee Experience del Gremi del Caf\u00e8 de Catalunya.","robots":{"index":"index","follow":"follow","max-snippet":"max-snippet:-1","max-image-preview":"max-image-preview:large","max-video-preview":"max-video-preview:-1"},"canonical":"https:\/\/gremicafe.cat\/es\/2024\/11\/12\/visita-dalumnat-a-les-installacions-de-bracafe\/","og_locale":"es_ES","og_type":"article","og_title":"Visita d'alumnat a les instal\u00b7lacions de Bracaf\u00e9 - Gremi del Caf\u00e8, torradors de Catalunya","og_description":"L'objectiu d'aquesta mena de visites, s'emmarca dins del programa de Cofee Experience del Gremi del Caf\u00e8 de Catalunya.","og_url":"https:\/\/gremicafe.cat\/es\/2024\/11\/12\/visita-dalumnat-a-les-installacions-de-bracafe\/","og_site_name":"Gremi del Caf\u00e8, torradors de Catalunya","article_publisher":"https:\/\/www.facebook.com\/gremicafecat","article_published_time":"2024-11-12T10:59:44+00:00","article_modified_time":"2024-11-14T11:06:30+00:00","og_image":[{"width":900,"height":404,"url":"https:\/\/gremicafe.cat\/wp-content\/uploads\/2024\/11\/GcMpdDZX0AAccrX.jpg","type":"image\/jpeg"}],"author":"gremicafe","twitter_card":"summary_large_image","twitter_creator":"@gremicafecat","twitter_site":"@gremicafecat","twitter_misc":{"Escrito por":"gremicafe","Tiempo de lectura":"2 minutos"},"schema":{"@context":"https:\/\/schema.org","@graph":[{"@type":"Article","@id":"https:\/\/gremicafe.cat\/2024\/11\/12\/visita-dalumnat-a-les-installacions-de-bracafe\/#article","isPartOf":{"@id":"https:\/\/gremicafe.cat\/2024\/11\/12\/visita-dalumnat-a-les-installacions-de-bracafe\/"},"author":{"name":"gremicafe","@id":"https:\/\/gremicafe.cat\/#\/schema\/person\/dabfdbb3d0fa36260855a380f94e4733"},"headline":"Visita d&#8217;alumnat a les instal\u00b7lacions de Bracaf\u00e9","datePublished":"2024-11-12T10:59:44+00:00","dateModified":"2024-11-14T11:06:30+00:00","mainEntityOfPage":{"@id":"https:\/\/gremicafe.cat\/2024\/11\/12\/visita-dalumnat-a-les-installacions-de-bracafe\/"},"wordCount":167,"publisher":{"@id":"https:\/\/gremicafe.cat\/#organization"},"image":{"@id":"https:\/\/gremicafe.cat\/2024\/11\/12\/visita-dalumnat-a-les-installacions-de-bracafe\/#primaryimage"},"thumbnailUrl":"https:\/\/gremicafe.cat\/wp-content\/uploads\/2024\/11\/GcMpdDZX0AAccrX.jpg","keywords":["bracaf\u00e9","Cofee Experience"],"articleSection":["Not\u00edcies"],"inLanguage":"es"},{"@type":"WebPage","@id":"https:\/\/gremicafe.cat\/2024\/11\/12\/visita-dalumnat-a-les-installacions-de-bracafe\/","url":"https:\/\/gremicafe.cat\/2024\/11\/12\/visita-dalumnat-a-les-installacions-de-bracafe\/","name":"Visita d'alumnat a les instal\u00b7lacions de Bracaf\u00e9 - Gremi del Caf\u00e8, torradors de Catalunya","isPartOf":{"@id":"https:\/\/gremicafe.cat\/#website"},"primaryImageOfPage":{"@id":"https:\/\/gremicafe.cat\/2024\/11\/12\/visita-dalumnat-a-les-installacions-de-bracafe\/#primaryimage"},"image":{"@id":"https:\/\/gremicafe.cat\/2024\/11\/12\/visita-dalumnat-a-les-installacions-de-bracafe\/#primaryimage"},"thumbnailUrl":"https:\/\/gremicafe.cat\/wp-content\/uploads\/2024\/11\/GcMpdDZX0AAccrX.jpg","datePublished":"2024-11-12T10:59:44+00:00","dateModified":"2024-11-14T11:06:30+00:00","description":"L'objectiu d'aquesta mena de visites, s'emmarca dins del programa de Cofee Experience del Gremi del Caf\u00e8 de Catalunya.","breadcrumb":{"@id":"https:\/\/gremicafe.cat\/2024\/11\/12\/visita-dalumnat-a-les-installacions-de-bracafe\/#breadcrumb"},"inLanguage":"es","potentialAction":[{"@type":"ReadAction","target":["https:\/\/gremicafe.cat\/2024\/11\/12\/visita-dalumnat-a-les-installacions-de-bracafe\/"]}]},{"@type":"ImageObject","inLanguage":"es","@id":"https:\/\/gremicafe.cat\/2024\/11\/12\/visita-dalumnat-a-les-installacions-de-bracafe\/#primaryimage","url":"https:\/\/gremicafe.cat\/wp-content\/uploads\/2024\/11\/GcMpdDZX0AAccrX.jpg","contentUrl":"https:\/\/gremicafe.cat\/wp-content\/uploads\/2024\/11\/GcMpdDZX0AAccrX.jpg","width":900,"height":404,"caption":"Visita a Bracaf\u00e9 de l'alumnat del Cicle Formatiu de Gesti\u00f3 Administrativa"},{"@type":"BreadcrumbList","@id":"https:\/\/gremicafe.cat\/2024\/11\/12\/visita-dalumnat-a-les-installacions-de-bracafe\/#breadcrumb","itemListElement":[{"@type":"ListItem","position":1,"name":"Inici","item":"https:\/\/gremicafe.cat\/"},{"@type":"ListItem","position":2,"name":"Visita d&#8217;alumnat a les instal\u00b7lacions de Bracaf\u00e9"}]},{"@type":"WebSite","@id":"https:\/\/gremicafe.cat\/#website","url":"https:\/\/gremicafe.cat\/","name":"Gremio del Caf\u00e9, tostadores de Catalu\u00f1a","description":"Web oficial del gremio de tostadores de caf\u00e9 de Catalunya","publisher":{"@id":"https:\/\/gremicafe.cat\/#organization"},"potentialAction":[{"@type":"SearchAction","target":{"@type":"EntryPoint","urlTemplate":"https:\/\/gremicafe.cat\/?s={search_term_string}"},"query-input":{"@type":"PropertyValueSpecification","valueRequired":true,"valueName":"search_term_string"}}],"inLanguage":"es"},{"@type":"Organization","@id":"https:\/\/gremicafe.cat\/#organization","name":"Gremio del Caf\u00e9, Tostadores de Catalu\u00f1a","url":"https:\/\/gremicafe.cat\/","logo":{"@type":"ImageObject","inLanguage":"es","@id":"https:\/\/gremicafe.cat\/#\/schema\/logo\/image\/","url":"https:\/\/gremicafe.cat\/wp-content\/uploads\/2018\/03\/gremicafe-logo250.png","contentUrl":"https:\/\/gremicafe.cat\/wp-content\/uploads\/2018\/03\/gremicafe-logo250.png","width":250,"height":49,"caption":"Gremi del Caf\u00e8, Torradors de Catalunya"},"image":{"@id":"https:\/\/gremicafe.cat\/#\/schema\/logo\/image\/"},"sameAs":["https:\/\/www.facebook.com\/gremicafecat","https:\/\/x.com\/gremicafecat","https:\/\/www.instagram.com\/gremicafecat\/","https:\/\/www.pinterest.es\/gremicafecat\/","https:\/\/www.youtube.com\/channel\/UCGLo5Y35vLwLvP4FrPZrCrw\/"]},{"@type":"Person","@id":"https:\/\/gremicafe.cat\/#\/schema\/person\/dabfdbb3d0fa36260855a380f94e4733","name":"gremicafe","image":{"@type":"ImageObject","inLanguage":"es","@id":"https:\/\/gremicafe.cat\/#\/schema\/person\/image\/","url":"https:\/\/secure.gravatar.com\/avatar\/e59baa4ca8f6f97576d6375fb6d3c8f0?s=96&d=mm&r=g","contentUrl":"https:\/\/secure.gravatar.com\/avatar\/e59baa4ca8f6f97576d6375fb6d3c8f0?s=96&d=mm&r=g","caption":"gremicafe"}}]}},"_links":{"self":[{"href":"https:\/\/gremicafe.cat\/es\/wp-json\/wp\/v2\/posts\/7664"}],"collection":[{"href":"https:\/\/gremicafe.cat\/es\/wp-json\/wp\/v2\/posts"}],"about":[{"href":"https:\/\/gremicafe.cat\/es\/wp-json\/wp\/v2\/types\/post"}],"author":[{"embeddable":true,"href":"https:\/\/gremicafe.cat\/es\/wp-json\/wp\/v2\/users\/1"}],"replies":[{"embeddable":true,"href":"https:\/\/gremicafe.cat\/es\/wp-json\/wp\/v2\/comments?post=7664"}],"version-history":[{"count":0,"href":"https:\/\/gremicafe.cat\/es\/wp-json\/wp\/v2\/posts\/7664\/revisions"}],"wp:featuredmedia":[{"embeddable":true,"href":"https:\/\/gremicafe.cat\/es\/wp-json\/wp\/v2\/media\/7665"}],"wp:attachment":[{"href":"https:\/\/gremicafe.cat\/es\/wp-json\/wp\/v2\/media?parent=7664"}],"wp:term":[{"taxonomy":"category","embeddable":true,"href":"https:\/\/gremicafe.cat\/es\/wp-json\/wp\/v2\/categories?post=7664"},{"taxonomy":"post_tag","embeddable":true,"href":"https:\/\/gremicafe.cat\/es\/wp-json\/wp\/v2\/tags?post=7664"}],"curies":[{"name":"wp","href":"https:\/\/api.w.org\/{rel}","templated":true}]}}