{"id":7675,"date":"2024-11-21T11:23:47","date_gmt":"2024-11-21T10:23:47","guid":{"rendered":"https:\/\/gremicafe.cat\/?p=7675"},"modified":"2024-11-21T11:24:49","modified_gmt":"2024-11-21T10:24:49","slug":"cafes-cornella","status":"publish","type":"post","link":"https:\/\/gremicafe.cat\/es\/2024\/11\/21\/cafes-cornella\/","title":{"rendered":"Caf\u00e9s Cornell\u00e0 crea el primer sistema colaborativo que digitaliza los establecimientos de restauraci\u00f3n y aumenta su rentabilidad"},"content":{"rendered":"<p class=\"p1\"><span class=\"s1\">Barcelona, 21 de noviembre 2024. <\/span><span class=\"s1\"><b>Caf\u00e9s Cornell\u00e0 <\/b>crea el primer sistema colaborativo que digitaliza los establecimientos de restauraci\u00f3n y aumenta su rentabilidad.<\/span><\/p>\n<p>\u201cPlataforma 4.0\u201d es una hoja de ruta que gu\u00eda a los establecimientos para posicionarse en el mercado por la calidad de su caf\u00e9.<\/p>\n<p>El sistema, compartido entre proveedor de caf\u00e9 y establecimiento, permite aumentar un 15% la facturaci\u00f3n o reducir un 20% el desperdicio.<\/p>\n<p>Con t\u00e9cnicas de an\u00e1lisis de datos, Caf\u00e9s Cornell\u00e0 puede calcular cu\u00e1ntos caf\u00e9s se sirven en una ciudad al d\u00eda; en Gerona son 38.900.<\/p>\n<p>&nbsp;<\/p>\n<p>Para m\u00e1s informaci\u00f3n: https:\/\/gremicafe.cat\/noticies\/<\/p>\n<p>Nota de prensa en PDF. <span class=\"s1\"><a href=\"https:\/\/gremicafe.cat\/wp-content\/uploads\/2024\/11\/Nota_de_Prensa_Cafes_Cornella_Plataforma_04_Restauracion.pdf\">Nota_de_Prensa_Cafes_Cornella_Plataforma_04_Restauracion<\/a><\/span><\/p>\n<p>&nbsp;<\/p>\n<div id=\"attachment_7677\" style=\"width: 1210px\" class=\"wp-caption aligncenter\"><img loading=\"lazy\" decoding=\"async\" aria-describedby=\"caption-attachment-7677\" class=\"wp-image-7677 size-full\" src=\"https:\/\/gremicafe.cat\/wp-content\/uploads\/2024\/11\/CCW-Pere_Cornella_exposicio_02.jpg\" alt=\"Caf\u00e8s Cornell\u00e0 presenta el 1r sistema col\u00b7laboratiu que digitalitza els establiments de restauraci\u00f3\" width=\"1200\" height=\"800\" srcset=\"https:\/\/gremicafe.cat\/wp-content\/uploads\/2024\/11\/CCW-Pere_Cornella_exposicio_02.jpg 1200w, https:\/\/gremicafe.cat\/wp-content\/uploads\/2024\/11\/CCW-Pere_Cornella_exposicio_02-768x512.jpg 768w, https:\/\/gremicafe.cat\/wp-content\/uploads\/2024\/11\/CCW-Pere_Cornella_exposicio_02-18x12.jpg 18w, https:\/\/gremicafe.cat\/wp-content\/uploads\/2024\/11\/CCW-Pere_Cornella_exposicio_02-1080x720.jpg 1080w\" sizes=\"(max-width: 1200px) 100vw, 1200px\" \/><p id=\"caption-attachment-7677\" class=\"wp-caption-text\">Caf\u00e9s Cornell\u00e0; presenta el 1er sistema colaborativo que digitaliza los establecimientos de restauraci\u00f3n<\/p><\/div>","protected":false},"excerpt":{"rendered":"<p>Barcelona, 21 de novembre 2024. Caf\u00e8s Cornell\u00e0 crea el primer sistema col\u00b7laboratiu que digitalitza els establiments de restauraci\u00f3 i augmenta la seva rendibilitat. &#8220;Plataforma 4.0&#8221; \u00e9s un full de ruta que guia als establiments per posicionar-se en el mercat per la qualitat del seu caf\u00e8. El sistema, compartit entre prove\u00efdor de caf\u00e8 i establiment, permet [&hellip;]<\/p>\n","protected":false},"author":1,"featured_media":7676,"comment_status":"closed","ping_status":"open","sticky":false,"template":"","format":"standard","meta":{"_acf_changed":false,"inline_featured_image":false,"footnotes":""},"categories":[1],"tags":[78,122,121],"class_list":["post-7675","post","type-post","status-publish","format-standard","has-post-thumbnail","hentry","category-noticies","tag-cafes-cornella","tag-pere-cornella","tag-restauracio"],"acf":[],"yoast_head":"<!-- This site is optimized with the Yoast SEO plugin v25.5 - https:\/\/yoast.com\/wordpress\/plugins\/seo\/ -->\n<title>Caf\u00e9s Cornell\u00e0 crea el primer sistema col\u00b7laboratiu que digitalitza els establiments de restauraci\u00f3 i augmenta la seva rendibilitat - Gremi del Caf\u00e8, torradors de Catalunya<\/title>\n<meta name=\"description\" content=\"Caf\u00e8s Cornell\u00e0 presenta el 1r sistema col\u00b7laboratiu que digitalitza els establiments de restauraci\u00f3 i augmenta la seva rendibilitat.\" \/>\n<meta name=\"robots\" content=\"index, follow, max-snippet:-1, max-image-preview:large, max-video-preview:-1\" \/>\n<link rel=\"canonical\" href=\"https:\/\/gremicafe.cat\/es\/2024\/11\/21\/cafes-cornella\/\" \/>\n<meta property=\"og:locale\" content=\"es_ES\" \/>\n<meta property=\"og:type\" content=\"article\" \/>\n<meta property=\"og:title\" content=\"Caf\u00e9s Cornell\u00e0 crea el primer sistema col\u00b7laboratiu que digitalitza els establiments de restauraci\u00f3 i augmenta la seva rendibilitat - Gremi del Caf\u00e8, torradors de Catalunya\" \/>\n<meta property=\"og:description\" content=\"Caf\u00e8s Cornell\u00e0 presenta el 1r sistema col\u00b7laboratiu que digitalitza els establiments de restauraci\u00f3 i augmenta la seva rendibilitat.\" \/>\n<meta property=\"og:url\" content=\"https:\/\/gremicafe.cat\/es\/2024\/11\/21\/cafes-cornella\/\" \/>\n<meta property=\"og:site_name\" content=\"Gremi del Caf\u00e8, torradors de Catalunya\" \/>\n<meta property=\"article:publisher\" content=\"https:\/\/www.facebook.com\/gremicafecat\" \/>\n<meta property=\"article:published_time\" content=\"2024-11-21T10:23:47+00:00\" \/>\n<meta property=\"article:modified_time\" content=\"2024-11-21T10:24:49+00:00\" \/>\n<meta property=\"og:image\" content=\"https:\/\/gremicafe.cat\/wp-content\/uploads\/2024\/11\/CCW-Marc-Pujol_Pere-Cornella_Jordi-Mias_02.jpg\" \/>\n\t<meta property=\"og:image:width\" content=\"900\" \/>\n\t<meta property=\"og:image:height\" content=\"600\" \/>\n\t<meta property=\"og:image:type\" content=\"image\/jpeg\" \/>\n<meta name=\"author\" content=\"gremicafe\" \/>\n<meta name=\"twitter:card\" content=\"summary_large_image\" \/>\n<meta name=\"twitter:creator\" content=\"@gremicafecat\" \/>\n<meta name=\"twitter:site\" content=\"@gremicafecat\" \/>\n<meta name=\"twitter:label1\" content=\"Escrito por\" \/>\n\t<meta name=\"twitter:data1\" content=\"gremicafe\" \/>\n\t<meta name=\"twitter:label2\" content=\"Tiempo de lectura\" \/>\n\t<meta name=\"twitter:data2\" content=\"2 minutos\" \/>\n<script type=\"application\/ld+json\" class=\"yoast-schema-graph\">{\"@context\":\"https:\/\/schema.org\",\"@graph\":[{\"@type\":\"Article\",\"@id\":\"https:\/\/gremicafe.cat\/2024\/11\/21\/cafes-cornella\/#article\",\"isPartOf\":{\"@id\":\"https:\/\/gremicafe.cat\/2024\/11\/21\/cafes-cornella\/\"},\"author\":{\"name\":\"gremicafe\",\"@id\":\"https:\/\/gremicafe.cat\/#\/schema\/person\/dabfdbb3d0fa36260855a380f94e4733\"},\"headline\":\"Caf\u00e9s Cornell\u00e0 crea el primer sistema col\u00b7laboratiu que digitalitza els establiments de restauraci\u00f3 i augmenta la seva rendibilitat\",\"datePublished\":\"2024-11-21T10:23:47+00:00\",\"dateModified\":\"2024-11-21T10:24:49+00:00\",\"mainEntityOfPage\":{\"@id\":\"https:\/\/gremicafe.cat\/2024\/11\/21\/cafes-cornella\/\"},\"wordCount\":154,\"publisher\":{\"@id\":\"https:\/\/gremicafe.cat\/#organization\"},\"image\":{\"@id\":\"https:\/\/gremicafe.cat\/2024\/11\/21\/cafes-cornella\/#primaryimage\"},\"thumbnailUrl\":\"https:\/\/gremicafe.cat\/wp-content\/uploads\/2024\/11\/CCW-Marc-Pujol_Pere-Cornella_Jordi-Mias_02.jpg\",\"keywords\":[\"Caf\u00e8s Cornell\u00e0\",\"Pere Cornell\u00e0\",\"restauraci\u00f3\"],\"articleSection\":[\"Not\u00edcies\"],\"inLanguage\":\"es\"},{\"@type\":\"WebPage\",\"@id\":\"https:\/\/gremicafe.cat\/2024\/11\/21\/cafes-cornella\/\",\"url\":\"https:\/\/gremicafe.cat\/2024\/11\/21\/cafes-cornella\/\",\"name\":\"Caf\u00e9s Cornell\u00e0 crea el primer sistema col\u00b7laboratiu que digitalitza els establiments de restauraci\u00f3 i augmenta la seva rendibilitat - Gremi del Caf\u00e8, torradors de Catalunya\",\"isPartOf\":{\"@id\":\"https:\/\/gremicafe.cat\/#website\"},\"primaryImageOfPage\":{\"@id\":\"https:\/\/gremicafe.cat\/2024\/11\/21\/cafes-cornella\/#primaryimage\"},\"image\":{\"@id\":\"https:\/\/gremicafe.cat\/2024\/11\/21\/cafes-cornella\/#primaryimage\"},\"thumbnailUrl\":\"https:\/\/gremicafe.cat\/wp-content\/uploads\/2024\/11\/CCW-Marc-Pujol_Pere-Cornella_Jordi-Mias_02.jpg\",\"datePublished\":\"2024-11-21T10:23:47+00:00\",\"dateModified\":\"2024-11-21T10:24:49+00:00\",\"description\":\"Caf\u00e8s Cornell\u00e0 presenta el 1r sistema col\u00b7laboratiu que digitalitza els establiments de restauraci\u00f3 i augmenta la seva rendibilitat.\",\"breadcrumb\":{\"@id\":\"https:\/\/gremicafe.cat\/2024\/11\/21\/cafes-cornella\/#breadcrumb\"},\"inLanguage\":\"es\",\"potentialAction\":[{\"@type\":\"ReadAction\",\"target\":[\"https:\/\/gremicafe.cat\/2024\/11\/21\/cafes-cornella\/\"]}]},{\"@type\":\"ImageObject\",\"inLanguage\":\"es\",\"@id\":\"https:\/\/gremicafe.cat\/2024\/11\/21\/cafes-cornella\/#primaryimage\",\"url\":\"https:\/\/gremicafe.cat\/wp-content\/uploads\/2024\/11\/CCW-Marc-Pujol_Pere-Cornella_Jordi-Mias_02.jpg\",\"contentUrl\":\"https:\/\/gremicafe.cat\/wp-content\/uploads\/2024\/11\/CCW-Marc-Pujol_Pere-Cornella_Jordi-Mias_02.jpg\",\"width\":900,\"height\":600,\"caption\":\"Marc Pujol, Pere Cornell\u00e0, Jordi Mias.\"},{\"@type\":\"BreadcrumbList\",\"@id\":\"https:\/\/gremicafe.cat\/2024\/11\/21\/cafes-cornella\/#breadcrumb\",\"itemListElement\":[{\"@type\":\"ListItem\",\"position\":1,\"name\":\"Inici\",\"item\":\"https:\/\/gremicafe.cat\/\"},{\"@type\":\"ListItem\",\"position\":2,\"name\":\"Caf\u00e9s Cornell\u00e0 crea el primer sistema col\u00b7laboratiu que digitalitza els establiments de restauraci\u00f3 i augmenta la seva rendibilitat\"}]},{\"@type\":\"WebSite\",\"@id\":\"https:\/\/gremicafe.cat\/#website\",\"url\":\"https:\/\/gremicafe.cat\/\",\"name\":\"Gremi del Caf\u00e8, torradors de Catalunya\",\"description\":\"Web oficial del gremi de torradors de caf\u00e8 de Catalunya\",\"publisher\":{\"@id\":\"https:\/\/gremicafe.cat\/#organization\"},\"potentialAction\":[{\"@type\":\"SearchAction\",\"target\":{\"@type\":\"EntryPoint\",\"urlTemplate\":\"https:\/\/gremicafe.cat\/?s={search_term_string}\"},\"query-input\":{\"@type\":\"PropertyValueSpecification\",\"valueRequired\":true,\"valueName\":\"search_term_string\"}}],\"inLanguage\":\"es\"},{\"@type\":\"Organization\",\"@id\":\"https:\/\/gremicafe.cat\/#organization\",\"name\":\"Gremi del Caf\u00e8, Torradors de Catalunya\",\"url\":\"https:\/\/gremicafe.cat\/\",\"logo\":{\"@type\":\"ImageObject\",\"inLanguage\":\"es\",\"@id\":\"https:\/\/gremicafe.cat\/#\/schema\/logo\/image\/\",\"url\":\"https:\/\/gremicafe.cat\/wp-content\/uploads\/2018\/03\/gremicafe-logo250.png\",\"contentUrl\":\"https:\/\/gremicafe.cat\/wp-content\/uploads\/2018\/03\/gremicafe-logo250.png\",\"width\":250,\"height\":49,\"caption\":\"Gremi del Caf\u00e8, Torradors de Catalunya\"},\"image\":{\"@id\":\"https:\/\/gremicafe.cat\/#\/schema\/logo\/image\/\"},\"sameAs\":[\"https:\/\/www.facebook.com\/gremicafecat\",\"https:\/\/x.com\/gremicafecat\",\"https:\/\/www.instagram.com\/gremicafecat\/\",\"https:\/\/www.pinterest.es\/gremicafecat\/\",\"https:\/\/www.youtube.com\/channel\/UCGLo5Y35vLwLvP4FrPZrCrw\/\"]},{\"@type\":\"Person\",\"@id\":\"https:\/\/gremicafe.cat\/#\/schema\/person\/dabfdbb3d0fa36260855a380f94e4733\",\"name\":\"gremicafe\",\"image\":{\"@type\":\"ImageObject\",\"inLanguage\":\"es\",\"@id\":\"https:\/\/gremicafe.cat\/#\/schema\/person\/image\/\",\"url\":\"https:\/\/secure.gravatar.com\/avatar\/e59baa4ca8f6f97576d6375fb6d3c8f0?s=96&d=mm&r=g\",\"contentUrl\":\"https:\/\/secure.gravatar.com\/avatar\/e59baa4ca8f6f97576d6375fb6d3c8f0?s=96&d=mm&r=g\",\"caption\":\"gremicafe\"}}]}<\/script>\n<!-- \/ Yoast SEO plugin. -->","yoast_head_json":{"title":"Caf\u00e9s Cornell\u00e0 crea el primer sistema col\u00b7laboratiu que digitalitza els establiments de restauraci\u00f3 i augmenta la seva rendibilitat - Gremi del Caf\u00e8, torradors de Catalunya","description":"Caf\u00e8s Cornell\u00e0 presenta el 1r sistema col\u00b7laboratiu que digitalitza els establiments de restauraci\u00f3 i augmenta la seva rendibilitat.","robots":{"index":"index","follow":"follow","max-snippet":"max-snippet:-1","max-image-preview":"max-image-preview:large","max-video-preview":"max-video-preview:-1"},"canonical":"https:\/\/gremicafe.cat\/es\/2024\/11\/21\/cafes-cornella\/","og_locale":"es_ES","og_type":"article","og_title":"Caf\u00e9s Cornell\u00e0 crea el primer sistema col\u00b7laboratiu que digitalitza els establiments de restauraci\u00f3 i augmenta la seva rendibilitat - Gremi del Caf\u00e8, torradors de Catalunya","og_description":"Caf\u00e8s Cornell\u00e0 presenta el 1r sistema col\u00b7laboratiu que digitalitza els establiments de restauraci\u00f3 i augmenta la seva rendibilitat.","og_url":"https:\/\/gremicafe.cat\/es\/2024\/11\/21\/cafes-cornella\/","og_site_name":"Gremi del Caf\u00e8, torradors de Catalunya","article_publisher":"https:\/\/www.facebook.com\/gremicafecat","article_published_time":"2024-11-21T10:23:47+00:00","article_modified_time":"2024-11-21T10:24:49+00:00","og_image":[{"width":900,"height":600,"url":"https:\/\/gremicafe.cat\/wp-content\/uploads\/2024\/11\/CCW-Marc-Pujol_Pere-Cornella_Jordi-Mias_02.jpg","type":"image\/jpeg"}],"author":"gremicafe","twitter_card":"summary_large_image","twitter_creator":"@gremicafecat","twitter_site":"@gremicafecat","twitter_misc":{"Escrito por":"gremicafe","Tiempo de lectura":"2 minutos"},"schema":{"@context":"https:\/\/schema.org","@graph":[{"@type":"Article","@id":"https:\/\/gremicafe.cat\/2024\/11\/21\/cafes-cornella\/#article","isPartOf":{"@id":"https:\/\/gremicafe.cat\/2024\/11\/21\/cafes-cornella\/"},"author":{"name":"gremicafe","@id":"https:\/\/gremicafe.cat\/#\/schema\/person\/dabfdbb3d0fa36260855a380f94e4733"},"headline":"Caf\u00e9s Cornell\u00e0 crea el primer sistema col\u00b7laboratiu que digitalitza els establiments de restauraci\u00f3 i augmenta la seva rendibilitat","datePublished":"2024-11-21T10:23:47+00:00","dateModified":"2024-11-21T10:24:49+00:00","mainEntityOfPage":{"@id":"https:\/\/gremicafe.cat\/2024\/11\/21\/cafes-cornella\/"},"wordCount":154,"publisher":{"@id":"https:\/\/gremicafe.cat\/#organization"},"image":{"@id":"https:\/\/gremicafe.cat\/2024\/11\/21\/cafes-cornella\/#primaryimage"},"thumbnailUrl":"https:\/\/gremicafe.cat\/wp-content\/uploads\/2024\/11\/CCW-Marc-Pujol_Pere-Cornella_Jordi-Mias_02.jpg","keywords":["Caf\u00e8s Cornell\u00e0","Pere Cornell\u00e0","restauraci\u00f3"],"articleSection":["Not\u00edcies"],"inLanguage":"es"},{"@type":"WebPage","@id":"https:\/\/gremicafe.cat\/2024\/11\/21\/cafes-cornella\/","url":"https:\/\/gremicafe.cat\/2024\/11\/21\/cafes-cornella\/","name":"Caf\u00e9s Cornell\u00e0 crea el primer sistema col\u00b7laboratiu que digitalitza els establiments de restauraci\u00f3 i augmenta la seva rendibilitat - Gremi del Caf\u00e8, torradors de Catalunya","isPartOf":{"@id":"https:\/\/gremicafe.cat\/#website"},"primaryImageOfPage":{"@id":"https:\/\/gremicafe.cat\/2024\/11\/21\/cafes-cornella\/#primaryimage"},"image":{"@id":"https:\/\/gremicafe.cat\/2024\/11\/21\/cafes-cornella\/#primaryimage"},"thumbnailUrl":"https:\/\/gremicafe.cat\/wp-content\/uploads\/2024\/11\/CCW-Marc-Pujol_Pere-Cornella_Jordi-Mias_02.jpg","datePublished":"2024-11-21T10:23:47+00:00","dateModified":"2024-11-21T10:24:49+00:00","description":"Caf\u00e8s Cornell\u00e0 presenta el 1r sistema col\u00b7laboratiu que digitalitza els establiments de restauraci\u00f3 i augmenta la seva rendibilitat.","breadcrumb":{"@id":"https:\/\/gremicafe.cat\/2024\/11\/21\/cafes-cornella\/#breadcrumb"},"inLanguage":"es","potentialAction":[{"@type":"ReadAction","target":["https:\/\/gremicafe.cat\/2024\/11\/21\/cafes-cornella\/"]}]},{"@type":"ImageObject","inLanguage":"es","@id":"https:\/\/gremicafe.cat\/2024\/11\/21\/cafes-cornella\/#primaryimage","url":"https:\/\/gremicafe.cat\/wp-content\/uploads\/2024\/11\/CCW-Marc-Pujol_Pere-Cornella_Jordi-Mias_02.jpg","contentUrl":"https:\/\/gremicafe.cat\/wp-content\/uploads\/2024\/11\/CCW-Marc-Pujol_Pere-Cornella_Jordi-Mias_02.jpg","width":900,"height":600,"caption":"Marc Pujol, Pere Cornell\u00e0, Jordi Mias."},{"@type":"BreadcrumbList","@id":"https:\/\/gremicafe.cat\/2024\/11\/21\/cafes-cornella\/#breadcrumb","itemListElement":[{"@type":"ListItem","position":1,"name":"Inici","item":"https:\/\/gremicafe.cat\/"},{"@type":"ListItem","position":2,"name":"Caf\u00e9s Cornell\u00e0 crea el primer sistema col\u00b7laboratiu que digitalitza els establiments de restauraci\u00f3 i augmenta la seva rendibilitat"}]},{"@type":"WebSite","@id":"https:\/\/gremicafe.cat\/#website","url":"https:\/\/gremicafe.cat\/","name":"Gremio del Caf\u00e9, tostadores de Catalu\u00f1a","description":"Web oficial del gremio de tostadores de caf\u00e9 de Catalunya","publisher":{"@id":"https:\/\/gremicafe.cat\/#organization"},"potentialAction":[{"@type":"SearchAction","target":{"@type":"EntryPoint","urlTemplate":"https:\/\/gremicafe.cat\/?s={search_term_string}"},"query-input":{"@type":"PropertyValueSpecification","valueRequired":true,"valueName":"search_term_string"}}],"inLanguage":"es"},{"@type":"Organization","@id":"https:\/\/gremicafe.cat\/#organization","name":"Gremio del Caf\u00e9, Tostadores de Catalu\u00f1a","url":"https:\/\/gremicafe.cat\/","logo":{"@type":"ImageObject","inLanguage":"es","@id":"https:\/\/gremicafe.cat\/#\/schema\/logo\/image\/","url":"https:\/\/gremicafe.cat\/wp-content\/uploads\/2018\/03\/gremicafe-logo250.png","contentUrl":"https:\/\/gremicafe.cat\/wp-content\/uploads\/2018\/03\/gremicafe-logo250.png","width":250,"height":49,"caption":"Gremi del Caf\u00e8, Torradors de Catalunya"},"image":{"@id":"https:\/\/gremicafe.cat\/#\/schema\/logo\/image\/"},"sameAs":["https:\/\/www.facebook.com\/gremicafecat","https:\/\/x.com\/gremicafecat","https:\/\/www.instagram.com\/gremicafecat\/","https:\/\/www.pinterest.es\/gremicafecat\/","https:\/\/www.youtube.com\/channel\/UCGLo5Y35vLwLvP4FrPZrCrw\/"]},{"@type":"Person","@id":"https:\/\/gremicafe.cat\/#\/schema\/person\/dabfdbb3d0fa36260855a380f94e4733","name":"gremicafe","image":{"@type":"ImageObject","inLanguage":"es","@id":"https:\/\/gremicafe.cat\/#\/schema\/person\/image\/","url":"https:\/\/secure.gravatar.com\/avatar\/e59baa4ca8f6f97576d6375fb6d3c8f0?s=96&d=mm&r=g","contentUrl":"https:\/\/secure.gravatar.com\/avatar\/e59baa4ca8f6f97576d6375fb6d3c8f0?s=96&d=mm&r=g","caption":"gremicafe"}}]}},"_links":{"self":[{"href":"https:\/\/gremicafe.cat\/es\/wp-json\/wp\/v2\/posts\/7675"}],"collection":[{"href":"https:\/\/gremicafe.cat\/es\/wp-json\/wp\/v2\/posts"}],"about":[{"href":"https:\/\/gremicafe.cat\/es\/wp-json\/wp\/v2\/types\/post"}],"author":[{"embeddable":true,"href":"https:\/\/gremicafe.cat\/es\/wp-json\/wp\/v2\/users\/1"}],"replies":[{"embeddable":true,"href":"https:\/\/gremicafe.cat\/es\/wp-json\/wp\/v2\/comments?post=7675"}],"version-history":[{"count":0,"href":"https:\/\/gremicafe.cat\/es\/wp-json\/wp\/v2\/posts\/7675\/revisions"}],"wp:featuredmedia":[{"embeddable":true,"href":"https:\/\/gremicafe.cat\/es\/wp-json\/wp\/v2\/media\/7676"}],"wp:attachment":[{"href":"https:\/\/gremicafe.cat\/es\/wp-json\/wp\/v2\/media?parent=7675"}],"wp:term":[{"taxonomy":"category","embeddable":true,"href":"https:\/\/gremicafe.cat\/es\/wp-json\/wp\/v2\/categories?post=7675"},{"taxonomy":"post_tag","embeddable":true,"href":"https:\/\/gremicafe.cat\/es\/wp-json\/wp\/v2\/tags?post=7675"}],"curies":[{"name":"wp","href":"https:\/\/api.w.org\/{rel}","templated":true}]}}