{"id":7699,"date":"2025-01-13T12:57:35","date_gmt":"2025-01-13T11:57:35","guid":{"rendered":"https:\/\/gremicafe.cat\/?p=7699"},"modified":"2025-01-15T16:18:09","modified_gmt":"2025-01-15T15:18:09","slug":"la-vanghuardia-el-clima-amarga-el-negoci-del-cafe","status":"publish","type":"post","link":"https:\/\/gremicafe.cat\/es\/2025\/01\/13\/la-vanghuardia-el-clima-amarga-el-negoci-del-cafe\/","title":{"rendered":"La Vanguardia: El clima amarga el negocio del caf\u00e9"},"content":{"rendered":"<div id=\"ut-row-69f3b6b365279\" data-vc-full-width=\"true\" data-vc-full-width-init=\"false\" class=\"vc_row wpb_row vc_row-fluid vc_column-gap-0 ut-row-69f3b6b36528b\" ><div class=\"wpb_column vc_column_container vc_col-sm-12\" ><div id=\"ut_inner_column_69f3b6b365a77\" class=\"vc_column-inner\"><div class=\"wpb_wrapper\">\n\t<div class=\"wpb_text_column wpb_content_element\" >\n\t\t<div class=\"wpb_wrapper\">\n\t\t\t<p class=\"p1\">por <strong>Lorena Farr\u00e0s P\u00e9rez<\/strong> \/ La Vanguardia \u2013 12 Enero 2025<\/p>\n<p>&nbsp;<\/p>\n<p class=\"p1\"><i>La coincidencia de malas cosechas a los dos principales productores y el mayor consumo disparan su cotizaci\u00f3n.<\/i><i><\/i><\/p>\n<p class=\"p1\">&quot;El caf\u00e9 ser\u00e1 el aceite de oliva del 2025&quot;, se aventura a afirmar <b>Javier Blas<\/b>, especialista en materias primas de <b>Bloomberg<\/b>. La predicci\u00f3n de este experto responde a una tormenta perfecta, aunque precisamente tormentas de lluvia es lo que habr\u00eda hecho falta para evitar llegar a la situaci\u00f3n actual.<\/p>\n<p class=\"p1\">\u201cBrasil y Vietnam, que concentran entre el 50% y el 55% de la producci\u00f3n mundial de caf\u00e9, han perdido buena parte de sus respectivas cosechas por culpa de la sequ\u00eda\u201d, explica Blas. El experto se\u00f1ala que es frecuente que las producciones de ambos pa\u00edses se vean afectadas por problemas climatol\u00f3gicos, sea por falta de precipitaciones o por heladas, pero es la primera vez que coincide en que ambos tienen una mala cosecha.<\/p>\n<p class=\"p1\">&quot;El mercado reacciona con una subida brutal de los precios y lanza un mensaje muy claro: hay que reducir su demanda&quot;, se\u00f1ala el experto de Bloomberg, quien advierte que &quot;estos precios los veremos en las estanter\u00edas de los supermercados&quot;. Blas recuerda una de las m\u00e1ximas de los mercados: &quot;La mejor medida para los altos precios son los altos precios&quot;.<\/p>\n<p class=\"p1\">&quot;Ya hemos trasladado una parte del incremento, pero no todo, porque hay mucha volatilidad y no podemos aumentar su precio constantemente&quot;, indica <b>Carlos Gotor<\/b>, presidente del <b>Gremio del Caf\u00e9 de Catalu\u00f1a<\/b>. Gotor se refiere al incremento del 60% que han subido de media las cotizaciones robusta y ar\u00e1biga en 2024. El responsable del gremio afirma que \u201cuno de los mayores costes de las empresas del sector es el caf\u00e9, por lo que las subidas han afectado directamente la cuenta de resultados\u201d.<\/p>\n<p class=\"p3\">Lea el art\u00edculo entero en La Vanguardia: <a href=\"https:\/\/gremicafe.cat\/wp-content\/uploads\/2025\/01\/6EB-20250112-06-cast.pdf\" target=\"_blank\" rel=\"noopener\">PDF catal\u00e1n<\/a> \u2013 <a href=\"https:\/\/gremicafe.cat\/wp-content\/uploads\/2025\/01\/6EB-20250112-06-cat.pdf\" target=\"_blank\" rel=\"noopener\">PDF Catal\u00e0<\/a><\/p>\n\n\t\t<\/div>\n\t<\/div>\n<div  class=\"wpb_content_element   clearfix\"><style type=\"text\/css\" scoped>#ut_am_69f3b6b367194 { opacity: 1; }<\/style><div id=\"ut_am_wrap_69f3b6b367196\" class=\"ut-image-gallery-image\" style=\"text-align:center;\"><div class=\"ut-animated-image-item ut-image-gallery-item ut-animation-done\"><a class=\"ut-deactivated-link\" href=\"#\"><img loading=\"lazy\" decoding=\"async\" title=\"un cafeto con los frutos maduros, imaginado en Brasil o en Vietnam\" id=\"ut_am_69f3b6b367194\" style=\"\" src=\"https:\/\/gremicafe.cat\/wp-content\/uploads\/2025\/01\/un-cafeto-amb-els-fruits-madurs-imaginat-a-Brasil-o-a-Vietnam.jpg\" width=\"1024\" height=\"1024\" alt=\"Gremi Caf\u00e8. Cafeto\"\/><\/a><div class=\"ut-gallery-slider-caption\">Gremio Caf\u00e9. Cafeto. Recreaci\u00f3n art\u00edstica realizada con IA.<\/div><\/div><\/div><\/div><\/div><\/div><\/div><\/div><div class=\"vc_row-full-width vc_clearfix\"><\/div>","protected":false},"excerpt":{"rendered":"per Lorena Farr\u00e0s P\u00e9rez \/ La Vanguardia - 12 Gener 2025 &nbsp; La coincid\u00e8ncia de males collites als dos principals productors i el consum m\u00e9s elevat en disparen la cotitzaci\u00f3. \"El caf\u00e8 ser\u00e0 l'oli d'oliva del 2025\", s'aventura a afirmar Javier Blas, especialista en mat\u00e8ries primeres de Bloomberg. La predicci\u00f3 d'aquest expert respon a una [...]","protected":false},"author":1,"featured_media":7700,"comment_status":"closed","ping_status":"open","sticky":false,"template":"","format":"standard","meta":{"_acf_changed":false,"inline_featured_image":false,"footnotes":""},"categories":[1],"tags":[125,124,123,126,89],"class_list":["post-7699","post","type-post","status-publish","format-standard","has-post-thumbnail","hentry","category-noticies","tag-bloomberg","tag-brasil","tag-cafeto","tag-la-vanguardia","tag-vietnam"],"acf":[],"yoast_head":"<!-- This site is optimized with the Yoast SEO plugin v25.5 - https:\/\/yoast.com\/wordpress\/plugins\/seo\/ -->\n<title>La Vanguardia: El clima amarga el negoci del caf\u00e8 - Gremi del Caf\u00e8, torradors de Catalunya<\/title>\n<meta name=\"description\" content=\"El clima fa pujar el preu del caf\u00e8 verd, procedent de Brasil i de Vietnam, a m\u00e0xims histp\u00f2rics.\" \/>\n<meta name=\"robots\" content=\"index, follow, max-snippet:-1, max-image-preview:large, max-video-preview:-1\" \/>\n<link rel=\"canonical\" href=\"https:\/\/gremicafe.cat\/es\/2025\/01\/13\/la-vanghuardia-el-clima-amarga-el-negoci-del-cafe\/\" \/>\n<meta property=\"og:locale\" content=\"es_ES\" \/>\n<meta property=\"og:type\" content=\"article\" \/>\n<meta property=\"og:title\" content=\"La Vanguardia: El clima amarga el negoci del caf\u00e8 - Gremi del Caf\u00e8, torradors de Catalunya\" \/>\n<meta property=\"og:description\" content=\"El clima fa pujar el preu del caf\u00e8 verd, procedent de Brasil i de Vietnam, a m\u00e0xims histp\u00f2rics.\" \/>\n<meta property=\"og:url\" content=\"https:\/\/gremicafe.cat\/es\/2025\/01\/13\/la-vanghuardia-el-clima-amarga-el-negoci-del-cafe\/\" \/>\n<meta property=\"og:site_name\" content=\"Gremi del Caf\u00e8, torradors de Catalunya\" \/>\n<meta property=\"article:publisher\" content=\"https:\/\/www.facebook.com\/gremicafecat\" \/>\n<meta property=\"article:published_time\" content=\"2025-01-13T11:57:35+00:00\" \/>\n<meta property=\"article:modified_time\" content=\"2025-01-15T15:18:09+00:00\" \/>\n<meta property=\"og:image\" content=\"https:\/\/gremicafe.cat\/wp-content\/uploads\/2025\/01\/un-cafeto-amb-els-fruits-madurs-imaginat-a-Brasil-o-a-Vietnam.jpg\" \/>\n\t<meta property=\"og:image:width\" content=\"1024\" \/>\n\t<meta property=\"og:image:height\" content=\"1024\" \/>\n\t<meta property=\"og:image:type\" content=\"image\/jpeg\" \/>\n<meta name=\"author\" content=\"gremicafe\" \/>\n<meta name=\"twitter:card\" content=\"summary_large_image\" \/>\n<meta name=\"twitter:creator\" content=\"@gremicafecat\" \/>\n<meta name=\"twitter:site\" content=\"@gremicafecat\" \/>\n<meta name=\"twitter:label1\" content=\"Escrito por\" \/>\n\t<meta name=\"twitter:data1\" content=\"gremicafe\" \/>\n\t<meta name=\"twitter:label2\" content=\"Tiempo de lectura\" \/>\n\t<meta name=\"twitter:data2\" content=\"2 minutos\" \/>\n<script type=\"application\/ld+json\" class=\"yoast-schema-graph\">{\"@context\":\"https:\/\/schema.org\",\"@graph\":[{\"@type\":\"Article\",\"@id\":\"https:\/\/gremicafe.cat\/2025\/01\/13\/la-vanghuardia-el-clima-amarga-el-negoci-del-cafe\/#article\",\"isPartOf\":{\"@id\":\"https:\/\/gremicafe.cat\/2025\/01\/13\/la-vanghuardia-el-clima-amarga-el-negoci-del-cafe\/\"},\"author\":{\"name\":\"gremicafe\",\"@id\":\"https:\/\/gremicafe.cat\/#\/schema\/person\/dabfdbb3d0fa36260855a380f94e4733\"},\"headline\":\"La Vanguardia: El clima amarga el negoci del caf\u00e8\",\"datePublished\":\"2025-01-13T11:57:35+00:00\",\"dateModified\":\"2025-01-15T15:18:09+00:00\",\"mainEntityOfPage\":{\"@id\":\"https:\/\/gremicafe.cat\/2025\/01\/13\/la-vanghuardia-el-clima-amarga-el-negoci-del-cafe\/\"},\"wordCount\":338,\"publisher\":{\"@id\":\"https:\/\/gremicafe.cat\/#organization\"},\"image\":{\"@id\":\"https:\/\/gremicafe.cat\/2025\/01\/13\/la-vanghuardia-el-clima-amarga-el-negoci-del-cafe\/#primaryimage\"},\"thumbnailUrl\":\"https:\/\/gremicafe.cat\/wp-content\/uploads\/2025\/01\/un-cafeto-amb-els-fruits-madurs-imaginat-a-Brasil-o-a-Vietnam.jpg\",\"keywords\":[\"Bloomberg\",\"Brasil\",\"cafeto\",\"La Vanguardia\",\"Vietnam\"],\"articleSection\":[\"Not\u00edcies\"],\"inLanguage\":\"es\"},{\"@type\":\"WebPage\",\"@id\":\"https:\/\/gremicafe.cat\/2025\/01\/13\/la-vanghuardia-el-clima-amarga-el-negoci-del-cafe\/\",\"url\":\"https:\/\/gremicafe.cat\/2025\/01\/13\/la-vanghuardia-el-clima-amarga-el-negoci-del-cafe\/\",\"name\":\"La Vanguardia: El clima amarga el negoci del caf\u00e8 - Gremi del Caf\u00e8, torradors de Catalunya\",\"isPartOf\":{\"@id\":\"https:\/\/gremicafe.cat\/#website\"},\"primaryImageOfPage\":{\"@id\":\"https:\/\/gremicafe.cat\/2025\/01\/13\/la-vanghuardia-el-clima-amarga-el-negoci-del-cafe\/#primaryimage\"},\"image\":{\"@id\":\"https:\/\/gremicafe.cat\/2025\/01\/13\/la-vanghuardia-el-clima-amarga-el-negoci-del-cafe\/#primaryimage\"},\"thumbnailUrl\":\"https:\/\/gremicafe.cat\/wp-content\/uploads\/2025\/01\/un-cafeto-amb-els-fruits-madurs-imaginat-a-Brasil-o-a-Vietnam.jpg\",\"datePublished\":\"2025-01-13T11:57:35+00:00\",\"dateModified\":\"2025-01-15T15:18:09+00:00\",\"description\":\"El clima fa pujar el preu del caf\u00e8 verd, procedent de Brasil i de Vietnam, a m\u00e0xims histp\u00f2rics.\",\"breadcrumb\":{\"@id\":\"https:\/\/gremicafe.cat\/2025\/01\/13\/la-vanghuardia-el-clima-amarga-el-negoci-del-cafe\/#breadcrumb\"},\"inLanguage\":\"es\",\"potentialAction\":[{\"@type\":\"ReadAction\",\"target\":[\"https:\/\/gremicafe.cat\/2025\/01\/13\/la-vanghuardia-el-clima-amarga-el-negoci-del-cafe\/\"]}]},{\"@type\":\"ImageObject\",\"inLanguage\":\"es\",\"@id\":\"https:\/\/gremicafe.cat\/2025\/01\/13\/la-vanghuardia-el-clima-amarga-el-negoci-del-cafe\/#primaryimage\",\"url\":\"https:\/\/gremicafe.cat\/wp-content\/uploads\/2025\/01\/un-cafeto-amb-els-fruits-madurs-imaginat-a-Brasil-o-a-Vietnam.jpg\",\"contentUrl\":\"https:\/\/gremicafe.cat\/wp-content\/uploads\/2025\/01\/un-cafeto-amb-els-fruits-madurs-imaginat-a-Brasil-o-a-Vietnam.jpg\",\"width\":1024,\"height\":1024,\"caption\":\"Gremi Caf\u00e8. Cafeto. Recreaci\u00f3 artistica realitzada amb IA.\"},{\"@type\":\"BreadcrumbList\",\"@id\":\"https:\/\/gremicafe.cat\/2025\/01\/13\/la-vanghuardia-el-clima-amarga-el-negoci-del-cafe\/#breadcrumb\",\"itemListElement\":[{\"@type\":\"ListItem\",\"position\":1,\"name\":\"Inici\",\"item\":\"https:\/\/gremicafe.cat\/\"},{\"@type\":\"ListItem\",\"position\":2,\"name\":\"La Vanguardia: El clima amarga el negoci del caf\u00e8\"}]},{\"@type\":\"WebSite\",\"@id\":\"https:\/\/gremicafe.cat\/#website\",\"url\":\"https:\/\/gremicafe.cat\/\",\"name\":\"Gremi del Caf\u00e8, torradors de Catalunya\",\"description\":\"Web oficial del gremi de torradors de caf\u00e8 de Catalunya\",\"publisher\":{\"@id\":\"https:\/\/gremicafe.cat\/#organization\"},\"potentialAction\":[{\"@type\":\"SearchAction\",\"target\":{\"@type\":\"EntryPoint\",\"urlTemplate\":\"https:\/\/gremicafe.cat\/?s={search_term_string}\"},\"query-input\":{\"@type\":\"PropertyValueSpecification\",\"valueRequired\":true,\"valueName\":\"search_term_string\"}}],\"inLanguage\":\"es\"},{\"@type\":\"Organization\",\"@id\":\"https:\/\/gremicafe.cat\/#organization\",\"name\":\"Gremi del Caf\u00e8, Torradors de Catalunya\",\"url\":\"https:\/\/gremicafe.cat\/\",\"logo\":{\"@type\":\"ImageObject\",\"inLanguage\":\"es\",\"@id\":\"https:\/\/gremicafe.cat\/#\/schema\/logo\/image\/\",\"url\":\"https:\/\/gremicafe.cat\/wp-content\/uploads\/2018\/03\/gremicafe-logo250.png\",\"contentUrl\":\"https:\/\/gremicafe.cat\/wp-content\/uploads\/2018\/03\/gremicafe-logo250.png\",\"width\":250,\"height\":49,\"caption\":\"Gremi del Caf\u00e8, Torradors de Catalunya\"},\"image\":{\"@id\":\"https:\/\/gremicafe.cat\/#\/schema\/logo\/image\/\"},\"sameAs\":[\"https:\/\/www.facebook.com\/gremicafecat\",\"https:\/\/x.com\/gremicafecat\",\"https:\/\/www.instagram.com\/gremicafecat\/\",\"https:\/\/www.pinterest.es\/gremicafecat\/\",\"https:\/\/www.youtube.com\/channel\/UCGLo5Y35vLwLvP4FrPZrCrw\/\"]},{\"@type\":\"Person\",\"@id\":\"https:\/\/gremicafe.cat\/#\/schema\/person\/dabfdbb3d0fa36260855a380f94e4733\",\"name\":\"gremicafe\",\"image\":{\"@type\":\"ImageObject\",\"inLanguage\":\"es\",\"@id\":\"https:\/\/gremicafe.cat\/#\/schema\/person\/image\/\",\"url\":\"https:\/\/secure.gravatar.com\/avatar\/e59baa4ca8f6f97576d6375fb6d3c8f0?s=96&d=mm&r=g\",\"contentUrl\":\"https:\/\/secure.gravatar.com\/avatar\/e59baa4ca8f6f97576d6375fb6d3c8f0?s=96&d=mm&r=g\",\"caption\":\"gremicafe\"}}]}<\/script>\n<!-- \/ Yoast SEO plugin. -->","yoast_head_json":{"title":"La Vanguardia: El clima amarga el negoci del caf\u00e8 - Gremi del Caf\u00e8, torradors de Catalunya","description":"El clima fa pujar el preu del caf\u00e8 verd, procedent de Brasil i de Vietnam, a m\u00e0xims histp\u00f2rics.","robots":{"index":"index","follow":"follow","max-snippet":"max-snippet:-1","max-image-preview":"max-image-preview:large","max-video-preview":"max-video-preview:-1"},"canonical":"https:\/\/gremicafe.cat\/es\/2025\/01\/13\/la-vanghuardia-el-clima-amarga-el-negoci-del-cafe\/","og_locale":"es_ES","og_type":"article","og_title":"La Vanguardia: El clima amarga el negoci del caf\u00e8 - Gremi del Caf\u00e8, torradors de Catalunya","og_description":"El clima fa pujar el preu del caf\u00e8 verd, procedent de Brasil i de Vietnam, a m\u00e0xims histp\u00f2rics.","og_url":"https:\/\/gremicafe.cat\/es\/2025\/01\/13\/la-vanghuardia-el-clima-amarga-el-negoci-del-cafe\/","og_site_name":"Gremi del Caf\u00e8, torradors de Catalunya","article_publisher":"https:\/\/www.facebook.com\/gremicafecat","article_published_time":"2025-01-13T11:57:35+00:00","article_modified_time":"2025-01-15T15:18:09+00:00","og_image":[{"width":1024,"height":1024,"url":"https:\/\/gremicafe.cat\/wp-content\/uploads\/2025\/01\/un-cafeto-amb-els-fruits-madurs-imaginat-a-Brasil-o-a-Vietnam.jpg","type":"image\/jpeg"}],"author":"gremicafe","twitter_card":"summary_large_image","twitter_creator":"@gremicafecat","twitter_site":"@gremicafecat","twitter_misc":{"Escrito por":"gremicafe","Tiempo de lectura":"2 minutos"},"schema":{"@context":"https:\/\/schema.org","@graph":[{"@type":"Article","@id":"https:\/\/gremicafe.cat\/2025\/01\/13\/la-vanghuardia-el-clima-amarga-el-negoci-del-cafe\/#article","isPartOf":{"@id":"https:\/\/gremicafe.cat\/2025\/01\/13\/la-vanghuardia-el-clima-amarga-el-negoci-del-cafe\/"},"author":{"name":"gremicafe","@id":"https:\/\/gremicafe.cat\/#\/schema\/person\/dabfdbb3d0fa36260855a380f94e4733"},"headline":"La Vanguardia: El clima amarga el negoci del caf\u00e8","datePublished":"2025-01-13T11:57:35+00:00","dateModified":"2025-01-15T15:18:09+00:00","mainEntityOfPage":{"@id":"https:\/\/gremicafe.cat\/2025\/01\/13\/la-vanghuardia-el-clima-amarga-el-negoci-del-cafe\/"},"wordCount":338,"publisher":{"@id":"https:\/\/gremicafe.cat\/#organization"},"image":{"@id":"https:\/\/gremicafe.cat\/2025\/01\/13\/la-vanghuardia-el-clima-amarga-el-negoci-del-cafe\/#primaryimage"},"thumbnailUrl":"https:\/\/gremicafe.cat\/wp-content\/uploads\/2025\/01\/un-cafeto-amb-els-fruits-madurs-imaginat-a-Brasil-o-a-Vietnam.jpg","keywords":["Bloomberg","Brasil","cafeto","La Vanguardia","Vietnam"],"articleSection":["Not\u00edcies"],"inLanguage":"es"},{"@type":"WebPage","@id":"https:\/\/gremicafe.cat\/2025\/01\/13\/la-vanghuardia-el-clima-amarga-el-negoci-del-cafe\/","url":"https:\/\/gremicafe.cat\/2025\/01\/13\/la-vanghuardia-el-clima-amarga-el-negoci-del-cafe\/","name":"La Vanguardia: El clima amarga el negoci del caf\u00e8 - Gremi del Caf\u00e8, torradors de Catalunya","isPartOf":{"@id":"https:\/\/gremicafe.cat\/#website"},"primaryImageOfPage":{"@id":"https:\/\/gremicafe.cat\/2025\/01\/13\/la-vanghuardia-el-clima-amarga-el-negoci-del-cafe\/#primaryimage"},"image":{"@id":"https:\/\/gremicafe.cat\/2025\/01\/13\/la-vanghuardia-el-clima-amarga-el-negoci-del-cafe\/#primaryimage"},"thumbnailUrl":"https:\/\/gremicafe.cat\/wp-content\/uploads\/2025\/01\/un-cafeto-amb-els-fruits-madurs-imaginat-a-Brasil-o-a-Vietnam.jpg","datePublished":"2025-01-13T11:57:35+00:00","dateModified":"2025-01-15T15:18:09+00:00","description":"El clima fa pujar el preu del caf\u00e8 verd, procedent de Brasil i de Vietnam, a m\u00e0xims histp\u00f2rics.","breadcrumb":{"@id":"https:\/\/gremicafe.cat\/2025\/01\/13\/la-vanghuardia-el-clima-amarga-el-negoci-del-cafe\/#breadcrumb"},"inLanguage":"es","potentialAction":[{"@type":"ReadAction","target":["https:\/\/gremicafe.cat\/2025\/01\/13\/la-vanghuardia-el-clima-amarga-el-negoci-del-cafe\/"]}]},{"@type":"ImageObject","inLanguage":"es","@id":"https:\/\/gremicafe.cat\/2025\/01\/13\/la-vanghuardia-el-clima-amarga-el-negoci-del-cafe\/#primaryimage","url":"https:\/\/gremicafe.cat\/wp-content\/uploads\/2025\/01\/un-cafeto-amb-els-fruits-madurs-imaginat-a-Brasil-o-a-Vietnam.jpg","contentUrl":"https:\/\/gremicafe.cat\/wp-content\/uploads\/2025\/01\/un-cafeto-amb-els-fruits-madurs-imaginat-a-Brasil-o-a-Vietnam.jpg","width":1024,"height":1024,"caption":"Gremi Caf\u00e8. Cafeto. Recreaci\u00f3 artistica realitzada amb IA."},{"@type":"BreadcrumbList","@id":"https:\/\/gremicafe.cat\/2025\/01\/13\/la-vanghuardia-el-clima-amarga-el-negoci-del-cafe\/#breadcrumb","itemListElement":[{"@type":"ListItem","position":1,"name":"Inici","item":"https:\/\/gremicafe.cat\/"},{"@type":"ListItem","position":2,"name":"La Vanguardia: El clima amarga el negoci del caf\u00e8"}]},{"@type":"WebSite","@id":"https:\/\/gremicafe.cat\/#website","url":"https:\/\/gremicafe.cat\/","name":"Gremio del Caf\u00e9, tostadores de Catalu\u00f1a","description":"Web oficial del gremio de tostadores de caf\u00e9 de Catalunya","publisher":{"@id":"https:\/\/gremicafe.cat\/#organization"},"potentialAction":[{"@type":"SearchAction","target":{"@type":"EntryPoint","urlTemplate":"https:\/\/gremicafe.cat\/?s={search_term_string}"},"query-input":{"@type":"PropertyValueSpecification","valueRequired":true,"valueName":"search_term_string"}}],"inLanguage":"es"},{"@type":"Organization","@id":"https:\/\/gremicafe.cat\/#organization","name":"Gremio del Caf\u00e9, Tostadores de Catalu\u00f1a","url":"https:\/\/gremicafe.cat\/","logo":{"@type":"ImageObject","inLanguage":"es","@id":"https:\/\/gremicafe.cat\/#\/schema\/logo\/image\/","url":"https:\/\/gremicafe.cat\/wp-content\/uploads\/2018\/03\/gremicafe-logo250.png","contentUrl":"https:\/\/gremicafe.cat\/wp-content\/uploads\/2018\/03\/gremicafe-logo250.png","width":250,"height":49,"caption":"Gremi del Caf\u00e8, Torradors de Catalunya"},"image":{"@id":"https:\/\/gremicafe.cat\/#\/schema\/logo\/image\/"},"sameAs":["https:\/\/www.facebook.com\/gremicafecat","https:\/\/x.com\/gremicafecat","https:\/\/www.instagram.com\/gremicafecat\/","https:\/\/www.pinterest.es\/gremicafecat\/","https:\/\/www.youtube.com\/channel\/UCGLo5Y35vLwLvP4FrPZrCrw\/"]},{"@type":"Person","@id":"https:\/\/gremicafe.cat\/#\/schema\/person\/dabfdbb3d0fa36260855a380f94e4733","name":"gremicafe","image":{"@type":"ImageObject","inLanguage":"es","@id":"https:\/\/gremicafe.cat\/#\/schema\/person\/image\/","url":"https:\/\/secure.gravatar.com\/avatar\/e59baa4ca8f6f97576d6375fb6d3c8f0?s=96&d=mm&r=g","contentUrl":"https:\/\/secure.gravatar.com\/avatar\/e59baa4ca8f6f97576d6375fb6d3c8f0?s=96&d=mm&r=g","caption":"gremicafe"}}]}},"_links":{"self":[{"href":"https:\/\/gremicafe.cat\/es\/wp-json\/wp\/v2\/posts\/7699"}],"collection":[{"href":"https:\/\/gremicafe.cat\/es\/wp-json\/wp\/v2\/posts"}],"about":[{"href":"https:\/\/gremicafe.cat\/es\/wp-json\/wp\/v2\/types\/post"}],"author":[{"embeddable":true,"href":"https:\/\/gremicafe.cat\/es\/wp-json\/wp\/v2\/users\/1"}],"replies":[{"embeddable":true,"href":"https:\/\/gremicafe.cat\/es\/wp-json\/wp\/v2\/comments?post=7699"}],"version-history":[{"count":0,"href":"https:\/\/gremicafe.cat\/es\/wp-json\/wp\/v2\/posts\/7699\/revisions"}],"wp:featuredmedia":[{"embeddable":true,"href":"https:\/\/gremicafe.cat\/es\/wp-json\/wp\/v2\/media\/7700"}],"wp:attachment":[{"href":"https:\/\/gremicafe.cat\/es\/wp-json\/wp\/v2\/media?parent=7699"}],"wp:term":[{"taxonomy":"category","embeddable":true,"href":"https:\/\/gremicafe.cat\/es\/wp-json\/wp\/v2\/categories?post=7699"},{"taxonomy":"post_tag","embeddable":true,"href":"https:\/\/gremicafe.cat\/es\/wp-json\/wp\/v2\/tags?post=7699"}],"curies":[{"name":"wp","href":"https:\/\/api.w.org\/{rel}","templated":true}]}}