{"id":7708,"date":"2025-01-15T16:10:43","date_gmt":"2025-01-15T15:10:43","guid":{"rendered":"https:\/\/gremicafe.cat\/?p=7708"},"modified":"2025-01-17T08:42:12","modified_gmt":"2025-01-17T07:42:12","slug":"la-xarxa-tv-entrevista-al-president-del-gremi","status":"publish","type":"post","link":"https:\/\/gremicafe.cat\/es\/2025\/01\/15\/la-xarxa-tv-entrevista-al-president-del-gremi\/","title":{"rendered":"La Red TV: Entrevista al presidente del Gremio"},"content":{"rendered":"<div id=\"ut-row-69f3b6bada228\" data-vc-full-width=\"true\" data-vc-full-width-init=\"false\" class=\"vc_row wpb_row vc_row-fluid vc_column-gap-0 ut-row-69f3b6bada239\" ><div class=\"wpb_column vc_column_container vc_col-sm-12\" ><div id=\"ut_inner_column_69f3b6badac42\" class=\"vc_column-inner\"><div class=\"wpb_wrapper\"><div  class=\"wpb_content_element   clearfix\"><style type=\"text\/css\" scoped>#ut_am_69f3b6badb331 { opacity: 1; }<\/style><div id=\"ut_am_wrap_69f3b6badb332\" class=\"ut-image-gallery-image\" style=\"text-align:center;\"><div class=\"ut-animated-image-item ut-image-gallery-item ut-animation-done\"><a target=\" _blank\" href=\"https:\/\/www.youtube.com\/watch?v=ScFOb3URfso\" ><img loading=\"lazy\" decoding=\"async\" title=\"GremiCaf\u00e9-Precios2025\" id=\"ut_am_69f3b6badb331\" style=\"\" src=\"https:\/\/gremicafe.cat\/wp-content\/uploads\/2025\/01\/GremiCafe-Preus2025.jpg\" width=\"1920\" height=\"1280\" alt=\"\"\/><\/a><\/div><\/div><\/div>\n\t<div class=\"wpb_text_column wpb_content_element\" >\n\t\t<div class=\"wpb_wrapper\">\n\t\t\t<p>EN RED TV: Entrevista al presidente del Gremio del Caf\u00e9 de Catalu\u00f1a, Carlos Gotor, en el programa VIA 15 de La Red TV, el d\u00eda 14 de enero de 2025.<\/p>\n<p>El incremento de los precios del caf\u00e9 verde, debido a cambios clim\u00e1ticos en los pa\u00edses de origen, entre otros factores econ\u00f3micos, ha provocado un cambio en el mercado mundial, en una de las materias primas que generan mayor volumen econ\u00f3mico del mundo: el caf\u00e9.<\/p>\n<p><a href=\"https:\/\/youtu.be\/ScFOb3URfso\" target=\"_blank\" rel=\"noopener\">Puede ver la entrevista entera en YouTube<\/a><\/p>\n\n\t\t<\/div>\n\t<\/div>\n<div  class=\"wpb_content_element   clearfix\"><style type=\"text\/css\" scoped>#ut_am_69f3b6badbc1e { opacity: 1; }<\/style><div id=\"ut_am_wrap_69f3b6badbc1f\" class=\"ut-image-gallery-image\" style=\"text-align:center;\"><div class=\"ut-animated-image-item ut-image-gallery-item ut-animation-done\"><a class=\"ut-deactivated-link\" href=\"#\"><img loading=\"lazy\" decoding=\"async\" title=\"GremiRed001\" id=\"ut_am_69f3b6badbc1e\" style=\"\" src=\"https:\/\/gremicafe.cat\/wp-content\/uploads\/2025\/01\/GremiXarxa001.jpg\" width=\"1200\" height=\"726\" alt=\"Carlos Gotor, president del Gremi del Caf\u00e8\"\/><\/a><div class=\"ut-gallery-slider-caption\">Carlos Gotor, presidente del Gremio del Caf\u00e9, en el programa VIA 15 de Red TV.<\/div><\/div><\/div><\/div><div  class=\"wpb_content_element   clearfix\"><style type=\"text\/css\" scoped>#ut_am_69f3b6badc1b4 { opacity: 1; }<\/style><div id=\"ut_am_wrap_69f3b6badc1b5\" class=\"ut-image-gallery-image\" style=\"text-align:center;\"><div class=\"ut-animated-image-item ut-image-gallery-item ut-animation-done\"><a class=\"ut-deactivated-link\" href=\"#\"><img loading=\"lazy\" decoding=\"async\" title=\"GremiRed002\" id=\"ut_am_69f3b6badc1b4\" style=\"\" src=\"https:\/\/gremicafe.cat\/wp-content\/uploads\/2025\/01\/GremiXarxa002.jpg\" width=\"1200\" height=\"732\" alt=\"Carlos Gotor, president del Gremi del Caf\u00e8\"\/><\/a><div class=\"ut-gallery-slider-caption\">Carlos Gotor, presidente del Gremio del Caf\u00e9, en el programa VIA 15 de Red TV.<\/div><\/div><\/div><\/div><\/div><\/div><\/div><\/div><div class=\"vc_row-full-width vc_clearfix\"><\/div>","protected":false},"excerpt":{"rendered":"#ut_am_69f3b6badd5d2 { opacity: 1; } A XARXA TV: Entrevista al president del Gremi del Caf\u00e8 de Catalunya, Carlos Gotor, al programa VIA 15 de La Xarxa TV, el dia 14 de gener de 2025. L'increment dels preus del caf\u00e8 verd, a causa de canvis clim\u00e0tics als pa\u00efsos d'origen, entre altres factors econ\u00f2mics, ha provocat un [...]","protected":false},"author":1,"featured_media":7709,"comment_status":"closed","ping_status":"open","sticky":false,"template":"","format":"standard","meta":{"_acf_changed":false,"inline_featured_image":false,"footnotes":""},"categories":[1],"tags":[98,127,93],"class_list":["post-7708","post","type-post","status-publish","format-standard","has-post-thumbnail","hentry","category-noticies","tag-carlos-gotor","tag-la-xarxa-tv","tag-preus-cafe-verd"],"acf":[],"yoast_head":"<!-- This site is optimized with the Yoast SEO plugin v25.5 - https:\/\/yoast.com\/wordpress\/plugins\/seo\/ -->\n<title>La Xarxa TV: Entrevista al president del Gremi - Gremi del Caf\u00e8, torradors de Catalunya<\/title>\n<meta name=\"description\" content=\"L&#039;increment dels preus del caf\u00e8 verd, a causa de canvis clim\u00e0tics als pa\u00efsos d&#039;origen, entre altres factors econ\u00f2mics, ha provocat un canvi al mercat mundial, en una de les primeres mat\u00e8ries que generen m\u00e9s volum econ\u00f2mic del m\u00f3n: el caf\u00e8.\" \/>\n<meta name=\"robots\" content=\"index, follow, max-snippet:-1, max-image-preview:large, max-video-preview:-1\" \/>\n<link rel=\"canonical\" href=\"https:\/\/gremicafe.cat\/es\/2025\/01\/15\/la-xarxa-tv-entrevista-al-president-del-gremi\/\" \/>\n<meta property=\"og:locale\" content=\"es_ES\" \/>\n<meta property=\"og:type\" content=\"article\" \/>\n<meta property=\"og:title\" content=\"La Xarxa TV: Entrevista al president del Gremi - Gremi del Caf\u00e8, torradors de Catalunya\" \/>\n<meta property=\"og:description\" content=\"L&#039;increment dels preus del caf\u00e8 verd, a causa de canvis clim\u00e0tics als pa\u00efsos d&#039;origen, entre altres factors econ\u00f2mics, ha provocat un canvi al mercat mundial, en una de les primeres mat\u00e8ries que generen m\u00e9s volum econ\u00f2mic del m\u00f3n: el caf\u00e8.\" \/>\n<meta property=\"og:url\" content=\"https:\/\/gremicafe.cat\/es\/2025\/01\/15\/la-xarxa-tv-entrevista-al-president-del-gremi\/\" \/>\n<meta property=\"og:site_name\" content=\"Gremi del Caf\u00e8, torradors de Catalunya\" \/>\n<meta property=\"article:publisher\" content=\"https:\/\/www.facebook.com\/gremicafecat\" \/>\n<meta property=\"article:published_time\" content=\"2025-01-15T15:10:43+00:00\" \/>\n<meta property=\"article:modified_time\" content=\"2025-01-17T07:42:12+00:00\" \/>\n<meta property=\"og:image\" content=\"https:\/\/gremicafe.cat\/wp-content\/uploads\/2025\/01\/GremiCafe-Preus2025.jpg\" \/>\n\t<meta property=\"og:image:width\" content=\"1920\" \/>\n\t<meta property=\"og:image:height\" content=\"1280\" \/>\n\t<meta property=\"og:image:type\" content=\"image\/jpeg\" \/>\n<meta name=\"author\" content=\"gremicafe\" \/>\n<meta name=\"twitter:card\" content=\"summary_large_image\" \/>\n<meta name=\"twitter:creator\" content=\"@gremicafecat\" \/>\n<meta name=\"twitter:site\" content=\"@gremicafecat\" \/>\n<meta name=\"twitter:label1\" content=\"Escrito por\" \/>\n\t<meta name=\"twitter:data1\" content=\"gremicafe\" \/>\n\t<meta name=\"twitter:label2\" content=\"Tiempo de lectura\" \/>\n\t<meta name=\"twitter:data2\" content=\"1 minuto\" \/>\n<script type=\"application\/ld+json\" class=\"yoast-schema-graph\">{\"@context\":\"https:\/\/schema.org\",\"@graph\":[{\"@type\":\"Article\",\"@id\":\"https:\/\/gremicafe.cat\/2025\/01\/15\/la-xarxa-tv-entrevista-al-president-del-gremi\/#article\",\"isPartOf\":{\"@id\":\"https:\/\/gremicafe.cat\/2025\/01\/15\/la-xarxa-tv-entrevista-al-president-del-gremi\/\"},\"author\":{\"name\":\"gremicafe\",\"@id\":\"https:\/\/gremicafe.cat\/#\/schema\/person\/dabfdbb3d0fa36260855a380f94e4733\"},\"headline\":\"La Xarxa TV: Entrevista al president del Gremi\",\"datePublished\":\"2025-01-15T15:10:43+00:00\",\"dateModified\":\"2025-01-17T07:42:12+00:00\",\"mainEntityOfPage\":{\"@id\":\"https:\/\/gremicafe.cat\/2025\/01\/15\/la-xarxa-tv-entrevista-al-president-del-gremi\/\"},\"wordCount\":148,\"publisher\":{\"@id\":\"https:\/\/gremicafe.cat\/#organization\"},\"image\":{\"@id\":\"https:\/\/gremicafe.cat\/2025\/01\/15\/la-xarxa-tv-entrevista-al-president-del-gremi\/#primaryimage\"},\"thumbnailUrl\":\"https:\/\/gremicafe.cat\/wp-content\/uploads\/2025\/01\/GremiCafe-Preus2025.jpg\",\"keywords\":[\"Carlos Gotor\",\"La Xarxa TV\",\"Preus caf\u00e8 verd\"],\"articleSection\":[\"Not\u00edcies\"],\"inLanguage\":\"es\"},{\"@type\":\"WebPage\",\"@id\":\"https:\/\/gremicafe.cat\/2025\/01\/15\/la-xarxa-tv-entrevista-al-president-del-gremi\/\",\"url\":\"https:\/\/gremicafe.cat\/2025\/01\/15\/la-xarxa-tv-entrevista-al-president-del-gremi\/\",\"name\":\"La Xarxa TV: Entrevista al president del Gremi - Gremi del Caf\u00e8, torradors de Catalunya\",\"isPartOf\":{\"@id\":\"https:\/\/gremicafe.cat\/#website\"},\"primaryImageOfPage\":{\"@id\":\"https:\/\/gremicafe.cat\/2025\/01\/15\/la-xarxa-tv-entrevista-al-president-del-gremi\/#primaryimage\"},\"image\":{\"@id\":\"https:\/\/gremicafe.cat\/2025\/01\/15\/la-xarxa-tv-entrevista-al-president-del-gremi\/#primaryimage\"},\"thumbnailUrl\":\"https:\/\/gremicafe.cat\/wp-content\/uploads\/2025\/01\/GremiCafe-Preus2025.jpg\",\"datePublished\":\"2025-01-15T15:10:43+00:00\",\"dateModified\":\"2025-01-17T07:42:12+00:00\",\"description\":\"L'increment dels preus del caf\u00e8 verd, a causa de canvis clim\u00e0tics als pa\u00efsos d'origen, entre altres factors econ\u00f2mics, ha provocat un canvi al mercat mundial, en una de les primeres mat\u00e8ries que generen m\u00e9s volum econ\u00f2mic del m\u00f3n: el caf\u00e8.\",\"breadcrumb\":{\"@id\":\"https:\/\/gremicafe.cat\/2025\/01\/15\/la-xarxa-tv-entrevista-al-president-del-gremi\/#breadcrumb\"},\"inLanguage\":\"es\",\"potentialAction\":[{\"@type\":\"ReadAction\",\"target\":[\"https:\/\/gremicafe.cat\/2025\/01\/15\/la-xarxa-tv-entrevista-al-president-del-gremi\/\"]}]},{\"@type\":\"ImageObject\",\"inLanguage\":\"es\",\"@id\":\"https:\/\/gremicafe.cat\/2025\/01\/15\/la-xarxa-tv-entrevista-al-president-del-gremi\/#primaryimage\",\"url\":\"https:\/\/gremicafe.cat\/wp-content\/uploads\/2025\/01\/GremiCafe-Preus2025.jpg\",\"contentUrl\":\"https:\/\/gremicafe.cat\/wp-content\/uploads\/2025\/01\/GremiCafe-Preus2025.jpg\",\"width\":1920,\"height\":1280},{\"@type\":\"BreadcrumbList\",\"@id\":\"https:\/\/gremicafe.cat\/2025\/01\/15\/la-xarxa-tv-entrevista-al-president-del-gremi\/#breadcrumb\",\"itemListElement\":[{\"@type\":\"ListItem\",\"position\":1,\"name\":\"Inici\",\"item\":\"https:\/\/gremicafe.cat\/\"},{\"@type\":\"ListItem\",\"position\":2,\"name\":\"La Xarxa TV: Entrevista al president del Gremi\"}]},{\"@type\":\"WebSite\",\"@id\":\"https:\/\/gremicafe.cat\/#website\",\"url\":\"https:\/\/gremicafe.cat\/\",\"name\":\"Gremi del Caf\u00e8, torradors de Catalunya\",\"description\":\"Web oficial del gremi de torradors de caf\u00e8 de Catalunya\",\"publisher\":{\"@id\":\"https:\/\/gremicafe.cat\/#organization\"},\"potentialAction\":[{\"@type\":\"SearchAction\",\"target\":{\"@type\":\"EntryPoint\",\"urlTemplate\":\"https:\/\/gremicafe.cat\/?s={search_term_string}\"},\"query-input\":{\"@type\":\"PropertyValueSpecification\",\"valueRequired\":true,\"valueName\":\"search_term_string\"}}],\"inLanguage\":\"es\"},{\"@type\":\"Organization\",\"@id\":\"https:\/\/gremicafe.cat\/#organization\",\"name\":\"Gremi del Caf\u00e8, Torradors de Catalunya\",\"url\":\"https:\/\/gremicafe.cat\/\",\"logo\":{\"@type\":\"ImageObject\",\"inLanguage\":\"es\",\"@id\":\"https:\/\/gremicafe.cat\/#\/schema\/logo\/image\/\",\"url\":\"https:\/\/gremicafe.cat\/wp-content\/uploads\/2018\/03\/gremicafe-logo250.png\",\"contentUrl\":\"https:\/\/gremicafe.cat\/wp-content\/uploads\/2018\/03\/gremicafe-logo250.png\",\"width\":250,\"height\":49,\"caption\":\"Gremi del Caf\u00e8, Torradors de Catalunya\"},\"image\":{\"@id\":\"https:\/\/gremicafe.cat\/#\/schema\/logo\/image\/\"},\"sameAs\":[\"https:\/\/www.facebook.com\/gremicafecat\",\"https:\/\/x.com\/gremicafecat\",\"https:\/\/www.instagram.com\/gremicafecat\/\",\"https:\/\/www.pinterest.es\/gremicafecat\/\",\"https:\/\/www.youtube.com\/channel\/UCGLo5Y35vLwLvP4FrPZrCrw\/\"]},{\"@type\":\"Person\",\"@id\":\"https:\/\/gremicafe.cat\/#\/schema\/person\/dabfdbb3d0fa36260855a380f94e4733\",\"name\":\"gremicafe\",\"image\":{\"@type\":\"ImageObject\",\"inLanguage\":\"es\",\"@id\":\"https:\/\/gremicafe.cat\/#\/schema\/person\/image\/\",\"url\":\"https:\/\/secure.gravatar.com\/avatar\/e59baa4ca8f6f97576d6375fb6d3c8f0?s=96&d=mm&r=g\",\"contentUrl\":\"https:\/\/secure.gravatar.com\/avatar\/e59baa4ca8f6f97576d6375fb6d3c8f0?s=96&d=mm&r=g\",\"caption\":\"gremicafe\"}}]}<\/script>\n<!-- \/ Yoast SEO plugin. -->","yoast_head_json":{"title":"La Xarxa TV: Entrevista al president del Gremi - Gremi del Caf\u00e8, torradors de Catalunya","description":"L'increment dels preus del caf\u00e8 verd, a causa de canvis clim\u00e0tics als pa\u00efsos d'origen, entre altres factors econ\u00f2mics, ha provocat un canvi al mercat mundial, en una de les primeres mat\u00e8ries que generen m\u00e9s volum econ\u00f2mic del m\u00f3n: el caf\u00e8.","robots":{"index":"index","follow":"follow","max-snippet":"max-snippet:-1","max-image-preview":"max-image-preview:large","max-video-preview":"max-video-preview:-1"},"canonical":"https:\/\/gremicafe.cat\/es\/2025\/01\/15\/la-xarxa-tv-entrevista-al-president-del-gremi\/","og_locale":"es_ES","og_type":"article","og_title":"La Xarxa TV: Entrevista al president del Gremi - Gremi del Caf\u00e8, torradors de Catalunya","og_description":"L'increment dels preus del caf\u00e8 verd, a causa de canvis clim\u00e0tics als pa\u00efsos d'origen, entre altres factors econ\u00f2mics, ha provocat un canvi al mercat mundial, en una de les primeres mat\u00e8ries que generen m\u00e9s volum econ\u00f2mic del m\u00f3n: el caf\u00e8.","og_url":"https:\/\/gremicafe.cat\/es\/2025\/01\/15\/la-xarxa-tv-entrevista-al-president-del-gremi\/","og_site_name":"Gremi del Caf\u00e8, torradors de Catalunya","article_publisher":"https:\/\/www.facebook.com\/gremicafecat","article_published_time":"2025-01-15T15:10:43+00:00","article_modified_time":"2025-01-17T07:42:12+00:00","og_image":[{"width":1920,"height":1280,"url":"https:\/\/gremicafe.cat\/wp-content\/uploads\/2025\/01\/GremiCafe-Preus2025.jpg","type":"image\/jpeg"}],"author":"gremicafe","twitter_card":"summary_large_image","twitter_creator":"@gremicafecat","twitter_site":"@gremicafecat","twitter_misc":{"Escrito por":"gremicafe","Tiempo de lectura":"1 minuto"},"schema":{"@context":"https:\/\/schema.org","@graph":[{"@type":"Article","@id":"https:\/\/gremicafe.cat\/2025\/01\/15\/la-xarxa-tv-entrevista-al-president-del-gremi\/#article","isPartOf":{"@id":"https:\/\/gremicafe.cat\/2025\/01\/15\/la-xarxa-tv-entrevista-al-president-del-gremi\/"},"author":{"name":"gremicafe","@id":"https:\/\/gremicafe.cat\/#\/schema\/person\/dabfdbb3d0fa36260855a380f94e4733"},"headline":"La Xarxa TV: Entrevista al president del Gremi","datePublished":"2025-01-15T15:10:43+00:00","dateModified":"2025-01-17T07:42:12+00:00","mainEntityOfPage":{"@id":"https:\/\/gremicafe.cat\/2025\/01\/15\/la-xarxa-tv-entrevista-al-president-del-gremi\/"},"wordCount":148,"publisher":{"@id":"https:\/\/gremicafe.cat\/#organization"},"image":{"@id":"https:\/\/gremicafe.cat\/2025\/01\/15\/la-xarxa-tv-entrevista-al-president-del-gremi\/#primaryimage"},"thumbnailUrl":"https:\/\/gremicafe.cat\/wp-content\/uploads\/2025\/01\/GremiCafe-Preus2025.jpg","keywords":["Carlos Gotor","La Xarxa TV","Preus caf\u00e8 verd"],"articleSection":["Not\u00edcies"],"inLanguage":"es"},{"@type":"WebPage","@id":"https:\/\/gremicafe.cat\/2025\/01\/15\/la-xarxa-tv-entrevista-al-president-del-gremi\/","url":"https:\/\/gremicafe.cat\/2025\/01\/15\/la-xarxa-tv-entrevista-al-president-del-gremi\/","name":"La Xarxa TV: Entrevista al president del Gremi - Gremi del Caf\u00e8, torradors de Catalunya","isPartOf":{"@id":"https:\/\/gremicafe.cat\/#website"},"primaryImageOfPage":{"@id":"https:\/\/gremicafe.cat\/2025\/01\/15\/la-xarxa-tv-entrevista-al-president-del-gremi\/#primaryimage"},"image":{"@id":"https:\/\/gremicafe.cat\/2025\/01\/15\/la-xarxa-tv-entrevista-al-president-del-gremi\/#primaryimage"},"thumbnailUrl":"https:\/\/gremicafe.cat\/wp-content\/uploads\/2025\/01\/GremiCafe-Preus2025.jpg","datePublished":"2025-01-15T15:10:43+00:00","dateModified":"2025-01-17T07:42:12+00:00","description":"L'increment dels preus del caf\u00e8 verd, a causa de canvis clim\u00e0tics als pa\u00efsos d'origen, entre altres factors econ\u00f2mics, ha provocat un canvi al mercat mundial, en una de les primeres mat\u00e8ries que generen m\u00e9s volum econ\u00f2mic del m\u00f3n: el caf\u00e8.","breadcrumb":{"@id":"https:\/\/gremicafe.cat\/2025\/01\/15\/la-xarxa-tv-entrevista-al-president-del-gremi\/#breadcrumb"},"inLanguage":"es","potentialAction":[{"@type":"ReadAction","target":["https:\/\/gremicafe.cat\/2025\/01\/15\/la-xarxa-tv-entrevista-al-president-del-gremi\/"]}]},{"@type":"ImageObject","inLanguage":"es","@id":"https:\/\/gremicafe.cat\/2025\/01\/15\/la-xarxa-tv-entrevista-al-president-del-gremi\/#primaryimage","url":"https:\/\/gremicafe.cat\/wp-content\/uploads\/2025\/01\/GremiCafe-Preus2025.jpg","contentUrl":"https:\/\/gremicafe.cat\/wp-content\/uploads\/2025\/01\/GremiCafe-Preus2025.jpg","width":1920,"height":1280},{"@type":"BreadcrumbList","@id":"https:\/\/gremicafe.cat\/2025\/01\/15\/la-xarxa-tv-entrevista-al-president-del-gremi\/#breadcrumb","itemListElement":[{"@type":"ListItem","position":1,"name":"Inici","item":"https:\/\/gremicafe.cat\/"},{"@type":"ListItem","position":2,"name":"La Xarxa TV: Entrevista al president del Gremi"}]},{"@type":"WebSite","@id":"https:\/\/gremicafe.cat\/#website","url":"https:\/\/gremicafe.cat\/","name":"Gremio del Caf\u00e9, tostadores de Catalu\u00f1a","description":"Web oficial del gremio de tostadores de caf\u00e9 de Catalunya","publisher":{"@id":"https:\/\/gremicafe.cat\/#organization"},"potentialAction":[{"@type":"SearchAction","target":{"@type":"EntryPoint","urlTemplate":"https:\/\/gremicafe.cat\/?s={search_term_string}"},"query-input":{"@type":"PropertyValueSpecification","valueRequired":true,"valueName":"search_term_string"}}],"inLanguage":"es"},{"@type":"Organization","@id":"https:\/\/gremicafe.cat\/#organization","name":"Gremio del Caf\u00e9, Tostadores de Catalu\u00f1a","url":"https:\/\/gremicafe.cat\/","logo":{"@type":"ImageObject","inLanguage":"es","@id":"https:\/\/gremicafe.cat\/#\/schema\/logo\/image\/","url":"https:\/\/gremicafe.cat\/wp-content\/uploads\/2018\/03\/gremicafe-logo250.png","contentUrl":"https:\/\/gremicafe.cat\/wp-content\/uploads\/2018\/03\/gremicafe-logo250.png","width":250,"height":49,"caption":"Gremi del Caf\u00e8, Torradors de Catalunya"},"image":{"@id":"https:\/\/gremicafe.cat\/#\/schema\/logo\/image\/"},"sameAs":["https:\/\/www.facebook.com\/gremicafecat","https:\/\/x.com\/gremicafecat","https:\/\/www.instagram.com\/gremicafecat\/","https:\/\/www.pinterest.es\/gremicafecat\/","https:\/\/www.youtube.com\/channel\/UCGLo5Y35vLwLvP4FrPZrCrw\/"]},{"@type":"Person","@id":"https:\/\/gremicafe.cat\/#\/schema\/person\/dabfdbb3d0fa36260855a380f94e4733","name":"gremicafe","image":{"@type":"ImageObject","inLanguage":"es","@id":"https:\/\/gremicafe.cat\/#\/schema\/person\/image\/","url":"https:\/\/secure.gravatar.com\/avatar\/e59baa4ca8f6f97576d6375fb6d3c8f0?s=96&d=mm&r=g","contentUrl":"https:\/\/secure.gravatar.com\/avatar\/e59baa4ca8f6f97576d6375fb6d3c8f0?s=96&d=mm&r=g","caption":"gremicafe"}}]}},"_links":{"self":[{"href":"https:\/\/gremicafe.cat\/es\/wp-json\/wp\/v2\/posts\/7708"}],"collection":[{"href":"https:\/\/gremicafe.cat\/es\/wp-json\/wp\/v2\/posts"}],"about":[{"href":"https:\/\/gremicafe.cat\/es\/wp-json\/wp\/v2\/types\/post"}],"author":[{"embeddable":true,"href":"https:\/\/gremicafe.cat\/es\/wp-json\/wp\/v2\/users\/1"}],"replies":[{"embeddable":true,"href":"https:\/\/gremicafe.cat\/es\/wp-json\/wp\/v2\/comments?post=7708"}],"version-history":[{"count":0,"href":"https:\/\/gremicafe.cat\/es\/wp-json\/wp\/v2\/posts\/7708\/revisions"}],"wp:featuredmedia":[{"embeddable":true,"href":"https:\/\/gremicafe.cat\/es\/wp-json\/wp\/v2\/media\/7709"}],"wp:attachment":[{"href":"https:\/\/gremicafe.cat\/es\/wp-json\/wp\/v2\/media?parent=7708"}],"wp:term":[{"taxonomy":"category","embeddable":true,"href":"https:\/\/gremicafe.cat\/es\/wp-json\/wp\/v2\/categories?post=7708"},{"taxonomy":"post_tag","embeddable":true,"href":"https:\/\/gremicafe.cat\/es\/wp-json\/wp\/v2\/tags?post=7708"}],"curies":[{"name":"wp","href":"https:\/\/api.w.org\/{rel}","templated":true}]}}