{"id":7727,"date":"2025-01-28T12:47:52","date_gmt":"2025-01-28T11:47:52","guid":{"rendered":"https:\/\/gremicafe.cat\/?p=7727"},"modified":"2025-01-28T12:48:43","modified_gmt":"2025-01-28T11:48:43","slug":"letiquetatge-dels-productes-en-braille-a-debat","status":"publish","type":"post","link":"https:\/\/gremicafe.cat\/es\/2025\/01\/28\/letiquetatge-dels-productes-en-braille-a-debat\/","title":{"rendered":"El etiquetado de los productos en braille a debate."},"content":{"rendered":"<p class=\"p1\"><span class=\"s1\">El pr\u00f3ximo mes de junio, seg\u00fan ha podido saber FRS, se prev\u00e9 que se apruebe el proyecto de Real Decreto que prepara el Gobierno por el que <strong>el etiquetado en braille ser\u00e1 obligatorio en productos de consumo esenciales<\/strong>. Un paso hist\u00f3rico para Espa\u00f1a que siembra la preocupaci\u00f3n en el tejido productivo, sobre todo pymes, que ven peligrar su competitividad y viabilidad con esta nueva regulaci\u00f3n.<\/span><\/p>\n<p class=\"p1\"><span class=\"s1\">El Real Decreto afectar\u00e1 a los productos que pueden ser catalogados como de &quot;especial relevancia&quot; para la protecci\u00f3n de la seguridad, integridad y calidad de vida, seg\u00fan los criterios determinados por la Uni\u00f3n Europea.<\/span><\/p>\n<p class=\"p1\"><span class=\"s1\">Entre ellos cabe destacar productos alimenticios que pueden provocar alergias o intolerancias, como <strong>carnes, pescados, huevos, leche, caf\u00e9 o conservas<\/strong>.<\/span><\/p>\n<p class=\"p1\"><span class=\"s1\">Tambi\u00e9n se incluyen los productos cosm\u00e9ticos y de cuidado personal, as\u00ed como aqu\u00e9llos que contengan sustancias qu\u00edmicas potencialmente peligrosas para la salud, como los abonos, plaguicidas y otros productos inflamables.<\/span><\/p>\n<p class=\"p1\"><a href=\"https:\/\/www.foodretail.es\/sector-fmcg\/cuenta-etiquetado-braille-revolucion-inclusiva_0_2000009081.html\" target=\"_blank\" rel=\"noopener\"><span class=\"s1\">Lea el interesante reportaje en Foodretail<\/span><\/a><\/p>\n<p>&nbsp;<\/p>\n<div id=\"attachment_7728\" style=\"width: 1090px\" class=\"wp-caption aligncenter\"><img loading=\"lazy\" decoding=\"async\" aria-describedby=\"caption-attachment-7728\" class=\"size-full wp-image-7728\" src=\"https:\/\/gremicafe.cat\/wp-content\/uploads\/2025\/01\/BrailleCafe.jpg\" alt=\"Etiquetatge en braille\" width=\"1080\" height=\"1080\" srcset=\"https:\/\/gremicafe.cat\/wp-content\/uploads\/2025\/01\/BrailleCafe.jpg 1080w, https:\/\/gremicafe.cat\/wp-content\/uploads\/2025\/01\/BrailleCafe-300x300.jpg 300w, https:\/\/gremicafe.cat\/wp-content\/uploads\/2025\/01\/BrailleCafe-150x150.jpg 150w, https:\/\/gremicafe.cat\/wp-content\/uploads\/2025\/01\/BrailleCafe-768x768.jpg 768w, https:\/\/gremicafe.cat\/wp-content\/uploads\/2025\/01\/BrailleCafe-12x12.jpg 12w, https:\/\/gremicafe.cat\/wp-content\/uploads\/2025\/01\/BrailleCafe-720x720.jpg 720w\" sizes=\"(max-width: 1080px) 100vw, 1080px\" \/><p id=\"caption-attachment-7728\" class=\"wp-caption-text\">Etiquetado en braille<\/p><\/div>","protected":false},"excerpt":{"rendered":"<p>El pr\u00f2xim mes de juny, segons ha pogut saber\u00a0FRS, es preveu que s&#8217;aprovi el projecte de Reial decret que prepara el Govern pel qual l&#8217;etiquetatge en\u00a0braille\u00a0ser\u00e0 obligatori en productes de consum essencials. Un pas hist\u00f2ric per a Espanya que sembra la preocupaci\u00f3 en el teixit productiu, sobretot pimes, que veuen perillar la seva competitivitat i [&hellip;]<\/p>\n","protected":false},"author":1,"featured_media":7728,"comment_status":"closed","ping_status":"open","sticky":false,"template":"","format":"standard","meta":{"_acf_changed":false,"inline_featured_image":false,"footnotes":""},"categories":[1],"tags":[129,128],"class_list":["post-7727","post","type-post","status-publish","format-standard","has-post-thumbnail","hentry","category-noticies","tag-braille","tag-etiquetatge"],"acf":[],"yoast_head":"<!-- This site is optimized with the Yoast SEO plugin v25.5 - https:\/\/yoast.com\/wordpress\/plugins\/seo\/ -->\n<title>L&#039;etiquetatge\u00a0dels productes en\u00a0braille\u00a0a debat. - Gremi del Caf\u00e8, torradors de Catalunya<\/title>\n<meta name=\"description\" content=\"El pr\u00f2xim mes de juny, segons ha pogut saber\u00a0FRS, es preveu que s&#039;aprovi el projecte de Reial decret que prepara el Govern pel qual l&#039;etiquetatge en\u00a0braille\u00a0ser\u00e0 obligatori en productes de consum essencials.\" \/>\n<meta name=\"robots\" content=\"index, follow, max-snippet:-1, max-image-preview:large, max-video-preview:-1\" \/>\n<link rel=\"canonical\" href=\"https:\/\/gremicafe.cat\/es\/2025\/01\/28\/letiquetatge-dels-productes-en-braille-a-debat\/\" \/>\n<meta property=\"og:locale\" content=\"es_ES\" \/>\n<meta property=\"og:type\" content=\"article\" \/>\n<meta property=\"og:title\" content=\"L&#039;etiquetatge\u00a0dels productes en\u00a0braille\u00a0a debat. - Gremi del Caf\u00e8, torradors de Catalunya\" \/>\n<meta property=\"og:description\" content=\"El pr\u00f2xim mes de juny, segons ha pogut saber\u00a0FRS, es preveu que s&#039;aprovi el projecte de Reial decret que prepara el Govern pel qual l&#039;etiquetatge en\u00a0braille\u00a0ser\u00e0 obligatori en productes de consum essencials.\" \/>\n<meta property=\"og:url\" content=\"https:\/\/gremicafe.cat\/es\/2025\/01\/28\/letiquetatge-dels-productes-en-braille-a-debat\/\" \/>\n<meta property=\"og:site_name\" content=\"Gremi del Caf\u00e8, torradors de Catalunya\" \/>\n<meta property=\"article:publisher\" content=\"https:\/\/www.facebook.com\/gremicafecat\" \/>\n<meta property=\"article:published_time\" content=\"2025-01-28T11:47:52+00:00\" \/>\n<meta property=\"article:modified_time\" content=\"2025-01-28T11:48:43+00:00\" \/>\n<meta property=\"og:image\" content=\"https:\/\/gremicafe.cat\/wp-content\/uploads\/2025\/01\/BrailleCafe.jpg\" \/>\n\t<meta property=\"og:image:width\" content=\"1080\" \/>\n\t<meta property=\"og:image:height\" content=\"1080\" \/>\n\t<meta property=\"og:image:type\" content=\"image\/jpeg\" \/>\n<meta name=\"author\" content=\"gremicafe\" \/>\n<meta name=\"twitter:card\" content=\"summary_large_image\" \/>\n<meta name=\"twitter:creator\" content=\"@gremicafecat\" \/>\n<meta name=\"twitter:site\" content=\"@gremicafecat\" \/>\n<meta name=\"twitter:label1\" content=\"Escrito por\" \/>\n\t<meta name=\"twitter:data1\" content=\"gremicafe\" \/>\n\t<meta name=\"twitter:label2\" content=\"Tiempo de lectura\" \/>\n\t<meta name=\"twitter:data2\" content=\"2 minutos\" \/>\n<script type=\"application\/ld+json\" class=\"yoast-schema-graph\">{\"@context\":\"https:\/\/schema.org\",\"@graph\":[{\"@type\":\"Article\",\"@id\":\"https:\/\/gremicafe.cat\/2025\/01\/28\/letiquetatge-dels-productes-en-braille-a-debat\/#article\",\"isPartOf\":{\"@id\":\"https:\/\/gremicafe.cat\/2025\/01\/28\/letiquetatge-dels-productes-en-braille-a-debat\/\"},\"author\":{\"name\":\"gremicafe\",\"@id\":\"https:\/\/gremicafe.cat\/#\/schema\/person\/dabfdbb3d0fa36260855a380f94e4733\"},\"headline\":\"L&#8217;etiquetatge\u00a0dels productes en\u00a0braille\u00a0a debat.\",\"datePublished\":\"2025-01-28T11:47:52+00:00\",\"dateModified\":\"2025-01-28T11:48:43+00:00\",\"mainEntityOfPage\":{\"@id\":\"https:\/\/gremicafe.cat\/2025\/01\/28\/letiquetatge-dels-productes-en-braille-a-debat\/\"},\"wordCount\":180,\"publisher\":{\"@id\":\"https:\/\/gremicafe.cat\/#organization\"},\"image\":{\"@id\":\"https:\/\/gremicafe.cat\/2025\/01\/28\/letiquetatge-dels-productes-en-braille-a-debat\/#primaryimage\"},\"thumbnailUrl\":\"https:\/\/gremicafe.cat\/wp-content\/uploads\/2025\/01\/BrailleCafe.jpg\",\"keywords\":[\"braille\",\"etiquetatge\"],\"articleSection\":[\"Not\u00edcies\"],\"inLanguage\":\"es\"},{\"@type\":\"WebPage\",\"@id\":\"https:\/\/gremicafe.cat\/2025\/01\/28\/letiquetatge-dels-productes-en-braille-a-debat\/\",\"url\":\"https:\/\/gremicafe.cat\/2025\/01\/28\/letiquetatge-dels-productes-en-braille-a-debat\/\",\"name\":\"L'etiquetatge\u00a0dels productes en\u00a0braille\u00a0a debat. - Gremi del Caf\u00e8, torradors de Catalunya\",\"isPartOf\":{\"@id\":\"https:\/\/gremicafe.cat\/#website\"},\"primaryImageOfPage\":{\"@id\":\"https:\/\/gremicafe.cat\/2025\/01\/28\/letiquetatge-dels-productes-en-braille-a-debat\/#primaryimage\"},\"image\":{\"@id\":\"https:\/\/gremicafe.cat\/2025\/01\/28\/letiquetatge-dels-productes-en-braille-a-debat\/#primaryimage\"},\"thumbnailUrl\":\"https:\/\/gremicafe.cat\/wp-content\/uploads\/2025\/01\/BrailleCafe.jpg\",\"datePublished\":\"2025-01-28T11:47:52+00:00\",\"dateModified\":\"2025-01-28T11:48:43+00:00\",\"description\":\"El pr\u00f2xim mes de juny, segons ha pogut saber\u00a0FRS, es preveu que s'aprovi el projecte de Reial decret que prepara el Govern pel qual l'etiquetatge en\u00a0braille\u00a0ser\u00e0 obligatori en productes de consum essencials.\",\"breadcrumb\":{\"@id\":\"https:\/\/gremicafe.cat\/2025\/01\/28\/letiquetatge-dels-productes-en-braille-a-debat\/#breadcrumb\"},\"inLanguage\":\"es\",\"potentialAction\":[{\"@type\":\"ReadAction\",\"target\":[\"https:\/\/gremicafe.cat\/2025\/01\/28\/letiquetatge-dels-productes-en-braille-a-debat\/\"]}]},{\"@type\":\"ImageObject\",\"inLanguage\":\"es\",\"@id\":\"https:\/\/gremicafe.cat\/2025\/01\/28\/letiquetatge-dels-productes-en-braille-a-debat\/#primaryimage\",\"url\":\"https:\/\/gremicafe.cat\/wp-content\/uploads\/2025\/01\/BrailleCafe.jpg\",\"contentUrl\":\"https:\/\/gremicafe.cat\/wp-content\/uploads\/2025\/01\/BrailleCafe.jpg\",\"width\":1080,\"height\":1080,\"caption\":\"Etiquetatge en braille\"},{\"@type\":\"BreadcrumbList\",\"@id\":\"https:\/\/gremicafe.cat\/2025\/01\/28\/letiquetatge-dels-productes-en-braille-a-debat\/#breadcrumb\",\"itemListElement\":[{\"@type\":\"ListItem\",\"position\":1,\"name\":\"Inici\",\"item\":\"https:\/\/gremicafe.cat\/\"},{\"@type\":\"ListItem\",\"position\":2,\"name\":\"L&#8217;etiquetatge\u00a0dels productes en\u00a0braille\u00a0a debat.\"}]},{\"@type\":\"WebSite\",\"@id\":\"https:\/\/gremicafe.cat\/#website\",\"url\":\"https:\/\/gremicafe.cat\/\",\"name\":\"Gremi del Caf\u00e8, torradors de Catalunya\",\"description\":\"Web oficial del gremi de torradors de caf\u00e8 de Catalunya\",\"publisher\":{\"@id\":\"https:\/\/gremicafe.cat\/#organization\"},\"potentialAction\":[{\"@type\":\"SearchAction\",\"target\":{\"@type\":\"EntryPoint\",\"urlTemplate\":\"https:\/\/gremicafe.cat\/?s={search_term_string}\"},\"query-input\":{\"@type\":\"PropertyValueSpecification\",\"valueRequired\":true,\"valueName\":\"search_term_string\"}}],\"inLanguage\":\"es\"},{\"@type\":\"Organization\",\"@id\":\"https:\/\/gremicafe.cat\/#organization\",\"name\":\"Gremi del Caf\u00e8, Torradors de Catalunya\",\"url\":\"https:\/\/gremicafe.cat\/\",\"logo\":{\"@type\":\"ImageObject\",\"inLanguage\":\"es\",\"@id\":\"https:\/\/gremicafe.cat\/#\/schema\/logo\/image\/\",\"url\":\"https:\/\/gremicafe.cat\/wp-content\/uploads\/2018\/03\/gremicafe-logo250.png\",\"contentUrl\":\"https:\/\/gremicafe.cat\/wp-content\/uploads\/2018\/03\/gremicafe-logo250.png\",\"width\":250,\"height\":49,\"caption\":\"Gremi del Caf\u00e8, Torradors de Catalunya\"},\"image\":{\"@id\":\"https:\/\/gremicafe.cat\/#\/schema\/logo\/image\/\"},\"sameAs\":[\"https:\/\/www.facebook.com\/gremicafecat\",\"https:\/\/x.com\/gremicafecat\",\"https:\/\/www.instagram.com\/gremicafecat\/\",\"https:\/\/www.pinterest.es\/gremicafecat\/\",\"https:\/\/www.youtube.com\/channel\/UCGLo5Y35vLwLvP4FrPZrCrw\/\"]},{\"@type\":\"Person\",\"@id\":\"https:\/\/gremicafe.cat\/#\/schema\/person\/dabfdbb3d0fa36260855a380f94e4733\",\"name\":\"gremicafe\",\"image\":{\"@type\":\"ImageObject\",\"inLanguage\":\"es\",\"@id\":\"https:\/\/gremicafe.cat\/#\/schema\/person\/image\/\",\"url\":\"https:\/\/secure.gravatar.com\/avatar\/e59baa4ca8f6f97576d6375fb6d3c8f0?s=96&d=mm&r=g\",\"contentUrl\":\"https:\/\/secure.gravatar.com\/avatar\/e59baa4ca8f6f97576d6375fb6d3c8f0?s=96&d=mm&r=g\",\"caption\":\"gremicafe\"}}]}<\/script>\n<!-- \/ Yoast SEO plugin. -->","yoast_head_json":{"title":"L'etiquetatge\u00a0dels productes en\u00a0braille\u00a0a debat. - Gremi del Caf\u00e8, torradors de Catalunya","description":"El pr\u00f2xim mes de juny, segons ha pogut saber\u00a0FRS, es preveu que s'aprovi el projecte de Reial decret que prepara el Govern pel qual l'etiquetatge en\u00a0braille\u00a0ser\u00e0 obligatori en productes de consum essencials.","robots":{"index":"index","follow":"follow","max-snippet":"max-snippet:-1","max-image-preview":"max-image-preview:large","max-video-preview":"max-video-preview:-1"},"canonical":"https:\/\/gremicafe.cat\/es\/2025\/01\/28\/letiquetatge-dels-productes-en-braille-a-debat\/","og_locale":"es_ES","og_type":"article","og_title":"L'etiquetatge\u00a0dels productes en\u00a0braille\u00a0a debat. - Gremi del Caf\u00e8, torradors de Catalunya","og_description":"El pr\u00f2xim mes de juny, segons ha pogut saber\u00a0FRS, es preveu que s'aprovi el projecte de Reial decret que prepara el Govern pel qual l'etiquetatge en\u00a0braille\u00a0ser\u00e0 obligatori en productes de consum essencials.","og_url":"https:\/\/gremicafe.cat\/es\/2025\/01\/28\/letiquetatge-dels-productes-en-braille-a-debat\/","og_site_name":"Gremi del Caf\u00e8, torradors de Catalunya","article_publisher":"https:\/\/www.facebook.com\/gremicafecat","article_published_time":"2025-01-28T11:47:52+00:00","article_modified_time":"2025-01-28T11:48:43+00:00","og_image":[{"width":1080,"height":1080,"url":"https:\/\/gremicafe.cat\/wp-content\/uploads\/2025\/01\/BrailleCafe.jpg","type":"image\/jpeg"}],"author":"gremicafe","twitter_card":"summary_large_image","twitter_creator":"@gremicafecat","twitter_site":"@gremicafecat","twitter_misc":{"Escrito por":"gremicafe","Tiempo de lectura":"2 minutos"},"schema":{"@context":"https:\/\/schema.org","@graph":[{"@type":"Article","@id":"https:\/\/gremicafe.cat\/2025\/01\/28\/letiquetatge-dels-productes-en-braille-a-debat\/#article","isPartOf":{"@id":"https:\/\/gremicafe.cat\/2025\/01\/28\/letiquetatge-dels-productes-en-braille-a-debat\/"},"author":{"name":"gremicafe","@id":"https:\/\/gremicafe.cat\/#\/schema\/person\/dabfdbb3d0fa36260855a380f94e4733"},"headline":"L&#8217;etiquetatge\u00a0dels productes en\u00a0braille\u00a0a debat.","datePublished":"2025-01-28T11:47:52+00:00","dateModified":"2025-01-28T11:48:43+00:00","mainEntityOfPage":{"@id":"https:\/\/gremicafe.cat\/2025\/01\/28\/letiquetatge-dels-productes-en-braille-a-debat\/"},"wordCount":180,"publisher":{"@id":"https:\/\/gremicafe.cat\/#organization"},"image":{"@id":"https:\/\/gremicafe.cat\/2025\/01\/28\/letiquetatge-dels-productes-en-braille-a-debat\/#primaryimage"},"thumbnailUrl":"https:\/\/gremicafe.cat\/wp-content\/uploads\/2025\/01\/BrailleCafe.jpg","keywords":["braille","etiquetatge"],"articleSection":["Not\u00edcies"],"inLanguage":"es"},{"@type":"WebPage","@id":"https:\/\/gremicafe.cat\/2025\/01\/28\/letiquetatge-dels-productes-en-braille-a-debat\/","url":"https:\/\/gremicafe.cat\/2025\/01\/28\/letiquetatge-dels-productes-en-braille-a-debat\/","name":"L'etiquetatge\u00a0dels productes en\u00a0braille\u00a0a debat. - Gremi del Caf\u00e8, torradors de Catalunya","isPartOf":{"@id":"https:\/\/gremicafe.cat\/#website"},"primaryImageOfPage":{"@id":"https:\/\/gremicafe.cat\/2025\/01\/28\/letiquetatge-dels-productes-en-braille-a-debat\/#primaryimage"},"image":{"@id":"https:\/\/gremicafe.cat\/2025\/01\/28\/letiquetatge-dels-productes-en-braille-a-debat\/#primaryimage"},"thumbnailUrl":"https:\/\/gremicafe.cat\/wp-content\/uploads\/2025\/01\/BrailleCafe.jpg","datePublished":"2025-01-28T11:47:52+00:00","dateModified":"2025-01-28T11:48:43+00:00","description":"El pr\u00f2xim mes de juny, segons ha pogut saber\u00a0FRS, es preveu que s'aprovi el projecte de Reial decret que prepara el Govern pel qual l'etiquetatge en\u00a0braille\u00a0ser\u00e0 obligatori en productes de consum essencials.","breadcrumb":{"@id":"https:\/\/gremicafe.cat\/2025\/01\/28\/letiquetatge-dels-productes-en-braille-a-debat\/#breadcrumb"},"inLanguage":"es","potentialAction":[{"@type":"ReadAction","target":["https:\/\/gremicafe.cat\/2025\/01\/28\/letiquetatge-dels-productes-en-braille-a-debat\/"]}]},{"@type":"ImageObject","inLanguage":"es","@id":"https:\/\/gremicafe.cat\/2025\/01\/28\/letiquetatge-dels-productes-en-braille-a-debat\/#primaryimage","url":"https:\/\/gremicafe.cat\/wp-content\/uploads\/2025\/01\/BrailleCafe.jpg","contentUrl":"https:\/\/gremicafe.cat\/wp-content\/uploads\/2025\/01\/BrailleCafe.jpg","width":1080,"height":1080,"caption":"Etiquetatge en braille"},{"@type":"BreadcrumbList","@id":"https:\/\/gremicafe.cat\/2025\/01\/28\/letiquetatge-dels-productes-en-braille-a-debat\/#breadcrumb","itemListElement":[{"@type":"ListItem","position":1,"name":"Inici","item":"https:\/\/gremicafe.cat\/"},{"@type":"ListItem","position":2,"name":"L&#8217;etiquetatge\u00a0dels productes en\u00a0braille\u00a0a debat."}]},{"@type":"WebSite","@id":"https:\/\/gremicafe.cat\/#website","url":"https:\/\/gremicafe.cat\/","name":"Gremio del Caf\u00e9, tostadores de Catalu\u00f1a","description":"Web oficial del gremio de tostadores de caf\u00e9 de Catalunya","publisher":{"@id":"https:\/\/gremicafe.cat\/#organization"},"potentialAction":[{"@type":"SearchAction","target":{"@type":"EntryPoint","urlTemplate":"https:\/\/gremicafe.cat\/?s={search_term_string}"},"query-input":{"@type":"PropertyValueSpecification","valueRequired":true,"valueName":"search_term_string"}}],"inLanguage":"es"},{"@type":"Organization","@id":"https:\/\/gremicafe.cat\/#organization","name":"Gremio del Caf\u00e9, Tostadores de Catalu\u00f1a","url":"https:\/\/gremicafe.cat\/","logo":{"@type":"ImageObject","inLanguage":"es","@id":"https:\/\/gremicafe.cat\/#\/schema\/logo\/image\/","url":"https:\/\/gremicafe.cat\/wp-content\/uploads\/2018\/03\/gremicafe-logo250.png","contentUrl":"https:\/\/gremicafe.cat\/wp-content\/uploads\/2018\/03\/gremicafe-logo250.png","width":250,"height":49,"caption":"Gremi del Caf\u00e8, Torradors de Catalunya"},"image":{"@id":"https:\/\/gremicafe.cat\/#\/schema\/logo\/image\/"},"sameAs":["https:\/\/www.facebook.com\/gremicafecat","https:\/\/x.com\/gremicafecat","https:\/\/www.instagram.com\/gremicafecat\/","https:\/\/www.pinterest.es\/gremicafecat\/","https:\/\/www.youtube.com\/channel\/UCGLo5Y35vLwLvP4FrPZrCrw\/"]},{"@type":"Person","@id":"https:\/\/gremicafe.cat\/#\/schema\/person\/dabfdbb3d0fa36260855a380f94e4733","name":"gremicafe","image":{"@type":"ImageObject","inLanguage":"es","@id":"https:\/\/gremicafe.cat\/#\/schema\/person\/image\/","url":"https:\/\/secure.gravatar.com\/avatar\/e59baa4ca8f6f97576d6375fb6d3c8f0?s=96&d=mm&r=g","contentUrl":"https:\/\/secure.gravatar.com\/avatar\/e59baa4ca8f6f97576d6375fb6d3c8f0?s=96&d=mm&r=g","caption":"gremicafe"}}]}},"_links":{"self":[{"href":"https:\/\/gremicafe.cat\/es\/wp-json\/wp\/v2\/posts\/7727"}],"collection":[{"href":"https:\/\/gremicafe.cat\/es\/wp-json\/wp\/v2\/posts"}],"about":[{"href":"https:\/\/gremicafe.cat\/es\/wp-json\/wp\/v2\/types\/post"}],"author":[{"embeddable":true,"href":"https:\/\/gremicafe.cat\/es\/wp-json\/wp\/v2\/users\/1"}],"replies":[{"embeddable":true,"href":"https:\/\/gremicafe.cat\/es\/wp-json\/wp\/v2\/comments?post=7727"}],"version-history":[{"count":0,"href":"https:\/\/gremicafe.cat\/es\/wp-json\/wp\/v2\/posts\/7727\/revisions"}],"wp:featuredmedia":[{"embeddable":true,"href":"https:\/\/gremicafe.cat\/es\/wp-json\/wp\/v2\/media\/7728"}],"wp:attachment":[{"href":"https:\/\/gremicafe.cat\/es\/wp-json\/wp\/v2\/media?parent=7727"}],"wp:term":[{"taxonomy":"category","embeddable":true,"href":"https:\/\/gremicafe.cat\/es\/wp-json\/wp\/v2\/categories?post=7727"},{"taxonomy":"post_tag","embeddable":true,"href":"https:\/\/gremicafe.cat\/es\/wp-json\/wp\/v2\/tags?post=7727"}],"curies":[{"name":"wp","href":"https:\/\/api.w.org\/{rel}","templated":true}]}}