{"id":7732,"date":"2025-02-11T18:00:08","date_gmt":"2025-02-11T17:00:08","guid":{"rendered":"https:\/\/gremicafe.cat\/?p=7732"},"modified":"2025-03-28T11:35:21","modified_gmt":"2025-03-28T10:35:21","slug":"tendencia-a-les-xxss-prendre-cafe-al-mati-redueix-el-risc-de-morir","status":"publish","type":"post","link":"https:\/\/gremicafe.cat\/es\/2025\/02\/11\/tendencia-a-les-xxss-prendre-cafe-al-mati-redueix-el-risc-de-morir\/","title":{"rendered":"Tendencia a las XXSS: Tomar caf\u00e9 por la ma\u00f1ana reduce el riesgo de morir."},"content":{"rendered":"<p>&nbsp;<\/p>\n<div id=\"attachment_7733\" style=\"width: 1090px\" class=\"wp-caption aligncenter\"><img loading=\"lazy\" decoding=\"async\" aria-describedby=\"caption-attachment-7733\" class=\"size-full wp-image-7733\" src=\"https:\/\/gremicafe.cat\/wp-content\/uploads\/2025\/02\/Cafe-por-la-manana.jpg\" alt=\"El Caf\u00e9 por la ma\u00f1ana redice el riesgo de morir.\" width=\"1080\" height=\"894\" srcset=\"https:\/\/gremicafe.cat\/wp-content\/uploads\/2025\/02\/Cafe-por-la-manana.jpg 1080w, https:\/\/gremicafe.cat\/wp-content\/uploads\/2025\/02\/Cafe-por-la-manana-768x636.jpg 768w, https:\/\/gremicafe.cat\/wp-content\/uploads\/2025\/02\/Cafe-por-la-manana-14x12.jpg 14w, https:\/\/gremicafe.cat\/wp-content\/uploads\/2025\/02\/Cafe-por-la-manana-870x720.jpg 870w\" sizes=\"(max-width: 1080px) 100vw, 1080px\" \/><p id=\"caption-attachment-7733\" class=\"wp-caption-text\">Noticias sobre el caf\u00e9 en TikTok<\/p><\/div>\n<p class=\"p1\"><span class=\"s1\">Recientemente, las XXSS se han hecho eco de una noticia aparecida en informativos Tele5 y en otros medios en la que se comenta que, seg\u00fan un estudio americano realizado a 40.000 personas y que ha apoyado la Sociedad Espa\u00f1ola de Cardiolog\u00eda, tomar caf\u00e9 por la ma\u00f1ana podr\u00eda reducir la probabilidad de morir, en particular, debido a ENFERMEDADES CARDIOVA.<\/span><\/p>\n<p class=\"p1\"><span class=\"s1\">La noticia la difundi\u00f3 Informativos Telecinco por TikTok:<\/span><\/p>\n<p class=\"p1\"><a href=\"https:\/\/www.tiktok.com\/@informativost5\/video\/7457566360957226272?_r=1&amp;_t=ZG-8swbVruf4Ph\" target=\"_blank\" rel=\"noopener\"><span class=\"s1\">https:\/\/www.tiktok.com\/@informativost5\/video\/7457566360957226272?_r=1&amp;_t=ZG-8swbVruf4Ph<\/span><\/a><\/p>\n<p class=\"p1\"><span class=\"s1\">Y la noticia se ha hecho viral. Puede comprobar el impacto que ha tenido en TikTok los v\u00eddeos de muchos usuarios que han utilizado el sonido original de Informativos Tele5:<\/span><\/p>\n<p class=\"p1\"><a href=\"https:\/\/www.tiktok.com\/music\/sonido-original-Informativos-Telecinco-7457566429752167200\" target=\"_blank\" rel=\"noopener\"><span class=\"s1\">https:\/\/www.tiktok.com\/music\/sonido-original-Informativos-Telecinco-7457566429752167200<\/span><\/a><\/p>\n<p class=\"p1\"><span class=\"s1\">Posteriormente, tambi\u00e9n en TikTok de uno de los influenciadores m\u00e1s seguidos Farmaceuticofernandez hizo este post con comentarios por escrito:<\/span><\/p>\n<p class=\"p1\"><a href=\"https:\/\/www.tiktok.com\/@farmaceuticofernandez\/video\/7461182782224551200?_r=1&amp;_t=ZG-8tEZeJ66iTR\" target=\"_blank\" rel=\"noopener\"><span class=\"s1\">https:\/\/www.tiktok.com\/@farmaceuticofernandez\/video\/7461182782224551200?_r=1&amp;_t=ZG-8tEZeJ66iTR<\/span><\/a><\/p>\n<p class=\"p1\"><span class=\"s1\">En el texto podemos leer:<\/span><\/p>\n<p class=\"p1\"><span class=\"s1\">\u00bfPuede el caf\u00e9 ayudarte a vivir m\u00e1s? \u2615\ud83d\udc93 \u00a1Solo si lo tomas por la ma\u00f1ana!<br \/>\n<\/span><span class=\"s1\">Un estudio americano realizado en 40,000 personas y respaldado por la Sociedad Espa\u00f1ola de Cardiolog\u00eda encontr\u00f3 que el caf\u00e9 podr\u00eda reducir la probabilidad de morir\u2026 pero solo si se consume por la ma\u00f1ana.<\/span><\/p>\n<p class=\"p1\"><span class=\"s1\">\ud83d\udd2c \u00bfQu\u00e9 dice el estudio?<\/span><\/p>\n<p class=\"p1\"><span class=\"s1\">1\ufe0f\u20e3 1 a 3 tazas de caf\u00e9 al d\u00eda, especialmente en la ma\u00f1ana, est\u00e1n asociadas a un menor riesgo de mortalidad, en particular por enfermedades cardiovasculares.<br \/>\n<\/span>2\ufe0f\u20e3 Consumir caf\u00e9 a primera hora ayuda a tu cuerpo a aprovechar mejor sus antioxidantes y compuestos beneficiosos, reduciendo la inflamaci\u00f3n y protegiendo tu coraz\u00f3n.<br \/>\n3\ufe0f\u20e3 Incluso el caf\u00e9 descafeinado puede ofrecer estos beneficios, siempre que se consuma temprano en el d\u00eda.<\/p>\n<p class=\"p1\"><span class=\"s1\">\ud83d\udca1 \u00bfPor qu\u00e9 no por la tarde o noche?<br \/>\n<\/span>\u2022 Tomar caf\u00e9 m\u00e1s tarde puede alterar tu sue\u00f1o y ritmos biol\u00f3gicos, reduciendo sus efectos positivos a largo plazo.<\/p>\n<p class=\"p1\"><span class=\"s1\">\ud83c\udf1f Conclusi\u00f3n: Disfrutar tu caf\u00e9 en la ma\u00f1ana no s\u00f3lo te desperta, tambi\u00e9n puede ser un gran aliado para ti salud. Eso s\u00ed, recuerda no abusar: m\u00e1s de 4 tazas al d\u00eda pueden tener efectos negativos.<\/span><\/p>\n<p>Ambas noticias son de enero de 2025.<\/p>","protected":false},"excerpt":{"rendered":"<p>&nbsp; Recentment, les XXSS s&#8217;han fet ress\u00f2 d&#8217;una not\u00edcia apareguda a informativos Tele5 i a altres mitjans en la que es comenta que, segons un estudi americ\u00e0 fet a 40.000 persones i que ha donat suport la Sociedad Espa\u00f1ola de Cardiolog\u00eda, prendre caf\u00e8 al mat\u00ed podria reduir la probabilitat de morir, en particular, a causa [&hellip;]<\/p>\n","protected":false},"author":1,"featured_media":7733,"comment_status":"closed","ping_status":"open","sticky":false,"template":"","format":"standard","meta":{"_acf_changed":false,"inline_featured_image":false,"footnotes":""},"categories":[1],"tags":[131,130],"class_list":["post-7732","post","type-post","status-publish","format-standard","has-post-thumbnail","hentry","category-noticies","tag-cafe-al-mati","tag-tiktok"],"acf":[],"yoast_head":"<!-- This site is optimized with the Yoast SEO plugin v25.5 - https:\/\/yoast.com\/wordpress\/plugins\/seo\/ -->\n<title>Tend\u00e8ncia a les XXSS: Prendre caf\u00e8 al mat\u00ed redueix el risc de morir. - Gremi del Caf\u00e8, torradors de Catalunya<\/title>\n<meta name=\"description\" content=\"Recentment, les XXSS s&#039;han fet ress\u00f2 d&#039;una not\u00edcia apareguda a informativos Tele5 i a altres mitjans en la que es comenta que, segons un estudi americ\u00e0 fet a 40.000 persones i que ha donat suport la Sociedad Espa\u00f1ola de Cardiolog\u00eda, prendre caf\u00e8 al mat\u00ed podria reduir la probabilitat de morir.\" \/>\n<meta name=\"robots\" content=\"index, follow, max-snippet:-1, max-image-preview:large, max-video-preview:-1\" \/>\n<link rel=\"canonical\" href=\"https:\/\/gremicafe.cat\/es\/2025\/02\/11\/tendencia-a-les-xxss-prendre-cafe-al-mati-redueix-el-risc-de-morir\/\" \/>\n<meta property=\"og:locale\" content=\"es_ES\" \/>\n<meta property=\"og:type\" content=\"article\" \/>\n<meta property=\"og:title\" content=\"Tend\u00e8ncia a les XXSS: Prendre caf\u00e8 al mat\u00ed redueix el risc de morir. - Gremi del Caf\u00e8, torradors de Catalunya\" \/>\n<meta property=\"og:description\" content=\"Recentment, les XXSS s&#039;han fet ress\u00f2 d&#039;una not\u00edcia apareguda a informativos Tele5 i a altres mitjans en la que es comenta que, segons un estudi americ\u00e0 fet a 40.000 persones i que ha donat suport la Sociedad Espa\u00f1ola de Cardiolog\u00eda, prendre caf\u00e8 al mat\u00ed podria reduir la probabilitat de morir.\" \/>\n<meta property=\"og:url\" content=\"https:\/\/gremicafe.cat\/es\/2025\/02\/11\/tendencia-a-les-xxss-prendre-cafe-al-mati-redueix-el-risc-de-morir\/\" \/>\n<meta property=\"og:site_name\" content=\"Gremi del Caf\u00e8, torradors de Catalunya\" \/>\n<meta property=\"article:publisher\" content=\"https:\/\/www.facebook.com\/gremicafecat\" \/>\n<meta property=\"article:published_time\" content=\"2025-02-11T17:00:08+00:00\" \/>\n<meta property=\"article:modified_time\" content=\"2025-03-28T10:35:21+00:00\" \/>\n<meta property=\"og:image\" content=\"https:\/\/gremicafe.cat\/wp-content\/uploads\/2025\/02\/Cafe-por-la-manana.jpg\" \/>\n\t<meta property=\"og:image:width\" content=\"1080\" \/>\n\t<meta property=\"og:image:height\" content=\"894\" \/>\n\t<meta property=\"og:image:type\" content=\"image\/jpeg\" \/>\n<meta name=\"author\" content=\"gremicafe\" \/>\n<meta name=\"twitter:card\" content=\"summary_large_image\" \/>\n<meta name=\"twitter:creator\" content=\"@gremicafecat\" \/>\n<meta name=\"twitter:site\" content=\"@gremicafecat\" \/>\n<meta name=\"twitter:label1\" content=\"Escrito por\" \/>\n\t<meta name=\"twitter:data1\" content=\"gremicafe\" \/>\n\t<meta name=\"twitter:label2\" content=\"Tiempo de lectura\" \/>\n\t<meta name=\"twitter:data2\" content=\"3 minutos\" \/>\n<script type=\"application\/ld+json\" class=\"yoast-schema-graph\">{\"@context\":\"https:\/\/schema.org\",\"@graph\":[{\"@type\":\"Article\",\"@id\":\"https:\/\/gremicafe.cat\/2025\/02\/11\/tendencia-a-les-xxss-prendre-cafe-al-mati-redueix-el-risc-de-morir\/#article\",\"isPartOf\":{\"@id\":\"https:\/\/gremicafe.cat\/2025\/02\/11\/tendencia-a-les-xxss-prendre-cafe-al-mati-redueix-el-risc-de-morir\/\"},\"author\":{\"name\":\"gremicafe\",\"@id\":\"https:\/\/gremicafe.cat\/#\/schema\/person\/dabfdbb3d0fa36260855a380f94e4733\"},\"headline\":\"Tend\u00e8ncia a les XXSS: Prendre caf\u00e8 al mat\u00ed redueix el risc de morir.\",\"datePublished\":\"2025-02-11T17:00:08+00:00\",\"dateModified\":\"2025-03-28T10:35:21+00:00\",\"mainEntityOfPage\":{\"@id\":\"https:\/\/gremicafe.cat\/2025\/02\/11\/tendencia-a-les-xxss-prendre-cafe-al-mati-redueix-el-risc-de-morir\/\"},\"wordCount\":384,\"publisher\":{\"@id\":\"https:\/\/gremicafe.cat\/#organization\"},\"image\":{\"@id\":\"https:\/\/gremicafe.cat\/2025\/02\/11\/tendencia-a-les-xxss-prendre-cafe-al-mati-redueix-el-risc-de-morir\/#primaryimage\"},\"thumbnailUrl\":\"https:\/\/gremicafe.cat\/wp-content\/uploads\/2025\/02\/Cafe-por-la-manana.jpg\",\"keywords\":[\"Caf\u00e8 al mat\u00ed\",\"Tiktok\"],\"articleSection\":[\"Not\u00edcies\"],\"inLanguage\":\"es\"},{\"@type\":\"WebPage\",\"@id\":\"https:\/\/gremicafe.cat\/2025\/02\/11\/tendencia-a-les-xxss-prendre-cafe-al-mati-redueix-el-risc-de-morir\/\",\"url\":\"https:\/\/gremicafe.cat\/2025\/02\/11\/tendencia-a-les-xxss-prendre-cafe-al-mati-redueix-el-risc-de-morir\/\",\"name\":\"Tend\u00e8ncia a les XXSS: Prendre caf\u00e8 al mat\u00ed redueix el risc de morir. - Gremi del Caf\u00e8, torradors de Catalunya\",\"isPartOf\":{\"@id\":\"https:\/\/gremicafe.cat\/#website\"},\"primaryImageOfPage\":{\"@id\":\"https:\/\/gremicafe.cat\/2025\/02\/11\/tendencia-a-les-xxss-prendre-cafe-al-mati-redueix-el-risc-de-morir\/#primaryimage\"},\"image\":{\"@id\":\"https:\/\/gremicafe.cat\/2025\/02\/11\/tendencia-a-les-xxss-prendre-cafe-al-mati-redueix-el-risc-de-morir\/#primaryimage\"},\"thumbnailUrl\":\"https:\/\/gremicafe.cat\/wp-content\/uploads\/2025\/02\/Cafe-por-la-manana.jpg\",\"datePublished\":\"2025-02-11T17:00:08+00:00\",\"dateModified\":\"2025-03-28T10:35:21+00:00\",\"description\":\"Recentment, les XXSS s'han fet ress\u00f2 d'una not\u00edcia apareguda a informativos Tele5 i a altres mitjans en la que es comenta que, segons un estudi americ\u00e0 fet a 40.000 persones i que ha donat suport la Sociedad Espa\u00f1ola de Cardiolog\u00eda, prendre caf\u00e8 al mat\u00ed podria reduir la probabilitat de morir.\",\"breadcrumb\":{\"@id\":\"https:\/\/gremicafe.cat\/2025\/02\/11\/tendencia-a-les-xxss-prendre-cafe-al-mati-redueix-el-risc-de-morir\/#breadcrumb\"},\"inLanguage\":\"es\",\"potentialAction\":[{\"@type\":\"ReadAction\",\"target\":[\"https:\/\/gremicafe.cat\/2025\/02\/11\/tendencia-a-les-xxss-prendre-cafe-al-mati-redueix-el-risc-de-morir\/\"]}]},{\"@type\":\"ImageObject\",\"inLanguage\":\"es\",\"@id\":\"https:\/\/gremicafe.cat\/2025\/02\/11\/tendencia-a-les-xxss-prendre-cafe-al-mati-redueix-el-risc-de-morir\/#primaryimage\",\"url\":\"https:\/\/gremicafe.cat\/wp-content\/uploads\/2025\/02\/Cafe-por-la-manana.jpg\",\"contentUrl\":\"https:\/\/gremicafe.cat\/wp-content\/uploads\/2025\/02\/Cafe-por-la-manana.jpg\",\"width\":1080,\"height\":894,\"caption\":\"Not\u00edcies sobre el caf\u00e8 a TikTok\"},{\"@type\":\"BreadcrumbList\",\"@id\":\"https:\/\/gremicafe.cat\/2025\/02\/11\/tendencia-a-les-xxss-prendre-cafe-al-mati-redueix-el-risc-de-morir\/#breadcrumb\",\"itemListElement\":[{\"@type\":\"ListItem\",\"position\":1,\"name\":\"Inici\",\"item\":\"https:\/\/gremicafe.cat\/\"},{\"@type\":\"ListItem\",\"position\":2,\"name\":\"Tend\u00e8ncia a les XXSS: Prendre caf\u00e8 al mat\u00ed redueix el risc de morir.\"}]},{\"@type\":\"WebSite\",\"@id\":\"https:\/\/gremicafe.cat\/#website\",\"url\":\"https:\/\/gremicafe.cat\/\",\"name\":\"Gremi del Caf\u00e8, torradors de Catalunya\",\"description\":\"Web oficial del gremi de torradors de caf\u00e8 de Catalunya\",\"publisher\":{\"@id\":\"https:\/\/gremicafe.cat\/#organization\"},\"potentialAction\":[{\"@type\":\"SearchAction\",\"target\":{\"@type\":\"EntryPoint\",\"urlTemplate\":\"https:\/\/gremicafe.cat\/?s={search_term_string}\"},\"query-input\":{\"@type\":\"PropertyValueSpecification\",\"valueRequired\":true,\"valueName\":\"search_term_string\"}}],\"inLanguage\":\"es\"},{\"@type\":\"Organization\",\"@id\":\"https:\/\/gremicafe.cat\/#organization\",\"name\":\"Gremi del Caf\u00e8, Torradors de Catalunya\",\"url\":\"https:\/\/gremicafe.cat\/\",\"logo\":{\"@type\":\"ImageObject\",\"inLanguage\":\"es\",\"@id\":\"https:\/\/gremicafe.cat\/#\/schema\/logo\/image\/\",\"url\":\"https:\/\/gremicafe.cat\/wp-content\/uploads\/2018\/03\/gremicafe-logo250.png\",\"contentUrl\":\"https:\/\/gremicafe.cat\/wp-content\/uploads\/2018\/03\/gremicafe-logo250.png\",\"width\":250,\"height\":49,\"caption\":\"Gremi del Caf\u00e8, Torradors de Catalunya\"},\"image\":{\"@id\":\"https:\/\/gremicafe.cat\/#\/schema\/logo\/image\/\"},\"sameAs\":[\"https:\/\/www.facebook.com\/gremicafecat\",\"https:\/\/x.com\/gremicafecat\",\"https:\/\/www.instagram.com\/gremicafecat\/\",\"https:\/\/www.pinterest.es\/gremicafecat\/\",\"https:\/\/www.youtube.com\/channel\/UCGLo5Y35vLwLvP4FrPZrCrw\/\"]},{\"@type\":\"Person\",\"@id\":\"https:\/\/gremicafe.cat\/#\/schema\/person\/dabfdbb3d0fa36260855a380f94e4733\",\"name\":\"gremicafe\",\"image\":{\"@type\":\"ImageObject\",\"inLanguage\":\"es\",\"@id\":\"https:\/\/gremicafe.cat\/#\/schema\/person\/image\/\",\"url\":\"https:\/\/secure.gravatar.com\/avatar\/e59baa4ca8f6f97576d6375fb6d3c8f0?s=96&d=mm&r=g\",\"contentUrl\":\"https:\/\/secure.gravatar.com\/avatar\/e59baa4ca8f6f97576d6375fb6d3c8f0?s=96&d=mm&r=g\",\"caption\":\"gremicafe\"}}]}<\/script>\n<!-- \/ Yoast SEO plugin. -->","yoast_head_json":{"title":"Tend\u00e8ncia a les XXSS: Prendre caf\u00e8 al mat\u00ed redueix el risc de morir. - Gremi del Caf\u00e8, torradors de Catalunya","description":"Recentment, les XXSS s'han fet ress\u00f2 d'una not\u00edcia apareguda a informativos Tele5 i a altres mitjans en la que es comenta que, segons un estudi americ\u00e0 fet a 40.000 persones i que ha donat suport la Sociedad Espa\u00f1ola de Cardiolog\u00eda, prendre caf\u00e8 al mat\u00ed podria reduir la probabilitat de morir.","robots":{"index":"index","follow":"follow","max-snippet":"max-snippet:-1","max-image-preview":"max-image-preview:large","max-video-preview":"max-video-preview:-1"},"canonical":"https:\/\/gremicafe.cat\/es\/2025\/02\/11\/tendencia-a-les-xxss-prendre-cafe-al-mati-redueix-el-risc-de-morir\/","og_locale":"es_ES","og_type":"article","og_title":"Tend\u00e8ncia a les XXSS: Prendre caf\u00e8 al mat\u00ed redueix el risc de morir. - Gremi del Caf\u00e8, torradors de Catalunya","og_description":"Recentment, les XXSS s'han fet ress\u00f2 d'una not\u00edcia apareguda a informativos Tele5 i a altres mitjans en la que es comenta que, segons un estudi americ\u00e0 fet a 40.000 persones i que ha donat suport la Sociedad Espa\u00f1ola de Cardiolog\u00eda, prendre caf\u00e8 al mat\u00ed podria reduir la probabilitat de morir.","og_url":"https:\/\/gremicafe.cat\/es\/2025\/02\/11\/tendencia-a-les-xxss-prendre-cafe-al-mati-redueix-el-risc-de-morir\/","og_site_name":"Gremi del Caf\u00e8, torradors de Catalunya","article_publisher":"https:\/\/www.facebook.com\/gremicafecat","article_published_time":"2025-02-11T17:00:08+00:00","article_modified_time":"2025-03-28T10:35:21+00:00","og_image":[{"width":1080,"height":894,"url":"https:\/\/gremicafe.cat\/wp-content\/uploads\/2025\/02\/Cafe-por-la-manana.jpg","type":"image\/jpeg"}],"author":"gremicafe","twitter_card":"summary_large_image","twitter_creator":"@gremicafecat","twitter_site":"@gremicafecat","twitter_misc":{"Escrito por":"gremicafe","Tiempo de lectura":"3 minutos"},"schema":{"@context":"https:\/\/schema.org","@graph":[{"@type":"Article","@id":"https:\/\/gremicafe.cat\/2025\/02\/11\/tendencia-a-les-xxss-prendre-cafe-al-mati-redueix-el-risc-de-morir\/#article","isPartOf":{"@id":"https:\/\/gremicafe.cat\/2025\/02\/11\/tendencia-a-les-xxss-prendre-cafe-al-mati-redueix-el-risc-de-morir\/"},"author":{"name":"gremicafe","@id":"https:\/\/gremicafe.cat\/#\/schema\/person\/dabfdbb3d0fa36260855a380f94e4733"},"headline":"Tend\u00e8ncia a les XXSS: Prendre caf\u00e8 al mat\u00ed redueix el risc de morir.","datePublished":"2025-02-11T17:00:08+00:00","dateModified":"2025-03-28T10:35:21+00:00","mainEntityOfPage":{"@id":"https:\/\/gremicafe.cat\/2025\/02\/11\/tendencia-a-les-xxss-prendre-cafe-al-mati-redueix-el-risc-de-morir\/"},"wordCount":384,"publisher":{"@id":"https:\/\/gremicafe.cat\/#organization"},"image":{"@id":"https:\/\/gremicafe.cat\/2025\/02\/11\/tendencia-a-les-xxss-prendre-cafe-al-mati-redueix-el-risc-de-morir\/#primaryimage"},"thumbnailUrl":"https:\/\/gremicafe.cat\/wp-content\/uploads\/2025\/02\/Cafe-por-la-manana.jpg","keywords":["Caf\u00e8 al mat\u00ed","Tiktok"],"articleSection":["Not\u00edcies"],"inLanguage":"es"},{"@type":"WebPage","@id":"https:\/\/gremicafe.cat\/2025\/02\/11\/tendencia-a-les-xxss-prendre-cafe-al-mati-redueix-el-risc-de-morir\/","url":"https:\/\/gremicafe.cat\/2025\/02\/11\/tendencia-a-les-xxss-prendre-cafe-al-mati-redueix-el-risc-de-morir\/","name":"Tend\u00e8ncia a les XXSS: Prendre caf\u00e8 al mat\u00ed redueix el risc de morir. - Gremi del Caf\u00e8, torradors de Catalunya","isPartOf":{"@id":"https:\/\/gremicafe.cat\/#website"},"primaryImageOfPage":{"@id":"https:\/\/gremicafe.cat\/2025\/02\/11\/tendencia-a-les-xxss-prendre-cafe-al-mati-redueix-el-risc-de-morir\/#primaryimage"},"image":{"@id":"https:\/\/gremicafe.cat\/2025\/02\/11\/tendencia-a-les-xxss-prendre-cafe-al-mati-redueix-el-risc-de-morir\/#primaryimage"},"thumbnailUrl":"https:\/\/gremicafe.cat\/wp-content\/uploads\/2025\/02\/Cafe-por-la-manana.jpg","datePublished":"2025-02-11T17:00:08+00:00","dateModified":"2025-03-28T10:35:21+00:00","description":"Recentment, les XXSS s'han fet ress\u00f2 d'una not\u00edcia apareguda a informativos Tele5 i a altres mitjans en la que es comenta que, segons un estudi americ\u00e0 fet a 40.000 persones i que ha donat suport la Sociedad Espa\u00f1ola de Cardiolog\u00eda, prendre caf\u00e8 al mat\u00ed podria reduir la probabilitat de morir.","breadcrumb":{"@id":"https:\/\/gremicafe.cat\/2025\/02\/11\/tendencia-a-les-xxss-prendre-cafe-al-mati-redueix-el-risc-de-morir\/#breadcrumb"},"inLanguage":"es","potentialAction":[{"@type":"ReadAction","target":["https:\/\/gremicafe.cat\/2025\/02\/11\/tendencia-a-les-xxss-prendre-cafe-al-mati-redueix-el-risc-de-morir\/"]}]},{"@type":"ImageObject","inLanguage":"es","@id":"https:\/\/gremicafe.cat\/2025\/02\/11\/tendencia-a-les-xxss-prendre-cafe-al-mati-redueix-el-risc-de-morir\/#primaryimage","url":"https:\/\/gremicafe.cat\/wp-content\/uploads\/2025\/02\/Cafe-por-la-manana.jpg","contentUrl":"https:\/\/gremicafe.cat\/wp-content\/uploads\/2025\/02\/Cafe-por-la-manana.jpg","width":1080,"height":894,"caption":"Not\u00edcies sobre el caf\u00e8 a TikTok"},{"@type":"BreadcrumbList","@id":"https:\/\/gremicafe.cat\/2025\/02\/11\/tendencia-a-les-xxss-prendre-cafe-al-mati-redueix-el-risc-de-morir\/#breadcrumb","itemListElement":[{"@type":"ListItem","position":1,"name":"Inici","item":"https:\/\/gremicafe.cat\/"},{"@type":"ListItem","position":2,"name":"Tend\u00e8ncia a les XXSS: Prendre caf\u00e8 al mat\u00ed redueix el risc de morir."}]},{"@type":"WebSite","@id":"https:\/\/gremicafe.cat\/#website","url":"https:\/\/gremicafe.cat\/","name":"Gremio del Caf\u00e9, tostadores de Catalu\u00f1a","description":"Web oficial del gremio de tostadores de caf\u00e9 de Catalunya","publisher":{"@id":"https:\/\/gremicafe.cat\/#organization"},"potentialAction":[{"@type":"SearchAction","target":{"@type":"EntryPoint","urlTemplate":"https:\/\/gremicafe.cat\/?s={search_term_string}"},"query-input":{"@type":"PropertyValueSpecification","valueRequired":true,"valueName":"search_term_string"}}],"inLanguage":"es"},{"@type":"Organization","@id":"https:\/\/gremicafe.cat\/#organization","name":"Gremio del Caf\u00e9, Tostadores de Catalu\u00f1a","url":"https:\/\/gremicafe.cat\/","logo":{"@type":"ImageObject","inLanguage":"es","@id":"https:\/\/gremicafe.cat\/#\/schema\/logo\/image\/","url":"https:\/\/gremicafe.cat\/wp-content\/uploads\/2018\/03\/gremicafe-logo250.png","contentUrl":"https:\/\/gremicafe.cat\/wp-content\/uploads\/2018\/03\/gremicafe-logo250.png","width":250,"height":49,"caption":"Gremi del Caf\u00e8, Torradors de Catalunya"},"image":{"@id":"https:\/\/gremicafe.cat\/#\/schema\/logo\/image\/"},"sameAs":["https:\/\/www.facebook.com\/gremicafecat","https:\/\/x.com\/gremicafecat","https:\/\/www.instagram.com\/gremicafecat\/","https:\/\/www.pinterest.es\/gremicafecat\/","https:\/\/www.youtube.com\/channel\/UCGLo5Y35vLwLvP4FrPZrCrw\/"]},{"@type":"Person","@id":"https:\/\/gremicafe.cat\/#\/schema\/person\/dabfdbb3d0fa36260855a380f94e4733","name":"gremicafe","image":{"@type":"ImageObject","inLanguage":"es","@id":"https:\/\/gremicafe.cat\/#\/schema\/person\/image\/","url":"https:\/\/secure.gravatar.com\/avatar\/e59baa4ca8f6f97576d6375fb6d3c8f0?s=96&d=mm&r=g","contentUrl":"https:\/\/secure.gravatar.com\/avatar\/e59baa4ca8f6f97576d6375fb6d3c8f0?s=96&d=mm&r=g","caption":"gremicafe"}}]}},"_links":{"self":[{"href":"https:\/\/gremicafe.cat\/es\/wp-json\/wp\/v2\/posts\/7732"}],"collection":[{"href":"https:\/\/gremicafe.cat\/es\/wp-json\/wp\/v2\/posts"}],"about":[{"href":"https:\/\/gremicafe.cat\/es\/wp-json\/wp\/v2\/types\/post"}],"author":[{"embeddable":true,"href":"https:\/\/gremicafe.cat\/es\/wp-json\/wp\/v2\/users\/1"}],"replies":[{"embeddable":true,"href":"https:\/\/gremicafe.cat\/es\/wp-json\/wp\/v2\/comments?post=7732"}],"version-history":[{"count":0,"href":"https:\/\/gremicafe.cat\/es\/wp-json\/wp\/v2\/posts\/7732\/revisions"}],"wp:featuredmedia":[{"embeddable":true,"href":"https:\/\/gremicafe.cat\/es\/wp-json\/wp\/v2\/media\/7733"}],"wp:attachment":[{"href":"https:\/\/gremicafe.cat\/es\/wp-json\/wp\/v2\/media?parent=7732"}],"wp:term":[{"taxonomy":"category","embeddable":true,"href":"https:\/\/gremicafe.cat\/es\/wp-json\/wp\/v2\/categories?post=7732"},{"taxonomy":"post_tag","embeddable":true,"href":"https:\/\/gremicafe.cat\/es\/wp-json\/wp\/v2\/tags?post=7732"}],"curies":[{"name":"wp","href":"https:\/\/api.w.org\/{rel}","templated":true}]}}