{"id":7760,"date":"2025-02-20T18:45:53","date_gmt":"2025-02-20T17:45:53","guid":{"rendered":"https:\/\/gremicafe.cat\/?p=7760"},"modified":"2025-02-20T18:45:53","modified_gmt":"2025-02-20T17:45:53","slug":"cafes-batalla-amb-lescola-dhoteleria-de-lleida","status":"publish","type":"post","link":"https:\/\/gremicafe.cat\/es\/2025\/02\/20\/cafes-batalla-amb-lescola-dhoteleria-de-lleida\/","title":{"rendered":"Caf\u00e9s Batalla con la Escuela de Hosteler\u00eda de Lleida"},"content":{"rendered":"<div id=\"attachment_7761\" style=\"width: 2010px\" class=\"wp-caption aligncenter\"><img loading=\"lazy\" decoding=\"async\" aria-describedby=\"caption-attachment-7761\" class=\"size-full wp-image-7761\" src=\"https:\/\/gremicafe.cat\/wp-content\/uploads\/2025\/02\/GRUPO-1.jpeg\" alt=\"Caf\u00e8s Batalla amb l'Escola d'Hoteleria de Lleida\" width=\"2000\" height=\"1126\" srcset=\"https:\/\/gremicafe.cat\/wp-content\/uploads\/2025\/02\/GRUPO-1.jpeg 2000w, https:\/\/gremicafe.cat\/wp-content\/uploads\/2025\/02\/GRUPO-1-768x432.jpeg 768w, https:\/\/gremicafe.cat\/wp-content\/uploads\/2025\/02\/GRUPO-1-1536x865.jpeg 1536w, https:\/\/gremicafe.cat\/wp-content\/uploads\/2025\/02\/GRUPO-1-18x10.jpeg 18w, https:\/\/gremicafe.cat\/wp-content\/uploads\/2025\/02\/GRUPO-1-1280x720.jpeg 1280w\" sizes=\"(max-width: 2000px) 100vw, 2000px\" \/><p id=\"caption-attachment-7761\" class=\"wp-caption-text\">Caf\u00e9s Batalla con la Escuela de Hosteler\u00eda de Lleida<\/p><\/div>\n<p class=\"p1\">La relaci\u00f3n de Caf\u00e9s Batalla con el<b>Escuela de Hosteler\u00eda y Turismo de Lleida<\/b> viene de lejos y ha sido siempre muy positiva, tanto en la formaci\u00f3n de baristas, campeonatos como en formaci\u00f3n cafetera y visita a f\u00e1brica.<\/p>\n<p class=\"p1\">Recientemente recibieron a los alumnos de 4\u00ba de IFE del<b>Escuela de Hosteler\u00eda y Turismo de Lleida<\/b>. Realizaron la habitual visita t\u00e9cnica a la f\u00e1brica, con explicaci\u00f3n de todo el proceso del caf\u00e9 y una sesi\u00f3n m\u00e1s profesional en el laboratorio para recibir la explicaci\u00f3n y las caracter\u00edsticas del caf\u00e9 verde.<\/p>\n<p class=\"p1\">Posteriormente en el Show Room de Caf\u00e9s Batalla se hizo una sesi\u00f3n de formaci\u00f3n barista por parte de la barista titular <b>Taia<\/b>, experta profesional en preparaci\u00f3n de todo tipo de caf\u00e9s, latte art, capuccinos y otras especialidades.<\/p>\n<p class=\"p1\">M\u00e1s informaci\u00f3n en: <a href=\"https:\/\/cafesbatalla.com\/ca\/cafes-batalla-amb-lescola-dhoteleria-de-lleida\/\" target=\"_blank\" rel=\"noopener\">https:\/\/cafesbatalla.com\/ca\/cafes-batalla-amb-lescola-dhoteleria-de-lleida\/<\/a><\/p>","protected":false},"excerpt":{"rendered":"<p>La relaci\u00f3 de Caf\u00e8s Batalla amb l&#8217;Escola d&#8217;Hoteleria i Turisme de Lleida ve de lluny i ha estat sempre molt positiva, tant en la formaci\u00f3 de baristes, campionats com en formaci\u00f3 cafetera i visita a f\u00e0brica. Recentment van rebre els alumnes de 4t d&#8217;IFE de l&#8217;Escola d&#8217;Hoteleria i Turisme de Lleida. Van fer l&#8217;habitual visita [&hellip;]<\/p>\n","protected":false},"author":1,"featured_media":7761,"comment_status":"closed","ping_status":"open","sticky":false,"template":"","format":"standard","meta":{"_acf_changed":false,"inline_featured_image":false,"footnotes":""},"categories":[1],"tags":[132,133,134],"class_list":["post-7760","post","type-post","status-publish","format-standard","has-post-thumbnail","hentry","category-noticies","tag-cafes-batalla","tag-cafes-batalla-lleida","tag-escola-dhoteleria-de-lleida"],"acf":[],"yoast_head":"<!-- This site is optimized with the Yoast SEO plugin v25.5 - https:\/\/yoast.com\/wordpress\/plugins\/seo\/ -->\n<title>Caf\u00e8s Batalla amb l&#039;Escola d&#039;Hoteleria de Lleida - Gremi del Caf\u00e8, torradors de Catalunya<\/title>\n<meta name=\"robots\" content=\"index, follow, max-snippet:-1, max-image-preview:large, max-video-preview:-1\" \/>\n<link rel=\"canonical\" href=\"https:\/\/gremicafe.cat\/es\/2025\/02\/20\/cafes-batalla-amb-lescola-dhoteleria-de-lleida\/\" \/>\n<meta property=\"og:locale\" content=\"es_ES\" \/>\n<meta property=\"og:type\" content=\"article\" \/>\n<meta property=\"og:title\" content=\"Caf\u00e8s Batalla amb l&#039;Escola d&#039;Hoteleria de Lleida - Gremi del Caf\u00e8, torradors de Catalunya\" \/>\n<meta property=\"og:description\" content=\"La relaci\u00f3 de Caf\u00e8s Batalla amb l&#8217;Escola d&#8217;Hoteleria i Turisme de Lleida ve de lluny i ha estat sempre molt positiva, tant en la formaci\u00f3 de baristes, campionats com en formaci\u00f3 cafetera i visita a f\u00e0brica. Recentment van rebre els alumnes de 4t d&#8217;IFE de l&#8217;Escola d&#8217;Hoteleria i Turisme de Lleida. Van fer l&#8217;habitual visita [&hellip;]\" \/>\n<meta property=\"og:url\" content=\"https:\/\/gremicafe.cat\/es\/2025\/02\/20\/cafes-batalla-amb-lescola-dhoteleria-de-lleida\/\" \/>\n<meta property=\"og:site_name\" content=\"Gremi del Caf\u00e8, torradors de Catalunya\" \/>\n<meta property=\"article:publisher\" content=\"https:\/\/www.facebook.com\/gremicafecat\" \/>\n<meta property=\"article:published_time\" content=\"2025-02-20T17:45:53+00:00\" \/>\n<meta property=\"og:image\" content=\"https:\/\/gremicafe.cat\/wp-content\/uploads\/2025\/02\/GRUPO-1.jpeg\" \/>\n\t<meta property=\"og:image:width\" content=\"2000\" \/>\n\t<meta property=\"og:image:height\" content=\"1126\" \/>\n\t<meta property=\"og:image:type\" content=\"image\/jpeg\" \/>\n<meta name=\"author\" content=\"gremicafe\" \/>\n<meta name=\"twitter:card\" content=\"summary_large_image\" \/>\n<meta name=\"twitter:creator\" content=\"@gremicafecat\" \/>\n<meta name=\"twitter:site\" content=\"@gremicafecat\" \/>\n<meta name=\"twitter:label1\" content=\"Escrito por\" \/>\n\t<meta name=\"twitter:data1\" content=\"gremicafe\" \/>\n\t<meta name=\"twitter:label2\" content=\"Tiempo de lectura\" \/>\n\t<meta name=\"twitter:data2\" content=\"1 minuto\" \/>\n<script type=\"application\/ld+json\" class=\"yoast-schema-graph\">{\"@context\":\"https:\/\/schema.org\",\"@graph\":[{\"@type\":\"Article\",\"@id\":\"https:\/\/gremicafe.cat\/2025\/02\/20\/cafes-batalla-amb-lescola-dhoteleria-de-lleida\/#article\",\"isPartOf\":{\"@id\":\"https:\/\/gremicafe.cat\/2025\/02\/20\/cafes-batalla-amb-lescola-dhoteleria-de-lleida\/\"},\"author\":{\"name\":\"gremicafe\",\"@id\":\"https:\/\/gremicafe.cat\/#\/schema\/person\/dabfdbb3d0fa36260855a380f94e4733\"},\"headline\":\"Caf\u00e8s Batalla amb l&#8217;Escola d&#8217;Hoteleria de Lleida\",\"datePublished\":\"2025-02-20T17:45:53+00:00\",\"mainEntityOfPage\":{\"@id\":\"https:\/\/gremicafe.cat\/2025\/02\/20\/cafes-batalla-amb-lescola-dhoteleria-de-lleida\/\"},\"wordCount\":161,\"publisher\":{\"@id\":\"https:\/\/gremicafe.cat\/#organization\"},\"image\":{\"@id\":\"https:\/\/gremicafe.cat\/2025\/02\/20\/cafes-batalla-amb-lescola-dhoteleria-de-lleida\/#primaryimage\"},\"thumbnailUrl\":\"https:\/\/gremicafe.cat\/wp-content\/uploads\/2025\/02\/GRUPO-1.jpeg\",\"keywords\":[\"Caf\u00e8s Batalla\",\"Caf\u00e8s Batalla Lleida\",\"Escola d'Hoteleria de Lleida\"],\"articleSection\":[\"Not\u00edcies\"],\"inLanguage\":\"es\"},{\"@type\":\"WebPage\",\"@id\":\"https:\/\/gremicafe.cat\/2025\/02\/20\/cafes-batalla-amb-lescola-dhoteleria-de-lleida\/\",\"url\":\"https:\/\/gremicafe.cat\/2025\/02\/20\/cafes-batalla-amb-lescola-dhoteleria-de-lleida\/\",\"name\":\"Caf\u00e8s Batalla amb l'Escola d'Hoteleria de Lleida - Gremi del Caf\u00e8, torradors de Catalunya\",\"isPartOf\":{\"@id\":\"https:\/\/gremicafe.cat\/#website\"},\"primaryImageOfPage\":{\"@id\":\"https:\/\/gremicafe.cat\/2025\/02\/20\/cafes-batalla-amb-lescola-dhoteleria-de-lleida\/#primaryimage\"},\"image\":{\"@id\":\"https:\/\/gremicafe.cat\/2025\/02\/20\/cafes-batalla-amb-lescola-dhoteleria-de-lleida\/#primaryimage\"},\"thumbnailUrl\":\"https:\/\/gremicafe.cat\/wp-content\/uploads\/2025\/02\/GRUPO-1.jpeg\",\"datePublished\":\"2025-02-20T17:45:53+00:00\",\"breadcrumb\":{\"@id\":\"https:\/\/gremicafe.cat\/2025\/02\/20\/cafes-batalla-amb-lescola-dhoteleria-de-lleida\/#breadcrumb\"},\"inLanguage\":\"es\",\"potentialAction\":[{\"@type\":\"ReadAction\",\"target\":[\"https:\/\/gremicafe.cat\/2025\/02\/20\/cafes-batalla-amb-lescola-dhoteleria-de-lleida\/\"]}]},{\"@type\":\"ImageObject\",\"inLanguage\":\"es\",\"@id\":\"https:\/\/gremicafe.cat\/2025\/02\/20\/cafes-batalla-amb-lescola-dhoteleria-de-lleida\/#primaryimage\",\"url\":\"https:\/\/gremicafe.cat\/wp-content\/uploads\/2025\/02\/GRUPO-1.jpeg\",\"contentUrl\":\"https:\/\/gremicafe.cat\/wp-content\/uploads\/2025\/02\/GRUPO-1.jpeg\",\"width\":2000,\"height\":1126,\"caption\":\"Caf\u00e8s Batalla amb l'Escola d'Hoteleria de Lleida\"},{\"@type\":\"BreadcrumbList\",\"@id\":\"https:\/\/gremicafe.cat\/2025\/02\/20\/cafes-batalla-amb-lescola-dhoteleria-de-lleida\/#breadcrumb\",\"itemListElement\":[{\"@type\":\"ListItem\",\"position\":1,\"name\":\"Inici\",\"item\":\"https:\/\/gremicafe.cat\/\"},{\"@type\":\"ListItem\",\"position\":2,\"name\":\"Caf\u00e8s Batalla amb l&#8217;Escola d&#8217;Hoteleria de Lleida\"}]},{\"@type\":\"WebSite\",\"@id\":\"https:\/\/gremicafe.cat\/#website\",\"url\":\"https:\/\/gremicafe.cat\/\",\"name\":\"Gremi del Caf\u00e8, torradors de Catalunya\",\"description\":\"Web oficial del gremi de torradors de caf\u00e8 de Catalunya\",\"publisher\":{\"@id\":\"https:\/\/gremicafe.cat\/#organization\"},\"potentialAction\":[{\"@type\":\"SearchAction\",\"target\":{\"@type\":\"EntryPoint\",\"urlTemplate\":\"https:\/\/gremicafe.cat\/?s={search_term_string}\"},\"query-input\":{\"@type\":\"PropertyValueSpecification\",\"valueRequired\":true,\"valueName\":\"search_term_string\"}}],\"inLanguage\":\"es\"},{\"@type\":\"Organization\",\"@id\":\"https:\/\/gremicafe.cat\/#organization\",\"name\":\"Gremi del Caf\u00e8, Torradors de Catalunya\",\"url\":\"https:\/\/gremicafe.cat\/\",\"logo\":{\"@type\":\"ImageObject\",\"inLanguage\":\"es\",\"@id\":\"https:\/\/gremicafe.cat\/#\/schema\/logo\/image\/\",\"url\":\"https:\/\/gremicafe.cat\/wp-content\/uploads\/2018\/03\/gremicafe-logo250.png\",\"contentUrl\":\"https:\/\/gremicafe.cat\/wp-content\/uploads\/2018\/03\/gremicafe-logo250.png\",\"width\":250,\"height\":49,\"caption\":\"Gremi del Caf\u00e8, Torradors de Catalunya\"},\"image\":{\"@id\":\"https:\/\/gremicafe.cat\/#\/schema\/logo\/image\/\"},\"sameAs\":[\"https:\/\/www.facebook.com\/gremicafecat\",\"https:\/\/x.com\/gremicafecat\",\"https:\/\/www.instagram.com\/gremicafecat\/\",\"https:\/\/www.pinterest.es\/gremicafecat\/\",\"https:\/\/www.youtube.com\/channel\/UCGLo5Y35vLwLvP4FrPZrCrw\/\"]},{\"@type\":\"Person\",\"@id\":\"https:\/\/gremicafe.cat\/#\/schema\/person\/dabfdbb3d0fa36260855a380f94e4733\",\"name\":\"gremicafe\",\"image\":{\"@type\":\"ImageObject\",\"inLanguage\":\"es\",\"@id\":\"https:\/\/gremicafe.cat\/#\/schema\/person\/image\/\",\"url\":\"https:\/\/secure.gravatar.com\/avatar\/e59baa4ca8f6f97576d6375fb6d3c8f0?s=96&d=mm&r=g\",\"contentUrl\":\"https:\/\/secure.gravatar.com\/avatar\/e59baa4ca8f6f97576d6375fb6d3c8f0?s=96&d=mm&r=g\",\"caption\":\"gremicafe\"}}]}<\/script>\n<!-- \/ Yoast SEO plugin. -->","yoast_head_json":{"title":"Caf\u00e8s Batalla amb l'Escola d'Hoteleria de Lleida - Gremi del Caf\u00e8, torradors de Catalunya","robots":{"index":"index","follow":"follow","max-snippet":"max-snippet:-1","max-image-preview":"max-image-preview:large","max-video-preview":"max-video-preview:-1"},"canonical":"https:\/\/gremicafe.cat\/es\/2025\/02\/20\/cafes-batalla-amb-lescola-dhoteleria-de-lleida\/","og_locale":"es_ES","og_type":"article","og_title":"Caf\u00e8s Batalla amb l'Escola d'Hoteleria de Lleida - Gremi del Caf\u00e8, torradors de Catalunya","og_description":"La relaci\u00f3 de Caf\u00e8s Batalla amb l&#8217;Escola d&#8217;Hoteleria i Turisme de Lleida ve de lluny i ha estat sempre molt positiva, tant en la formaci\u00f3 de baristes, campionats com en formaci\u00f3 cafetera i visita a f\u00e0brica. Recentment van rebre els alumnes de 4t d&#8217;IFE de l&#8217;Escola d&#8217;Hoteleria i Turisme de Lleida. Van fer l&#8217;habitual visita [&hellip;]","og_url":"https:\/\/gremicafe.cat\/es\/2025\/02\/20\/cafes-batalla-amb-lescola-dhoteleria-de-lleida\/","og_site_name":"Gremi del Caf\u00e8, torradors de Catalunya","article_publisher":"https:\/\/www.facebook.com\/gremicafecat","article_published_time":"2025-02-20T17:45:53+00:00","og_image":[{"width":2000,"height":1126,"url":"https:\/\/gremicafe.cat\/wp-content\/uploads\/2025\/02\/GRUPO-1.jpeg","type":"image\/jpeg"}],"author":"gremicafe","twitter_card":"summary_large_image","twitter_creator":"@gremicafecat","twitter_site":"@gremicafecat","twitter_misc":{"Escrito por":"gremicafe","Tiempo de lectura":"1 minuto"},"schema":{"@context":"https:\/\/schema.org","@graph":[{"@type":"Article","@id":"https:\/\/gremicafe.cat\/2025\/02\/20\/cafes-batalla-amb-lescola-dhoteleria-de-lleida\/#article","isPartOf":{"@id":"https:\/\/gremicafe.cat\/2025\/02\/20\/cafes-batalla-amb-lescola-dhoteleria-de-lleida\/"},"author":{"name":"gremicafe","@id":"https:\/\/gremicafe.cat\/#\/schema\/person\/dabfdbb3d0fa36260855a380f94e4733"},"headline":"Caf\u00e8s Batalla amb l&#8217;Escola d&#8217;Hoteleria de Lleida","datePublished":"2025-02-20T17:45:53+00:00","mainEntityOfPage":{"@id":"https:\/\/gremicafe.cat\/2025\/02\/20\/cafes-batalla-amb-lescola-dhoteleria-de-lleida\/"},"wordCount":161,"publisher":{"@id":"https:\/\/gremicafe.cat\/#organization"},"image":{"@id":"https:\/\/gremicafe.cat\/2025\/02\/20\/cafes-batalla-amb-lescola-dhoteleria-de-lleida\/#primaryimage"},"thumbnailUrl":"https:\/\/gremicafe.cat\/wp-content\/uploads\/2025\/02\/GRUPO-1.jpeg","keywords":["Caf\u00e8s Batalla","Caf\u00e8s Batalla Lleida","Escola d'Hoteleria de Lleida"],"articleSection":["Not\u00edcies"],"inLanguage":"es"},{"@type":"WebPage","@id":"https:\/\/gremicafe.cat\/2025\/02\/20\/cafes-batalla-amb-lescola-dhoteleria-de-lleida\/","url":"https:\/\/gremicafe.cat\/2025\/02\/20\/cafes-batalla-amb-lescola-dhoteleria-de-lleida\/","name":"Caf\u00e8s Batalla amb l'Escola d'Hoteleria de Lleida - Gremi del Caf\u00e8, torradors de Catalunya","isPartOf":{"@id":"https:\/\/gremicafe.cat\/#website"},"primaryImageOfPage":{"@id":"https:\/\/gremicafe.cat\/2025\/02\/20\/cafes-batalla-amb-lescola-dhoteleria-de-lleida\/#primaryimage"},"image":{"@id":"https:\/\/gremicafe.cat\/2025\/02\/20\/cafes-batalla-amb-lescola-dhoteleria-de-lleida\/#primaryimage"},"thumbnailUrl":"https:\/\/gremicafe.cat\/wp-content\/uploads\/2025\/02\/GRUPO-1.jpeg","datePublished":"2025-02-20T17:45:53+00:00","breadcrumb":{"@id":"https:\/\/gremicafe.cat\/2025\/02\/20\/cafes-batalla-amb-lescola-dhoteleria-de-lleida\/#breadcrumb"},"inLanguage":"es","potentialAction":[{"@type":"ReadAction","target":["https:\/\/gremicafe.cat\/2025\/02\/20\/cafes-batalla-amb-lescola-dhoteleria-de-lleida\/"]}]},{"@type":"ImageObject","inLanguage":"es","@id":"https:\/\/gremicafe.cat\/2025\/02\/20\/cafes-batalla-amb-lescola-dhoteleria-de-lleida\/#primaryimage","url":"https:\/\/gremicafe.cat\/wp-content\/uploads\/2025\/02\/GRUPO-1.jpeg","contentUrl":"https:\/\/gremicafe.cat\/wp-content\/uploads\/2025\/02\/GRUPO-1.jpeg","width":2000,"height":1126,"caption":"Caf\u00e8s Batalla amb l'Escola d'Hoteleria de Lleida"},{"@type":"BreadcrumbList","@id":"https:\/\/gremicafe.cat\/2025\/02\/20\/cafes-batalla-amb-lescola-dhoteleria-de-lleida\/#breadcrumb","itemListElement":[{"@type":"ListItem","position":1,"name":"Inici","item":"https:\/\/gremicafe.cat\/"},{"@type":"ListItem","position":2,"name":"Caf\u00e8s Batalla amb l&#8217;Escola d&#8217;Hoteleria de Lleida"}]},{"@type":"WebSite","@id":"https:\/\/gremicafe.cat\/#website","url":"https:\/\/gremicafe.cat\/","name":"Gremio del Caf\u00e9, tostadores de Catalu\u00f1a","description":"Web oficial del gremio de tostadores de caf\u00e9 de Catalunya","publisher":{"@id":"https:\/\/gremicafe.cat\/#organization"},"potentialAction":[{"@type":"SearchAction","target":{"@type":"EntryPoint","urlTemplate":"https:\/\/gremicafe.cat\/?s={search_term_string}"},"query-input":{"@type":"PropertyValueSpecification","valueRequired":true,"valueName":"search_term_string"}}],"inLanguage":"es"},{"@type":"Organization","@id":"https:\/\/gremicafe.cat\/#organization","name":"Gremio del Caf\u00e9, Tostadores de Catalu\u00f1a","url":"https:\/\/gremicafe.cat\/","logo":{"@type":"ImageObject","inLanguage":"es","@id":"https:\/\/gremicafe.cat\/#\/schema\/logo\/image\/","url":"https:\/\/gremicafe.cat\/wp-content\/uploads\/2018\/03\/gremicafe-logo250.png","contentUrl":"https:\/\/gremicafe.cat\/wp-content\/uploads\/2018\/03\/gremicafe-logo250.png","width":250,"height":49,"caption":"Gremi del Caf\u00e8, Torradors de Catalunya"},"image":{"@id":"https:\/\/gremicafe.cat\/#\/schema\/logo\/image\/"},"sameAs":["https:\/\/www.facebook.com\/gremicafecat","https:\/\/x.com\/gremicafecat","https:\/\/www.instagram.com\/gremicafecat\/","https:\/\/www.pinterest.es\/gremicafecat\/","https:\/\/www.youtube.com\/channel\/UCGLo5Y35vLwLvP4FrPZrCrw\/"]},{"@type":"Person","@id":"https:\/\/gremicafe.cat\/#\/schema\/person\/dabfdbb3d0fa36260855a380f94e4733","name":"gremicafe","image":{"@type":"ImageObject","inLanguage":"es","@id":"https:\/\/gremicafe.cat\/#\/schema\/person\/image\/","url":"https:\/\/secure.gravatar.com\/avatar\/e59baa4ca8f6f97576d6375fb6d3c8f0?s=96&d=mm&r=g","contentUrl":"https:\/\/secure.gravatar.com\/avatar\/e59baa4ca8f6f97576d6375fb6d3c8f0?s=96&d=mm&r=g","caption":"gremicafe"}}]}},"_links":{"self":[{"href":"https:\/\/gremicafe.cat\/es\/wp-json\/wp\/v2\/posts\/7760"}],"collection":[{"href":"https:\/\/gremicafe.cat\/es\/wp-json\/wp\/v2\/posts"}],"about":[{"href":"https:\/\/gremicafe.cat\/es\/wp-json\/wp\/v2\/types\/post"}],"author":[{"embeddable":true,"href":"https:\/\/gremicafe.cat\/es\/wp-json\/wp\/v2\/users\/1"}],"replies":[{"embeddable":true,"href":"https:\/\/gremicafe.cat\/es\/wp-json\/wp\/v2\/comments?post=7760"}],"version-history":[{"count":0,"href":"https:\/\/gremicafe.cat\/es\/wp-json\/wp\/v2\/posts\/7760\/revisions"}],"wp:featuredmedia":[{"embeddable":true,"href":"https:\/\/gremicafe.cat\/es\/wp-json\/wp\/v2\/media\/7761"}],"wp:attachment":[{"href":"https:\/\/gremicafe.cat\/es\/wp-json\/wp\/v2\/media?parent=7760"}],"wp:term":[{"taxonomy":"category","embeddable":true,"href":"https:\/\/gremicafe.cat\/es\/wp-json\/wp\/v2\/categories?post=7760"},{"taxonomy":"post_tag","embeddable":true,"href":"https:\/\/gremicafe.cat\/es\/wp-json\/wp\/v2\/tags?post=7760"}],"curies":[{"name":"wp","href":"https:\/\/api.w.org\/{rel}","templated":true}]}}