{"id":7773,"date":"2025-03-08T07:32:32","date_gmt":"2025-03-08T06:32:32","guid":{"rendered":"https:\/\/gremicafe.cat\/?p=7773"},"modified":"2025-03-20T12:27:38","modified_gmt":"2025-03-20T11:27:38","slug":"cafes-batalla-presenta-pel-8m-el-cafe-mujer-en-solidaritat-amb-mamapop","status":"publish","type":"post","link":"https:\/\/gremicafe.cat\/es\/2025\/03\/08\/cafes-batalla-presenta-pel-8m-el-cafe-mujer-en-solidaritat-amb-mamapop\/","title":{"rendered":"Caf\u00e9s Batalla presenta por el 8M el Caf\u00e9 Mujer, en solidaridad con MAMAPOP"},"content":{"rendered":"<div id=\"ut-row-69f3c1c19da53\" data-vc-full-width=\"true\" data-vc-full-width-init=\"false\" class=\"vc_row wpb_row vc_row-fluid vc_column-gap-0 ut-row-69f3c1c19da61\" ><div class=\"wpb_column vc_column_container vc_col-sm-12\" ><div id=\"ut_inner_column_69f3c1c19e03d\" class=\"vc_column-inner\"><div class=\"wpb_wrapper\"><div  class=\"wpb_content_element   clearfix\"><style type=\"text\/css\" scoped>#ut_am_69f3c1c19e65b { opacity: 1; }<\/style><div id=\"ut_am_wrap_69f3c1c19e65d\" class=\"ut-image-gallery-image\" style=\"text-align:center;\"><div class=\"ut-animated-image-item ut-image-gallery-item ut-animation-done\"><a class=\"ut-deactivated-link\" href=\"#\"><img loading=\"lazy\" decoding=\"async\" title=\"MOCKUP-CARA-CAFE-MUJER-BATALLA-cara-1080CAFESweb\" id=\"ut_am_69f3c1c19e65b\" style=\"\" src=\"https:\/\/gremicafe.cat\/wp-content\/uploads\/2025\/03\/MOCKUP-CARA-CAFE-MUJER-BATALLA-cara-1080CAFESweb.jpg\" width=\"1080\" height=\"1170\" alt=\"Caf\u00e9 Mujer de Caf\u00e9s Batalla i MAMAPOP\"\/><\/a><div class=\"ut-gallery-slider-caption\">Caf\u00e9 Mujer de Caf\u00e9s Batalla y MAMAPOP<\/div><\/div><\/div><\/div>\n\t<div class=\"wpb_text_column wpb_content_element\" >\n\t\t<div class=\"wpb_wrapper\">\n\t\t\t<p class=\"p1\"><span class=\"s1\">Entre los actos del 75 aniversario de <b>Caf\u00e9s Batalla<\/b>, la marca de Lleida presenta por el 8M, <b>D\u00eda Internacional de la Mujer<\/b>, el formato de 500g de <b>Caf\u00e9 Mujer<\/b>. Un homenaje a la mujer y una historia de dedicaci\u00f3n y apoderamiento para que\u00a0<b>todo el liderazgo en la producci\u00f3n recae \u00fanicamente en mujeres y justamente reconoce la aportaci\u00f3n en la cadena de valor del caf\u00e9 la aportaci\u00f3n de estas profesionales<\/b>.<\/span><\/p>\n<p class=\"p1\"><span class=\"s1\">Pero la novedad es que <b>Caf\u00e8s Batalla ha querido vincular este producto a la causa solidaria contra el c\u00e1ncer de mama que representa a Mamapop.<\/b> Por eso,\u00a0<b>dos euros de la venta cada paquete de medio kilo de Caf\u00e9 Mujer ir\u00e1n destinados a la recaudaci\u00f3n que realiza el concierto solidario,\u00a0<\/b>a\u00f1adi\u00e9ndola a la donaci\u00f3n anual que hace\u00a0<b>Mamapop<\/b>\u00a0para financiar los proyectos de investigaci\u00f3n del<b>Instituto de Investigaci\u00f3n Biom\u00e9dica, el IRBLleida<\/b>. La campa\u00f1a estar\u00e1 vigente hasta noviembre de 2025 cuando se pondr\u00e1 en escena una nueva edici\u00f3n del espect\u00e1culo musical en Lleida.<\/span><\/p>\n<p class=\"p1\"><span class=\"s1\">El gerente de Caf\u00e9s Batalla,\u00a0<b>Ramon Batalla, ha explicado que la empresa ha querido tejer esta sinergia porque siempre ha admirado su labor <a href=\"https:\/\/mamapop.cat\/\" target=\"_blank\" rel=\"noopener\">Mamapop<\/a><\/b>, mientras que el presidente, fundador y director art\u00edstico del concierto,\u00a0<b>Manel Simon, considera un orgullo que una empresa referente del territorio de Lleida se ofrezca a contribuir<\/b>\u00a0en esta causa solidaria.<\/span><\/p>\n<p class=\"p1\"><span class=\"s1\">Este caf\u00e9 especial,\u00a0<b>Caf\u00e9 Mujer de Caf\u00e9s Batalla,\u00a0<\/b>\u00a0hecho exclusivamente por mujeres y solidario con Mamapop,<b>\u00a0se puede comprar mucho o en grano en la tienda online de Caf\u00e9s Batalla<\/b>, en el siguiente enlace:\u00a0<a href=\"https:\/\/tienda.cafesbatalla.com\/es\/43-port-moka-specialty-coffee\" target=\"_blank\" rel=\"noopener\"><span class=\"s2\">https:\/\/tienda.cafesbatalla.com\/ca\/<\/span><\/a><\/span><\/p>\n\n\t\t<\/div>\n\t<\/div>\n<div  class=\"wpb_content_element   clearfix\"><style type=\"text\/css\" scoped>#ut_am_69f3c1c19ed95 { opacity: 1; }<\/style><div id=\"ut_am_wrap_69f3c1c19ed97\" class=\"ut-image-gallery-image\" style=\"text-align:center;\"><div class=\"ut-animated-image-item ut-image-gallery-item ut-animation-done\"><a class=\"ut-deactivated-link\" href=\"#\"><img loading=\"lazy\" decoding=\"async\" title=\"PRENSA 2\" id=\"ut_am_69f3c1c19ed95\" style=\"\" src=\"https:\/\/gremicafe.cat\/wp-content\/uploads\/2025\/03\/PREMSA-2.jpeg\" width=\"1600\" height=\"1200\" alt=\"Caf\u00e9 Mujer de Caf\u00e9s Batalla i MAMAPOP\"\/><\/a><div class=\"ut-gallery-slider-caption\">Xavier y Ramon Batalla de Caf\u00e9s Batalla y Manel Simon de MAMAPOP<\/div><\/div><\/div><\/div><\/div><\/div><\/div><\/div><div class=\"vc_row-full-width vc_clearfix\"><\/div>","protected":false},"excerpt":{"rendered":"#ut_am_69f3c1c19f869 { opacity: 1; }Caf\u00e9 Mujer de Caf\u00e9s Batalla i MAMAPOP Entre els actes del 75 anivesari de Caf\u00e8s Batalla, la marca de Lleida presenta pel\u00a08M, Dia Internacional de la Dona, el format de 500g de Caf\u00e9 Mujer. Un homenatge a la dona i una hist\u00f2ria de dedicaci\u00f3 i apoderament perqu\u00e8\u00a0tot el lideratge en la [...]","protected":false},"author":1,"featured_media":7774,"comment_status":"closed","ping_status":"open","sticky":false,"template":"","format":"standard","meta":{"_acf_changed":false,"inline_featured_image":false,"footnotes":""},"categories":[1],"tags":[132,138,140,137,139],"class_list":["post-7773","post","type-post","status-publish","format-standard","has-post-thumbnail","hentry","category-noticies","tag-cafes-batalla","tag-cancer-de-mama","tag-dian-internacional-de-la-dona","tag-mamapop","tag-solidaritat"],"acf":[],"yoast_head":"<!-- This site is optimized with the Yoast SEO plugin v25.5 - https:\/\/yoast.com\/wordpress\/plugins\/seo\/ -->\n<title>Caf\u00e8s Batalla presenta pel 8M el Caf\u00e9 Mujer, en solidaritat amb MAMAPOP - Gremi del Caf\u00e8, torradors de Catalunya<\/title>\n<meta name=\"description\" content=\"La novetat, per\u00f2, \u00e9s que Caf\u00e8s Batalla ha volgut vincular aquest producte\u00a0a la causa solid\u00e0ria contra el c\u00e0ncer de mama que representa Mamapop.\" \/>\n<meta name=\"robots\" content=\"index, follow, max-snippet:-1, max-image-preview:large, max-video-preview:-1\" \/>\n<link rel=\"canonical\" href=\"https:\/\/gremicafe.cat\/es\/2025\/03\/08\/cafes-batalla-presenta-pel-8m-el-cafe-mujer-en-solidaritat-amb-mamapop\/\" \/>\n<meta property=\"og:locale\" content=\"es_ES\" \/>\n<meta property=\"og:type\" content=\"article\" \/>\n<meta property=\"og:title\" content=\"Caf\u00e8s Batalla presenta pel 8M el Caf\u00e9 Mujer, en solidaritat amb MAMAPOP - Gremi del Caf\u00e8, torradors de Catalunya\" \/>\n<meta property=\"og:description\" content=\"La novetat, per\u00f2, \u00e9s que Caf\u00e8s Batalla ha volgut vincular aquest producte\u00a0a la causa solid\u00e0ria contra el c\u00e0ncer de mama que representa Mamapop.\" \/>\n<meta property=\"og:url\" content=\"https:\/\/gremicafe.cat\/es\/2025\/03\/08\/cafes-batalla-presenta-pel-8m-el-cafe-mujer-en-solidaritat-amb-mamapop\/\" \/>\n<meta property=\"og:site_name\" content=\"Gremi del Caf\u00e8, torradors de Catalunya\" \/>\n<meta property=\"article:publisher\" content=\"https:\/\/www.facebook.com\/gremicafecat\" \/>\n<meta property=\"article:published_time\" content=\"2025-03-08T06:32:32+00:00\" \/>\n<meta property=\"article:modified_time\" content=\"2025-03-20T11:27:38+00:00\" \/>\n<meta property=\"og:image\" content=\"https:\/\/gremicafe.cat\/wp-content\/uploads\/2025\/03\/MOCKUP-CARA-CAFE-MUJER-BATALLA-cara-1080CAFESweb.jpg\" \/>\n\t<meta property=\"og:image:width\" content=\"1080\" \/>\n\t<meta property=\"og:image:height\" content=\"1170\" \/>\n\t<meta property=\"og:image:type\" content=\"image\/jpeg\" \/>\n<meta name=\"author\" content=\"gremicafe\" \/>\n<meta name=\"twitter:card\" content=\"summary_large_image\" \/>\n<meta name=\"twitter:creator\" content=\"@gremicafecat\" \/>\n<meta name=\"twitter:site\" content=\"@gremicafecat\" \/>\n<meta name=\"twitter:label1\" content=\"Escrito por\" \/>\n\t<meta name=\"twitter:data1\" content=\"gremicafe\" \/>\n\t<meta name=\"twitter:label2\" content=\"Tiempo de lectura\" \/>\n\t<meta name=\"twitter:data2\" content=\"2 minutos\" \/>\n<script type=\"application\/ld+json\" class=\"yoast-schema-graph\">{\"@context\":\"https:\/\/schema.org\",\"@graph\":[{\"@type\":\"Article\",\"@id\":\"https:\/\/gremicafe.cat\/2025\/03\/08\/cafes-batalla-presenta-pel-8m-el-cafe-mujer-en-solidaritat-amb-mamapop\/#article\",\"isPartOf\":{\"@id\":\"https:\/\/gremicafe.cat\/2025\/03\/08\/cafes-batalla-presenta-pel-8m-el-cafe-mujer-en-solidaritat-amb-mamapop\/\"},\"author\":{\"name\":\"gremicafe\",\"@id\":\"https:\/\/gremicafe.cat\/#\/schema\/person\/dabfdbb3d0fa36260855a380f94e4733\"},\"headline\":\"Caf\u00e8s Batalla presenta pel 8M el Caf\u00e9 Mujer, en solidaritat amb MAMAPOP\",\"datePublished\":\"2025-03-08T06:32:32+00:00\",\"dateModified\":\"2025-03-20T11:27:38+00:00\",\"mainEntityOfPage\":{\"@id\":\"https:\/\/gremicafe.cat\/2025\/03\/08\/cafes-batalla-presenta-pel-8m-el-cafe-mujer-en-solidaritat-amb-mamapop\/\"},\"wordCount\":319,\"publisher\":{\"@id\":\"https:\/\/gremicafe.cat\/#organization\"},\"image\":{\"@id\":\"https:\/\/gremicafe.cat\/2025\/03\/08\/cafes-batalla-presenta-pel-8m-el-cafe-mujer-en-solidaritat-amb-mamapop\/#primaryimage\"},\"thumbnailUrl\":\"https:\/\/gremicafe.cat\/wp-content\/uploads\/2025\/03\/MOCKUP-CARA-CAFE-MUJER-BATALLA-cara-1080CAFESweb.jpg\",\"keywords\":[\"Caf\u00e8s Batalla\",\"Cancer de mama\",\"Dian internacional de la dona\",\"MAMAPOP\",\"Solidaritat\"],\"articleSection\":[\"Not\u00edcies\"],\"inLanguage\":\"es\"},{\"@type\":\"WebPage\",\"@id\":\"https:\/\/gremicafe.cat\/2025\/03\/08\/cafes-batalla-presenta-pel-8m-el-cafe-mujer-en-solidaritat-amb-mamapop\/\",\"url\":\"https:\/\/gremicafe.cat\/2025\/03\/08\/cafes-batalla-presenta-pel-8m-el-cafe-mujer-en-solidaritat-amb-mamapop\/\",\"name\":\"Caf\u00e8s Batalla presenta pel 8M el Caf\u00e9 Mujer, en solidaritat amb MAMAPOP - Gremi del Caf\u00e8, torradors de Catalunya\",\"isPartOf\":{\"@id\":\"https:\/\/gremicafe.cat\/#website\"},\"primaryImageOfPage\":{\"@id\":\"https:\/\/gremicafe.cat\/2025\/03\/08\/cafes-batalla-presenta-pel-8m-el-cafe-mujer-en-solidaritat-amb-mamapop\/#primaryimage\"},\"image\":{\"@id\":\"https:\/\/gremicafe.cat\/2025\/03\/08\/cafes-batalla-presenta-pel-8m-el-cafe-mujer-en-solidaritat-amb-mamapop\/#primaryimage\"},\"thumbnailUrl\":\"https:\/\/gremicafe.cat\/wp-content\/uploads\/2025\/03\/MOCKUP-CARA-CAFE-MUJER-BATALLA-cara-1080CAFESweb.jpg\",\"datePublished\":\"2025-03-08T06:32:32+00:00\",\"dateModified\":\"2025-03-20T11:27:38+00:00\",\"description\":\"La novetat, per\u00f2, \u00e9s que Caf\u00e8s Batalla ha volgut vincular aquest producte\u00a0a la causa solid\u00e0ria contra el c\u00e0ncer de mama que representa Mamapop.\",\"breadcrumb\":{\"@id\":\"https:\/\/gremicafe.cat\/2025\/03\/08\/cafes-batalla-presenta-pel-8m-el-cafe-mujer-en-solidaritat-amb-mamapop\/#breadcrumb\"},\"inLanguage\":\"es\",\"potentialAction\":[{\"@type\":\"ReadAction\",\"target\":[\"https:\/\/gremicafe.cat\/2025\/03\/08\/cafes-batalla-presenta-pel-8m-el-cafe-mujer-en-solidaritat-amb-mamapop\/\"]}]},{\"@type\":\"ImageObject\",\"inLanguage\":\"es\",\"@id\":\"https:\/\/gremicafe.cat\/2025\/03\/08\/cafes-batalla-presenta-pel-8m-el-cafe-mujer-en-solidaritat-amb-mamapop\/#primaryimage\",\"url\":\"https:\/\/gremicafe.cat\/wp-content\/uploads\/2025\/03\/MOCKUP-CARA-CAFE-MUJER-BATALLA-cara-1080CAFESweb.jpg\",\"contentUrl\":\"https:\/\/gremicafe.cat\/wp-content\/uploads\/2025\/03\/MOCKUP-CARA-CAFE-MUJER-BATALLA-cara-1080CAFESweb.jpg\",\"width\":1080,\"height\":1170,\"caption\":\"Caf\u00e9 Mujer de Caf\u00e9s Batalla i MAMAPOP\"},{\"@type\":\"BreadcrumbList\",\"@id\":\"https:\/\/gremicafe.cat\/2025\/03\/08\/cafes-batalla-presenta-pel-8m-el-cafe-mujer-en-solidaritat-amb-mamapop\/#breadcrumb\",\"itemListElement\":[{\"@type\":\"ListItem\",\"position\":1,\"name\":\"Inici\",\"item\":\"https:\/\/gremicafe.cat\/\"},{\"@type\":\"ListItem\",\"position\":2,\"name\":\"Caf\u00e8s Batalla presenta pel 8M el Caf\u00e9 Mujer, en solidaritat amb MAMAPOP\"}]},{\"@type\":\"WebSite\",\"@id\":\"https:\/\/gremicafe.cat\/#website\",\"url\":\"https:\/\/gremicafe.cat\/\",\"name\":\"Gremi del Caf\u00e8, torradors de Catalunya\",\"description\":\"Web oficial del gremi de torradors de caf\u00e8 de Catalunya\",\"publisher\":{\"@id\":\"https:\/\/gremicafe.cat\/#organization\"},\"potentialAction\":[{\"@type\":\"SearchAction\",\"target\":{\"@type\":\"EntryPoint\",\"urlTemplate\":\"https:\/\/gremicafe.cat\/?s={search_term_string}\"},\"query-input\":{\"@type\":\"PropertyValueSpecification\",\"valueRequired\":true,\"valueName\":\"search_term_string\"}}],\"inLanguage\":\"es\"},{\"@type\":\"Organization\",\"@id\":\"https:\/\/gremicafe.cat\/#organization\",\"name\":\"Gremi del Caf\u00e8, Torradors de Catalunya\",\"url\":\"https:\/\/gremicafe.cat\/\",\"logo\":{\"@type\":\"ImageObject\",\"inLanguage\":\"es\",\"@id\":\"https:\/\/gremicafe.cat\/#\/schema\/logo\/image\/\",\"url\":\"https:\/\/gremicafe.cat\/wp-content\/uploads\/2018\/03\/gremicafe-logo250.png\",\"contentUrl\":\"https:\/\/gremicafe.cat\/wp-content\/uploads\/2018\/03\/gremicafe-logo250.png\",\"width\":250,\"height\":49,\"caption\":\"Gremi del Caf\u00e8, Torradors de Catalunya\"},\"image\":{\"@id\":\"https:\/\/gremicafe.cat\/#\/schema\/logo\/image\/\"},\"sameAs\":[\"https:\/\/www.facebook.com\/gremicafecat\",\"https:\/\/x.com\/gremicafecat\",\"https:\/\/www.instagram.com\/gremicafecat\/\",\"https:\/\/www.pinterest.es\/gremicafecat\/\",\"https:\/\/www.youtube.com\/channel\/UCGLo5Y35vLwLvP4FrPZrCrw\/\"]},{\"@type\":\"Person\",\"@id\":\"https:\/\/gremicafe.cat\/#\/schema\/person\/dabfdbb3d0fa36260855a380f94e4733\",\"name\":\"gremicafe\",\"image\":{\"@type\":\"ImageObject\",\"inLanguage\":\"es\",\"@id\":\"https:\/\/gremicafe.cat\/#\/schema\/person\/image\/\",\"url\":\"https:\/\/secure.gravatar.com\/avatar\/e59baa4ca8f6f97576d6375fb6d3c8f0?s=96&d=mm&r=g\",\"contentUrl\":\"https:\/\/secure.gravatar.com\/avatar\/e59baa4ca8f6f97576d6375fb6d3c8f0?s=96&d=mm&r=g\",\"caption\":\"gremicafe\"}}]}<\/script>\n<!-- \/ Yoast SEO plugin. -->","yoast_head_json":{"title":"Caf\u00e8s Batalla presenta pel 8M el Caf\u00e9 Mujer, en solidaritat amb MAMAPOP - Gremi del Caf\u00e8, torradors de Catalunya","description":"La novetat, per\u00f2, \u00e9s que Caf\u00e8s Batalla ha volgut vincular aquest producte\u00a0a la causa solid\u00e0ria contra el c\u00e0ncer de mama que representa Mamapop.","robots":{"index":"index","follow":"follow","max-snippet":"max-snippet:-1","max-image-preview":"max-image-preview:large","max-video-preview":"max-video-preview:-1"},"canonical":"https:\/\/gremicafe.cat\/es\/2025\/03\/08\/cafes-batalla-presenta-pel-8m-el-cafe-mujer-en-solidaritat-amb-mamapop\/","og_locale":"es_ES","og_type":"article","og_title":"Caf\u00e8s Batalla presenta pel 8M el Caf\u00e9 Mujer, en solidaritat amb MAMAPOP - Gremi del Caf\u00e8, torradors de Catalunya","og_description":"La novetat, per\u00f2, \u00e9s que Caf\u00e8s Batalla ha volgut vincular aquest producte\u00a0a la causa solid\u00e0ria contra el c\u00e0ncer de mama que representa Mamapop.","og_url":"https:\/\/gremicafe.cat\/es\/2025\/03\/08\/cafes-batalla-presenta-pel-8m-el-cafe-mujer-en-solidaritat-amb-mamapop\/","og_site_name":"Gremi del Caf\u00e8, torradors de Catalunya","article_publisher":"https:\/\/www.facebook.com\/gremicafecat","article_published_time":"2025-03-08T06:32:32+00:00","article_modified_time":"2025-03-20T11:27:38+00:00","og_image":[{"width":1080,"height":1170,"url":"https:\/\/gremicafe.cat\/wp-content\/uploads\/2025\/03\/MOCKUP-CARA-CAFE-MUJER-BATALLA-cara-1080CAFESweb.jpg","type":"image\/jpeg"}],"author":"gremicafe","twitter_card":"summary_large_image","twitter_creator":"@gremicafecat","twitter_site":"@gremicafecat","twitter_misc":{"Escrito por":"gremicafe","Tiempo de lectura":"2 minutos"},"schema":{"@context":"https:\/\/schema.org","@graph":[{"@type":"Article","@id":"https:\/\/gremicafe.cat\/2025\/03\/08\/cafes-batalla-presenta-pel-8m-el-cafe-mujer-en-solidaritat-amb-mamapop\/#article","isPartOf":{"@id":"https:\/\/gremicafe.cat\/2025\/03\/08\/cafes-batalla-presenta-pel-8m-el-cafe-mujer-en-solidaritat-amb-mamapop\/"},"author":{"name":"gremicafe","@id":"https:\/\/gremicafe.cat\/#\/schema\/person\/dabfdbb3d0fa36260855a380f94e4733"},"headline":"Caf\u00e8s Batalla presenta pel 8M el Caf\u00e9 Mujer, en solidaritat amb MAMAPOP","datePublished":"2025-03-08T06:32:32+00:00","dateModified":"2025-03-20T11:27:38+00:00","mainEntityOfPage":{"@id":"https:\/\/gremicafe.cat\/2025\/03\/08\/cafes-batalla-presenta-pel-8m-el-cafe-mujer-en-solidaritat-amb-mamapop\/"},"wordCount":319,"publisher":{"@id":"https:\/\/gremicafe.cat\/#organization"},"image":{"@id":"https:\/\/gremicafe.cat\/2025\/03\/08\/cafes-batalla-presenta-pel-8m-el-cafe-mujer-en-solidaritat-amb-mamapop\/#primaryimage"},"thumbnailUrl":"https:\/\/gremicafe.cat\/wp-content\/uploads\/2025\/03\/MOCKUP-CARA-CAFE-MUJER-BATALLA-cara-1080CAFESweb.jpg","keywords":["Caf\u00e8s Batalla","Cancer de mama","Dian internacional de la dona","MAMAPOP","Solidaritat"],"articleSection":["Not\u00edcies"],"inLanguage":"es"},{"@type":"WebPage","@id":"https:\/\/gremicafe.cat\/2025\/03\/08\/cafes-batalla-presenta-pel-8m-el-cafe-mujer-en-solidaritat-amb-mamapop\/","url":"https:\/\/gremicafe.cat\/2025\/03\/08\/cafes-batalla-presenta-pel-8m-el-cafe-mujer-en-solidaritat-amb-mamapop\/","name":"Caf\u00e8s Batalla presenta pel 8M el Caf\u00e9 Mujer, en solidaritat amb MAMAPOP - Gremi del Caf\u00e8, torradors de Catalunya","isPartOf":{"@id":"https:\/\/gremicafe.cat\/#website"},"primaryImageOfPage":{"@id":"https:\/\/gremicafe.cat\/2025\/03\/08\/cafes-batalla-presenta-pel-8m-el-cafe-mujer-en-solidaritat-amb-mamapop\/#primaryimage"},"image":{"@id":"https:\/\/gremicafe.cat\/2025\/03\/08\/cafes-batalla-presenta-pel-8m-el-cafe-mujer-en-solidaritat-amb-mamapop\/#primaryimage"},"thumbnailUrl":"https:\/\/gremicafe.cat\/wp-content\/uploads\/2025\/03\/MOCKUP-CARA-CAFE-MUJER-BATALLA-cara-1080CAFESweb.jpg","datePublished":"2025-03-08T06:32:32+00:00","dateModified":"2025-03-20T11:27:38+00:00","description":"La novetat, per\u00f2, \u00e9s que Caf\u00e8s Batalla ha volgut vincular aquest producte\u00a0a la causa solid\u00e0ria contra el c\u00e0ncer de mama que representa Mamapop.","breadcrumb":{"@id":"https:\/\/gremicafe.cat\/2025\/03\/08\/cafes-batalla-presenta-pel-8m-el-cafe-mujer-en-solidaritat-amb-mamapop\/#breadcrumb"},"inLanguage":"es","potentialAction":[{"@type":"ReadAction","target":["https:\/\/gremicafe.cat\/2025\/03\/08\/cafes-batalla-presenta-pel-8m-el-cafe-mujer-en-solidaritat-amb-mamapop\/"]}]},{"@type":"ImageObject","inLanguage":"es","@id":"https:\/\/gremicafe.cat\/2025\/03\/08\/cafes-batalla-presenta-pel-8m-el-cafe-mujer-en-solidaritat-amb-mamapop\/#primaryimage","url":"https:\/\/gremicafe.cat\/wp-content\/uploads\/2025\/03\/MOCKUP-CARA-CAFE-MUJER-BATALLA-cara-1080CAFESweb.jpg","contentUrl":"https:\/\/gremicafe.cat\/wp-content\/uploads\/2025\/03\/MOCKUP-CARA-CAFE-MUJER-BATALLA-cara-1080CAFESweb.jpg","width":1080,"height":1170,"caption":"Caf\u00e9 Mujer de Caf\u00e9s Batalla i MAMAPOP"},{"@type":"BreadcrumbList","@id":"https:\/\/gremicafe.cat\/2025\/03\/08\/cafes-batalla-presenta-pel-8m-el-cafe-mujer-en-solidaritat-amb-mamapop\/#breadcrumb","itemListElement":[{"@type":"ListItem","position":1,"name":"Inici","item":"https:\/\/gremicafe.cat\/"},{"@type":"ListItem","position":2,"name":"Caf\u00e8s Batalla presenta pel 8M el Caf\u00e9 Mujer, en solidaritat amb MAMAPOP"}]},{"@type":"WebSite","@id":"https:\/\/gremicafe.cat\/#website","url":"https:\/\/gremicafe.cat\/","name":"Gremio del Caf\u00e9, tostadores de Catalu\u00f1a","description":"Web oficial del gremio de tostadores de caf\u00e9 de Catalunya","publisher":{"@id":"https:\/\/gremicafe.cat\/#organization"},"potentialAction":[{"@type":"SearchAction","target":{"@type":"EntryPoint","urlTemplate":"https:\/\/gremicafe.cat\/?s={search_term_string}"},"query-input":{"@type":"PropertyValueSpecification","valueRequired":true,"valueName":"search_term_string"}}],"inLanguage":"es"},{"@type":"Organization","@id":"https:\/\/gremicafe.cat\/#organization","name":"Gremio del Caf\u00e9, Tostadores de Catalu\u00f1a","url":"https:\/\/gremicafe.cat\/","logo":{"@type":"ImageObject","inLanguage":"es","@id":"https:\/\/gremicafe.cat\/#\/schema\/logo\/image\/","url":"https:\/\/gremicafe.cat\/wp-content\/uploads\/2018\/03\/gremicafe-logo250.png","contentUrl":"https:\/\/gremicafe.cat\/wp-content\/uploads\/2018\/03\/gremicafe-logo250.png","width":250,"height":49,"caption":"Gremi del Caf\u00e8, Torradors de Catalunya"},"image":{"@id":"https:\/\/gremicafe.cat\/#\/schema\/logo\/image\/"},"sameAs":["https:\/\/www.facebook.com\/gremicafecat","https:\/\/x.com\/gremicafecat","https:\/\/www.instagram.com\/gremicafecat\/","https:\/\/www.pinterest.es\/gremicafecat\/","https:\/\/www.youtube.com\/channel\/UCGLo5Y35vLwLvP4FrPZrCrw\/"]},{"@type":"Person","@id":"https:\/\/gremicafe.cat\/#\/schema\/person\/dabfdbb3d0fa36260855a380f94e4733","name":"gremicafe","image":{"@type":"ImageObject","inLanguage":"es","@id":"https:\/\/gremicafe.cat\/#\/schema\/person\/image\/","url":"https:\/\/secure.gravatar.com\/avatar\/e59baa4ca8f6f97576d6375fb6d3c8f0?s=96&d=mm&r=g","contentUrl":"https:\/\/secure.gravatar.com\/avatar\/e59baa4ca8f6f97576d6375fb6d3c8f0?s=96&d=mm&r=g","caption":"gremicafe"}}]}},"_links":{"self":[{"href":"https:\/\/gremicafe.cat\/es\/wp-json\/wp\/v2\/posts\/7773"}],"collection":[{"href":"https:\/\/gremicafe.cat\/es\/wp-json\/wp\/v2\/posts"}],"about":[{"href":"https:\/\/gremicafe.cat\/es\/wp-json\/wp\/v2\/types\/post"}],"author":[{"embeddable":true,"href":"https:\/\/gremicafe.cat\/es\/wp-json\/wp\/v2\/users\/1"}],"replies":[{"embeddable":true,"href":"https:\/\/gremicafe.cat\/es\/wp-json\/wp\/v2\/comments?post=7773"}],"version-history":[{"count":0,"href":"https:\/\/gremicafe.cat\/es\/wp-json\/wp\/v2\/posts\/7773\/revisions"}],"wp:featuredmedia":[{"embeddable":true,"href":"https:\/\/gremicafe.cat\/es\/wp-json\/wp\/v2\/media\/7774"}],"wp:attachment":[{"href":"https:\/\/gremicafe.cat\/es\/wp-json\/wp\/v2\/media?parent=7773"}],"wp:term":[{"taxonomy":"category","embeddable":true,"href":"https:\/\/gremicafe.cat\/es\/wp-json\/wp\/v2\/categories?post=7773"},{"taxonomy":"post_tag","embeddable":true,"href":"https:\/\/gremicafe.cat\/es\/wp-json\/wp\/v2\/tags?post=7773"}],"curies":[{"name":"wp","href":"https:\/\/api.w.org\/{rel}","templated":true}]}}