{"id":7779,"date":"2025-03-11T15:49:01","date_gmt":"2025-03-11T14:49:01","guid":{"rendered":"https:\/\/gremicafe.cat\/?p=7779"},"modified":"2025-03-11T15:49:01","modified_gmt":"2025-03-11T14:49:01","slug":"un-de-cada-cent-grans-de-cafe-verd-del-mon-arriba-a-la-nestle-de-girona","status":"publish","type":"post","link":"https:\/\/gremicafe.cat\/es\/2025\/03\/11\/un-de-cada-cent-grans-de-cafe-verd-del-mon-arriba-a-la-nestle-de-girona\/","title":{"rendered":"\u00abUno de cada cien granos de caf\u00e9 verde del mundo llega a la Nestl\u00e9 de Girona\u00bb"},"content":{"rendered":"<div id=\"attachment_7780\" style=\"width: 1210px\" class=\"wp-caption aligncenter\"><img loading=\"lazy\" decoding=\"async\" aria-describedby=\"caption-attachment-7780\" class=\"size-full wp-image-7780\" src=\"https:\/\/gremicafe.cat\/wp-content\/uploads\/2025\/03\/cf8bff98-ec22-4130-817a-38ac842c74e5_16-9-discover-aspect-ratio_default_0.webp\" alt=\"\" width=\"1200\" height=\"675\" srcset=\"https:\/\/gremicafe.cat\/wp-content\/uploads\/2025\/03\/cf8bff98-ec22-4130-817a-38ac842c74e5_16-9-discover-aspect-ratio_default_0.webp 1200w, https:\/\/gremicafe.cat\/wp-content\/uploads\/2025\/03\/cf8bff98-ec22-4130-817a-38ac842c74e5_16-9-discover-aspect-ratio_default_0-768x432.webp 768w, https:\/\/gremicafe.cat\/wp-content\/uploads\/2025\/03\/cf8bff98-ec22-4130-817a-38ac842c74e5_16-9-discover-aspect-ratio_default_0-18x10.webp 18w\" sizes=\"(max-width: 1200px) 100vw, 1200px\" \/><p id=\"caption-attachment-7780\" class=\"wp-caption-text\">\u00a9 Fotograf\u00eda: \u00a9 Fotograf\u00eda: Arnau Pi, director de la planta de Nestl\u00e9 en Gerona. \/ LA FACTOR\u00cdA<\/p><\/div>\n<p>&nbsp;<\/p>\n<p class=\"p2\"><strong><em><span class=\"s1\">Arnau Pi, director de la planta, destaca que el 80% del caf\u00e9 es para exportar a 60 pa\u00edses<\/span><\/em><\/strong><\/p>\n<p class=\"p2\"><strong><em><span class=\"s1\">La f\u00e1brica de Girona, con 56 a\u00f1os de historia, fabrica 40.000 toneladas de caf\u00e9 soluble y 3.000 millones de c\u00e1psulas Dolce Gusto.<\/span><\/em><\/strong><\/p>\n<p class=\"p2\"><span class=\"s1\">Gerona, 10 de febrero de 2025 \u2013 <\/span><span class=\"s1\">La f\u00e1brica de\u00a0<a href=\"https:\/\/www.diaridegirona.cat\/tags\/nestle\/\" target=\"_blank\" rel=\"noopener\"><span class=\"s2\">Nestl\u00e9<\/span><\/a>\u00a0en Girona ya ha superado los\u00a0<b>56 a\u00f1os de historia<\/b>\u00a0-se fund\u00f3 en 1968- y durante su recorrido no ha parado de crecer para demostrar su viabilidad a la mayor compa\u00f1\u00eda agroalimentaria del mundo. <\/span><\/p>\n<p class=\"p3\"><span class=\"s1\">Nestl\u00e9 tiene en el mundo y \u00abes un referente, es relevante y es un espejo para otras sedes en muchos aspectos\u00bb, seg\u00fan destaca\u00a0<b>Arnau Pi<\/b>, director de la planta Nestl\u00e9 en Girona, en el<a href=\"https:\/\/www.diaridegirona.cat\/tags\/podcast-girona-valley\/\" target=\"_blank\" rel=\"noopener\"><span class=\"s2\">\u00a0podcast Girona Valley<\/span><\/a>\u00a0n\u00famero 51, que es impulsado desde febrero de 2023 por\u00a0<b>La Opini\u00f3n de Zamora<\/b>\u00a0y la agencia de comunicaci\u00f3n\u00a0<b>La Factor\u00eda<\/b>.<\/span><\/p>\n<p class=\"p3\"><span class=\"s1\">Para Pi, el punto fuerte de la planta se resume en dos grandes datos: \u201cproducci\u00f3n de caf\u00e9 soluble de la marca Nescaf\u00e9 y c\u00e1psulas Dolce Gusto. Fabricamos unas 40.000 toneladas de caf\u00e9 soluble al a\u00f1o y<b>\u00a0casi 3.000 millones de c\u00e1psulas<\/b>\u00a0Dolce Gusto al a\u00f1o\u00bb.<\/span><\/p>\n<p class=\"p3\"><span class=\"s1\">Lea la noticia entera en el Diari de Girona:<\/span><\/p>\n<p class=\"p3\"><a href=\"https:\/\/www.diaridegirona.cat\/economia\/2025\/02\/10\/cent-grans-cafe-verd-mon-114080969.html\" target=\"_blank\" rel=\"noopener\"><span class=\"s1\">https:\/\/www.diaridegirona.cat\/economia\/2025\/02\/10\/cent-grans-cafe-verd-mon-114080969.html<\/span><\/a><\/p>\n<p class=\"p5\"><span class=\"s1\">\u00a9 Fotograf\u00eda: Arnau Pi, director de la planta de Nestl\u00e9 en Gerona. <b>\/ LA FACTOR\u00cdA<\/b><\/span><\/p>","protected":false},"excerpt":{"rendered":"<p>&nbsp; Arnau Pi, director de la planta, destaca que el 80% del caf\u00e8 \u00e9s per exportar a 60 pa\u00efsos La f\u00e0brica de Girona, amb 56 anys d&#8217;hist\u00f2ria, fabrica 40.000 tones de caf\u00e8 soluble i 3.000 milions de c\u00e0psules Dolce Gusto. Girona, 10 de febrer de 2025 &#8211; La f\u00e0brica de\u00a0Nestl\u00e9\u00a0a Girona ja ha superat els\u00a056 [&hellip;]<\/p>\n","protected":false},"author":1,"featured_media":7780,"comment_status":"closed","ping_status":"open","sticky":false,"template":"","format":"standard","meta":{"_acf_changed":false,"inline_featured_image":false,"footnotes":""},"categories":[1],"tags":[142,143,141],"class_list":["post-7779","post","type-post","status-publish","format-standard","has-post-thumbnail","hentry","category-noticies","tag-dolce-gusto","tag-girona","tag-nescafe"],"acf":[],"yoast_head":"<!-- This site is optimized with the Yoast SEO plugin v25.5 - https:\/\/yoast.com\/wordpress\/plugins\/seo\/ -->\n<title>\u00abUn de cada cent grans de caf\u00e8 verd del m\u00f3n arriba a la Nestl\u00e9 de Girona\u00bb - Gremi del Caf\u00e8, torradors de Catalunya<\/title>\n<meta name=\"robots\" content=\"index, follow, max-snippet:-1, max-image-preview:large, max-video-preview:-1\" \/>\n<link rel=\"canonical\" href=\"https:\/\/gremicafe.cat\/es\/2025\/03\/11\/un-de-cada-cent-grans-de-cafe-verd-del-mon-arriba-a-la-nestle-de-girona\/\" \/>\n<meta property=\"og:locale\" content=\"es_ES\" \/>\n<meta property=\"og:type\" content=\"article\" \/>\n<meta property=\"og:title\" content=\"\u00abUn de cada cent grans de caf\u00e8 verd del m\u00f3n arriba a la Nestl\u00e9 de Girona\u00bb - Gremi del Caf\u00e8, torradors de Catalunya\" \/>\n<meta property=\"og:description\" content=\"&nbsp; Arnau Pi, director de la planta, destaca que el 80% del caf\u00e8 \u00e9s per exportar a 60 pa\u00efsos La f\u00e0brica de Girona, amb 56 anys d&#8217;hist\u00f2ria, fabrica 40.000 tones de caf\u00e8 soluble i 3.000 milions de c\u00e0psules Dolce Gusto. Girona, 10 de febrer de 2025 &#8211; La f\u00e0brica de\u00a0Nestl\u00e9\u00a0a Girona ja ha superat els\u00a056 [&hellip;]\" \/>\n<meta property=\"og:url\" content=\"https:\/\/gremicafe.cat\/es\/2025\/03\/11\/un-de-cada-cent-grans-de-cafe-verd-del-mon-arriba-a-la-nestle-de-girona\/\" \/>\n<meta property=\"og:site_name\" content=\"Gremi del Caf\u00e8, torradors de Catalunya\" \/>\n<meta property=\"article:publisher\" content=\"https:\/\/www.facebook.com\/gremicafecat\" \/>\n<meta property=\"article:published_time\" content=\"2025-03-11T14:49:01+00:00\" \/>\n<meta property=\"og:image\" content=\"https:\/\/gremicafe.cat\/wp-content\/uploads\/2025\/03\/cf8bff98-ec22-4130-817a-38ac842c74e5_16-9-discover-aspect-ratio_default_0.webp\" \/>\n\t<meta property=\"og:image:width\" content=\"1200\" \/>\n\t<meta property=\"og:image:height\" content=\"675\" \/>\n\t<meta property=\"og:image:type\" content=\"image\/webp\" \/>\n<meta name=\"author\" content=\"gremicafe\" \/>\n<meta name=\"twitter:card\" content=\"summary_large_image\" \/>\n<meta name=\"twitter:creator\" content=\"@gremicafecat\" \/>\n<meta name=\"twitter:site\" content=\"@gremicafecat\" \/>\n<meta name=\"twitter:label1\" content=\"Escrito por\" \/>\n\t<meta name=\"twitter:data1\" content=\"gremicafe\" \/>\n\t<meta name=\"twitter:label2\" content=\"Tiempo de lectura\" \/>\n\t<meta name=\"twitter:data2\" content=\"2 minutos\" \/>\n<script type=\"application\/ld+json\" class=\"yoast-schema-graph\">{\"@context\":\"https:\/\/schema.org\",\"@graph\":[{\"@type\":\"Article\",\"@id\":\"https:\/\/gremicafe.cat\/2025\/03\/11\/un-de-cada-cent-grans-de-cafe-verd-del-mon-arriba-a-la-nestle-de-girona\/#article\",\"isPartOf\":{\"@id\":\"https:\/\/gremicafe.cat\/2025\/03\/11\/un-de-cada-cent-grans-de-cafe-verd-del-mon-arriba-a-la-nestle-de-girona\/\"},\"author\":{\"name\":\"gremicafe\",\"@id\":\"https:\/\/gremicafe.cat\/#\/schema\/person\/dabfdbb3d0fa36260855a380f94e4733\"},\"headline\":\"\u00abUn de cada cent grans de caf\u00e8 verd del m\u00f3n arriba a la Nestl\u00e9 de Girona\u00bb\",\"datePublished\":\"2025-03-11T14:49:01+00:00\",\"mainEntityOfPage\":{\"@id\":\"https:\/\/gremicafe.cat\/2025\/03\/11\/un-de-cada-cent-grans-de-cafe-verd-del-mon-arriba-a-la-nestle-de-girona\/\"},\"wordCount\":266,\"publisher\":{\"@id\":\"https:\/\/gremicafe.cat\/#organization\"},\"image\":{\"@id\":\"https:\/\/gremicafe.cat\/2025\/03\/11\/un-de-cada-cent-grans-de-cafe-verd-del-mon-arriba-a-la-nestle-de-girona\/#primaryimage\"},\"thumbnailUrl\":\"https:\/\/gremicafe.cat\/wp-content\/uploads\/2025\/03\/cf8bff98-ec22-4130-817a-38ac842c74e5_16-9-discover-aspect-ratio_default_0.webp\",\"keywords\":[\"Dolce Gusto\",\"Girona\",\"Nescaf\u00e9\"],\"articleSection\":[\"Not\u00edcies\"],\"inLanguage\":\"es\"},{\"@type\":\"WebPage\",\"@id\":\"https:\/\/gremicafe.cat\/2025\/03\/11\/un-de-cada-cent-grans-de-cafe-verd-del-mon-arriba-a-la-nestle-de-girona\/\",\"url\":\"https:\/\/gremicafe.cat\/2025\/03\/11\/un-de-cada-cent-grans-de-cafe-verd-del-mon-arriba-a-la-nestle-de-girona\/\",\"name\":\"\u00abUn de cada cent grans de caf\u00e8 verd del m\u00f3n arriba a la Nestl\u00e9 de Girona\u00bb - Gremi del Caf\u00e8, torradors de Catalunya\",\"isPartOf\":{\"@id\":\"https:\/\/gremicafe.cat\/#website\"},\"primaryImageOfPage\":{\"@id\":\"https:\/\/gremicafe.cat\/2025\/03\/11\/un-de-cada-cent-grans-de-cafe-verd-del-mon-arriba-a-la-nestle-de-girona\/#primaryimage\"},\"image\":{\"@id\":\"https:\/\/gremicafe.cat\/2025\/03\/11\/un-de-cada-cent-grans-de-cafe-verd-del-mon-arriba-a-la-nestle-de-girona\/#primaryimage\"},\"thumbnailUrl\":\"https:\/\/gremicafe.cat\/wp-content\/uploads\/2025\/03\/cf8bff98-ec22-4130-817a-38ac842c74e5_16-9-discover-aspect-ratio_default_0.webp\",\"datePublished\":\"2025-03-11T14:49:01+00:00\",\"breadcrumb\":{\"@id\":\"https:\/\/gremicafe.cat\/2025\/03\/11\/un-de-cada-cent-grans-de-cafe-verd-del-mon-arriba-a-la-nestle-de-girona\/#breadcrumb\"},\"inLanguage\":\"es\",\"potentialAction\":[{\"@type\":\"ReadAction\",\"target\":[\"https:\/\/gremicafe.cat\/2025\/03\/11\/un-de-cada-cent-grans-de-cafe-verd-del-mon-arriba-a-la-nestle-de-girona\/\"]}]},{\"@type\":\"ImageObject\",\"inLanguage\":\"es\",\"@id\":\"https:\/\/gremicafe.cat\/2025\/03\/11\/un-de-cada-cent-grans-de-cafe-verd-del-mon-arriba-a-la-nestle-de-girona\/#primaryimage\",\"url\":\"https:\/\/gremicafe.cat\/wp-content\/uploads\/2025\/03\/cf8bff98-ec22-4130-817a-38ac842c74e5_16-9-discover-aspect-ratio_default_0.webp\",\"contentUrl\":\"https:\/\/gremicafe.cat\/wp-content\/uploads\/2025\/03\/cf8bff98-ec22-4130-817a-38ac842c74e5_16-9-discover-aspect-ratio_default_0.webp\",\"width\":1200,\"height\":675,\"caption\":\"\u00a9 Fotografia: \u00a9 Fotografia: Arnau Pi, director de la planta de Nestl\u00e9 a Girona. \/ LA FACTORIA\"},{\"@type\":\"BreadcrumbList\",\"@id\":\"https:\/\/gremicafe.cat\/2025\/03\/11\/un-de-cada-cent-grans-de-cafe-verd-del-mon-arriba-a-la-nestle-de-girona\/#breadcrumb\",\"itemListElement\":[{\"@type\":\"ListItem\",\"position\":1,\"name\":\"Inici\",\"item\":\"https:\/\/gremicafe.cat\/\"},{\"@type\":\"ListItem\",\"position\":2,\"name\":\"\u00abUn de cada cent grans de caf\u00e8 verd del m\u00f3n arriba a la Nestl\u00e9 de Girona\u00bb\"}]},{\"@type\":\"WebSite\",\"@id\":\"https:\/\/gremicafe.cat\/#website\",\"url\":\"https:\/\/gremicafe.cat\/\",\"name\":\"Gremi del Caf\u00e8, torradors de Catalunya\",\"description\":\"Web oficial del gremi de torradors de caf\u00e8 de Catalunya\",\"publisher\":{\"@id\":\"https:\/\/gremicafe.cat\/#organization\"},\"potentialAction\":[{\"@type\":\"SearchAction\",\"target\":{\"@type\":\"EntryPoint\",\"urlTemplate\":\"https:\/\/gremicafe.cat\/?s={search_term_string}\"},\"query-input\":{\"@type\":\"PropertyValueSpecification\",\"valueRequired\":true,\"valueName\":\"search_term_string\"}}],\"inLanguage\":\"es\"},{\"@type\":\"Organization\",\"@id\":\"https:\/\/gremicafe.cat\/#organization\",\"name\":\"Gremi del Caf\u00e8, Torradors de Catalunya\",\"url\":\"https:\/\/gremicafe.cat\/\",\"logo\":{\"@type\":\"ImageObject\",\"inLanguage\":\"es\",\"@id\":\"https:\/\/gremicafe.cat\/#\/schema\/logo\/image\/\",\"url\":\"https:\/\/gremicafe.cat\/wp-content\/uploads\/2018\/03\/gremicafe-logo250.png\",\"contentUrl\":\"https:\/\/gremicafe.cat\/wp-content\/uploads\/2018\/03\/gremicafe-logo250.png\",\"width\":250,\"height\":49,\"caption\":\"Gremi del Caf\u00e8, Torradors de Catalunya\"},\"image\":{\"@id\":\"https:\/\/gremicafe.cat\/#\/schema\/logo\/image\/\"},\"sameAs\":[\"https:\/\/www.facebook.com\/gremicafecat\",\"https:\/\/x.com\/gremicafecat\",\"https:\/\/www.instagram.com\/gremicafecat\/\",\"https:\/\/www.pinterest.es\/gremicafecat\/\",\"https:\/\/www.youtube.com\/channel\/UCGLo5Y35vLwLvP4FrPZrCrw\/\"]},{\"@type\":\"Person\",\"@id\":\"https:\/\/gremicafe.cat\/#\/schema\/person\/dabfdbb3d0fa36260855a380f94e4733\",\"name\":\"gremicafe\",\"image\":{\"@type\":\"ImageObject\",\"inLanguage\":\"es\",\"@id\":\"https:\/\/gremicafe.cat\/#\/schema\/person\/image\/\",\"url\":\"https:\/\/secure.gravatar.com\/avatar\/e59baa4ca8f6f97576d6375fb6d3c8f0?s=96&d=mm&r=g\",\"contentUrl\":\"https:\/\/secure.gravatar.com\/avatar\/e59baa4ca8f6f97576d6375fb6d3c8f0?s=96&d=mm&r=g\",\"caption\":\"gremicafe\"}}]}<\/script>\n<!-- \/ Yoast SEO plugin. -->","yoast_head_json":{"title":"\u00abUn de cada cent grans de caf\u00e8 verd del m\u00f3n arriba a la Nestl\u00e9 de Girona\u00bb - Gremi del Caf\u00e8, torradors de Catalunya","robots":{"index":"index","follow":"follow","max-snippet":"max-snippet:-1","max-image-preview":"max-image-preview:large","max-video-preview":"max-video-preview:-1"},"canonical":"https:\/\/gremicafe.cat\/es\/2025\/03\/11\/un-de-cada-cent-grans-de-cafe-verd-del-mon-arriba-a-la-nestle-de-girona\/","og_locale":"es_ES","og_type":"article","og_title":"\u00abUn de cada cent grans de caf\u00e8 verd del m\u00f3n arriba a la Nestl\u00e9 de Girona\u00bb - Gremi del Caf\u00e8, torradors de Catalunya","og_description":"&nbsp; Arnau Pi, director de la planta, destaca que el 80% del caf\u00e8 \u00e9s per exportar a 60 pa\u00efsos La f\u00e0brica de Girona, amb 56 anys d&#8217;hist\u00f2ria, fabrica 40.000 tones de caf\u00e8 soluble i 3.000 milions de c\u00e0psules Dolce Gusto. Girona, 10 de febrer de 2025 &#8211; La f\u00e0brica de\u00a0Nestl\u00e9\u00a0a Girona ja ha superat els\u00a056 [&hellip;]","og_url":"https:\/\/gremicafe.cat\/es\/2025\/03\/11\/un-de-cada-cent-grans-de-cafe-verd-del-mon-arriba-a-la-nestle-de-girona\/","og_site_name":"Gremi del Caf\u00e8, torradors de Catalunya","article_publisher":"https:\/\/www.facebook.com\/gremicafecat","article_published_time":"2025-03-11T14:49:01+00:00","og_image":[{"width":1200,"height":675,"url":"https:\/\/gremicafe.cat\/wp-content\/uploads\/2025\/03\/cf8bff98-ec22-4130-817a-38ac842c74e5_16-9-discover-aspect-ratio_default_0.webp","type":"image\/webp"}],"author":"gremicafe","twitter_card":"summary_large_image","twitter_creator":"@gremicafecat","twitter_site":"@gremicafecat","twitter_misc":{"Escrito por":"gremicafe","Tiempo de lectura":"2 minutos"},"schema":{"@context":"https:\/\/schema.org","@graph":[{"@type":"Article","@id":"https:\/\/gremicafe.cat\/2025\/03\/11\/un-de-cada-cent-grans-de-cafe-verd-del-mon-arriba-a-la-nestle-de-girona\/#article","isPartOf":{"@id":"https:\/\/gremicafe.cat\/2025\/03\/11\/un-de-cada-cent-grans-de-cafe-verd-del-mon-arriba-a-la-nestle-de-girona\/"},"author":{"name":"gremicafe","@id":"https:\/\/gremicafe.cat\/#\/schema\/person\/dabfdbb3d0fa36260855a380f94e4733"},"headline":"\u00abUn de cada cent grans de caf\u00e8 verd del m\u00f3n arriba a la Nestl\u00e9 de Girona\u00bb","datePublished":"2025-03-11T14:49:01+00:00","mainEntityOfPage":{"@id":"https:\/\/gremicafe.cat\/2025\/03\/11\/un-de-cada-cent-grans-de-cafe-verd-del-mon-arriba-a-la-nestle-de-girona\/"},"wordCount":266,"publisher":{"@id":"https:\/\/gremicafe.cat\/#organization"},"image":{"@id":"https:\/\/gremicafe.cat\/2025\/03\/11\/un-de-cada-cent-grans-de-cafe-verd-del-mon-arriba-a-la-nestle-de-girona\/#primaryimage"},"thumbnailUrl":"https:\/\/gremicafe.cat\/wp-content\/uploads\/2025\/03\/cf8bff98-ec22-4130-817a-38ac842c74e5_16-9-discover-aspect-ratio_default_0.webp","keywords":["Dolce Gusto","Girona","Nescaf\u00e9"],"articleSection":["Not\u00edcies"],"inLanguage":"es"},{"@type":"WebPage","@id":"https:\/\/gremicafe.cat\/2025\/03\/11\/un-de-cada-cent-grans-de-cafe-verd-del-mon-arriba-a-la-nestle-de-girona\/","url":"https:\/\/gremicafe.cat\/2025\/03\/11\/un-de-cada-cent-grans-de-cafe-verd-del-mon-arriba-a-la-nestle-de-girona\/","name":"\u00abUn de cada cent grans de caf\u00e8 verd del m\u00f3n arriba a la Nestl\u00e9 de Girona\u00bb - Gremi del Caf\u00e8, torradors de Catalunya","isPartOf":{"@id":"https:\/\/gremicafe.cat\/#website"},"primaryImageOfPage":{"@id":"https:\/\/gremicafe.cat\/2025\/03\/11\/un-de-cada-cent-grans-de-cafe-verd-del-mon-arriba-a-la-nestle-de-girona\/#primaryimage"},"image":{"@id":"https:\/\/gremicafe.cat\/2025\/03\/11\/un-de-cada-cent-grans-de-cafe-verd-del-mon-arriba-a-la-nestle-de-girona\/#primaryimage"},"thumbnailUrl":"https:\/\/gremicafe.cat\/wp-content\/uploads\/2025\/03\/cf8bff98-ec22-4130-817a-38ac842c74e5_16-9-discover-aspect-ratio_default_0.webp","datePublished":"2025-03-11T14:49:01+00:00","breadcrumb":{"@id":"https:\/\/gremicafe.cat\/2025\/03\/11\/un-de-cada-cent-grans-de-cafe-verd-del-mon-arriba-a-la-nestle-de-girona\/#breadcrumb"},"inLanguage":"es","potentialAction":[{"@type":"ReadAction","target":["https:\/\/gremicafe.cat\/2025\/03\/11\/un-de-cada-cent-grans-de-cafe-verd-del-mon-arriba-a-la-nestle-de-girona\/"]}]},{"@type":"ImageObject","inLanguage":"es","@id":"https:\/\/gremicafe.cat\/2025\/03\/11\/un-de-cada-cent-grans-de-cafe-verd-del-mon-arriba-a-la-nestle-de-girona\/#primaryimage","url":"https:\/\/gremicafe.cat\/wp-content\/uploads\/2025\/03\/cf8bff98-ec22-4130-817a-38ac842c74e5_16-9-discover-aspect-ratio_default_0.webp","contentUrl":"https:\/\/gremicafe.cat\/wp-content\/uploads\/2025\/03\/cf8bff98-ec22-4130-817a-38ac842c74e5_16-9-discover-aspect-ratio_default_0.webp","width":1200,"height":675,"caption":"\u00a9 Fotografia: \u00a9 Fotografia: Arnau Pi, director de la planta de Nestl\u00e9 a Girona. \/ LA FACTORIA"},{"@type":"BreadcrumbList","@id":"https:\/\/gremicafe.cat\/2025\/03\/11\/un-de-cada-cent-grans-de-cafe-verd-del-mon-arriba-a-la-nestle-de-girona\/#breadcrumb","itemListElement":[{"@type":"ListItem","position":1,"name":"Inici","item":"https:\/\/gremicafe.cat\/"},{"@type":"ListItem","position":2,"name":"\u00abUn de cada cent grans de caf\u00e8 verd del m\u00f3n arriba a la Nestl\u00e9 de Girona\u00bb"}]},{"@type":"WebSite","@id":"https:\/\/gremicafe.cat\/#website","url":"https:\/\/gremicafe.cat\/","name":"Gremio del Caf\u00e9, tostadores de Catalu\u00f1a","description":"Web oficial del gremio de tostadores de caf\u00e9 de Catalunya","publisher":{"@id":"https:\/\/gremicafe.cat\/#organization"},"potentialAction":[{"@type":"SearchAction","target":{"@type":"EntryPoint","urlTemplate":"https:\/\/gremicafe.cat\/?s={search_term_string}"},"query-input":{"@type":"PropertyValueSpecification","valueRequired":true,"valueName":"search_term_string"}}],"inLanguage":"es"},{"@type":"Organization","@id":"https:\/\/gremicafe.cat\/#organization","name":"Gremio del Caf\u00e9, Tostadores de Catalu\u00f1a","url":"https:\/\/gremicafe.cat\/","logo":{"@type":"ImageObject","inLanguage":"es","@id":"https:\/\/gremicafe.cat\/#\/schema\/logo\/image\/","url":"https:\/\/gremicafe.cat\/wp-content\/uploads\/2018\/03\/gremicafe-logo250.png","contentUrl":"https:\/\/gremicafe.cat\/wp-content\/uploads\/2018\/03\/gremicafe-logo250.png","width":250,"height":49,"caption":"Gremi del Caf\u00e8, Torradors de Catalunya"},"image":{"@id":"https:\/\/gremicafe.cat\/#\/schema\/logo\/image\/"},"sameAs":["https:\/\/www.facebook.com\/gremicafecat","https:\/\/x.com\/gremicafecat","https:\/\/www.instagram.com\/gremicafecat\/","https:\/\/www.pinterest.es\/gremicafecat\/","https:\/\/www.youtube.com\/channel\/UCGLo5Y35vLwLvP4FrPZrCrw\/"]},{"@type":"Person","@id":"https:\/\/gremicafe.cat\/#\/schema\/person\/dabfdbb3d0fa36260855a380f94e4733","name":"gremicafe","image":{"@type":"ImageObject","inLanguage":"es","@id":"https:\/\/gremicafe.cat\/#\/schema\/person\/image\/","url":"https:\/\/secure.gravatar.com\/avatar\/e59baa4ca8f6f97576d6375fb6d3c8f0?s=96&d=mm&r=g","contentUrl":"https:\/\/secure.gravatar.com\/avatar\/e59baa4ca8f6f97576d6375fb6d3c8f0?s=96&d=mm&r=g","caption":"gremicafe"}}]}},"_links":{"self":[{"href":"https:\/\/gremicafe.cat\/es\/wp-json\/wp\/v2\/posts\/7779"}],"collection":[{"href":"https:\/\/gremicafe.cat\/es\/wp-json\/wp\/v2\/posts"}],"about":[{"href":"https:\/\/gremicafe.cat\/es\/wp-json\/wp\/v2\/types\/post"}],"author":[{"embeddable":true,"href":"https:\/\/gremicafe.cat\/es\/wp-json\/wp\/v2\/users\/1"}],"replies":[{"embeddable":true,"href":"https:\/\/gremicafe.cat\/es\/wp-json\/wp\/v2\/comments?post=7779"}],"version-history":[{"count":0,"href":"https:\/\/gremicafe.cat\/es\/wp-json\/wp\/v2\/posts\/7779\/revisions"}],"wp:featuredmedia":[{"embeddable":true,"href":"https:\/\/gremicafe.cat\/es\/wp-json\/wp\/v2\/media\/7780"}],"wp:attachment":[{"href":"https:\/\/gremicafe.cat\/es\/wp-json\/wp\/v2\/media?parent=7779"}],"wp:term":[{"taxonomy":"category","embeddable":true,"href":"https:\/\/gremicafe.cat\/es\/wp-json\/wp\/v2\/categories?post=7779"},{"taxonomy":"post_tag","embeddable":true,"href":"https:\/\/gremicafe.cat\/es\/wp-json\/wp\/v2\/tags?post=7779"}],"curies":[{"name":"wp","href":"https:\/\/api.w.org\/{rel}","templated":true}]}}