{"id":7842,"date":"2025-05-14T19:23:45","date_gmt":"2025-05-14T17:23:45","guid":{"rendered":"https:\/\/gremicafe.cat\/?p=7842"},"modified":"2025-05-19T19:51:24","modified_gmt":"2025-05-19T17:51:24","slug":"el-gremi-del-cafe-de-catalunya-celebra-lassemblea-2025","status":"publish","type":"post","link":"https:\/\/gremicafe.cat\/es\/2025\/05\/14\/el-gremi-del-cafe-de-catalunya-celebra-lassemblea-2025\/","title":{"rendered":"El Gremio del Caf\u00e9 de Catalu\u00f1a celebra la Asamblea 2025 en el VINSEUM de Vilafranca del Pened\u00e8s."},"content":{"rendered":"<div id=\"ut-row-69f47d34290f3\" data-vc-full-width=\"true\" data-vc-full-width-init=\"false\" class=\"vc_row wpb_row vc_row-fluid vc_column-gap-0 ut-row-69f47d342910d\" ><div class=\"wpb_column vc_column_container vc_col-sm-12\" ><div id=\"ut_inner_column_69f47d3429ff9\" class=\"vc_column-inner\"><div class=\"wpb_wrapper\"><div  class=\"wpb_content_element   clearfix\"><style type=\"text\/css\" scoped>#ut_am_69f47d342ab51 { opacity: 1; }<\/style><div id=\"ut_am_wrap_69f47d342ab53\" class=\"ut-image-gallery-image\" style=\"text-align:left;\"><div class=\"ut-animated-image-item ut-image-gallery-item ut-animation-done\"><a class=\"ut-deactivated-link\" href=\"#\"><img loading=\"lazy\" decoding=\"async\" title=\"VINSEUM009\" id=\"ut_am_69f47d342ab51\" style=\"\" src=\"https:\/\/gremicafe.cat\/wp-content\/uploads\/2025\/05\/VINSEUM009.jpg\" width=\"1200\" height=\"900\" alt=\"Assemblea del Gremi de Torradors de Caf\u00e8 2025. VINSEUM. Vilafranca del Pened\u00e8s\"\/><\/a><\/div><\/div><\/div>\n\t<div class=\"wpb_text_column wpb_content_element\" >\n\t\t<div class=\"wpb_wrapper\">\n\t\t\t<p class=\"p1\"><span class=\"s1\"><b>El Gremio del Caf\u00e9 de Catalu\u00f1a celebra la Asamblea 2025 en el VINSEUM, museo de las culturas del vino, de Vilafranca del Pened\u00e8s.<\/b><b><\/b><\/span><\/p>\n<p class=\"p3\"><span class=\"s1\">El pasado 14 de mayo se celebr\u00f3 el<strong>Asamblea del Gremio del Caf\u00e9 de Catalu\u00f1a<\/strong> en las instalaciones del prestigioso museo <strong>VINSEUM de Vilafranca del Pened\u00e8s<\/strong>. <\/span><span class=\"s1\">La jornada comenz\u00f3 con una c\u00e1lida bienvenida por parte de <\/span><span class=\"s2\"><b>Joan Terrades<\/b><\/span><span class=\"s1\">, <\/span><span class=\"s2\"><b>presidente de VINSEUM<\/b><\/span><span class=\"s1\">, en los tostadores miembros Gremi del Caf\u00e9 venidos de toda Catalunya. <\/span><\/p>\n<p class=\"p3\"><span class=\"s1\">Uno de los puntos m\u00e1s relevantes del orden del d\u00eda fue el cambio de presidente del Gremi del Caf\u00e9. El <strong>presidente saliente, Carlos Gotor<\/strong>, de Caf\u00e9s Bou, dio la bienvenida al <strong>presidente entrante Ra\u00fcl Pont<\/strong>, de Caf\u00e8s Pont, quien expres\u00f3 su satisfacci\u00f3n al presidir la entidad.<\/span><\/p>\n<p class=\"p3\"><span class=\"s1\">Despu\u00e9s de la Asamblea, los asistentes disfrutaron de una deliciosa comida en el prestigioso restaurante del Pened\u00e8s. <strong>El Garbanzo de Oro<\/strong>. Esta comida fue una oportunidad para compartir experiencias, establecer contactos y celebrar la diversidad y calidad de los productos aut\u00f3ctonos, entre los que se encontraba el <strong>Gallo del Pened\u00e8s<\/strong>, y de los <strong>vinos de la DO Pened\u00e8s<\/strong>.<\/span><\/p>\n<p class=\"p3\"><span class=\"s1\">Adem\u00e1s, la Asamblea del Gremio del Caf\u00e9 de Catalunya organiz\u00f3 una visita especial al VINSEUM, museo de las culturas del vino, aprovechando su reapertura en noviembre lassado, de la mano de lo que ha sido presidente de la entidad y \u00e1nimo del museo <strong>Joan Terrades<\/strong>, que hizo vivir el mundo del vino a todos los asistentes con la pasi\u00f3n que le caracteriza, recordando que el VINSEM es el <strong>Mejor Museo del vino de Europa 2024<\/strong> (y del mundo podemos precisar), galard\u00f3n que anualmente otorga la red de propuestas enotur\u00edsticas Inter Vitis, gestionada por el Consejo de Europa.<\/span><\/p>\n<p class=\"p3\"><span class=\"s1\">Para m\u00e1s informaci\u00f3n lee el comunicado de prensa.<\/span><\/p>\n\n\t\t<\/div>\n\t<\/div>\n<\/div><\/div><\/div><\/div><div class=\"vc_row-full-width vc_clearfix\"><\/div><div id=\"ut-row-69f47d342b626\" data-vc-full-width=\"true\" data-vc-full-width-init=\"false\" class=\"vc_row wpb_row vc_row-fluid vc_column-gap-0 ut-row-69f47d342b639\" ><div class=\"wpb_column vc_column_container vc_col-sm-6\" ><div id=\"ut_inner_column_69f47d342bc80\" class=\"vc_column-inner\"><div class=\"wpb_wrapper\"><div  class=\"wpb_content_element   clearfix\"><style type=\"text\/css\" scoped>#ut_am_69f47d342c62a { opacity: 1; }<\/style><div id=\"ut_am_wrap_69f47d342c62c\" class=\"ut-image-gallery-image\" style=\"text-align:left;\"><div class=\"ut-animated-image-item ut-image-gallery-item ut-animation-done\"><a data-exthumbimage=\"https:\/\/gremicafe.cat\/wp-content\/uploads\/2025\/05\/VINSEUM006-150x150.jpg\" href=\"https:\/\/gremicafe.cat\/wp-content\/uploads\/2025\/05\/VINSEUM006-960x720.jpg\" class=\"ut-vc-images-lightbox\"><img loading=\"lazy\" decoding=\"async\" title=\"VINSEUM006\" id=\"ut_am_69f47d342c62a\" style=\"\" src=\"https:\/\/gremicafe.cat\/wp-content\/uploads\/2025\/05\/VINSEUM006.jpg\" width=\"1200\" height=\"900\" alt=\"Assemblea del Gremi de Torradors de Caf\u00e8 2025. VINSEUM. Vilafranca del Pened\u00e8s\"\/><\/a><\/div><\/div><\/div><\/div><\/div><\/div><div class=\"wpb_column vc_column_container vc_col-sm-6\" ><div id=\"ut_inner_column_69f47d342c9aa\" class=\"vc_column-inner\"><div class=\"wpb_wrapper\"><div  class=\"wpb_content_element   clearfix\"><style type=\"text\/css\" scoped>#ut_am_69f47d342d17f { opacity: 1; }<\/style><div id=\"ut_am_wrap_69f47d342d181\" class=\"ut-image-gallery-image\" style=\"text-align:left;\"><div class=\"ut-animated-image-item ut-image-gallery-item ut-animation-done\"><a data-exthumbimage=\"https:\/\/gremicafe.cat\/wp-content\/uploads\/2025\/05\/VINSEUM004-150x150.jpg\" href=\"https:\/\/gremicafe.cat\/wp-content\/uploads\/2025\/05\/VINSEUM004-960x720.jpg\" class=\"ut-vc-images-lightbox\"><img loading=\"lazy\" decoding=\"async\" title=\"VINSEUM004\" id=\"ut_am_69f47d342d17f\" style=\"\" src=\"https:\/\/gremicafe.cat\/wp-content\/uploads\/2025\/05\/VINSEUM004.jpg\" width=\"1200\" height=\"900\" alt=\"Assemblea del Gremi de Torradors de Caf\u00e8 2025. VINSEUM. Vilafranca del Pened\u00e8s\"\/><\/a><\/div><\/div><\/div><\/div><\/div><\/div><\/div><div class=\"vc_row-full-width vc_clearfix\"><\/div><div id=\"ut-row-69f47d342d890\" data-vc-full-width=\"true\" data-vc-full-width-init=\"false\" class=\"vc_row wpb_row vc_row-fluid vc_column-gap-0 ut-row-69f47d342d8a1\" ><div class=\"wpb_column vc_column_container vc_col-sm-6\" ><div id=\"ut_inner_column_69f47d342ddb5\" class=\"vc_column-inner\"><div class=\"wpb_wrapper\"><div  class=\"wpb_content_element   clearfix\"><style type=\"text\/css\" scoped>#ut_am_69f47d342e608 { opacity: 1; }<\/style><div id=\"ut_am_wrap_69f47d342e60a\" class=\"ut-image-gallery-image\" style=\"text-align:left;\"><div class=\"ut-animated-image-item ut-image-gallery-item ut-animation-done\"><a data-exthumbimage=\"https:\/\/gremicafe.cat\/wp-content\/uploads\/2025\/05\/VINSEUM008-150x150.jpg\" href=\"https:\/\/gremicafe.cat\/wp-content\/uploads\/2025\/05\/VINSEUM008-895x720.jpg\" class=\"ut-vc-images-lightbox\"><img loading=\"lazy\" decoding=\"async\" title=\"VINSEUM008\" id=\"ut_am_69f47d342e608\" style=\"\" src=\"https:\/\/gremicafe.cat\/wp-content\/uploads\/2025\/05\/VINSEUM008.jpg\" width=\"1200\" height=\"965\" alt=\"Assemblea del Gremi de Torradors de Caf\u00e8 2025. VINSEUM. Vilafranca del Pened\u00e8s\"\/><\/a><div class=\"ut-gallery-slider-caption\">Obsequio del libro &quot;El Cafe en Catalu\u00f1a&quot; en Joan Terrades. Asamblea del Gremio de Tostadores de Caf\u00e9 2025. VINSEUM. Vilafranca del Pened\u00e8s<\/div><\/div><\/div><\/div><\/div><\/div><\/div><div class=\"wpb_column vc_column_container vc_col-sm-6\" ><div id=\"ut_inner_column_69f47d342ea02\" class=\"vc_column-inner\"><div class=\"wpb_wrapper\"><div  class=\"wpb_content_element   clearfix\"><style type=\"text\/css\" scoped>#ut_am_69f47d342f0fe { opacity: 1; }<\/style><div id=\"ut_am_wrap_69f47d342f0ff\" class=\"ut-image-gallery-image\" style=\"text-align:left;\"><div class=\"ut-animated-image-item ut-image-gallery-item ut-animation-done\"><a data-exthumbimage=\"https:\/\/gremicafe.cat\/wp-content\/uploads\/2025\/05\/VINSEUM007-150x150.jpg\" href=\"https:\/\/gremicafe.cat\/wp-content\/uploads\/2025\/05\/VINSEUM007-960x720.jpg\" class=\"ut-vc-images-lightbox\"><img loading=\"lazy\" decoding=\"async\" title=\"VINSEUM007\" id=\"ut_am_69f47d342f0fe\" style=\"\" src=\"https:\/\/gremicafe.cat\/wp-content\/uploads\/2025\/05\/VINSEUM007.jpg\" width=\"1200\" height=\"900\" alt=\"Assemblea del Gremi de Torradors de Caf\u00e8 2025. VINSEUM. Vilafranca del Pened\u00e8s\"\/><\/a><\/div><\/div><\/div><\/div><\/div><\/div><\/div><div class=\"vc_row-full-width vc_clearfix\"><\/div><div id=\"ut-row-69f47d342f652\" data-vc-full-width=\"true\" data-vc-full-width-init=\"false\" class=\"vc_row wpb_row vc_row-fluid vc_column-gap-0 ut-row-69f47d342f65d\" ><div class=\"wpb_column vc_column_container vc_col-sm-12\" ><div id=\"ut_inner_column_69f47d342f9a2\" class=\"vc_column-inner\"><div class=\"wpb_wrapper\"><div  class=\"wpb_content_element   clearfix\"><style type=\"text\/css\" scoped>#ut_am_69f47d342ffe6 { opacity: 1; }<\/style><div id=\"ut_am_wrap_69f47d342ffe7\" class=\"ut-image-gallery-image\" style=\"text-align:left;\"><div class=\"ut-animated-image-item ut-image-gallery-item ut-animation-done\"><a data-exthumbimage=\"https:\/\/gremicafe.cat\/wp-content\/uploads\/2025\/05\/VINSEUM002-150x150.jpg\" href=\"https:\/\/gremicafe.cat\/wp-content\/uploads\/2025\/05\/VINSEUM002-960x720.jpg\" class=\"ut-vc-images-lightbox\"><img loading=\"lazy\" decoding=\"async\" title=\"VINSEUM002\" id=\"ut_am_69f47d342ffe6\" style=\"\" src=\"https:\/\/gremicafe.cat\/wp-content\/uploads\/2025\/05\/VINSEUM002.jpg\" width=\"1200\" height=\"900\" alt=\"Assemblea del Gremi de Torradors de Caf\u00e8 2025. VINSEUM. Vilafranca del Pened\u00e8s\"\/><\/a><\/div><\/div><\/div><\/div><\/div><\/div><\/div><div class=\"vc_row-full-width vc_clearfix\"><\/div><div id=\"ut-row-69f47d34304c6\" data-vc-full-width=\"true\" data-vc-full-width-init=\"false\" class=\"vc_row wpb_row vc_row-fluid vc_column-gap-0 ut-row-69f47d34304d1\" ><div class=\"wpb_column vc_column_container vc_col-sm-6\" ><div id=\"ut_inner_column_69f47d3430806\" class=\"vc_column-inner\"><div class=\"wpb_wrapper\"><div  class=\"wpb_content_element   clearfix\"><style type=\"text\/css\" scoped>#ut_am_69f47d3430de7 { opacity: 1; }<\/style><div id=\"ut_am_wrap_69f47d3430de8\" class=\"ut-image-gallery-image\" style=\"text-align:left;\"><div class=\"ut-animated-image-item ut-image-gallery-item ut-animation-done\"><a data-exthumbimage=\"https:\/\/gremicafe.cat\/wp-content\/uploads\/2025\/05\/VINSEUM001-150x150.jpg\" href=\"https:\/\/gremicafe.cat\/wp-content\/uploads\/2025\/05\/VINSEUM001-960x720.jpg\" class=\"ut-vc-images-lightbox\"><img loading=\"lazy\" decoding=\"async\" title=\"VINSEUM001\" id=\"ut_am_69f47d3430de7\" style=\"\" src=\"https:\/\/gremicafe.cat\/wp-content\/uploads\/2025\/05\/VINSEUM001.jpg\" width=\"1200\" height=\"900\" alt=\"Assemblea del Gremi de Torradors de Caf\u00e8 2025. VINSEUM. Vilafranca del Pened\u00e8s\"\/><\/a><\/div><\/div><\/div><\/div><\/div><\/div><div class=\"wpb_column vc_column_container vc_col-sm-6\" ><div id=\"ut_inner_column_69f47d34310a8\" class=\"vc_column-inner\"><div class=\"wpb_wrapper\"><div  class=\"wpb_content_element   clearfix\"><style type=\"text\/css\" scoped>#ut_am_69f47d3431657 { opacity: 1; }<\/style><div id=\"ut_am_wrap_69f47d3431659\" class=\"ut-image-gallery-image\" style=\"text-align:left;\"><div class=\"ut-animated-image-item ut-image-gallery-item ut-animation-done\"><a data-exthumbimage=\"https:\/\/gremicafe.cat\/wp-content\/uploads\/2025\/05\/VINSEUM003-150x150.jpg\" href=\"https:\/\/gremicafe.cat\/wp-content\/uploads\/2025\/05\/VINSEUM003-960x720.jpg\" class=\"ut-vc-images-lightbox\"><img loading=\"lazy\" decoding=\"async\" title=\"VINSEUM003\" id=\"ut_am_69f47d3431657\" style=\"\" src=\"https:\/\/gremicafe.cat\/wp-content\/uploads\/2025\/05\/VINSEUM003.jpg\" width=\"1200\" height=\"900\" alt=\"\"\/><\/a><\/div><\/div><\/div><\/div><\/div><\/div><\/div><div class=\"vc_row-full-width vc_clearfix\"><\/div><div id=\"ut-row-69f47d3431b3f\" data-vc-full-width=\"true\" data-vc-full-width-init=\"false\" class=\"vc_row wpb_row vc_row-fluid vc_column-gap-0 ut-row-69f47d3431b49\" ><div class=\"wpb_column vc_column_container vc_col-sm-6\" ><div id=\"ut_inner_column_69f47d3431e88\" class=\"vc_column-inner\"><div class=\"wpb_wrapper\"><div  class=\"wpb_content_element   clearfix\"><style type=\"text\/css\" scoped>#ut_am_69f47d34324c4 { opacity: 1; }<\/style><div id=\"ut_am_wrap_69f47d34324c5\" class=\"ut-image-gallery-image\" style=\"text-align:left;\"><div class=\"ut-animated-image-item ut-image-gallery-item ut-animation-done\"><a data-exthumbimage=\"https:\/\/gremicafe.cat\/wp-content\/uploads\/2025\/05\/VINSEUM011-150x150.jpg\" href=\"https:\/\/gremicafe.cat\/wp-content\/uploads\/2025\/05\/VINSEUM011-540x720.jpg\" class=\"ut-vc-images-lightbox\"><img loading=\"lazy\" decoding=\"async\" title=\"VINSEUM011\" id=\"ut_am_69f47d34324c4\" style=\"\" src=\"https:\/\/gremicafe.cat\/wp-content\/uploads\/2025\/05\/VINSEUM011.jpg\" width=\"900\" height=\"1200\" alt=\"Assemblea del Gremi de Torradors de Caf\u00e8 2025. VINSEUM. Vilafranca del Pened\u00e8s\"\/><\/a><\/div><\/div><\/div><\/div><\/div><\/div><div class=\"wpb_column vc_column_container vc_col-sm-6\" ><div id=\"ut_inner_column_69f47d343275f\" class=\"vc_column-inner\"><div class=\"wpb_wrapper\"><div  class=\"wpb_content_element   clearfix\"><style type=\"text\/css\" scoped>#ut_am_69f47d3432d01 { opacity: 1; }<\/style><div id=\"ut_am_wrap_69f47d3432d03\" class=\"ut-image-gallery-image\" style=\"text-align:left;\"><div class=\"ut-animated-image-item ut-image-gallery-item ut-animation-done\"><a data-exthumbimage=\"https:\/\/gremicafe.cat\/wp-content\/uploads\/2025\/05\/VINSEUM012-150x150.jpg\" href=\"https:\/\/gremicafe.cat\/wp-content\/uploads\/2025\/05\/VINSEUM012-540x720.jpg\" class=\"ut-vc-images-lightbox\"><img loading=\"lazy\" decoding=\"async\" title=\"VINSEUM012\" id=\"ut_am_69f47d3432d01\" style=\"\" src=\"https:\/\/gremicafe.cat\/wp-content\/uploads\/2025\/05\/VINSEUM012.jpg\" width=\"900\" height=\"1200\" alt=\"Assemblea del Gremi de Torradors de Caf\u00e8 2025. VINSEUM. Vilafranca del Pened\u00e8s\"\/><\/a><\/div><\/div><\/div><\/div><\/div><\/div><\/div><div class=\"vc_row-full-width vc_clearfix\"><\/div><div id=\"ut-row-69f47d343316b\" data-vc-full-width=\"true\" data-vc-full-width-init=\"false\" class=\"vc_row wpb_row vc_row-fluid vc_column-gap-0 ut-row-69f47d3433176\" ><div class=\"wpb_column vc_column_container vc_col-sm-12\" ><div id=\"ut_inner_column_69f47d3433464\" class=\"vc_column-inner\"><div class=\"wpb_wrapper\"><div  class=\"wpb_content_element   clearfix\"><style type=\"text\/css\" scoped>#ut_am_69f47d3433a95 { opacity: 1; }<\/style><div id=\"ut_am_wrap_69f47d3433a96\" class=\"ut-image-gallery-image\" style=\"text-align:left;\"><div class=\"ut-animated-image-item ut-image-gallery-item ut-animation-done\"><a data-exthumbimage=\"https:\/\/gremicafe.cat\/wp-content\/uploads\/2025\/05\/VINSEUM010-150x150.jpg\" href=\"https:\/\/gremicafe.cat\/wp-content\/uploads\/2025\/05\/VINSEUM010-960x720.jpg\" class=\"ut-vc-images-lightbox\"><img loading=\"lazy\" decoding=\"async\" title=\"VINSEUM010\" id=\"ut_am_69f47d3433a95\" style=\"\" src=\"https:\/\/gremicafe.cat\/wp-content\/uploads\/2025\/05\/VINSEUM010.jpg\" width=\"1200\" height=\"900\" alt=\"Assemblea del Gremi de Torradors de Caf\u00e8 2025. VINSEUM. Vilafranca del Pened\u00e8s\"\/><\/a><\/div><\/div><\/div><\/div><\/div><\/div><\/div><div class=\"vc_row-full-width vc_clearfix\"><\/div>","protected":false},"excerpt":{"rendered":"#ut_am_69f47d3434aae { opacity: 1; } El Gremi del Caf\u00e8 de Catalunya celebra l'Assemblea 2025 al\u00a0VINSEUM, museu de les cultures del vi, de Vilafranca del Pened\u00e8s. El passat 14 de maig es va celebrar l'Assemblea del Gremi del Caf\u00e8 de Catalunya a les instal\u00b7lacions del prestigi\u00f3s museu VINSEUM\u00a0de Vilafranca del Pened\u00e8s. La jornada va comen\u00e7ar amb [...]","protected":false},"author":1,"featured_media":7838,"comment_status":"closed","ping_status":"open","sticky":false,"template":"","format":"standard","meta":{"_acf_changed":false,"inline_featured_image":false,"footnotes":""},"categories":[1],"tags":[148,149,145,146],"class_list":["post-7842","post","type-post","status-publish","format-standard","has-post-thumbnail","hentry","category-noticies","tag-do-penedes","tag-gall-del-penedes","tag-vilafranca-del-penedes","tag-vinseum"],"acf":[],"yoast_head":"<!-- This site is optimized with the Yoast SEO plugin v25.5 - https:\/\/yoast.com\/wordpress\/plugins\/seo\/ -->\n<title>El Gremi del Caf\u00e8 de Catalunya celebra l&#039;Assemblea 2025 al\u00a0VINSEUM de Vilafranca del Pened\u00e8s. - Gremi del Caf\u00e8, torradors de Catalunya<\/title>\n<meta name=\"description\" content=\"El passat 14 de maig es va celebrar l&#039;Assemblea del Gremi del Caf\u00e8 de Catalunya a les instal\u00b7lacions del prestigi\u00f3s museu VINSEUM\u00a0de Vilafranca del Pened\u00e8s. La jornada va comen\u00e7ar amb una c\u00e0lida benvinguda per part de Joan Terrades, president de\u00a0VINSEUM, als torradors membres Gremi del Caf\u00e8 vinguts de tota Catalunya.\" \/>\n<meta name=\"robots\" content=\"index, follow, max-snippet:-1, max-image-preview:large, max-video-preview:-1\" \/>\n<link rel=\"canonical\" href=\"https:\/\/gremicafe.cat\/es\/2025\/05\/14\/el-gremi-del-cafe-de-catalunya-celebra-lassemblea-2025\/\" \/>\n<meta property=\"og:locale\" content=\"es_ES\" \/>\n<meta property=\"og:type\" content=\"article\" \/>\n<meta property=\"og:title\" content=\"El Gremi del Caf\u00e8 de Catalunya celebra l&#039;Assemblea 2025 al\u00a0VINSEUM de Vilafranca del Pened\u00e8s. - Gremi del Caf\u00e8, torradors de Catalunya\" \/>\n<meta property=\"og:description\" content=\"El passat 14 de maig es va celebrar l&#039;Assemblea del Gremi del Caf\u00e8 de Catalunya a les instal\u00b7lacions del prestigi\u00f3s museu VINSEUM\u00a0de Vilafranca del Pened\u00e8s. La jornada va comen\u00e7ar amb una c\u00e0lida benvinguda per part de Joan Terrades, president de\u00a0VINSEUM, als torradors membres Gremi del Caf\u00e8 vinguts de tota Catalunya.\" \/>\n<meta property=\"og:url\" content=\"https:\/\/gremicafe.cat\/es\/2025\/05\/14\/el-gremi-del-cafe-de-catalunya-celebra-lassemblea-2025\/\" \/>\n<meta property=\"og:site_name\" content=\"Gremi del Caf\u00e8, torradors de Catalunya\" \/>\n<meta property=\"article:publisher\" content=\"https:\/\/www.facebook.com\/gremicafecat\" \/>\n<meta property=\"article:published_time\" content=\"2025-05-14T17:23:45+00:00\" \/>\n<meta property=\"article:modified_time\" content=\"2025-05-19T17:51:24+00:00\" \/>\n<meta property=\"og:image\" content=\"https:\/\/gremicafe.cat\/wp-content\/uploads\/2025\/05\/VINSEUM009.jpg\" \/>\n\t<meta property=\"og:image:width\" content=\"1200\" \/>\n\t<meta property=\"og:image:height\" content=\"900\" \/>\n\t<meta property=\"og:image:type\" content=\"image\/jpeg\" \/>\n<meta name=\"author\" content=\"gremicafe\" \/>\n<meta name=\"twitter:card\" content=\"summary_large_image\" \/>\n<meta name=\"twitter:creator\" content=\"@gremicafecat\" \/>\n<meta name=\"twitter:site\" content=\"@gremicafecat\" \/>\n<meta name=\"twitter:label1\" content=\"Escrito por\" \/>\n\t<meta name=\"twitter:data1\" content=\"gremicafe\" \/>\n\t<meta name=\"twitter:label2\" content=\"Tiempo de lectura\" \/>\n\t<meta name=\"twitter:data2\" content=\"2 minutos\" \/>\n<script type=\"application\/ld+json\" class=\"yoast-schema-graph\">{\"@context\":\"https:\/\/schema.org\",\"@graph\":[{\"@type\":\"Article\",\"@id\":\"https:\/\/gremicafe.cat\/2025\/05\/14\/el-gremi-del-cafe-de-catalunya-celebra-lassemblea-2025\/#article\",\"isPartOf\":{\"@id\":\"https:\/\/gremicafe.cat\/2025\/05\/14\/el-gremi-del-cafe-de-catalunya-celebra-lassemblea-2025\/\"},\"author\":{\"name\":\"gremicafe\",\"@id\":\"https:\/\/gremicafe.cat\/#\/schema\/person\/dabfdbb3d0fa36260855a380f94e4733\"},\"headline\":\"El Gremi del Caf\u00e8 de Catalunya celebra l&#8217;Assemblea 2025 al\u00a0VINSEUM de Vilafranca del Pened\u00e8s.\",\"datePublished\":\"2025-05-14T17:23:45+00:00\",\"dateModified\":\"2025-05-19T17:51:24+00:00\",\"mainEntityOfPage\":{\"@id\":\"https:\/\/gremicafe.cat\/2025\/05\/14\/el-gremi-del-cafe-de-catalunya-celebra-lassemblea-2025\/\"},\"wordCount\":498,\"publisher\":{\"@id\":\"https:\/\/gremicafe.cat\/#organization\"},\"image\":{\"@id\":\"https:\/\/gremicafe.cat\/2025\/05\/14\/el-gremi-del-cafe-de-catalunya-celebra-lassemblea-2025\/#primaryimage\"},\"thumbnailUrl\":\"https:\/\/gremicafe.cat\/wp-content\/uploads\/2025\/05\/VINSEUM009.jpg\",\"keywords\":[\"DO Penedes\",\"Gall del Pened\u00e8s\",\"Vilafranca del Pened\u00e8s\",\"Vinseum\"],\"articleSection\":[\"Not\u00edcies\"],\"inLanguage\":\"es\"},{\"@type\":\"WebPage\",\"@id\":\"https:\/\/gremicafe.cat\/2025\/05\/14\/el-gremi-del-cafe-de-catalunya-celebra-lassemblea-2025\/\",\"url\":\"https:\/\/gremicafe.cat\/2025\/05\/14\/el-gremi-del-cafe-de-catalunya-celebra-lassemblea-2025\/\",\"name\":\"El Gremi del Caf\u00e8 de Catalunya celebra l'Assemblea 2025 al\u00a0VINSEUM de Vilafranca del Pened\u00e8s. - Gremi del Caf\u00e8, torradors de Catalunya\",\"isPartOf\":{\"@id\":\"https:\/\/gremicafe.cat\/#website\"},\"primaryImageOfPage\":{\"@id\":\"https:\/\/gremicafe.cat\/2025\/05\/14\/el-gremi-del-cafe-de-catalunya-celebra-lassemblea-2025\/#primaryimage\"},\"image\":{\"@id\":\"https:\/\/gremicafe.cat\/2025\/05\/14\/el-gremi-del-cafe-de-catalunya-celebra-lassemblea-2025\/#primaryimage\"},\"thumbnailUrl\":\"https:\/\/gremicafe.cat\/wp-content\/uploads\/2025\/05\/VINSEUM009.jpg\",\"datePublished\":\"2025-05-14T17:23:45+00:00\",\"dateModified\":\"2025-05-19T17:51:24+00:00\",\"description\":\"El passat 14 de maig es va celebrar l'Assemblea del Gremi del Caf\u00e8 de Catalunya a les instal\u00b7lacions del prestigi\u00f3s museu VINSEUM\u00a0de Vilafranca del Pened\u00e8s. La jornada va comen\u00e7ar amb una c\u00e0lida benvinguda per part de Joan Terrades, president de\u00a0VINSEUM, als torradors membres Gremi del Caf\u00e8 vinguts de tota Catalunya.\",\"breadcrumb\":{\"@id\":\"https:\/\/gremicafe.cat\/2025\/05\/14\/el-gremi-del-cafe-de-catalunya-celebra-lassemblea-2025\/#breadcrumb\"},\"inLanguage\":\"es\",\"potentialAction\":[{\"@type\":\"ReadAction\",\"target\":[\"https:\/\/gremicafe.cat\/2025\/05\/14\/el-gremi-del-cafe-de-catalunya-celebra-lassemblea-2025\/\"]}]},{\"@type\":\"ImageObject\",\"inLanguage\":\"es\",\"@id\":\"https:\/\/gremicafe.cat\/2025\/05\/14\/el-gremi-del-cafe-de-catalunya-celebra-lassemblea-2025\/#primaryimage\",\"url\":\"https:\/\/gremicafe.cat\/wp-content\/uploads\/2025\/05\/VINSEUM009.jpg\",\"contentUrl\":\"https:\/\/gremicafe.cat\/wp-content\/uploads\/2025\/05\/VINSEUM009.jpg\",\"width\":1200,\"height\":900,\"caption\":\"Assemblea del Gremi de Torradors de Caf\u00e8 2025. VINSEUM. Vilafranca del Pened\u00e8s\"},{\"@type\":\"BreadcrumbList\",\"@id\":\"https:\/\/gremicafe.cat\/2025\/05\/14\/el-gremi-del-cafe-de-catalunya-celebra-lassemblea-2025\/#breadcrumb\",\"itemListElement\":[{\"@type\":\"ListItem\",\"position\":1,\"name\":\"Inici\",\"item\":\"https:\/\/gremicafe.cat\/\"},{\"@type\":\"ListItem\",\"position\":2,\"name\":\"El Gremi del Caf\u00e8 de Catalunya celebra l&#8217;Assemblea 2025 al\u00a0VINSEUM de Vilafranca del Pened\u00e8s.\"}]},{\"@type\":\"WebSite\",\"@id\":\"https:\/\/gremicafe.cat\/#website\",\"url\":\"https:\/\/gremicafe.cat\/\",\"name\":\"Gremi del Caf\u00e8, torradors de Catalunya\",\"description\":\"Web oficial del gremi de torradors de caf\u00e8 de Catalunya\",\"publisher\":{\"@id\":\"https:\/\/gremicafe.cat\/#organization\"},\"potentialAction\":[{\"@type\":\"SearchAction\",\"target\":{\"@type\":\"EntryPoint\",\"urlTemplate\":\"https:\/\/gremicafe.cat\/?s={search_term_string}\"},\"query-input\":{\"@type\":\"PropertyValueSpecification\",\"valueRequired\":true,\"valueName\":\"search_term_string\"}}],\"inLanguage\":\"es\"},{\"@type\":\"Organization\",\"@id\":\"https:\/\/gremicafe.cat\/#organization\",\"name\":\"Gremi del Caf\u00e8, Torradors de Catalunya\",\"url\":\"https:\/\/gremicafe.cat\/\",\"logo\":{\"@type\":\"ImageObject\",\"inLanguage\":\"es\",\"@id\":\"https:\/\/gremicafe.cat\/#\/schema\/logo\/image\/\",\"url\":\"https:\/\/gremicafe.cat\/wp-content\/uploads\/2018\/03\/gremicafe-logo250.png\",\"contentUrl\":\"https:\/\/gremicafe.cat\/wp-content\/uploads\/2018\/03\/gremicafe-logo250.png\",\"width\":250,\"height\":49,\"caption\":\"Gremi del Caf\u00e8, Torradors de Catalunya\"},\"image\":{\"@id\":\"https:\/\/gremicafe.cat\/#\/schema\/logo\/image\/\"},\"sameAs\":[\"https:\/\/www.facebook.com\/gremicafecat\",\"https:\/\/x.com\/gremicafecat\",\"https:\/\/www.instagram.com\/gremicafecat\/\",\"https:\/\/www.pinterest.es\/gremicafecat\/\",\"https:\/\/www.youtube.com\/channel\/UCGLo5Y35vLwLvP4FrPZrCrw\/\"]},{\"@type\":\"Person\",\"@id\":\"https:\/\/gremicafe.cat\/#\/schema\/person\/dabfdbb3d0fa36260855a380f94e4733\",\"name\":\"gremicafe\",\"image\":{\"@type\":\"ImageObject\",\"inLanguage\":\"es\",\"@id\":\"https:\/\/gremicafe.cat\/#\/schema\/person\/image\/\",\"url\":\"https:\/\/secure.gravatar.com\/avatar\/e59baa4ca8f6f97576d6375fb6d3c8f0?s=96&d=mm&r=g\",\"contentUrl\":\"https:\/\/secure.gravatar.com\/avatar\/e59baa4ca8f6f97576d6375fb6d3c8f0?s=96&d=mm&r=g\",\"caption\":\"gremicafe\"}}]}<\/script>\n<!-- \/ Yoast SEO plugin. -->","yoast_head_json":{"title":"El Gremi del Caf\u00e8 de Catalunya celebra l'Assemblea 2025 al\u00a0VINSEUM de Vilafranca del Pened\u00e8s. - Gremi del Caf\u00e8, torradors de Catalunya","description":"El passat 14 de maig es va celebrar l'Assemblea del Gremi del Caf\u00e8 de Catalunya a les instal\u00b7lacions del prestigi\u00f3s museu VINSEUM\u00a0de Vilafranca del Pened\u00e8s. La jornada va comen\u00e7ar amb una c\u00e0lida benvinguda per part de Joan Terrades, president de\u00a0VINSEUM, als torradors membres Gremi del Caf\u00e8 vinguts de tota Catalunya.","robots":{"index":"index","follow":"follow","max-snippet":"max-snippet:-1","max-image-preview":"max-image-preview:large","max-video-preview":"max-video-preview:-1"},"canonical":"https:\/\/gremicafe.cat\/es\/2025\/05\/14\/el-gremi-del-cafe-de-catalunya-celebra-lassemblea-2025\/","og_locale":"es_ES","og_type":"article","og_title":"El Gremi del Caf\u00e8 de Catalunya celebra l'Assemblea 2025 al\u00a0VINSEUM de Vilafranca del Pened\u00e8s. - Gremi del Caf\u00e8, torradors de Catalunya","og_description":"El passat 14 de maig es va celebrar l'Assemblea del Gremi del Caf\u00e8 de Catalunya a les instal\u00b7lacions del prestigi\u00f3s museu VINSEUM\u00a0de Vilafranca del Pened\u00e8s. La jornada va comen\u00e7ar amb una c\u00e0lida benvinguda per part de Joan Terrades, president de\u00a0VINSEUM, als torradors membres Gremi del Caf\u00e8 vinguts de tota Catalunya.","og_url":"https:\/\/gremicafe.cat\/es\/2025\/05\/14\/el-gremi-del-cafe-de-catalunya-celebra-lassemblea-2025\/","og_site_name":"Gremi del Caf\u00e8, torradors de Catalunya","article_publisher":"https:\/\/www.facebook.com\/gremicafecat","article_published_time":"2025-05-14T17:23:45+00:00","article_modified_time":"2025-05-19T17:51:24+00:00","og_image":[{"width":1200,"height":900,"url":"https:\/\/gremicafe.cat\/wp-content\/uploads\/2025\/05\/VINSEUM009.jpg","type":"image\/jpeg"}],"author":"gremicafe","twitter_card":"summary_large_image","twitter_creator":"@gremicafecat","twitter_site":"@gremicafecat","twitter_misc":{"Escrito por":"gremicafe","Tiempo de lectura":"2 minutos"},"schema":{"@context":"https:\/\/schema.org","@graph":[{"@type":"Article","@id":"https:\/\/gremicafe.cat\/2025\/05\/14\/el-gremi-del-cafe-de-catalunya-celebra-lassemblea-2025\/#article","isPartOf":{"@id":"https:\/\/gremicafe.cat\/2025\/05\/14\/el-gremi-del-cafe-de-catalunya-celebra-lassemblea-2025\/"},"author":{"name":"gremicafe","@id":"https:\/\/gremicafe.cat\/#\/schema\/person\/dabfdbb3d0fa36260855a380f94e4733"},"headline":"El Gremi del Caf\u00e8 de Catalunya celebra l&#8217;Assemblea 2025 al\u00a0VINSEUM de Vilafranca del Pened\u00e8s.","datePublished":"2025-05-14T17:23:45+00:00","dateModified":"2025-05-19T17:51:24+00:00","mainEntityOfPage":{"@id":"https:\/\/gremicafe.cat\/2025\/05\/14\/el-gremi-del-cafe-de-catalunya-celebra-lassemblea-2025\/"},"wordCount":498,"publisher":{"@id":"https:\/\/gremicafe.cat\/#organization"},"image":{"@id":"https:\/\/gremicafe.cat\/2025\/05\/14\/el-gremi-del-cafe-de-catalunya-celebra-lassemblea-2025\/#primaryimage"},"thumbnailUrl":"https:\/\/gremicafe.cat\/wp-content\/uploads\/2025\/05\/VINSEUM009.jpg","keywords":["DO Penedes","Gall del Pened\u00e8s","Vilafranca del Pened\u00e8s","Vinseum"],"articleSection":["Not\u00edcies"],"inLanguage":"es"},{"@type":"WebPage","@id":"https:\/\/gremicafe.cat\/2025\/05\/14\/el-gremi-del-cafe-de-catalunya-celebra-lassemblea-2025\/","url":"https:\/\/gremicafe.cat\/2025\/05\/14\/el-gremi-del-cafe-de-catalunya-celebra-lassemblea-2025\/","name":"El Gremi del Caf\u00e8 de Catalunya celebra l'Assemblea 2025 al\u00a0VINSEUM de Vilafranca del Pened\u00e8s. - Gremi del Caf\u00e8, torradors de Catalunya","isPartOf":{"@id":"https:\/\/gremicafe.cat\/#website"},"primaryImageOfPage":{"@id":"https:\/\/gremicafe.cat\/2025\/05\/14\/el-gremi-del-cafe-de-catalunya-celebra-lassemblea-2025\/#primaryimage"},"image":{"@id":"https:\/\/gremicafe.cat\/2025\/05\/14\/el-gremi-del-cafe-de-catalunya-celebra-lassemblea-2025\/#primaryimage"},"thumbnailUrl":"https:\/\/gremicafe.cat\/wp-content\/uploads\/2025\/05\/VINSEUM009.jpg","datePublished":"2025-05-14T17:23:45+00:00","dateModified":"2025-05-19T17:51:24+00:00","description":"El passat 14 de maig es va celebrar l'Assemblea del Gremi del Caf\u00e8 de Catalunya a les instal\u00b7lacions del prestigi\u00f3s museu VINSEUM\u00a0de Vilafranca del Pened\u00e8s. La jornada va comen\u00e7ar amb una c\u00e0lida benvinguda per part de Joan Terrades, president de\u00a0VINSEUM, als torradors membres Gremi del Caf\u00e8 vinguts de tota Catalunya.","breadcrumb":{"@id":"https:\/\/gremicafe.cat\/2025\/05\/14\/el-gremi-del-cafe-de-catalunya-celebra-lassemblea-2025\/#breadcrumb"},"inLanguage":"es","potentialAction":[{"@type":"ReadAction","target":["https:\/\/gremicafe.cat\/2025\/05\/14\/el-gremi-del-cafe-de-catalunya-celebra-lassemblea-2025\/"]}]},{"@type":"ImageObject","inLanguage":"es","@id":"https:\/\/gremicafe.cat\/2025\/05\/14\/el-gremi-del-cafe-de-catalunya-celebra-lassemblea-2025\/#primaryimage","url":"https:\/\/gremicafe.cat\/wp-content\/uploads\/2025\/05\/VINSEUM009.jpg","contentUrl":"https:\/\/gremicafe.cat\/wp-content\/uploads\/2025\/05\/VINSEUM009.jpg","width":1200,"height":900,"caption":"Assemblea del Gremi de Torradors de Caf\u00e8 2025. VINSEUM. Vilafranca del Pened\u00e8s"},{"@type":"BreadcrumbList","@id":"https:\/\/gremicafe.cat\/2025\/05\/14\/el-gremi-del-cafe-de-catalunya-celebra-lassemblea-2025\/#breadcrumb","itemListElement":[{"@type":"ListItem","position":1,"name":"Inici","item":"https:\/\/gremicafe.cat\/"},{"@type":"ListItem","position":2,"name":"El Gremi del Caf\u00e8 de Catalunya celebra l&#8217;Assemblea 2025 al\u00a0VINSEUM de Vilafranca del Pened\u00e8s."}]},{"@type":"WebSite","@id":"https:\/\/gremicafe.cat\/#website","url":"https:\/\/gremicafe.cat\/","name":"Gremio del Caf\u00e9, tostadores de Catalu\u00f1a","description":"Web oficial del gremio de tostadores de caf\u00e9 de Catalunya","publisher":{"@id":"https:\/\/gremicafe.cat\/#organization"},"potentialAction":[{"@type":"SearchAction","target":{"@type":"EntryPoint","urlTemplate":"https:\/\/gremicafe.cat\/?s={search_term_string}"},"query-input":{"@type":"PropertyValueSpecification","valueRequired":true,"valueName":"search_term_string"}}],"inLanguage":"es"},{"@type":"Organization","@id":"https:\/\/gremicafe.cat\/#organization","name":"Gremio del Caf\u00e9, Tostadores de Catalu\u00f1a","url":"https:\/\/gremicafe.cat\/","logo":{"@type":"ImageObject","inLanguage":"es","@id":"https:\/\/gremicafe.cat\/#\/schema\/logo\/image\/","url":"https:\/\/gremicafe.cat\/wp-content\/uploads\/2018\/03\/gremicafe-logo250.png","contentUrl":"https:\/\/gremicafe.cat\/wp-content\/uploads\/2018\/03\/gremicafe-logo250.png","width":250,"height":49,"caption":"Gremi del Caf\u00e8, Torradors de Catalunya"},"image":{"@id":"https:\/\/gremicafe.cat\/#\/schema\/logo\/image\/"},"sameAs":["https:\/\/www.facebook.com\/gremicafecat","https:\/\/x.com\/gremicafecat","https:\/\/www.instagram.com\/gremicafecat\/","https:\/\/www.pinterest.es\/gremicafecat\/","https:\/\/www.youtube.com\/channel\/UCGLo5Y35vLwLvP4FrPZrCrw\/"]},{"@type":"Person","@id":"https:\/\/gremicafe.cat\/#\/schema\/person\/dabfdbb3d0fa36260855a380f94e4733","name":"gremicafe","image":{"@type":"ImageObject","inLanguage":"es","@id":"https:\/\/gremicafe.cat\/#\/schema\/person\/image\/","url":"https:\/\/secure.gravatar.com\/avatar\/e59baa4ca8f6f97576d6375fb6d3c8f0?s=96&d=mm&r=g","contentUrl":"https:\/\/secure.gravatar.com\/avatar\/e59baa4ca8f6f97576d6375fb6d3c8f0?s=96&d=mm&r=g","caption":"gremicafe"}}]}},"_links":{"self":[{"href":"https:\/\/gremicafe.cat\/es\/wp-json\/wp\/v2\/posts\/7842"}],"collection":[{"href":"https:\/\/gremicafe.cat\/es\/wp-json\/wp\/v2\/posts"}],"about":[{"href":"https:\/\/gremicafe.cat\/es\/wp-json\/wp\/v2\/types\/post"}],"author":[{"embeddable":true,"href":"https:\/\/gremicafe.cat\/es\/wp-json\/wp\/v2\/users\/1"}],"replies":[{"embeddable":true,"href":"https:\/\/gremicafe.cat\/es\/wp-json\/wp\/v2\/comments?post=7842"}],"version-history":[{"count":0,"href":"https:\/\/gremicafe.cat\/es\/wp-json\/wp\/v2\/posts\/7842\/revisions"}],"wp:featuredmedia":[{"embeddable":true,"href":"https:\/\/gremicafe.cat\/es\/wp-json\/wp\/v2\/media\/7838"}],"wp:attachment":[{"href":"https:\/\/gremicafe.cat\/es\/wp-json\/wp\/v2\/media?parent=7842"}],"wp:term":[{"taxonomy":"category","embeddable":true,"href":"https:\/\/gremicafe.cat\/es\/wp-json\/wp\/v2\/categories?post=7842"},{"taxonomy":"post_tag","embeddable":true,"href":"https:\/\/gremicafe.cat\/es\/wp-json\/wp\/v2\/tags?post=7842"}],"curies":[{"name":"wp","href":"https:\/\/api.w.org\/{rel}","templated":true}]}}