{"id":7849,"date":"2025-05-14T19:44:31","date_gmt":"2025-05-14T17:44:31","guid":{"rendered":"https:\/\/gremicafe.cat\/?p=7849"},"modified":"2025-05-19T19:53:28","modified_gmt":"2025-05-19T17:53:28","slug":"raul-pont-de-cafes-pont-nou-president-del-gremi-del-cafe-de-catalunya","status":"publish","type":"post","link":"https:\/\/gremicafe.cat\/es\/2025\/05\/14\/raul-pont-de-cafes-pont-nou-president-del-gremi-del-cafe-de-catalunya\/","title":{"rendered":"Ra\u00fcl Pont, de Caf\u00e9s Pont, nuevo presidente del Gremio del Caf\u00e9 de Catalunya"},"content":{"rendered":"<div id=\"ut-row-69f3c58cd3687\" data-vc-full-width=\"true\" data-vc-full-width-init=\"false\" class=\"vc_row wpb_row vc_row-fluid vc_column-gap-0 ut-row-69f3c58cd3697\" ><div class=\"wpb_column vc_column_container vc_col-sm-12\" ><div id=\"ut_inner_column_69f3c58cd3ed0\" class=\"vc_column-inner\"><div class=\"wpb_wrapper\"><div  class=\"wpb_content_element   clearfix\"><style type=\"text\/css\" scoped>#ut_am_69f3c58cd490e { opacity: 1; }<\/style><div id=\"ut_am_wrap_69f3c58cd4911\" class=\"ut-image-gallery-image\" style=\"text-align:center;\"><div class=\"ut-animated-image-item ut-image-gallery-item ut-animation-done\"><a data-exthumbimage=\"https:\/\/gremicafe.cat\/wp-content\/uploads\/2025\/05\/GREMI2025-001-150x150.jpg\" href=\"https:\/\/gremicafe.cat\/wp-content\/uploads\/2025\/05\/GREMI2025-001-576x720.jpg\" class=\"ut-vc-images-lightbox\"><img loading=\"lazy\" decoding=\"async\" title=\"GREMIO2025-001\" id=\"ut_am_69f3c58cd490e\" style=\"\" src=\"https:\/\/gremicafe.cat\/wp-content\/uploads\/2025\/05\/GREMI2025-001.jpg\" width=\"1080\" height=\"1350\" alt=\"Ra\u00fcl Pont i Carlos Gotor. Assemblea del Gremi de Torradors de Caf\u00e8 2025. VINSEUM. Vilafranca del Pened\u00e8s\"\/><\/a><\/div><\/div><\/div>\n\t<div class=\"wpb_text_column wpb_content_element\" >\n\t\t<div class=\"wpb_wrapper\">\n\t\t\t<p class=\"p1\"><span class=\"s1\"><b>Ra\u00fcl Pont, de Caf\u00e9s Pont, nuevo presidente del Gremio del Caf\u00e9 de Catalunya, toma el relevo de Carlos Gotor de Caf\u00e8s Bou.<\/b><b><\/b><\/span><\/p>\n<p class=\"p3\"><span class=\"s1\">El pasado 14 de mayo se celebr\u00f3 el<strong>Asamblea del Gremio del Caf\u00e9 de Catalu\u00f1a<\/strong> en el prestigioso museo <strong>VINSEUM de Vilafranca del Pened\u00e8s<\/strong>. La jornada comenz\u00f3 con una c\u00e1lida bienvenida por parte de la junta del Gremio del Caf\u00e9, en los tostadores de caf\u00e9 venidos de toda Catalu\u00f1a.<\/span><\/p>\n<p class=\"p3\"><span class=\"s1\">Uno de los puntos m\u00e1s relevantes del orden del d\u00eda fue el cambio de presidente del Gremi del Caf\u00e9. El <strong>presidente saliente, Carlos Gotor<\/strong>, de Caf\u00e9s Bou, dio la bienvenida al <strong>presidente entrante Ra\u00fcl Pont<\/strong>, de Caf\u00e8s Pont, quien expres\u00f3 su satisfacci\u00f3n al presidir la entidad.<\/span><\/p>\n<p class=\"p3\"><span class=\"s1\"><strong>Ra\u00fcl Pont<\/strong>, licenciado en Ciencias Econ\u00f3micas y Empresariales por la Universidad de Barcelona, ha dedicado toda su carrera profesional al sector del caf\u00e9. Actualmente es el <strong>Consejero Delegado de Caf\u00e9s Pont<\/strong> y tambi\u00e9n es presidente de <strong>Foro Caf\u00e9<\/strong>, una instituci\u00f3n clave en la difusi\u00f3n de la cultura del caf\u00e9 en Espa\u00f1a. A lo largo de su trayectoria ha trabajado tambi\u00e9n en defensa de la peque\u00f1a y mediana empresa, participando en la <strong>C\u00e1mara de Comercio de Sabadell<\/strong> y en la sectorial agroalimentaria de <strong>Pimec<\/strong>.<\/span><\/p>\n<p class=\"p1\"><span class=\"s1\">La nueva junta del Gremio qued\u00f3 constituida por:<\/span><\/p>\n<p class=\"p1\"><strong>Presidente: SR. Ra\u00fcl Pont de CAF\u00c9S PUENTE<\/strong><br \/>\nVicepresidente: SR. Toni Gener de CAF\u00c9S ENERO,SL<br \/>\nSecretario: SR. Ram\u00f3n Novell de CAF\u00c9S NOVEL,SA<br \/>\nTesorero: SR. Juli\u00e1n Marcilla de AGR\u00cdCOLA MARCILLA,SL-DIBARCAF\u00c9-<br \/>\nVocal 1: SR. Ram\u00f3n Batalla de CAF\u00c9S BATALLA 2000,SL<br \/>\nVocal 2: D. Antoni Riera de CAF\u00c9S TUPINAMBA,SA<br \/>\nVocal 3: D. Luis Saula de CAF\u00c9S SAULA,SA<br \/>\nVocal 4: SR. Javier de Erausquin de HERMANO DE ERAUSQUIN,SA<br \/>\nVocal 5: SR. Carlos Gotor de INCAFHISA\/CAF\u00c9S BUEY<\/p>\n<p class=\"p3\"><span class=\"s1\">El<strong>Asamblea del Gremio del Caf\u00e9 de Catalu\u00f1a<\/strong> quiere expresar su agradecimiento a los tostadores de caf\u00e9 por su participaci\u00f3n en este evento inolvidable.<\/span><\/p>\n<p class=\"p3\"><span class=\"s1\">Para m\u00e1s informaci\u00f3n lee el comunicado de prensa.<\/span><\/p>\n\n\t\t<\/div>\n\t<\/div>\n<div  class=\"wpb_content_element   clearfix\"><style type=\"text\/css\" scoped>#ut_am_69f3c58cd53a3 { opacity: 1; }<\/style><div id=\"ut_am_wrap_69f3c58cd53a4\" class=\"ut-image-gallery-image\" style=\"text-align:left;\"><div class=\"ut-animated-image-item ut-image-gallery-item ut-animation-done\"><a data-exthumbimage=\"https:\/\/gremicafe.cat\/wp-content\/uploads\/2025\/05\/VINSEUM005-150x150.jpg\" href=\"https:\/\/gremicafe.cat\/wp-content\/uploads\/2025\/05\/VINSEUM005-984x720.jpg\" class=\"ut-vc-images-lightbox\"><img loading=\"lazy\" decoding=\"async\" title=\"VINSEUM005\" id=\"ut_am_69f3c58cd53a3\" style=\"\" src=\"https:\/\/gremicafe.cat\/wp-content\/uploads\/2025\/05\/VINSEUM005.jpg\" width=\"1200\" height=\"878\" alt=\"Assemblea del Gremi de Torradors de Caf\u00e8 2025. VINSEUM. Vilafranca del Pened\u00e8s\"\/><\/a><\/div><\/div><\/div><\/div><\/div><\/div><\/div><div class=\"vc_row-full-width vc_clearfix\"><\/div>","protected":false},"excerpt":{"rendered":"#ut_am_69f3c58cd60da { opacity: 1; } Ra\u00fcl Pont, de Caf\u00e8s Pont, nou president del Gremi del Caf\u00e8 de Catalunya, pren el relleu de\u00a0Carlos\u00a0Gotor de Caf\u00e8s Bou. El passat 14 de maig es va celebrar l'Assemblea del Gremi del Caf\u00e8 de Catalunya al prestigi\u00f3s museu VINSEUM de Vilafranca del Pened\u00e8s. La jornada va comen\u00e7ar amb una c\u00e0lida [...]","protected":false},"author":1,"featured_media":7828,"comment_status":"closed","ping_status":"open","sticky":false,"template":"","format":"standard","meta":{"_acf_changed":false,"inline_featured_image":false,"footnotes":""},"categories":[1],"tags":[150,98,117],"class_list":["post-7849","post","type-post","status-publish","format-standard","has-post-thumbnail","hentry","category-noticies","tag-assemblea-gremi","tag-carlos-gotor","tag-raul-pont"],"acf":[],"yoast_head":"<!-- This site is optimized with the Yoast SEO plugin v25.5 - https:\/\/yoast.com\/wordpress\/plugins\/seo\/ -->\n<title>Ra\u00fcl Pont, de Caf\u00e8s Pont, nou president del Gremi del Caf\u00e8 de Catalunya - Gremi del Caf\u00e8, torradors de Catalunya<\/title>\n<meta name=\"description\" content=\"El president sortint,\u00a0Carlos\u00a0Gotor, de Caf\u00e8s Bou, va donar la benvinguda al president entrant Ra\u00fcl Pont, de Caf\u00e8s Pont, qui va expressar la seva satisfacci\u00f3 en presidir l&#039;entitat.\" \/>\n<meta name=\"robots\" content=\"index, follow, max-snippet:-1, max-image-preview:large, max-video-preview:-1\" \/>\n<link rel=\"canonical\" href=\"https:\/\/gremicafe.cat\/es\/2025\/05\/14\/raul-pont-de-cafes-pont-nou-president-del-gremi-del-cafe-de-catalunya\/\" \/>\n<meta property=\"og:locale\" content=\"es_ES\" \/>\n<meta property=\"og:type\" content=\"article\" \/>\n<meta property=\"og:title\" content=\"Ra\u00fcl Pont, de Caf\u00e8s Pont, nou president del Gremi del Caf\u00e8 de Catalunya - Gremi del Caf\u00e8, torradors de Catalunya\" \/>\n<meta property=\"og:description\" content=\"El president sortint,\u00a0Carlos\u00a0Gotor, de Caf\u00e8s Bou, va donar la benvinguda al president entrant Ra\u00fcl Pont, de Caf\u00e8s Pont, qui va expressar la seva satisfacci\u00f3 en presidir l&#039;entitat.\" \/>\n<meta property=\"og:url\" content=\"https:\/\/gremicafe.cat\/es\/2025\/05\/14\/raul-pont-de-cafes-pont-nou-president-del-gremi-del-cafe-de-catalunya\/\" \/>\n<meta property=\"og:site_name\" content=\"Gremi del Caf\u00e8, torradors de Catalunya\" \/>\n<meta property=\"article:publisher\" content=\"https:\/\/www.facebook.com\/gremicafecat\" \/>\n<meta property=\"article:published_time\" content=\"2025-05-14T17:44:31+00:00\" \/>\n<meta property=\"article:modified_time\" content=\"2025-05-19T17:53:28+00:00\" \/>\n<meta property=\"og:image\" content=\"https:\/\/gremicafe.cat\/wp-content\/uploads\/2025\/05\/GREMI2025-001.jpg\" \/>\n\t<meta property=\"og:image:width\" content=\"1080\" \/>\n\t<meta property=\"og:image:height\" content=\"1350\" \/>\n\t<meta property=\"og:image:type\" content=\"image\/jpeg\" \/>\n<meta name=\"author\" content=\"gremicafe\" \/>\n<meta name=\"twitter:card\" content=\"summary_large_image\" \/>\n<meta name=\"twitter:creator\" content=\"@gremicafecat\" \/>\n<meta name=\"twitter:site\" content=\"@gremicafecat\" \/>\n<meta name=\"twitter:label1\" content=\"Escrito por\" \/>\n\t<meta name=\"twitter:data1\" content=\"gremicafe\" \/>\n\t<meta name=\"twitter:label2\" content=\"Tiempo de lectura\" \/>\n\t<meta name=\"twitter:data2\" content=\"2 minutos\" \/>\n<script type=\"application\/ld+json\" class=\"yoast-schema-graph\">{\"@context\":\"https:\/\/schema.org\",\"@graph\":[{\"@type\":\"Article\",\"@id\":\"https:\/\/gremicafe.cat\/2025\/05\/14\/raul-pont-de-cafes-pont-nou-president-del-gremi-del-cafe-de-catalunya\/#article\",\"isPartOf\":{\"@id\":\"https:\/\/gremicafe.cat\/2025\/05\/14\/raul-pont-de-cafes-pont-nou-president-del-gremi-del-cafe-de-catalunya\/\"},\"author\":{\"name\":\"gremicafe\",\"@id\":\"https:\/\/gremicafe.cat\/#\/schema\/person\/dabfdbb3d0fa36260855a380f94e4733\"},\"headline\":\"Ra\u00fcl Pont, de Caf\u00e8s Pont, nou president del Gremi del Caf\u00e8 de Catalunya\",\"datePublished\":\"2025-05-14T17:44:31+00:00\",\"dateModified\":\"2025-05-19T17:53:28+00:00\",\"mainEntityOfPage\":{\"@id\":\"https:\/\/gremicafe.cat\/2025\/05\/14\/raul-pont-de-cafes-pont-nou-president-del-gremi-del-cafe-de-catalunya\/\"},\"wordCount\":408,\"publisher\":{\"@id\":\"https:\/\/gremicafe.cat\/#organization\"},\"image\":{\"@id\":\"https:\/\/gremicafe.cat\/2025\/05\/14\/raul-pont-de-cafes-pont-nou-president-del-gremi-del-cafe-de-catalunya\/#primaryimage\"},\"thumbnailUrl\":\"https:\/\/gremicafe.cat\/wp-content\/uploads\/2025\/05\/GREMI2025-001.jpg\",\"keywords\":[\"Assemblea Gremi\",\"Carlos Gotor\",\"Ra\u00fcl Pont\"],\"articleSection\":[\"Not\u00edcies\"],\"inLanguage\":\"es\"},{\"@type\":\"WebPage\",\"@id\":\"https:\/\/gremicafe.cat\/2025\/05\/14\/raul-pont-de-cafes-pont-nou-president-del-gremi-del-cafe-de-catalunya\/\",\"url\":\"https:\/\/gremicafe.cat\/2025\/05\/14\/raul-pont-de-cafes-pont-nou-president-del-gremi-del-cafe-de-catalunya\/\",\"name\":\"Ra\u00fcl Pont, de Caf\u00e8s Pont, nou president del Gremi del Caf\u00e8 de Catalunya - Gremi del Caf\u00e8, torradors de Catalunya\",\"isPartOf\":{\"@id\":\"https:\/\/gremicafe.cat\/#website\"},\"primaryImageOfPage\":{\"@id\":\"https:\/\/gremicafe.cat\/2025\/05\/14\/raul-pont-de-cafes-pont-nou-president-del-gremi-del-cafe-de-catalunya\/#primaryimage\"},\"image\":{\"@id\":\"https:\/\/gremicafe.cat\/2025\/05\/14\/raul-pont-de-cafes-pont-nou-president-del-gremi-del-cafe-de-catalunya\/#primaryimage\"},\"thumbnailUrl\":\"https:\/\/gremicafe.cat\/wp-content\/uploads\/2025\/05\/GREMI2025-001.jpg\",\"datePublished\":\"2025-05-14T17:44:31+00:00\",\"dateModified\":\"2025-05-19T17:53:28+00:00\",\"description\":\"El president sortint,\u00a0Carlos\u00a0Gotor, de Caf\u00e8s Bou, va donar la benvinguda al president entrant Ra\u00fcl Pont, de Caf\u00e8s Pont, qui va expressar la seva satisfacci\u00f3 en presidir l'entitat.\",\"breadcrumb\":{\"@id\":\"https:\/\/gremicafe.cat\/2025\/05\/14\/raul-pont-de-cafes-pont-nou-president-del-gremi-del-cafe-de-catalunya\/#breadcrumb\"},\"inLanguage\":\"es\",\"potentialAction\":[{\"@type\":\"ReadAction\",\"target\":[\"https:\/\/gremicafe.cat\/2025\/05\/14\/raul-pont-de-cafes-pont-nou-president-del-gremi-del-cafe-de-catalunya\/\"]}]},{\"@type\":\"ImageObject\",\"inLanguage\":\"es\",\"@id\":\"https:\/\/gremicafe.cat\/2025\/05\/14\/raul-pont-de-cafes-pont-nou-president-del-gremi-del-cafe-de-catalunya\/#primaryimage\",\"url\":\"https:\/\/gremicafe.cat\/wp-content\/uploads\/2025\/05\/GREMI2025-001.jpg\",\"contentUrl\":\"https:\/\/gremicafe.cat\/wp-content\/uploads\/2025\/05\/GREMI2025-001.jpg\",\"width\":1080,\"height\":1350,\"caption\":\"Ra\u00fcl Pont i Carlos Gotor. Assemblea del Gremi de Torradors de Caf\u00e8 2025. VINSEUM. Vilafranca del Pened\u00e8s\"},{\"@type\":\"BreadcrumbList\",\"@id\":\"https:\/\/gremicafe.cat\/2025\/05\/14\/raul-pont-de-cafes-pont-nou-president-del-gremi-del-cafe-de-catalunya\/#breadcrumb\",\"itemListElement\":[{\"@type\":\"ListItem\",\"position\":1,\"name\":\"Inici\",\"item\":\"https:\/\/gremicafe.cat\/\"},{\"@type\":\"ListItem\",\"position\":2,\"name\":\"Ra\u00fcl Pont, de Caf\u00e8s Pont, nou president del Gremi del Caf\u00e8 de Catalunya\"}]},{\"@type\":\"WebSite\",\"@id\":\"https:\/\/gremicafe.cat\/#website\",\"url\":\"https:\/\/gremicafe.cat\/\",\"name\":\"Gremi del Caf\u00e8, torradors de Catalunya\",\"description\":\"Web oficial del gremi de torradors de caf\u00e8 de Catalunya\",\"publisher\":{\"@id\":\"https:\/\/gremicafe.cat\/#organization\"},\"potentialAction\":[{\"@type\":\"SearchAction\",\"target\":{\"@type\":\"EntryPoint\",\"urlTemplate\":\"https:\/\/gremicafe.cat\/?s={search_term_string}\"},\"query-input\":{\"@type\":\"PropertyValueSpecification\",\"valueRequired\":true,\"valueName\":\"search_term_string\"}}],\"inLanguage\":\"es\"},{\"@type\":\"Organization\",\"@id\":\"https:\/\/gremicafe.cat\/#organization\",\"name\":\"Gremi del Caf\u00e8, Torradors de Catalunya\",\"url\":\"https:\/\/gremicafe.cat\/\",\"logo\":{\"@type\":\"ImageObject\",\"inLanguage\":\"es\",\"@id\":\"https:\/\/gremicafe.cat\/#\/schema\/logo\/image\/\",\"url\":\"https:\/\/gremicafe.cat\/wp-content\/uploads\/2018\/03\/gremicafe-logo250.png\",\"contentUrl\":\"https:\/\/gremicafe.cat\/wp-content\/uploads\/2018\/03\/gremicafe-logo250.png\",\"width\":250,\"height\":49,\"caption\":\"Gremi del Caf\u00e8, Torradors de Catalunya\"},\"image\":{\"@id\":\"https:\/\/gremicafe.cat\/#\/schema\/logo\/image\/\"},\"sameAs\":[\"https:\/\/www.facebook.com\/gremicafecat\",\"https:\/\/x.com\/gremicafecat\",\"https:\/\/www.instagram.com\/gremicafecat\/\",\"https:\/\/www.pinterest.es\/gremicafecat\/\",\"https:\/\/www.youtube.com\/channel\/UCGLo5Y35vLwLvP4FrPZrCrw\/\"]},{\"@type\":\"Person\",\"@id\":\"https:\/\/gremicafe.cat\/#\/schema\/person\/dabfdbb3d0fa36260855a380f94e4733\",\"name\":\"gremicafe\",\"image\":{\"@type\":\"ImageObject\",\"inLanguage\":\"es\",\"@id\":\"https:\/\/gremicafe.cat\/#\/schema\/person\/image\/\",\"url\":\"https:\/\/secure.gravatar.com\/avatar\/e59baa4ca8f6f97576d6375fb6d3c8f0?s=96&d=mm&r=g\",\"contentUrl\":\"https:\/\/secure.gravatar.com\/avatar\/e59baa4ca8f6f97576d6375fb6d3c8f0?s=96&d=mm&r=g\",\"caption\":\"gremicafe\"}}]}<\/script>\n<!-- \/ Yoast SEO plugin. -->","yoast_head_json":{"title":"Ra\u00fcl Pont, de Caf\u00e8s Pont, nou president del Gremi del Caf\u00e8 de Catalunya - Gremi del Caf\u00e8, torradors de Catalunya","description":"El president sortint,\u00a0Carlos\u00a0Gotor, de Caf\u00e8s Bou, va donar la benvinguda al president entrant Ra\u00fcl Pont, de Caf\u00e8s Pont, qui va expressar la seva satisfacci\u00f3 en presidir l'entitat.","robots":{"index":"index","follow":"follow","max-snippet":"max-snippet:-1","max-image-preview":"max-image-preview:large","max-video-preview":"max-video-preview:-1"},"canonical":"https:\/\/gremicafe.cat\/es\/2025\/05\/14\/raul-pont-de-cafes-pont-nou-president-del-gremi-del-cafe-de-catalunya\/","og_locale":"es_ES","og_type":"article","og_title":"Ra\u00fcl Pont, de Caf\u00e8s Pont, nou president del Gremi del Caf\u00e8 de Catalunya - Gremi del Caf\u00e8, torradors de Catalunya","og_description":"El president sortint,\u00a0Carlos\u00a0Gotor, de Caf\u00e8s Bou, va donar la benvinguda al president entrant Ra\u00fcl Pont, de Caf\u00e8s Pont, qui va expressar la seva satisfacci\u00f3 en presidir l'entitat.","og_url":"https:\/\/gremicafe.cat\/es\/2025\/05\/14\/raul-pont-de-cafes-pont-nou-president-del-gremi-del-cafe-de-catalunya\/","og_site_name":"Gremi del Caf\u00e8, torradors de Catalunya","article_publisher":"https:\/\/www.facebook.com\/gremicafecat","article_published_time":"2025-05-14T17:44:31+00:00","article_modified_time":"2025-05-19T17:53:28+00:00","og_image":[{"width":1080,"height":1350,"url":"https:\/\/gremicafe.cat\/wp-content\/uploads\/2025\/05\/GREMI2025-001.jpg","type":"image\/jpeg"}],"author":"gremicafe","twitter_card":"summary_large_image","twitter_creator":"@gremicafecat","twitter_site":"@gremicafecat","twitter_misc":{"Escrito por":"gremicafe","Tiempo de lectura":"2 minutos"},"schema":{"@context":"https:\/\/schema.org","@graph":[{"@type":"Article","@id":"https:\/\/gremicafe.cat\/2025\/05\/14\/raul-pont-de-cafes-pont-nou-president-del-gremi-del-cafe-de-catalunya\/#article","isPartOf":{"@id":"https:\/\/gremicafe.cat\/2025\/05\/14\/raul-pont-de-cafes-pont-nou-president-del-gremi-del-cafe-de-catalunya\/"},"author":{"name":"gremicafe","@id":"https:\/\/gremicafe.cat\/#\/schema\/person\/dabfdbb3d0fa36260855a380f94e4733"},"headline":"Ra\u00fcl Pont, de Caf\u00e8s Pont, nou president del Gremi del Caf\u00e8 de Catalunya","datePublished":"2025-05-14T17:44:31+00:00","dateModified":"2025-05-19T17:53:28+00:00","mainEntityOfPage":{"@id":"https:\/\/gremicafe.cat\/2025\/05\/14\/raul-pont-de-cafes-pont-nou-president-del-gremi-del-cafe-de-catalunya\/"},"wordCount":408,"publisher":{"@id":"https:\/\/gremicafe.cat\/#organization"},"image":{"@id":"https:\/\/gremicafe.cat\/2025\/05\/14\/raul-pont-de-cafes-pont-nou-president-del-gremi-del-cafe-de-catalunya\/#primaryimage"},"thumbnailUrl":"https:\/\/gremicafe.cat\/wp-content\/uploads\/2025\/05\/GREMI2025-001.jpg","keywords":["Assemblea Gremi","Carlos Gotor","Ra\u00fcl Pont"],"articleSection":["Not\u00edcies"],"inLanguage":"es"},{"@type":"WebPage","@id":"https:\/\/gremicafe.cat\/2025\/05\/14\/raul-pont-de-cafes-pont-nou-president-del-gremi-del-cafe-de-catalunya\/","url":"https:\/\/gremicafe.cat\/2025\/05\/14\/raul-pont-de-cafes-pont-nou-president-del-gremi-del-cafe-de-catalunya\/","name":"Ra\u00fcl Pont, de Caf\u00e8s Pont, nou president del Gremi del Caf\u00e8 de Catalunya - Gremi del Caf\u00e8, torradors de Catalunya","isPartOf":{"@id":"https:\/\/gremicafe.cat\/#website"},"primaryImageOfPage":{"@id":"https:\/\/gremicafe.cat\/2025\/05\/14\/raul-pont-de-cafes-pont-nou-president-del-gremi-del-cafe-de-catalunya\/#primaryimage"},"image":{"@id":"https:\/\/gremicafe.cat\/2025\/05\/14\/raul-pont-de-cafes-pont-nou-president-del-gremi-del-cafe-de-catalunya\/#primaryimage"},"thumbnailUrl":"https:\/\/gremicafe.cat\/wp-content\/uploads\/2025\/05\/GREMI2025-001.jpg","datePublished":"2025-05-14T17:44:31+00:00","dateModified":"2025-05-19T17:53:28+00:00","description":"El president sortint,\u00a0Carlos\u00a0Gotor, de Caf\u00e8s Bou, va donar la benvinguda al president entrant Ra\u00fcl Pont, de Caf\u00e8s Pont, qui va expressar la seva satisfacci\u00f3 en presidir l'entitat.","breadcrumb":{"@id":"https:\/\/gremicafe.cat\/2025\/05\/14\/raul-pont-de-cafes-pont-nou-president-del-gremi-del-cafe-de-catalunya\/#breadcrumb"},"inLanguage":"es","potentialAction":[{"@type":"ReadAction","target":["https:\/\/gremicafe.cat\/2025\/05\/14\/raul-pont-de-cafes-pont-nou-president-del-gremi-del-cafe-de-catalunya\/"]}]},{"@type":"ImageObject","inLanguage":"es","@id":"https:\/\/gremicafe.cat\/2025\/05\/14\/raul-pont-de-cafes-pont-nou-president-del-gremi-del-cafe-de-catalunya\/#primaryimage","url":"https:\/\/gremicafe.cat\/wp-content\/uploads\/2025\/05\/GREMI2025-001.jpg","contentUrl":"https:\/\/gremicafe.cat\/wp-content\/uploads\/2025\/05\/GREMI2025-001.jpg","width":1080,"height":1350,"caption":"Ra\u00fcl Pont i Carlos Gotor. Assemblea del Gremi de Torradors de Caf\u00e8 2025. VINSEUM. Vilafranca del Pened\u00e8s"},{"@type":"BreadcrumbList","@id":"https:\/\/gremicafe.cat\/2025\/05\/14\/raul-pont-de-cafes-pont-nou-president-del-gremi-del-cafe-de-catalunya\/#breadcrumb","itemListElement":[{"@type":"ListItem","position":1,"name":"Inici","item":"https:\/\/gremicafe.cat\/"},{"@type":"ListItem","position":2,"name":"Ra\u00fcl Pont, de Caf\u00e8s Pont, nou president del Gremi del Caf\u00e8 de Catalunya"}]},{"@type":"WebSite","@id":"https:\/\/gremicafe.cat\/#website","url":"https:\/\/gremicafe.cat\/","name":"Gremio del Caf\u00e9, tostadores de Catalu\u00f1a","description":"Web oficial del gremio de tostadores de caf\u00e9 de Catalunya","publisher":{"@id":"https:\/\/gremicafe.cat\/#organization"},"potentialAction":[{"@type":"SearchAction","target":{"@type":"EntryPoint","urlTemplate":"https:\/\/gremicafe.cat\/?s={search_term_string}"},"query-input":{"@type":"PropertyValueSpecification","valueRequired":true,"valueName":"search_term_string"}}],"inLanguage":"es"},{"@type":"Organization","@id":"https:\/\/gremicafe.cat\/#organization","name":"Gremio del Caf\u00e9, Tostadores de Catalu\u00f1a","url":"https:\/\/gremicafe.cat\/","logo":{"@type":"ImageObject","inLanguage":"es","@id":"https:\/\/gremicafe.cat\/#\/schema\/logo\/image\/","url":"https:\/\/gremicafe.cat\/wp-content\/uploads\/2018\/03\/gremicafe-logo250.png","contentUrl":"https:\/\/gremicafe.cat\/wp-content\/uploads\/2018\/03\/gremicafe-logo250.png","width":250,"height":49,"caption":"Gremi del Caf\u00e8, Torradors de Catalunya"},"image":{"@id":"https:\/\/gremicafe.cat\/#\/schema\/logo\/image\/"},"sameAs":["https:\/\/www.facebook.com\/gremicafecat","https:\/\/x.com\/gremicafecat","https:\/\/www.instagram.com\/gremicafecat\/","https:\/\/www.pinterest.es\/gremicafecat\/","https:\/\/www.youtube.com\/channel\/UCGLo5Y35vLwLvP4FrPZrCrw\/"]},{"@type":"Person","@id":"https:\/\/gremicafe.cat\/#\/schema\/person\/dabfdbb3d0fa36260855a380f94e4733","name":"gremicafe","image":{"@type":"ImageObject","inLanguage":"es","@id":"https:\/\/gremicafe.cat\/#\/schema\/person\/image\/","url":"https:\/\/secure.gravatar.com\/avatar\/e59baa4ca8f6f97576d6375fb6d3c8f0?s=96&d=mm&r=g","contentUrl":"https:\/\/secure.gravatar.com\/avatar\/e59baa4ca8f6f97576d6375fb6d3c8f0?s=96&d=mm&r=g","caption":"gremicafe"}}]}},"_links":{"self":[{"href":"https:\/\/gremicafe.cat\/es\/wp-json\/wp\/v2\/posts\/7849"}],"collection":[{"href":"https:\/\/gremicafe.cat\/es\/wp-json\/wp\/v2\/posts"}],"about":[{"href":"https:\/\/gremicafe.cat\/es\/wp-json\/wp\/v2\/types\/post"}],"author":[{"embeddable":true,"href":"https:\/\/gremicafe.cat\/es\/wp-json\/wp\/v2\/users\/1"}],"replies":[{"embeddable":true,"href":"https:\/\/gremicafe.cat\/es\/wp-json\/wp\/v2\/comments?post=7849"}],"version-history":[{"count":0,"href":"https:\/\/gremicafe.cat\/es\/wp-json\/wp\/v2\/posts\/7849\/revisions"}],"wp:featuredmedia":[{"embeddable":true,"href":"https:\/\/gremicafe.cat\/es\/wp-json\/wp\/v2\/media\/7828"}],"wp:attachment":[{"href":"https:\/\/gremicafe.cat\/es\/wp-json\/wp\/v2\/media?parent=7849"}],"wp:term":[{"taxonomy":"category","embeddable":true,"href":"https:\/\/gremicafe.cat\/es\/wp-json\/wp\/v2\/categories?post=7849"},{"taxonomy":"post_tag","embeddable":true,"href":"https:\/\/gremicafe.cat\/es\/wp-json\/wp\/v2\/tags?post=7849"}],"curies":[{"name":"wp","href":"https:\/\/api.w.org\/{rel}","templated":true}]}}