{"id":7868,"date":"2025-06-22T19:32:00","date_gmt":"2025-06-22T17:32:00","guid":{"rendered":"https:\/\/gremicafe.cat\/?p=7868"},"modified":"2025-07-07T19:33:42","modified_gmt":"2025-07-07T17:33:42","slug":"el-cafe-de-lestiu-laffogato","status":"publish","type":"post","link":"https:\/\/gremicafe.cat\/es\/2025\/06\/22\/el-cafe-de-lestiu-laffogato\/","title":{"rendered":"El caf\u00e9 del verano: el Affogato"},"content":{"rendered":"<div id=\"ut-row-69f4aa9498bce\" data-vc-full-width=\"true\" data-vc-full-width-init=\"false\" class=\"vc_row wpb_row vc_row-fluid vc_column-gap-0 ut-row-69f4aa9498be4\" ><div class=\"wpb_column vc_column_container vc_col-sm-12\" ><div id=\"ut_inner_column_69f4aa9499564\" class=\"vc_column-inner\"><div class=\"wpb_wrapper\"><div  class=\"wpb_content_element   clearfix\"><style type=\"text\/css\" scoped>#ut_am_69f4aa9499cba { opacity: 1; }<\/style><div id=\"ut_am_wrap_69f4aa9499cbc\" class=\"ut-image-gallery-image\" style=\"text-align:center;\"><div class=\"ut-animated-image-item ut-image-gallery-item ut-animation-done\"><a data-exthumbimage=\"https:\/\/gremicafe.cat\/wp-content\/uploads\/2025\/07\/GremiAffofato-150x150.jpg\" href=\"https:\/\/gremicafe.cat\/wp-content\/uploads\/2025\/07\/GremiAffofato-576x720.jpg\" class=\"ut-vc-images-lightbox\"><img loading=\"lazy\" decoding=\"async\" title=\"GremiAffofato\" id=\"ut_am_69f4aa9499cba\" style=\"\" src=\"https:\/\/gremicafe.cat\/wp-content\/uploads\/2025\/07\/GremiAffofato.jpg\" width=\"1080\" height=\"1350\" alt=\"Caf\u00e8 Affogato. Gremi del Caf\u00e8 de Catalunya\"\/><\/a><\/div><\/div><\/div>\n\t<div class=\"wpb_text_column wpb_content_element\" >\n\t\t<div class=\"wpb_wrapper\">\n\t\t\t<p class=\"p1\"><span class=\"s1\"><b>El caf\u00e9 del verano: El Affogato<\/b><b><\/b><\/span><\/p>\n<p class=\"p1\"><span class=\"s1\">El<b>affogato<\/b>, en catal\u00e1n llamar\u00edamos un <b><i>ahogado<\/i><\/b>, es un caf\u00e9 espresso con una bola de helado de crema, vainilla, leche merengada, dentro. Esta combinaci\u00f3n, mitad postre, mitad refresco, aunque se cree que puede ser originaria del siglo XVII, se populariz\u00f3 en Italia durante el siglo XX, convirti\u00e9ndose en una exquisitez que ha llegado a nuestro pa\u00eds.<\/span><\/p>\n<p class=\"p1\"><span class=\"s1\">Hacerlo es muy f\u00e1cil:<\/span><\/p>\n<p class=\"p1\"><span class=\"s1\"><b>Affogato cl\u00e1sico<\/b> (Postre de helado y caf\u00e9)<\/span><\/p>\n<p class=\"p1\"><span class=\"s1\"><i>Ingredientes:<\/i><i><\/i><\/span><\/p>\n<p class=\"p1\"><span class=\"s1\">1 bola grande de helado de vainilla o de crema, leche merengada, avellana\u2026 (tambi\u00e9n queda muy bien con helado de chocolate blanco o de caf\u00e9)<br \/>\n<\/span><span class=\"s1\">1 taza de caf\u00e9 expresso o de cafetera italiana. Es importante que el caf\u00e9 est\u00e9 caliente.<\/span><\/p>\n<p class=\"p1\"><span class=\"s1\"><i>Instrucciones:<\/i><i><\/i><\/span><\/p>\n<p class=\"p1\"><span class=\"s1\">Coloca la bola de helado en una copa plana de vidrio o un vaso hermoso.<br \/>\n<\/span><span class=\"s1\">Vierte lentamente el caf\u00e9 caliente por encima, justo antes de servir.<\/span><\/p>\n<p class=\"p1\"><span class=\"s1\">Hay quien se lo come revuelto con cuchara, pero es m\u00e1s elegante hacerlo con delicadeza intentando no mezclarlo hasta el final.<\/span><\/p>\n<p class=\"p1\"><span class=\"s1\"><i>Variaciones:<\/i><i><\/i><\/span><\/p>\n<p class=\"p1\"><span class=\"s1\">Puedes a\u00f1adirle un toque de licor (como licor de caf\u00e9, Bailey&#039;s, o rataf\u00eda).<br \/>\n<\/span><span class=\"s1\">Sacude un poco de cacao en polvo, canela o chocolate rallado por encima.<\/span><\/p>\n<p class=\"p1\"><span class=\"s1\"><em>Es un consejo del<\/em> <strong><em>Gremio del Caf\u00e9 de Catalu\u00f1a.<\/em><\/strong><\/span><\/p>\n\n\t\t<\/div>\n\t<\/div>\n<\/div><\/div><\/div><\/div><div class=\"vc_row-full-width vc_clearfix\"><\/div>","protected":false},"excerpt":{"rendered":"#ut_am_69f4aa949b7f2 { opacity: 1; } El caf\u00e8 de l'estiu: L'Affogato L'affogato, en catal\u00e0 en dir\u00edem un ofegat, \u00e9s un caf\u00e8 espresso amb una bola de gelat de crema, vainilla, llet merengada, a dins. Aquesta combinaci\u00f3, meitat postres, meitat refresc, tot i que es creu que pot ser origin\u00e0ria del segle XVII, es va popularitzar a [...]","protected":false},"author":1,"featured_media":7869,"comment_status":"closed","ping_status":"open","sticky":false,"template":"","format":"standard","meta":{"_acf_changed":false,"inline_featured_image":false,"footnotes":""},"categories":[1,151],"tags":[152,154,153],"class_list":["post-7868","post","type-post","status-publish","format-standard","has-post-thumbnail","hentry","category-noticies","category-receptes","tag-affogato","tag-el-cafe-de-lestiu","tag-receptes-amb-cafe"],"acf":[],"yoast_head":"<!-- This site is optimized with the Yoast SEO plugin v25.5 - https:\/\/yoast.com\/wordpress\/plugins\/seo\/ -->\n<title>El caf\u00e8 de l&#039;estiu: l&#039;Affogato - Gremi del Caf\u00e8, torradors de Catalunya<\/title>\n<meta name=\"description\" content=\"L&#039;affogato, en catal\u00e0 en dir\u00edem un ofegat, \u00e9s un caf\u00e8 espresso amb una bola de gelat de crema, vainilla, llet merengada, a dins. Aquesta combinaci\u00f3, meitat postres, meitat refresc, tot i que es creu que pot ser origin\u00e0ria del segle XVII, es va popularitzar a It\u00e0lia durant el segle XX, i s&#039;ha convertit en una exquisidesa que ha arribat a casa nostra.\" \/>\n<meta name=\"robots\" content=\"index, follow, max-snippet:-1, max-image-preview:large, max-video-preview:-1\" \/>\n<link rel=\"canonical\" href=\"https:\/\/gremicafe.cat\/es\/2025\/06\/22\/el-cafe-de-lestiu-laffogato\/\" \/>\n<meta property=\"og:locale\" content=\"es_ES\" \/>\n<meta property=\"og:type\" content=\"article\" \/>\n<meta property=\"og:title\" content=\"El caf\u00e8 de l&#039;estiu: l&#039;Affogato - Gremi del Caf\u00e8, torradors de Catalunya\" \/>\n<meta property=\"og:description\" content=\"L&#039;affogato, en catal\u00e0 en dir\u00edem un ofegat, \u00e9s un caf\u00e8 espresso amb una bola de gelat de crema, vainilla, llet merengada, a dins. Aquesta combinaci\u00f3, meitat postres, meitat refresc, tot i que es creu que pot ser origin\u00e0ria del segle XVII, es va popularitzar a It\u00e0lia durant el segle XX, i s&#039;ha convertit en una exquisidesa que ha arribat a casa nostra.\" \/>\n<meta property=\"og:url\" content=\"https:\/\/gremicafe.cat\/es\/2025\/06\/22\/el-cafe-de-lestiu-laffogato\/\" \/>\n<meta property=\"og:site_name\" content=\"Gremi del Caf\u00e8, torradors de Catalunya\" \/>\n<meta property=\"article:publisher\" content=\"https:\/\/www.facebook.com\/gremicafecat\" \/>\n<meta property=\"article:published_time\" content=\"2025-06-22T17:32:00+00:00\" \/>\n<meta property=\"article:modified_time\" content=\"2025-07-07T17:33:42+00:00\" \/>\n<meta property=\"og:image\" content=\"https:\/\/gremicafe.cat\/wp-content\/uploads\/2025\/07\/GremiAffofato.jpg\" \/>\n\t<meta property=\"og:image:width\" content=\"1080\" \/>\n\t<meta property=\"og:image:height\" content=\"1350\" \/>\n\t<meta property=\"og:image:type\" content=\"image\/jpeg\" \/>\n<meta name=\"author\" content=\"gremicafe\" \/>\n<meta name=\"twitter:card\" content=\"summary_large_image\" \/>\n<meta name=\"twitter:creator\" content=\"@gremicafecat\" \/>\n<meta name=\"twitter:site\" content=\"@gremicafecat\" \/>\n<meta name=\"twitter:label1\" content=\"Escrito por\" \/>\n\t<meta name=\"twitter:data1\" content=\"gremicafe\" \/>\n\t<meta name=\"twitter:label2\" content=\"Tiempo de lectura\" \/>\n\t<meta name=\"twitter:data2\" content=\"2 minutos\" \/>\n<script type=\"application\/ld+json\" class=\"yoast-schema-graph\">{\"@context\":\"https:\/\/schema.org\",\"@graph\":[{\"@type\":\"Article\",\"@id\":\"https:\/\/gremicafe.cat\/2025\/06\/22\/el-cafe-de-lestiu-laffogato\/#article\",\"isPartOf\":{\"@id\":\"https:\/\/gremicafe.cat\/2025\/06\/22\/el-cafe-de-lestiu-laffogato\/\"},\"author\":{\"name\":\"gremicafe\",\"@id\":\"https:\/\/gremicafe.cat\/#\/schema\/person\/dabfdbb3d0fa36260855a380f94e4733\"},\"headline\":\"El caf\u00e8 de l&#8217;estiu: l&#8217;Affogato\",\"datePublished\":\"2025-06-22T17:32:00+00:00\",\"dateModified\":\"2025-07-07T17:33:42+00:00\",\"mainEntityOfPage\":{\"@id\":\"https:\/\/gremicafe.cat\/2025\/06\/22\/el-cafe-de-lestiu-laffogato\/\"},\"wordCount\":239,\"publisher\":{\"@id\":\"https:\/\/gremicafe.cat\/#organization\"},\"image\":{\"@id\":\"https:\/\/gremicafe.cat\/2025\/06\/22\/el-cafe-de-lestiu-laffogato\/#primaryimage\"},\"thumbnailUrl\":\"https:\/\/gremicafe.cat\/wp-content\/uploads\/2025\/07\/GremiAffofato.jpg\",\"keywords\":[\"Affogato\",\"El caf\u00e8 de l'estiu\",\"Receptes amb caf\u00e8\"],\"articleSection\":[\"Not\u00edcies\",\"Receptes\"],\"inLanguage\":\"es\"},{\"@type\":\"WebPage\",\"@id\":\"https:\/\/gremicafe.cat\/2025\/06\/22\/el-cafe-de-lestiu-laffogato\/\",\"url\":\"https:\/\/gremicafe.cat\/2025\/06\/22\/el-cafe-de-lestiu-laffogato\/\",\"name\":\"El caf\u00e8 de l'estiu: l'Affogato - Gremi del Caf\u00e8, torradors de Catalunya\",\"isPartOf\":{\"@id\":\"https:\/\/gremicafe.cat\/#website\"},\"primaryImageOfPage\":{\"@id\":\"https:\/\/gremicafe.cat\/2025\/06\/22\/el-cafe-de-lestiu-laffogato\/#primaryimage\"},\"image\":{\"@id\":\"https:\/\/gremicafe.cat\/2025\/06\/22\/el-cafe-de-lestiu-laffogato\/#primaryimage\"},\"thumbnailUrl\":\"https:\/\/gremicafe.cat\/wp-content\/uploads\/2025\/07\/GremiAffofato.jpg\",\"datePublished\":\"2025-06-22T17:32:00+00:00\",\"dateModified\":\"2025-07-07T17:33:42+00:00\",\"description\":\"L'affogato, en catal\u00e0 en dir\u00edem un ofegat, \u00e9s un caf\u00e8 espresso amb una bola de gelat de crema, vainilla, llet merengada, a dins. Aquesta combinaci\u00f3, meitat postres, meitat refresc, tot i que es creu que pot ser origin\u00e0ria del segle XVII, es va popularitzar a It\u00e0lia durant el segle XX, i s'ha convertit en una exquisidesa que ha arribat a casa nostra.\",\"breadcrumb\":{\"@id\":\"https:\/\/gremicafe.cat\/2025\/06\/22\/el-cafe-de-lestiu-laffogato\/#breadcrumb\"},\"inLanguage\":\"es\",\"potentialAction\":[{\"@type\":\"ReadAction\",\"target\":[\"https:\/\/gremicafe.cat\/2025\/06\/22\/el-cafe-de-lestiu-laffogato\/\"]}]},{\"@type\":\"ImageObject\",\"inLanguage\":\"es\",\"@id\":\"https:\/\/gremicafe.cat\/2025\/06\/22\/el-cafe-de-lestiu-laffogato\/#primaryimage\",\"url\":\"https:\/\/gremicafe.cat\/wp-content\/uploads\/2025\/07\/GremiAffofato.jpg\",\"contentUrl\":\"https:\/\/gremicafe.cat\/wp-content\/uploads\/2025\/07\/GremiAffofato.jpg\",\"width\":1080,\"height\":1350,\"caption\":\"Caf\u00e8 Affogato. Gremi del Caf\u00e8 de Catalunya\"},{\"@type\":\"BreadcrumbList\",\"@id\":\"https:\/\/gremicafe.cat\/2025\/06\/22\/el-cafe-de-lestiu-laffogato\/#breadcrumb\",\"itemListElement\":[{\"@type\":\"ListItem\",\"position\":1,\"name\":\"Inici\",\"item\":\"https:\/\/gremicafe.cat\/\"},{\"@type\":\"ListItem\",\"position\":2,\"name\":\"El caf\u00e8 de l&#8217;estiu: l&#8217;Affogato\"}]},{\"@type\":\"WebSite\",\"@id\":\"https:\/\/gremicafe.cat\/#website\",\"url\":\"https:\/\/gremicafe.cat\/\",\"name\":\"Gremi del Caf\u00e8, torradors de Catalunya\",\"description\":\"Web oficial del gremi de torradors de caf\u00e8 de Catalunya\",\"publisher\":{\"@id\":\"https:\/\/gremicafe.cat\/#organization\"},\"potentialAction\":[{\"@type\":\"SearchAction\",\"target\":{\"@type\":\"EntryPoint\",\"urlTemplate\":\"https:\/\/gremicafe.cat\/?s={search_term_string}\"},\"query-input\":{\"@type\":\"PropertyValueSpecification\",\"valueRequired\":true,\"valueName\":\"search_term_string\"}}],\"inLanguage\":\"es\"},{\"@type\":\"Organization\",\"@id\":\"https:\/\/gremicafe.cat\/#organization\",\"name\":\"Gremi del Caf\u00e8, Torradors de Catalunya\",\"url\":\"https:\/\/gremicafe.cat\/\",\"logo\":{\"@type\":\"ImageObject\",\"inLanguage\":\"es\",\"@id\":\"https:\/\/gremicafe.cat\/#\/schema\/logo\/image\/\",\"url\":\"https:\/\/gremicafe.cat\/wp-content\/uploads\/2018\/03\/gremicafe-logo250.png\",\"contentUrl\":\"https:\/\/gremicafe.cat\/wp-content\/uploads\/2018\/03\/gremicafe-logo250.png\",\"width\":250,\"height\":49,\"caption\":\"Gremi del Caf\u00e8, Torradors de Catalunya\"},\"image\":{\"@id\":\"https:\/\/gremicafe.cat\/#\/schema\/logo\/image\/\"},\"sameAs\":[\"https:\/\/www.facebook.com\/gremicafecat\",\"https:\/\/x.com\/gremicafecat\",\"https:\/\/www.instagram.com\/gremicafecat\/\",\"https:\/\/www.pinterest.es\/gremicafecat\/\",\"https:\/\/www.youtube.com\/channel\/UCGLo5Y35vLwLvP4FrPZrCrw\/\"]},{\"@type\":\"Person\",\"@id\":\"https:\/\/gremicafe.cat\/#\/schema\/person\/dabfdbb3d0fa36260855a380f94e4733\",\"name\":\"gremicafe\",\"image\":{\"@type\":\"ImageObject\",\"inLanguage\":\"es\",\"@id\":\"https:\/\/gremicafe.cat\/#\/schema\/person\/image\/\",\"url\":\"https:\/\/secure.gravatar.com\/avatar\/e59baa4ca8f6f97576d6375fb6d3c8f0?s=96&d=mm&r=g\",\"contentUrl\":\"https:\/\/secure.gravatar.com\/avatar\/e59baa4ca8f6f97576d6375fb6d3c8f0?s=96&d=mm&r=g\",\"caption\":\"gremicafe\"}}]}<\/script>\n<!-- \/ Yoast SEO plugin. -->","yoast_head_json":{"title":"El caf\u00e8 de l'estiu: l'Affogato - Gremi del Caf\u00e8, torradors de Catalunya","description":"L'affogato, en catal\u00e0 en dir\u00edem un ofegat, \u00e9s un caf\u00e8 espresso amb una bola de gelat de crema, vainilla, llet merengada, a dins. Aquesta combinaci\u00f3, meitat postres, meitat refresc, tot i que es creu que pot ser origin\u00e0ria del segle XVII, es va popularitzar a It\u00e0lia durant el segle XX, i s'ha convertit en una exquisidesa que ha arribat a casa nostra.","robots":{"index":"index","follow":"follow","max-snippet":"max-snippet:-1","max-image-preview":"max-image-preview:large","max-video-preview":"max-video-preview:-1"},"canonical":"https:\/\/gremicafe.cat\/es\/2025\/06\/22\/el-cafe-de-lestiu-laffogato\/","og_locale":"es_ES","og_type":"article","og_title":"El caf\u00e8 de l'estiu: l'Affogato - Gremi del Caf\u00e8, torradors de Catalunya","og_description":"L'affogato, en catal\u00e0 en dir\u00edem un ofegat, \u00e9s un caf\u00e8 espresso amb una bola de gelat de crema, vainilla, llet merengada, a dins. Aquesta combinaci\u00f3, meitat postres, meitat refresc, tot i que es creu que pot ser origin\u00e0ria del segle XVII, es va popularitzar a It\u00e0lia durant el segle XX, i s'ha convertit en una exquisidesa que ha arribat a casa nostra.","og_url":"https:\/\/gremicafe.cat\/es\/2025\/06\/22\/el-cafe-de-lestiu-laffogato\/","og_site_name":"Gremi del Caf\u00e8, torradors de Catalunya","article_publisher":"https:\/\/www.facebook.com\/gremicafecat","article_published_time":"2025-06-22T17:32:00+00:00","article_modified_time":"2025-07-07T17:33:42+00:00","og_image":[{"width":1080,"height":1350,"url":"https:\/\/gremicafe.cat\/wp-content\/uploads\/2025\/07\/GremiAffofato.jpg","type":"image\/jpeg"}],"author":"gremicafe","twitter_card":"summary_large_image","twitter_creator":"@gremicafecat","twitter_site":"@gremicafecat","twitter_misc":{"Escrito por":"gremicafe","Tiempo de lectura":"2 minutos"},"schema":{"@context":"https:\/\/schema.org","@graph":[{"@type":"Article","@id":"https:\/\/gremicafe.cat\/2025\/06\/22\/el-cafe-de-lestiu-laffogato\/#article","isPartOf":{"@id":"https:\/\/gremicafe.cat\/2025\/06\/22\/el-cafe-de-lestiu-laffogato\/"},"author":{"name":"gremicafe","@id":"https:\/\/gremicafe.cat\/#\/schema\/person\/dabfdbb3d0fa36260855a380f94e4733"},"headline":"El caf\u00e8 de l&#8217;estiu: l&#8217;Affogato","datePublished":"2025-06-22T17:32:00+00:00","dateModified":"2025-07-07T17:33:42+00:00","mainEntityOfPage":{"@id":"https:\/\/gremicafe.cat\/2025\/06\/22\/el-cafe-de-lestiu-laffogato\/"},"wordCount":239,"publisher":{"@id":"https:\/\/gremicafe.cat\/#organization"},"image":{"@id":"https:\/\/gremicafe.cat\/2025\/06\/22\/el-cafe-de-lestiu-laffogato\/#primaryimage"},"thumbnailUrl":"https:\/\/gremicafe.cat\/wp-content\/uploads\/2025\/07\/GremiAffofato.jpg","keywords":["Affogato","El caf\u00e8 de l'estiu","Receptes amb caf\u00e8"],"articleSection":["Not\u00edcies","Receptes"],"inLanguage":"es"},{"@type":"WebPage","@id":"https:\/\/gremicafe.cat\/2025\/06\/22\/el-cafe-de-lestiu-laffogato\/","url":"https:\/\/gremicafe.cat\/2025\/06\/22\/el-cafe-de-lestiu-laffogato\/","name":"El caf\u00e8 de l'estiu: l'Affogato - Gremi del Caf\u00e8, torradors de Catalunya","isPartOf":{"@id":"https:\/\/gremicafe.cat\/#website"},"primaryImageOfPage":{"@id":"https:\/\/gremicafe.cat\/2025\/06\/22\/el-cafe-de-lestiu-laffogato\/#primaryimage"},"image":{"@id":"https:\/\/gremicafe.cat\/2025\/06\/22\/el-cafe-de-lestiu-laffogato\/#primaryimage"},"thumbnailUrl":"https:\/\/gremicafe.cat\/wp-content\/uploads\/2025\/07\/GremiAffofato.jpg","datePublished":"2025-06-22T17:32:00+00:00","dateModified":"2025-07-07T17:33:42+00:00","description":"L'affogato, en catal\u00e0 en dir\u00edem un ofegat, \u00e9s un caf\u00e8 espresso amb una bola de gelat de crema, vainilla, llet merengada, a dins. Aquesta combinaci\u00f3, meitat postres, meitat refresc, tot i que es creu que pot ser origin\u00e0ria del segle XVII, es va popularitzar a It\u00e0lia durant el segle XX, i s'ha convertit en una exquisidesa que ha arribat a casa nostra.","breadcrumb":{"@id":"https:\/\/gremicafe.cat\/2025\/06\/22\/el-cafe-de-lestiu-laffogato\/#breadcrumb"},"inLanguage":"es","potentialAction":[{"@type":"ReadAction","target":["https:\/\/gremicafe.cat\/2025\/06\/22\/el-cafe-de-lestiu-laffogato\/"]}]},{"@type":"ImageObject","inLanguage":"es","@id":"https:\/\/gremicafe.cat\/2025\/06\/22\/el-cafe-de-lestiu-laffogato\/#primaryimage","url":"https:\/\/gremicafe.cat\/wp-content\/uploads\/2025\/07\/GremiAffofato.jpg","contentUrl":"https:\/\/gremicafe.cat\/wp-content\/uploads\/2025\/07\/GremiAffofato.jpg","width":1080,"height":1350,"caption":"Caf\u00e8 Affogato. Gremi del Caf\u00e8 de Catalunya"},{"@type":"BreadcrumbList","@id":"https:\/\/gremicafe.cat\/2025\/06\/22\/el-cafe-de-lestiu-laffogato\/#breadcrumb","itemListElement":[{"@type":"ListItem","position":1,"name":"Inici","item":"https:\/\/gremicafe.cat\/"},{"@type":"ListItem","position":2,"name":"El caf\u00e8 de l&#8217;estiu: l&#8217;Affogato"}]},{"@type":"WebSite","@id":"https:\/\/gremicafe.cat\/#website","url":"https:\/\/gremicafe.cat\/","name":"Gremio del Caf\u00e9, tostadores de Catalu\u00f1a","description":"Web oficial del gremio de tostadores de caf\u00e9 de Catalunya","publisher":{"@id":"https:\/\/gremicafe.cat\/#organization"},"potentialAction":[{"@type":"SearchAction","target":{"@type":"EntryPoint","urlTemplate":"https:\/\/gremicafe.cat\/?s={search_term_string}"},"query-input":{"@type":"PropertyValueSpecification","valueRequired":true,"valueName":"search_term_string"}}],"inLanguage":"es"},{"@type":"Organization","@id":"https:\/\/gremicafe.cat\/#organization","name":"Gremio del Caf\u00e9, Tostadores de Catalu\u00f1a","url":"https:\/\/gremicafe.cat\/","logo":{"@type":"ImageObject","inLanguage":"es","@id":"https:\/\/gremicafe.cat\/#\/schema\/logo\/image\/","url":"https:\/\/gremicafe.cat\/wp-content\/uploads\/2018\/03\/gremicafe-logo250.png","contentUrl":"https:\/\/gremicafe.cat\/wp-content\/uploads\/2018\/03\/gremicafe-logo250.png","width":250,"height":49,"caption":"Gremi del Caf\u00e8, Torradors de Catalunya"},"image":{"@id":"https:\/\/gremicafe.cat\/#\/schema\/logo\/image\/"},"sameAs":["https:\/\/www.facebook.com\/gremicafecat","https:\/\/x.com\/gremicafecat","https:\/\/www.instagram.com\/gremicafecat\/","https:\/\/www.pinterest.es\/gremicafecat\/","https:\/\/www.youtube.com\/channel\/UCGLo5Y35vLwLvP4FrPZrCrw\/"]},{"@type":"Person","@id":"https:\/\/gremicafe.cat\/#\/schema\/person\/dabfdbb3d0fa36260855a380f94e4733","name":"gremicafe","image":{"@type":"ImageObject","inLanguage":"es","@id":"https:\/\/gremicafe.cat\/#\/schema\/person\/image\/","url":"https:\/\/secure.gravatar.com\/avatar\/e59baa4ca8f6f97576d6375fb6d3c8f0?s=96&d=mm&r=g","contentUrl":"https:\/\/secure.gravatar.com\/avatar\/e59baa4ca8f6f97576d6375fb6d3c8f0?s=96&d=mm&r=g","caption":"gremicafe"}}]}},"_links":{"self":[{"href":"https:\/\/gremicafe.cat\/es\/wp-json\/wp\/v2\/posts\/7868"}],"collection":[{"href":"https:\/\/gremicafe.cat\/es\/wp-json\/wp\/v2\/posts"}],"about":[{"href":"https:\/\/gremicafe.cat\/es\/wp-json\/wp\/v2\/types\/post"}],"author":[{"embeddable":true,"href":"https:\/\/gremicafe.cat\/es\/wp-json\/wp\/v2\/users\/1"}],"replies":[{"embeddable":true,"href":"https:\/\/gremicafe.cat\/es\/wp-json\/wp\/v2\/comments?post=7868"}],"version-history":[{"count":0,"href":"https:\/\/gremicafe.cat\/es\/wp-json\/wp\/v2\/posts\/7868\/revisions"}],"wp:featuredmedia":[{"embeddable":true,"href":"https:\/\/gremicafe.cat\/es\/wp-json\/wp\/v2\/media\/7869"}],"wp:attachment":[{"href":"https:\/\/gremicafe.cat\/es\/wp-json\/wp\/v2\/media?parent=7868"}],"wp:term":[{"taxonomy":"category","embeddable":true,"href":"https:\/\/gremicafe.cat\/es\/wp-json\/wp\/v2\/categories?post=7868"},{"taxonomy":"post_tag","embeddable":true,"href":"https:\/\/gremicafe.cat\/es\/wp-json\/wp\/v2\/tags?post=7868"}],"curies":[{"name":"wp","href":"https:\/\/api.w.org\/{rel}","templated":true}]}}