{"id":7879,"date":"2025-07-23T16:21:49","date_gmt":"2025-07-23T14:21:49","guid":{"rendered":"https:\/\/gremicafe.cat\/?p=7879"},"modified":"2025-07-23T16:21:49","modified_gmt":"2025-07-23T14:21:49","slug":"donem-la-benvinguda-al-nou-disc-de-the-tyets-cafe-pels-mes-cafeteros","status":"publish","type":"post","link":"https:\/\/gremicafe.cat\/es\/2025\/07\/23\/donem-la-benvinguda-al-nou-disc-de-the-tyets-cafe-pels-mes-cafeteros\/","title":{"rendered":"Damos la bienvenida al nuevo disco de The Tyets &#039;Caf\u00e9 para los m\u00e1s cafeteros&#039;"},"content":{"rendered":"<div id=\"ut-row-69f49be214945\" data-vc-full-width=\"true\" data-vc-full-width-init=\"false\" class=\"vc_row wpb_row vc_row-fluid vc_column-gap-0 ut-row-69f49be214958\" ><div class=\"wpb_column vc_column_container vc_col-sm-12\" ><div id=\"ut_inner_column_69f49be215624\" class=\"vc_column-inner\"><div class=\"wpb_wrapper\"><div  class=\"wpb_content_element   clearfix\"><style type=\"text\/css\" scoped>#ut_am_69f49be2164aa { opacity: 1; }<\/style><div id=\"ut_am_wrap_69f49be2164ab\" class=\"ut-image-gallery-image\" style=\"text-align:center;\"><div class=\"ut-animated-image-item ut-image-gallery-item ut-animation-done\"><a data-exthumbimage=\"https:\/\/gremicafe.cat\/wp-content\/uploads\/2025\/07\/TheTyetsCafe-150x150.jpg\" href=\"https:\/\/gremicafe.cat\/wp-content\/uploads\/2025\/07\/TheTyetsCafe.jpg\" class=\"ut-vc-images-lightbox\"><img loading=\"lazy\" decoding=\"async\" title=\"TheTyetsCafe\" id=\"ut_am_69f49be2164aa\" style=\"\" src=\"https:\/\/gremicafe.cat\/wp-content\/uploads\/2025\/07\/TheTyetsCafe.jpg\" width=\"640\" height=\"640\" alt=\"\"\/><\/a><\/div><\/div><\/div>\n\t<div class=\"wpb_text_column wpb_content_element\" >\n\t\t<div class=\"wpb_wrapper\">\n\t\t\t<p class=\"p1\"><span class=\"s1\"><b>Desde el Gremio del Caf\u00e9, tostadores de Catalu\u00f1a, damos la bienvenida al nuevo disco de The Tyets <\/b><\/span><span class=\"s1\"><b>&#039;Caf\u00e9 para los m\u00e1s cafeteros&#039;<\/b><\/span><\/p>\n<p class=\"p1\"><span class=\"s1\">Con once temas nuevos, seis de ellos completamente in\u00e9ditos, los de Matar\u00f3 hacen gala de todo tipo de ritmos y pistas de baile en una sola velada. Un disco hecho a fuego lento que invita a pas\u00e1rselo bien.<\/span><\/p>\n<p class=\"p1\"><span class=\"s1\">Escuchamos el nuevo disco, tema a tema, Caf\u00e9 para los m\u00e1s cafeteros para encontrar el motivo del triunfo del d\u00fao m\u00e1s bailado de Catalunya.<\/span><\/p>\n<p class=\"p1\"><span class=\"s1\">Gracias, The Tyets por su sensibilidad cafetera.<\/span><\/p>\n<p class=\"p1\"><span class=\"s1\">C\u00f3mpralo en la web oficial de The Tyets<br \/>\n<\/span><a href=\"https:\/\/thetyets.com\/products\/disc-fisic-cafe-pels-mes-cafeteros?variant=50219929862486\"><span class=\"s1\">https:\/\/thetyets.com\/products\/disc-fisic-cafe-pels-mes-cafeteros?variant=50219929862486<\/span><\/a><\/p>\n<p class=\"p1\"><span class=\"s1\">Escuche en Spotify\u00ae, AppleMusic\u00ae o en AmazonMusic\u00ae<\/span><\/p>\n<p class=\"p4\"><span class=\"s1\">Es un consejo del Gremio del Caf\u00e9 de Catalu\u00f1a: EL CAF\u00c9, UN PLACER implica: caf\u00e9 100% natural, reci\u00e9n tostado en Catalu\u00f1a, por un tostador asociado al <\/span><span class=\"s2\">\ud835\uddda\ud835\udde5\ud835\uddd8\ud835\udde0\ud835\udddc \ud835\uddd7\ud835\uddd8\ud835\udddf \ud835\uddd6\ud835\uddd4\ud835\uddd9\u00c8<\/span><span class=\"s1\">: proximidad, sostenibilidad y la m\u00e1xima calidad <\/span><span class=\"s3\">\u2615 <\/span><span class=\"s1\">cerca de ti.<\/span><\/p>\n\n\t\t<\/div>\n\t<\/div>\n<\/div><\/div><\/div><\/div><div class=\"vc_row-full-width vc_clearfix\"><\/div>","protected":false},"excerpt":{"rendered":"#ut_am_69f49be217431 { opacity: 1; } Des del Gremi del Caf\u00e8, torradors de Catalunya, donem la benvinguda al nou disc de The Tyets 'Caf\u00e8 pels m\u00e9s cafeteros' Amb onze temes nous, sis d'ells completament in\u00e8dits, els de Matar\u00f3 fan gala de tota mena de ritmes i pistes de ball en una sola vetllada. Un disc fet [...]","protected":false},"author":1,"featured_media":7880,"comment_status":"closed","ping_status":"open","sticky":false,"template":"","format":"standard","meta":{"_acf_changed":false,"inline_featured_image":false,"footnotes":""},"categories":[1],"tags":[157,154,156],"class_list":["post-7879","post","type-post","status-publish","format-standard","has-post-thumbnail","hentry","category-noticies","tag-cafe-pels-mes-cafeteros","tag-el-cafe-de-lestiu","tag-the-tyets"],"acf":[],"yoast_head":"<!-- This site is optimized with the Yoast SEO plugin v25.5 - https:\/\/yoast.com\/wordpress\/plugins\/seo\/ -->\n<title>Donem la benvinguda al nou disc de The Tyets &#039;Caf\u00e8 pels m\u00e9s cafeteros&#039; - Gremi del Caf\u00e8, torradors de Catalunya<\/title>\n<meta name=\"description\" content=\"Un disc fet a foc lent que convida a passar-s\u2019ho b\u00e9.Escoltem el nou disc, tema a tema, Caf\u00e8 pels m\u00e9s cafeteros per trobar-ne el motiu del triomf del duet m\u00e9s ballat de Catalunya. Gr\u00e0cies, The Tyets per la vostra sensibilitat cafetera\" \/>\n<meta name=\"robots\" content=\"index, follow, max-snippet:-1, max-image-preview:large, max-video-preview:-1\" \/>\n<link rel=\"canonical\" href=\"https:\/\/gremicafe.cat\/es\/2025\/07\/23\/donem-la-benvinguda-al-nou-disc-de-the-tyets-cafe-pels-mes-cafeteros\/\" \/>\n<meta property=\"og:locale\" content=\"es_ES\" \/>\n<meta property=\"og:type\" content=\"article\" \/>\n<meta property=\"og:title\" content=\"Donem la benvinguda al nou disc de The Tyets &#039;Caf\u00e8 pels m\u00e9s cafeteros&#039; - Gremi del Caf\u00e8, torradors de Catalunya\" \/>\n<meta property=\"og:description\" content=\"Un disc fet a foc lent que convida a passar-s\u2019ho b\u00e9.Escoltem el nou disc, tema a tema, Caf\u00e8 pels m\u00e9s cafeteros per trobar-ne el motiu del triomf del duet m\u00e9s ballat de Catalunya. Gr\u00e0cies, The Tyets per la vostra sensibilitat cafetera\" \/>\n<meta property=\"og:url\" content=\"https:\/\/gremicafe.cat\/es\/2025\/07\/23\/donem-la-benvinguda-al-nou-disc-de-the-tyets-cafe-pels-mes-cafeteros\/\" \/>\n<meta property=\"og:site_name\" content=\"Gremi del Caf\u00e8, torradors de Catalunya\" \/>\n<meta property=\"article:publisher\" content=\"https:\/\/www.facebook.com\/gremicafecat\" \/>\n<meta property=\"article:published_time\" content=\"2025-07-23T14:21:49+00:00\" \/>\n<meta property=\"og:image\" content=\"https:\/\/gremicafe.cat\/wp-content\/uploads\/2025\/07\/TheTyetsCafe.jpg\" \/>\n\t<meta property=\"og:image:width\" content=\"640\" \/>\n\t<meta property=\"og:image:height\" content=\"640\" \/>\n\t<meta property=\"og:image:type\" content=\"image\/jpeg\" \/>\n<meta name=\"author\" content=\"gremicafe\" \/>\n<meta name=\"twitter:card\" content=\"summary_large_image\" \/>\n<meta name=\"twitter:creator\" content=\"@gremicafecat\" \/>\n<meta name=\"twitter:site\" content=\"@gremicafecat\" \/>\n<meta name=\"twitter:label1\" content=\"Escrito por\" \/>\n\t<meta name=\"twitter:data1\" content=\"gremicafe\" \/>\n\t<meta name=\"twitter:label2\" content=\"Tiempo de lectura\" \/>\n\t<meta name=\"twitter:data2\" content=\"2 minutos\" \/>\n<script type=\"application\/ld+json\" class=\"yoast-schema-graph\">{\"@context\":\"https:\/\/schema.org\",\"@graph\":[{\"@type\":\"Article\",\"@id\":\"https:\/\/gremicafe.cat\/2025\/07\/23\/donem-la-benvinguda-al-nou-disc-de-the-tyets-cafe-pels-mes-cafeteros\/#article\",\"isPartOf\":{\"@id\":\"https:\/\/gremicafe.cat\/2025\/07\/23\/donem-la-benvinguda-al-nou-disc-de-the-tyets-cafe-pels-mes-cafeteros\/\"},\"author\":{\"name\":\"gremicafe\",\"@id\":\"https:\/\/gremicafe.cat\/#\/schema\/person\/dabfdbb3d0fa36260855a380f94e4733\"},\"headline\":\"Donem la benvinguda al nou disc de The Tyets &#8216;Caf\u00e8 pels m\u00e9s cafeteros&#8217;\",\"datePublished\":\"2025-07-23T14:21:49+00:00\",\"mainEntityOfPage\":{\"@id\":\"https:\/\/gremicafe.cat\/2025\/07\/23\/donem-la-benvinguda-al-nou-disc-de-the-tyets-cafe-pels-mes-cafeteros\/\"},\"wordCount\":190,\"publisher\":{\"@id\":\"https:\/\/gremicafe.cat\/#organization\"},\"image\":{\"@id\":\"https:\/\/gremicafe.cat\/2025\/07\/23\/donem-la-benvinguda-al-nou-disc-de-the-tyets-cafe-pels-mes-cafeteros\/#primaryimage\"},\"thumbnailUrl\":\"https:\/\/gremicafe.cat\/wp-content\/uploads\/2025\/07\/TheTyetsCafe.jpg\",\"keywords\":[\"Caf\u00e8 pels m\u00e9s cafeteros\",\"El caf\u00e8 de l'estiu\",\"The Tyets\"],\"articleSection\":[\"Not\u00edcies\"],\"inLanguage\":\"es\"},{\"@type\":\"WebPage\",\"@id\":\"https:\/\/gremicafe.cat\/2025\/07\/23\/donem-la-benvinguda-al-nou-disc-de-the-tyets-cafe-pels-mes-cafeteros\/\",\"url\":\"https:\/\/gremicafe.cat\/2025\/07\/23\/donem-la-benvinguda-al-nou-disc-de-the-tyets-cafe-pels-mes-cafeteros\/\",\"name\":\"Donem la benvinguda al nou disc de The Tyets 'Caf\u00e8 pels m\u00e9s cafeteros' - Gremi del Caf\u00e8, torradors de Catalunya\",\"isPartOf\":{\"@id\":\"https:\/\/gremicafe.cat\/#website\"},\"primaryImageOfPage\":{\"@id\":\"https:\/\/gremicafe.cat\/2025\/07\/23\/donem-la-benvinguda-al-nou-disc-de-the-tyets-cafe-pels-mes-cafeteros\/#primaryimage\"},\"image\":{\"@id\":\"https:\/\/gremicafe.cat\/2025\/07\/23\/donem-la-benvinguda-al-nou-disc-de-the-tyets-cafe-pels-mes-cafeteros\/#primaryimage\"},\"thumbnailUrl\":\"https:\/\/gremicafe.cat\/wp-content\/uploads\/2025\/07\/TheTyetsCafe.jpg\",\"datePublished\":\"2025-07-23T14:21:49+00:00\",\"description\":\"Un disc fet a foc lent que convida a passar-s\u2019ho b\u00e9.Escoltem el nou disc, tema a tema, Caf\u00e8 pels m\u00e9s cafeteros per trobar-ne el motiu del triomf del duet m\u00e9s ballat de Catalunya. Gr\u00e0cies, The Tyets per la vostra sensibilitat cafetera\",\"breadcrumb\":{\"@id\":\"https:\/\/gremicafe.cat\/2025\/07\/23\/donem-la-benvinguda-al-nou-disc-de-the-tyets-cafe-pels-mes-cafeteros\/#breadcrumb\"},\"inLanguage\":\"es\",\"potentialAction\":[{\"@type\":\"ReadAction\",\"target\":[\"https:\/\/gremicafe.cat\/2025\/07\/23\/donem-la-benvinguda-al-nou-disc-de-the-tyets-cafe-pels-mes-cafeteros\/\"]}]},{\"@type\":\"ImageObject\",\"inLanguage\":\"es\",\"@id\":\"https:\/\/gremicafe.cat\/2025\/07\/23\/donem-la-benvinguda-al-nou-disc-de-the-tyets-cafe-pels-mes-cafeteros\/#primaryimage\",\"url\":\"https:\/\/gremicafe.cat\/wp-content\/uploads\/2025\/07\/TheTyetsCafe.jpg\",\"contentUrl\":\"https:\/\/gremicafe.cat\/wp-content\/uploads\/2025\/07\/TheTyetsCafe.jpg\",\"width\":640,\"height\":640,\"caption\":\"Caf\u00e8 pels m\u00e9s cafeteros - The Tyets - Gremi del Caf\u00e8\"},{\"@type\":\"BreadcrumbList\",\"@id\":\"https:\/\/gremicafe.cat\/2025\/07\/23\/donem-la-benvinguda-al-nou-disc-de-the-tyets-cafe-pels-mes-cafeteros\/#breadcrumb\",\"itemListElement\":[{\"@type\":\"ListItem\",\"position\":1,\"name\":\"Inici\",\"item\":\"https:\/\/gremicafe.cat\/\"},{\"@type\":\"ListItem\",\"position\":2,\"name\":\"Donem la benvinguda al nou disc de The Tyets &#8216;Caf\u00e8 pels m\u00e9s cafeteros&#8217;\"}]},{\"@type\":\"WebSite\",\"@id\":\"https:\/\/gremicafe.cat\/#website\",\"url\":\"https:\/\/gremicafe.cat\/\",\"name\":\"Gremi del Caf\u00e8, torradors de Catalunya\",\"description\":\"Web oficial del gremi de torradors de caf\u00e8 de Catalunya\",\"publisher\":{\"@id\":\"https:\/\/gremicafe.cat\/#organization\"},\"potentialAction\":[{\"@type\":\"SearchAction\",\"target\":{\"@type\":\"EntryPoint\",\"urlTemplate\":\"https:\/\/gremicafe.cat\/?s={search_term_string}\"},\"query-input\":{\"@type\":\"PropertyValueSpecification\",\"valueRequired\":true,\"valueName\":\"search_term_string\"}}],\"inLanguage\":\"es\"},{\"@type\":\"Organization\",\"@id\":\"https:\/\/gremicafe.cat\/#organization\",\"name\":\"Gremi del Caf\u00e8, Torradors de Catalunya\",\"url\":\"https:\/\/gremicafe.cat\/\",\"logo\":{\"@type\":\"ImageObject\",\"inLanguage\":\"es\",\"@id\":\"https:\/\/gremicafe.cat\/#\/schema\/logo\/image\/\",\"url\":\"https:\/\/gremicafe.cat\/wp-content\/uploads\/2018\/03\/gremicafe-logo250.png\",\"contentUrl\":\"https:\/\/gremicafe.cat\/wp-content\/uploads\/2018\/03\/gremicafe-logo250.png\",\"width\":250,\"height\":49,\"caption\":\"Gremi del Caf\u00e8, Torradors de Catalunya\"},\"image\":{\"@id\":\"https:\/\/gremicafe.cat\/#\/schema\/logo\/image\/\"},\"sameAs\":[\"https:\/\/www.facebook.com\/gremicafecat\",\"https:\/\/x.com\/gremicafecat\",\"https:\/\/www.instagram.com\/gremicafecat\/\",\"https:\/\/www.pinterest.es\/gremicafecat\/\",\"https:\/\/www.youtube.com\/channel\/UCGLo5Y35vLwLvP4FrPZrCrw\/\"]},{\"@type\":\"Person\",\"@id\":\"https:\/\/gremicafe.cat\/#\/schema\/person\/dabfdbb3d0fa36260855a380f94e4733\",\"name\":\"gremicafe\",\"image\":{\"@type\":\"ImageObject\",\"inLanguage\":\"es\",\"@id\":\"https:\/\/gremicafe.cat\/#\/schema\/person\/image\/\",\"url\":\"https:\/\/secure.gravatar.com\/avatar\/e59baa4ca8f6f97576d6375fb6d3c8f0?s=96&d=mm&r=g\",\"contentUrl\":\"https:\/\/secure.gravatar.com\/avatar\/e59baa4ca8f6f97576d6375fb6d3c8f0?s=96&d=mm&r=g\",\"caption\":\"gremicafe\"}}]}<\/script>\n<!-- \/ Yoast SEO plugin. -->","yoast_head_json":{"title":"Donem la benvinguda al nou disc de The Tyets 'Caf\u00e8 pels m\u00e9s cafeteros' - Gremi del Caf\u00e8, torradors de Catalunya","description":"Un disc fet a foc lent que convida a passar-s\u2019ho b\u00e9.Escoltem el nou disc, tema a tema, Caf\u00e8 pels m\u00e9s cafeteros per trobar-ne el motiu del triomf del duet m\u00e9s ballat de Catalunya. Gr\u00e0cies, The Tyets per la vostra sensibilitat cafetera","robots":{"index":"index","follow":"follow","max-snippet":"max-snippet:-1","max-image-preview":"max-image-preview:large","max-video-preview":"max-video-preview:-1"},"canonical":"https:\/\/gremicafe.cat\/es\/2025\/07\/23\/donem-la-benvinguda-al-nou-disc-de-the-tyets-cafe-pels-mes-cafeteros\/","og_locale":"es_ES","og_type":"article","og_title":"Donem la benvinguda al nou disc de The Tyets 'Caf\u00e8 pels m\u00e9s cafeteros' - Gremi del Caf\u00e8, torradors de Catalunya","og_description":"Un disc fet a foc lent que convida a passar-s\u2019ho b\u00e9.Escoltem el nou disc, tema a tema, Caf\u00e8 pels m\u00e9s cafeteros per trobar-ne el motiu del triomf del duet m\u00e9s ballat de Catalunya. Gr\u00e0cies, The Tyets per la vostra sensibilitat cafetera","og_url":"https:\/\/gremicafe.cat\/es\/2025\/07\/23\/donem-la-benvinguda-al-nou-disc-de-the-tyets-cafe-pels-mes-cafeteros\/","og_site_name":"Gremi del Caf\u00e8, torradors de Catalunya","article_publisher":"https:\/\/www.facebook.com\/gremicafecat","article_published_time":"2025-07-23T14:21:49+00:00","og_image":[{"width":640,"height":640,"url":"https:\/\/gremicafe.cat\/wp-content\/uploads\/2025\/07\/TheTyetsCafe.jpg","type":"image\/jpeg"}],"author":"gremicafe","twitter_card":"summary_large_image","twitter_creator":"@gremicafecat","twitter_site":"@gremicafecat","twitter_misc":{"Escrito por":"gremicafe","Tiempo de lectura":"2 minutos"},"schema":{"@context":"https:\/\/schema.org","@graph":[{"@type":"Article","@id":"https:\/\/gremicafe.cat\/2025\/07\/23\/donem-la-benvinguda-al-nou-disc-de-the-tyets-cafe-pels-mes-cafeteros\/#article","isPartOf":{"@id":"https:\/\/gremicafe.cat\/2025\/07\/23\/donem-la-benvinguda-al-nou-disc-de-the-tyets-cafe-pels-mes-cafeteros\/"},"author":{"name":"gremicafe","@id":"https:\/\/gremicafe.cat\/#\/schema\/person\/dabfdbb3d0fa36260855a380f94e4733"},"headline":"Donem la benvinguda al nou disc de The Tyets &#8216;Caf\u00e8 pels m\u00e9s cafeteros&#8217;","datePublished":"2025-07-23T14:21:49+00:00","mainEntityOfPage":{"@id":"https:\/\/gremicafe.cat\/2025\/07\/23\/donem-la-benvinguda-al-nou-disc-de-the-tyets-cafe-pels-mes-cafeteros\/"},"wordCount":190,"publisher":{"@id":"https:\/\/gremicafe.cat\/#organization"},"image":{"@id":"https:\/\/gremicafe.cat\/2025\/07\/23\/donem-la-benvinguda-al-nou-disc-de-the-tyets-cafe-pels-mes-cafeteros\/#primaryimage"},"thumbnailUrl":"https:\/\/gremicafe.cat\/wp-content\/uploads\/2025\/07\/TheTyetsCafe.jpg","keywords":["Caf\u00e8 pels m\u00e9s cafeteros","El caf\u00e8 de l'estiu","The Tyets"],"articleSection":["Not\u00edcies"],"inLanguage":"es"},{"@type":"WebPage","@id":"https:\/\/gremicafe.cat\/2025\/07\/23\/donem-la-benvinguda-al-nou-disc-de-the-tyets-cafe-pels-mes-cafeteros\/","url":"https:\/\/gremicafe.cat\/2025\/07\/23\/donem-la-benvinguda-al-nou-disc-de-the-tyets-cafe-pels-mes-cafeteros\/","name":"Donem la benvinguda al nou disc de The Tyets 'Caf\u00e8 pels m\u00e9s cafeteros' - Gremi del Caf\u00e8, torradors de Catalunya","isPartOf":{"@id":"https:\/\/gremicafe.cat\/#website"},"primaryImageOfPage":{"@id":"https:\/\/gremicafe.cat\/2025\/07\/23\/donem-la-benvinguda-al-nou-disc-de-the-tyets-cafe-pels-mes-cafeteros\/#primaryimage"},"image":{"@id":"https:\/\/gremicafe.cat\/2025\/07\/23\/donem-la-benvinguda-al-nou-disc-de-the-tyets-cafe-pels-mes-cafeteros\/#primaryimage"},"thumbnailUrl":"https:\/\/gremicafe.cat\/wp-content\/uploads\/2025\/07\/TheTyetsCafe.jpg","datePublished":"2025-07-23T14:21:49+00:00","description":"Un disc fet a foc lent que convida a passar-s\u2019ho b\u00e9.Escoltem el nou disc, tema a tema, Caf\u00e8 pels m\u00e9s cafeteros per trobar-ne el motiu del triomf del duet m\u00e9s ballat de Catalunya. Gr\u00e0cies, The Tyets per la vostra sensibilitat cafetera","breadcrumb":{"@id":"https:\/\/gremicafe.cat\/2025\/07\/23\/donem-la-benvinguda-al-nou-disc-de-the-tyets-cafe-pels-mes-cafeteros\/#breadcrumb"},"inLanguage":"es","potentialAction":[{"@type":"ReadAction","target":["https:\/\/gremicafe.cat\/2025\/07\/23\/donem-la-benvinguda-al-nou-disc-de-the-tyets-cafe-pels-mes-cafeteros\/"]}]},{"@type":"ImageObject","inLanguage":"es","@id":"https:\/\/gremicafe.cat\/2025\/07\/23\/donem-la-benvinguda-al-nou-disc-de-the-tyets-cafe-pels-mes-cafeteros\/#primaryimage","url":"https:\/\/gremicafe.cat\/wp-content\/uploads\/2025\/07\/TheTyetsCafe.jpg","contentUrl":"https:\/\/gremicafe.cat\/wp-content\/uploads\/2025\/07\/TheTyetsCafe.jpg","width":640,"height":640,"caption":"Caf\u00e8 pels m\u00e9s cafeteros - The Tyets - Gremi del Caf\u00e8"},{"@type":"BreadcrumbList","@id":"https:\/\/gremicafe.cat\/2025\/07\/23\/donem-la-benvinguda-al-nou-disc-de-the-tyets-cafe-pels-mes-cafeteros\/#breadcrumb","itemListElement":[{"@type":"ListItem","position":1,"name":"Inici","item":"https:\/\/gremicafe.cat\/"},{"@type":"ListItem","position":2,"name":"Donem la benvinguda al nou disc de The Tyets &#8216;Caf\u00e8 pels m\u00e9s cafeteros&#8217;"}]},{"@type":"WebSite","@id":"https:\/\/gremicafe.cat\/#website","url":"https:\/\/gremicafe.cat\/","name":"Gremio del Caf\u00e9, tostadores de Catalu\u00f1a","description":"Web oficial del gremio de tostadores de caf\u00e9 de Catalunya","publisher":{"@id":"https:\/\/gremicafe.cat\/#organization"},"potentialAction":[{"@type":"SearchAction","target":{"@type":"EntryPoint","urlTemplate":"https:\/\/gremicafe.cat\/?s={search_term_string}"},"query-input":{"@type":"PropertyValueSpecification","valueRequired":true,"valueName":"search_term_string"}}],"inLanguage":"es"},{"@type":"Organization","@id":"https:\/\/gremicafe.cat\/#organization","name":"Gremio del Caf\u00e9, Tostadores de Catalu\u00f1a","url":"https:\/\/gremicafe.cat\/","logo":{"@type":"ImageObject","inLanguage":"es","@id":"https:\/\/gremicafe.cat\/#\/schema\/logo\/image\/","url":"https:\/\/gremicafe.cat\/wp-content\/uploads\/2018\/03\/gremicafe-logo250.png","contentUrl":"https:\/\/gremicafe.cat\/wp-content\/uploads\/2018\/03\/gremicafe-logo250.png","width":250,"height":49,"caption":"Gremi del Caf\u00e8, Torradors de Catalunya"},"image":{"@id":"https:\/\/gremicafe.cat\/#\/schema\/logo\/image\/"},"sameAs":["https:\/\/www.facebook.com\/gremicafecat","https:\/\/x.com\/gremicafecat","https:\/\/www.instagram.com\/gremicafecat\/","https:\/\/www.pinterest.es\/gremicafecat\/","https:\/\/www.youtube.com\/channel\/UCGLo5Y35vLwLvP4FrPZrCrw\/"]},{"@type":"Person","@id":"https:\/\/gremicafe.cat\/#\/schema\/person\/dabfdbb3d0fa36260855a380f94e4733","name":"gremicafe","image":{"@type":"ImageObject","inLanguage":"es","@id":"https:\/\/gremicafe.cat\/#\/schema\/person\/image\/","url":"https:\/\/secure.gravatar.com\/avatar\/e59baa4ca8f6f97576d6375fb6d3c8f0?s=96&d=mm&r=g","contentUrl":"https:\/\/secure.gravatar.com\/avatar\/e59baa4ca8f6f97576d6375fb6d3c8f0?s=96&d=mm&r=g","caption":"gremicafe"}}]}},"_links":{"self":[{"href":"https:\/\/gremicafe.cat\/es\/wp-json\/wp\/v2\/posts\/7879"}],"collection":[{"href":"https:\/\/gremicafe.cat\/es\/wp-json\/wp\/v2\/posts"}],"about":[{"href":"https:\/\/gremicafe.cat\/es\/wp-json\/wp\/v2\/types\/post"}],"author":[{"embeddable":true,"href":"https:\/\/gremicafe.cat\/es\/wp-json\/wp\/v2\/users\/1"}],"replies":[{"embeddable":true,"href":"https:\/\/gremicafe.cat\/es\/wp-json\/wp\/v2\/comments?post=7879"}],"version-history":[{"count":0,"href":"https:\/\/gremicafe.cat\/es\/wp-json\/wp\/v2\/posts\/7879\/revisions"}],"wp:featuredmedia":[{"embeddable":true,"href":"https:\/\/gremicafe.cat\/es\/wp-json\/wp\/v2\/media\/7880"}],"wp:attachment":[{"href":"https:\/\/gremicafe.cat\/es\/wp-json\/wp\/v2\/media?parent=7879"}],"wp:term":[{"taxonomy":"category","embeddable":true,"href":"https:\/\/gremicafe.cat\/es\/wp-json\/wp\/v2\/categories?post=7879"},{"taxonomy":"post_tag","embeddable":true,"href":"https:\/\/gremicafe.cat\/es\/wp-json\/wp\/v2\/tags?post=7879"}],"curies":[{"name":"wp","href":"https:\/\/api.w.org\/{rel}","templated":true}]}}