{"id":7888,"date":"2025-06-18T15:18:41","date_gmt":"2025-06-18T13:18:41","guid":{"rendered":"https:\/\/gremicafe.cat\/?p=7888"},"modified":"2025-07-24T15:24:26","modified_gmt":"2025-07-24T13:24:26","slug":"el-cafe-a-lestiu","status":"publish","type":"post","link":"https:\/\/gremicafe.cat\/es\/2025\/06\/18\/el-cafe-a-lestiu\/","title":{"rendered":"El caf\u00e9 en verano"},"content":{"rendered":"<div id=\"ut-row-69f4aab683605\" data-vc-full-width=\"true\" data-vc-full-width-init=\"false\" class=\"vc_row wpb_row vc_row-fluid vc_column-gap-0 ut-row-69f4aab68361f\" ><div class=\"wpb_column vc_column_container vc_col-sm-12\" ><div id=\"ut_inner_column_69f4aab683f1e\" class=\"vc_column-inner\"><div class=\"wpb_wrapper\"><div  class=\"wpb_content_element   clearfix\"><style type=\"text\/css\" scoped>#ut_am_69f4aab684928 { opacity: 1; }<\/style><div id=\"ut_am_wrap_69f4aab68492a\" class=\"ut-image-gallery-image\" style=\"text-align:center;\"><div class=\"ut-animated-image-item ut-image-gallery-item ut-animation-done\"><a data-exthumbimage=\"https:\/\/gremicafe.cat\/wp-content\/uploads\/2025\/07\/CafeEstiuGremi001-150x150.jpg\" href=\"https:\/\/gremicafe.cat\/wp-content\/uploads\/2025\/07\/CafeEstiuGremi001-720x720.jpg\" class=\"ut-vc-images-lightbox\"><img loading=\"lazy\" decoding=\"async\" title=\"CafeVeranoGremi001\" id=\"ut_am_69f4aab684928\" style=\"\" src=\"https:\/\/gremicafe.cat\/wp-content\/uploads\/2025\/07\/CafeEstiuGremi001.jpg\" width=\"1024\" height=\"1024\" alt=\"\"\/><\/a><\/div><\/div><\/div>\n\t<div class=\"wpb_text_column wpb_content_element\" >\n\t\t<div class=\"wpb_wrapper\">\n\t\t\t<p class=\"p1\" style=\"text-align: center;\"><span class=\"s1\"><b>El caf\u00e9 en verano<\/b><b><\/b><\/span><\/p>\n<p class=\"p3\" style=\"text-align: center;\"><span class=\"s1\">Es cierto que en verano a menudo apetece m\u00e1s una cerveza bien fr\u00eda, pero tambi\u00e9n hay muchas razones por las que un caf\u00e9 puede ser muy tentador, incluso cuando hace calor.\u00a0<\/span><\/p>\n<p class=\"p3\" style=\"text-align: center;\"><span class=\"s1\">Te regalamos 12 razones con las que te queremos convencer de que tomar un caf\u00e9 en verano, tambi\u00e9n es un placer.<\/span><\/p>\n<h2 class=\"p3\" style=\"text-align: center;\"><span class=\"s1\"><b>Momentos con caf\u00e9 para los m\u00e1s cafeteros<\/b><b><\/b><\/span><\/h2>\n<p class=\"p3\" style=\"text-align: center;\"><span class=\"s1\">\u2013 <b>El primer caf\u00e9 del d\u00eda<\/b> \u2013 <\/span><\/p>\n<p class=\"p3\" style=\"text-align: center;\"><span class=\"s1\">Aunque sea verano, no podemos empezar a hacer nada sin nuestra taza de caf\u00e9.<\/span><\/p>\n<p class=\"p3\" style=\"text-align: center;\"><span class=\"s1\">\u2013<b> Olor de caf\u00e9 reci\u00e9n hecho\u00a0<\/b>\u2013 <\/span><\/p>\n<p class=\"p3\" style=\"text-align: center;\"><span class=\"s1\">El aroma del caf\u00e9 reci\u00e9n hecho, con la cafetera sobre el fuego, puede ser igual de reconfortante en verano como en invierno. Es aromaterapia natural.<\/span><\/p>\n<p class=\"p3\" style=\"text-align: center;\"><span class=\"s1\">\u2013<b> Energ\u00eda extra<\/b> \u2013 <\/span><\/p>\n<p class=\"p3\" style=\"text-align: center;\"><span class=\"s1\">Las jornadas de verano pueden ser largas y activas; un caf\u00e9 da ese impulso necesario a media ma\u00f1ana.<\/span><\/p>\n<p class=\"p3\" style=\"text-align: center;\"><span class=\"s1\">\u2013<b> \u00bfEstudias o trabajas?<\/b> \u2013 <\/span><\/p>\n<p class=\"p3\" style=\"text-align: center;\"><span class=\"s1\">El verano no siempre es sin\u00f3nimo de vacaciones; si vas a trabajar o estudiar, el caf\u00e9 puede ser un gran aliado.<\/span><\/p>\n<p class=\"p3\" style=\"text-align: center;\"><span class=\"s1\">\u2013<b> Quedamos a tomar un caf\u00e9<\/b> \u2013 <\/span><\/p>\n<p class=\"p3\" style=\"text-align: center;\"><span class=\"s1\">Encontrarse con alguien para tomar un caf\u00e9 (aunque sea fr\u00edo) sigue siendo una excusa perfecta para ver amigos o para hacer negocios. El caf\u00e9 ayuda a la socializaci\u00f3n.<\/span><\/p>\n<p class=\"p3\" style=\"text-align: center;\"><span class=\"s1\">\u2013 <b>Despu\u00e9s de comer<\/b>r \u2013 <\/span><\/p>\n<p class=\"p3\" style=\"text-align: center;\"><span class=\"s1\">Aunque en verano las comidas no suelen ser tan abundantes, un caf\u00e9 puede ayudarte a hacer la digesti\u00f3n.<\/span><\/p>\n<p class=\"p3\" style=\"text-align: center;\"><span class=\"s1\">\u2013 <b>Momentos tranquilos en la terraza<\/b> \u2013 <\/span><\/p>\n<p class=\"p3\" style=\"text-align: center;\"><span class=\"s1\">Hacer un caf\u00e9 y sentarse al aire libre, leyendo un buen libro, es placer veraniego muy recomendable.<\/span><\/p>\n<p class=\"p3\" style=\"text-align: center;\"><span class=\"s1\"> \u2013 <b>Ritual personal<\/b> \u2013 <\/span><\/p>\n<p class=\"p3\" style=\"text-align: center;\"><span class=\"s1\">Muchos tenemos el h\u00e1bito de tomar un caf\u00e9 como un momento personal, independientemente de la \u00e9poca del a\u00f1o. Algunos llaman hacer un kitkat.<\/span><\/p>\n<p class=\"p3\" style=\"text-align: center;\"><span class=\"s1\"> \u2013 <b>Postre de verano con caf\u00e9<\/b> \u2013 <\/span><\/p>\n<p class=\"p3\" style=\"text-align: center;\"><span class=\"s1\">El caf\u00e9 es clave en muchos postres refrescantes como el tiramis\u00fa, helados o granizados de caf\u00e9. <\/span><\/p>\n<p class=\"p3\" style=\"text-align: center;\"><span class=\"s1\"> \u2013 <b>Opciones fr\u00edas y creativas<\/b> \u2013 <\/span><\/p>\n<p class=\"p3\" style=\"text-align: center;\"><span class=\"s1\">Hay muchas versiones como el caf\u00e9 con hielo, frappuccino, cold brew, affogato\u2026 ideales para explorar nuevos sabores. Mira los consejos y recetas del Gremio del Caf\u00e9.<\/span><\/p>\n<p class=\"p3\" style=\"text-align: center;\"><span class=\"s1\"> \u2013 <b>Alternativa a bebidas dulces<\/b> \u2013 <\/span><\/p>\n<p class=\"p3\" style=\"text-align: center;\"><span class=\"s1\">En lugar de refrescos cargados de az\u00facar, un caf\u00e9 fr\u00edo puede ser una opci\u00f3n menos dulce, m\u00e1s refrescante y m\u00e1s estimulante. \u00bfHas probado el caf\u00e9 con gaseosa? Lo llaman un Suave o un Soldado.<\/span><\/p>\n<p class=\"p3\" style=\"text-align: center;\"><span class=\"s1\">\u2013 <b>De cara al anochecer, descafeinado<\/b> \u2013 <\/span><\/p>\n<p class=\"p3\" style=\"text-align: center;\"><span class=\"s1\">Todas las recetas y bebidas con caf\u00e9 pueden elaborarse con caf\u00e9 descafeinado. Los tostadores del Gremio del Caf\u00e9, suministran caf\u00e9s descafeinados en el agua, con el todo sabor y el aroma de los buenos caf\u00e9s.\u00a0<\/span><\/p>\n<p>&nbsp;<\/p>\n<p class=\"p3\" style=\"text-align: center;\"><span class=\"s1\"><em>El caf\u00e9 en verano es<\/em><\/span><span class=\"s1\"><em>Es un consejo del<\/em> <strong><em>Gremio del Caf\u00e9 de Catalu\u00f1a.<\/em><\/strong><\/span><\/p>\n\n\t\t<\/div>\n\t<\/div>\n<\/div><\/div><\/div><\/div><div class=\"vc_row-full-width vc_clearfix\"><\/div>","protected":false},"excerpt":{"rendered":"#ut_am_69f4aab6862fe { opacity: 1; } El caf\u00e8 a l'estiu \u00c9s cert que a l'estiu sovint ve m\u00e9s de gust una cervesa ben freda, per\u00f2 tamb\u00e9 hi ha moltes raons per les quals un caf\u00e8 pot ser molt temptador, fins i tot quan fa calor.\u00a0 Et regalem 12 raons amb les quals et volem conv\u00e8ncer que [...]","protected":false},"author":1,"featured_media":7889,"comment_status":"closed","ping_status":"open","sticky":false,"template":"","format":"standard","meta":{"_acf_changed":false,"inline_featured_image":false,"footnotes":""},"categories":[1,151],"tags":[160,154,153],"class_list":["post-7888","post","type-post","status-publish","format-standard","has-post-thumbnail","hentry","category-noticies","category-receptes","tag-el-cafe-a-lestiu","tag-el-cafe-de-lestiu","tag-receptes-amb-cafe"],"acf":[],"yoast_head":"<!-- This site is optimized with the Yoast SEO plugin v25.5 - https:\/\/yoast.com\/wordpress\/plugins\/seo\/ -->\n<title>El caf\u00e8 a l&#039;estiu - Gremi del Caf\u00e8, torradors de Catalunya<\/title>\n<meta name=\"description\" content=\"El caf\u00e8 amb gel \u00e9s un preparat refrescant i bon\u00edssim. Tots els baristes tenen molt clar com s\u2019ha de fer, per\u00f2 si el vols fer a casa, des del Gremi del Caf\u00e8 et donem uns consells b\u00e0sics.\" \/>\n<meta name=\"robots\" content=\"index, follow, max-snippet:-1, max-image-preview:large, max-video-preview:-1\" \/>\n<link rel=\"canonical\" href=\"https:\/\/gremicafe.cat\/es\/2025\/06\/18\/el-cafe-a-lestiu\/\" \/>\n<meta property=\"og:locale\" content=\"es_ES\" \/>\n<meta property=\"og:type\" content=\"article\" \/>\n<meta property=\"og:title\" content=\"El caf\u00e8 a l&#039;estiu - Gremi del Caf\u00e8, torradors de Catalunya\" \/>\n<meta property=\"og:description\" content=\"El caf\u00e8 amb gel \u00e9s un preparat refrescant i bon\u00edssim. Tots els baristes tenen molt clar com s\u2019ha de fer, per\u00f2 si el vols fer a casa, des del Gremi del Caf\u00e8 et donem uns consells b\u00e0sics.\" \/>\n<meta property=\"og:url\" content=\"https:\/\/gremicafe.cat\/es\/2025\/06\/18\/el-cafe-a-lestiu\/\" \/>\n<meta property=\"og:site_name\" content=\"Gremi del Caf\u00e8, torradors de Catalunya\" \/>\n<meta property=\"article:publisher\" content=\"https:\/\/www.facebook.com\/gremicafecat\" \/>\n<meta property=\"article:published_time\" content=\"2025-06-18T13:18:41+00:00\" \/>\n<meta property=\"article:modified_time\" content=\"2025-07-24T13:24:26+00:00\" \/>\n<meta property=\"og:image\" content=\"https:\/\/gremicafe.cat\/wp-content\/uploads\/2025\/07\/CafeEstiuGremi001.jpg\" \/>\n\t<meta property=\"og:image:width\" content=\"1024\" \/>\n\t<meta property=\"og:image:height\" content=\"1024\" \/>\n\t<meta property=\"og:image:type\" content=\"image\/jpeg\" \/>\n<meta name=\"author\" content=\"gremicafe\" \/>\n<meta name=\"twitter:card\" content=\"summary_large_image\" \/>\n<meta name=\"twitter:creator\" content=\"@gremicafecat\" \/>\n<meta name=\"twitter:site\" content=\"@gremicafecat\" \/>\n<meta name=\"twitter:label1\" content=\"Escrito por\" \/>\n\t<meta name=\"twitter:data1\" content=\"gremicafe\" \/>\n\t<meta name=\"twitter:label2\" content=\"Tiempo de lectura\" \/>\n\t<meta name=\"twitter:data2\" content=\"3 minutos\" \/>\n<script type=\"application\/ld+json\" class=\"yoast-schema-graph\">{\"@context\":\"https:\/\/schema.org\",\"@graph\":[{\"@type\":\"Article\",\"@id\":\"https:\/\/gremicafe.cat\/2025\/06\/18\/el-cafe-a-lestiu\/#article\",\"isPartOf\":{\"@id\":\"https:\/\/gremicafe.cat\/2025\/06\/18\/el-cafe-a-lestiu\/\"},\"author\":{\"name\":\"gremicafe\",\"@id\":\"https:\/\/gremicafe.cat\/#\/schema\/person\/dabfdbb3d0fa36260855a380f94e4733\"},\"headline\":\"El caf\u00e8 a l&#8217;estiu\",\"datePublished\":\"2025-06-18T13:18:41+00:00\",\"dateModified\":\"2025-07-24T13:24:26+00:00\",\"mainEntityOfPage\":{\"@id\":\"https:\/\/gremicafe.cat\/2025\/06\/18\/el-cafe-a-lestiu\/\"},\"wordCount\":462,\"publisher\":{\"@id\":\"https:\/\/gremicafe.cat\/#organization\"},\"image\":{\"@id\":\"https:\/\/gremicafe.cat\/2025\/06\/18\/el-cafe-a-lestiu\/#primaryimage\"},\"thumbnailUrl\":\"https:\/\/gremicafe.cat\/wp-content\/uploads\/2025\/07\/CafeEstiuGremi001.jpg\",\"keywords\":[\"El caf\u00e8 a l'estiu\",\"El caf\u00e8 de l'estiu\",\"Receptes amb caf\u00e8\"],\"articleSection\":[\"Not\u00edcies\",\"Receptes\"],\"inLanguage\":\"es\"},{\"@type\":\"WebPage\",\"@id\":\"https:\/\/gremicafe.cat\/2025\/06\/18\/el-cafe-a-lestiu\/\",\"url\":\"https:\/\/gremicafe.cat\/2025\/06\/18\/el-cafe-a-lestiu\/\",\"name\":\"El caf\u00e8 a l'estiu - Gremi del Caf\u00e8, torradors de Catalunya\",\"isPartOf\":{\"@id\":\"https:\/\/gremicafe.cat\/#website\"},\"primaryImageOfPage\":{\"@id\":\"https:\/\/gremicafe.cat\/2025\/06\/18\/el-cafe-a-lestiu\/#primaryimage\"},\"image\":{\"@id\":\"https:\/\/gremicafe.cat\/2025\/06\/18\/el-cafe-a-lestiu\/#primaryimage\"},\"thumbnailUrl\":\"https:\/\/gremicafe.cat\/wp-content\/uploads\/2025\/07\/CafeEstiuGremi001.jpg\",\"datePublished\":\"2025-06-18T13:18:41+00:00\",\"dateModified\":\"2025-07-24T13:24:26+00:00\",\"description\":\"El caf\u00e8 amb gel \u00e9s un preparat refrescant i bon\u00edssim. Tots els baristes tenen molt clar com s\u2019ha de fer, per\u00f2 si el vols fer a casa, des del Gremi del Caf\u00e8 et donem uns consells b\u00e0sics.\",\"breadcrumb\":{\"@id\":\"https:\/\/gremicafe.cat\/2025\/06\/18\/el-cafe-a-lestiu\/#breadcrumb\"},\"inLanguage\":\"es\",\"potentialAction\":[{\"@type\":\"ReadAction\",\"target\":[\"https:\/\/gremicafe.cat\/2025\/06\/18\/el-cafe-a-lestiu\/\"]}]},{\"@type\":\"ImageObject\",\"inLanguage\":\"es\",\"@id\":\"https:\/\/gremicafe.cat\/2025\/06\/18\/el-cafe-a-lestiu\/#primaryimage\",\"url\":\"https:\/\/gremicafe.cat\/wp-content\/uploads\/2025\/07\/CafeEstiuGremi001.jpg\",\"contentUrl\":\"https:\/\/gremicafe.cat\/wp-content\/uploads\/2025\/07\/CafeEstiuGremi001.jpg\",\"width\":1024,\"height\":1024,\"caption\":\"El caf\u00e8 a l'estiu. Gremi del Caf\u00e8 de Catalunya\"},{\"@type\":\"BreadcrumbList\",\"@id\":\"https:\/\/gremicafe.cat\/2025\/06\/18\/el-cafe-a-lestiu\/#breadcrumb\",\"itemListElement\":[{\"@type\":\"ListItem\",\"position\":1,\"name\":\"Inici\",\"item\":\"https:\/\/gremicafe.cat\/\"},{\"@type\":\"ListItem\",\"position\":2,\"name\":\"El caf\u00e8 a l&#8217;estiu\"}]},{\"@type\":\"WebSite\",\"@id\":\"https:\/\/gremicafe.cat\/#website\",\"url\":\"https:\/\/gremicafe.cat\/\",\"name\":\"Gremi del Caf\u00e8, torradors de Catalunya\",\"description\":\"Web oficial del gremi de torradors de caf\u00e8 de Catalunya\",\"publisher\":{\"@id\":\"https:\/\/gremicafe.cat\/#organization\"},\"potentialAction\":[{\"@type\":\"SearchAction\",\"target\":{\"@type\":\"EntryPoint\",\"urlTemplate\":\"https:\/\/gremicafe.cat\/?s={search_term_string}\"},\"query-input\":{\"@type\":\"PropertyValueSpecification\",\"valueRequired\":true,\"valueName\":\"search_term_string\"}}],\"inLanguage\":\"es\"},{\"@type\":\"Organization\",\"@id\":\"https:\/\/gremicafe.cat\/#organization\",\"name\":\"Gremi del Caf\u00e8, Torradors de Catalunya\",\"url\":\"https:\/\/gremicafe.cat\/\",\"logo\":{\"@type\":\"ImageObject\",\"inLanguage\":\"es\",\"@id\":\"https:\/\/gremicafe.cat\/#\/schema\/logo\/image\/\",\"url\":\"https:\/\/gremicafe.cat\/wp-content\/uploads\/2018\/03\/gremicafe-logo250.png\",\"contentUrl\":\"https:\/\/gremicafe.cat\/wp-content\/uploads\/2018\/03\/gremicafe-logo250.png\",\"width\":250,\"height\":49,\"caption\":\"Gremi del Caf\u00e8, Torradors de Catalunya\"},\"image\":{\"@id\":\"https:\/\/gremicafe.cat\/#\/schema\/logo\/image\/\"},\"sameAs\":[\"https:\/\/www.facebook.com\/gremicafecat\",\"https:\/\/x.com\/gremicafecat\",\"https:\/\/www.instagram.com\/gremicafecat\/\",\"https:\/\/www.pinterest.es\/gremicafecat\/\",\"https:\/\/www.youtube.com\/channel\/UCGLo5Y35vLwLvP4FrPZrCrw\/\"]},{\"@type\":\"Person\",\"@id\":\"https:\/\/gremicafe.cat\/#\/schema\/person\/dabfdbb3d0fa36260855a380f94e4733\",\"name\":\"gremicafe\",\"image\":{\"@type\":\"ImageObject\",\"inLanguage\":\"es\",\"@id\":\"https:\/\/gremicafe.cat\/#\/schema\/person\/image\/\",\"url\":\"https:\/\/secure.gravatar.com\/avatar\/e59baa4ca8f6f97576d6375fb6d3c8f0?s=96&d=mm&r=g\",\"contentUrl\":\"https:\/\/secure.gravatar.com\/avatar\/e59baa4ca8f6f97576d6375fb6d3c8f0?s=96&d=mm&r=g\",\"caption\":\"gremicafe\"}}]}<\/script>\n<!-- \/ Yoast SEO plugin. -->","yoast_head_json":{"title":"El caf\u00e8 a l'estiu - Gremi del Caf\u00e8, torradors de Catalunya","description":"El caf\u00e8 amb gel \u00e9s un preparat refrescant i bon\u00edssim. Tots els baristes tenen molt clar com s\u2019ha de fer, per\u00f2 si el vols fer a casa, des del Gremi del Caf\u00e8 et donem uns consells b\u00e0sics.","robots":{"index":"index","follow":"follow","max-snippet":"max-snippet:-1","max-image-preview":"max-image-preview:large","max-video-preview":"max-video-preview:-1"},"canonical":"https:\/\/gremicafe.cat\/es\/2025\/06\/18\/el-cafe-a-lestiu\/","og_locale":"es_ES","og_type":"article","og_title":"El caf\u00e8 a l'estiu - Gremi del Caf\u00e8, torradors de Catalunya","og_description":"El caf\u00e8 amb gel \u00e9s un preparat refrescant i bon\u00edssim. Tots els baristes tenen molt clar com s\u2019ha de fer, per\u00f2 si el vols fer a casa, des del Gremi del Caf\u00e8 et donem uns consells b\u00e0sics.","og_url":"https:\/\/gremicafe.cat\/es\/2025\/06\/18\/el-cafe-a-lestiu\/","og_site_name":"Gremi del Caf\u00e8, torradors de Catalunya","article_publisher":"https:\/\/www.facebook.com\/gremicafecat","article_published_time":"2025-06-18T13:18:41+00:00","article_modified_time":"2025-07-24T13:24:26+00:00","og_image":[{"width":1024,"height":1024,"url":"https:\/\/gremicafe.cat\/wp-content\/uploads\/2025\/07\/CafeEstiuGremi001.jpg","type":"image\/jpeg"}],"author":"gremicafe","twitter_card":"summary_large_image","twitter_creator":"@gremicafecat","twitter_site":"@gremicafecat","twitter_misc":{"Escrito por":"gremicafe","Tiempo de lectura":"3 minutos"},"schema":{"@context":"https:\/\/schema.org","@graph":[{"@type":"Article","@id":"https:\/\/gremicafe.cat\/2025\/06\/18\/el-cafe-a-lestiu\/#article","isPartOf":{"@id":"https:\/\/gremicafe.cat\/2025\/06\/18\/el-cafe-a-lestiu\/"},"author":{"name":"gremicafe","@id":"https:\/\/gremicafe.cat\/#\/schema\/person\/dabfdbb3d0fa36260855a380f94e4733"},"headline":"El caf\u00e8 a l&#8217;estiu","datePublished":"2025-06-18T13:18:41+00:00","dateModified":"2025-07-24T13:24:26+00:00","mainEntityOfPage":{"@id":"https:\/\/gremicafe.cat\/2025\/06\/18\/el-cafe-a-lestiu\/"},"wordCount":462,"publisher":{"@id":"https:\/\/gremicafe.cat\/#organization"},"image":{"@id":"https:\/\/gremicafe.cat\/2025\/06\/18\/el-cafe-a-lestiu\/#primaryimage"},"thumbnailUrl":"https:\/\/gremicafe.cat\/wp-content\/uploads\/2025\/07\/CafeEstiuGremi001.jpg","keywords":["El caf\u00e8 a l'estiu","El caf\u00e8 de l'estiu","Receptes amb caf\u00e8"],"articleSection":["Not\u00edcies","Receptes"],"inLanguage":"es"},{"@type":"WebPage","@id":"https:\/\/gremicafe.cat\/2025\/06\/18\/el-cafe-a-lestiu\/","url":"https:\/\/gremicafe.cat\/2025\/06\/18\/el-cafe-a-lestiu\/","name":"El caf\u00e8 a l'estiu - Gremi del Caf\u00e8, torradors de Catalunya","isPartOf":{"@id":"https:\/\/gremicafe.cat\/#website"},"primaryImageOfPage":{"@id":"https:\/\/gremicafe.cat\/2025\/06\/18\/el-cafe-a-lestiu\/#primaryimage"},"image":{"@id":"https:\/\/gremicafe.cat\/2025\/06\/18\/el-cafe-a-lestiu\/#primaryimage"},"thumbnailUrl":"https:\/\/gremicafe.cat\/wp-content\/uploads\/2025\/07\/CafeEstiuGremi001.jpg","datePublished":"2025-06-18T13:18:41+00:00","dateModified":"2025-07-24T13:24:26+00:00","description":"El caf\u00e8 amb gel \u00e9s un preparat refrescant i bon\u00edssim. Tots els baristes tenen molt clar com s\u2019ha de fer, per\u00f2 si el vols fer a casa, des del Gremi del Caf\u00e8 et donem uns consells b\u00e0sics.","breadcrumb":{"@id":"https:\/\/gremicafe.cat\/2025\/06\/18\/el-cafe-a-lestiu\/#breadcrumb"},"inLanguage":"es","potentialAction":[{"@type":"ReadAction","target":["https:\/\/gremicafe.cat\/2025\/06\/18\/el-cafe-a-lestiu\/"]}]},{"@type":"ImageObject","inLanguage":"es","@id":"https:\/\/gremicafe.cat\/2025\/06\/18\/el-cafe-a-lestiu\/#primaryimage","url":"https:\/\/gremicafe.cat\/wp-content\/uploads\/2025\/07\/CafeEstiuGremi001.jpg","contentUrl":"https:\/\/gremicafe.cat\/wp-content\/uploads\/2025\/07\/CafeEstiuGremi001.jpg","width":1024,"height":1024,"caption":"El caf\u00e8 a l'estiu. Gremi del Caf\u00e8 de Catalunya"},{"@type":"BreadcrumbList","@id":"https:\/\/gremicafe.cat\/2025\/06\/18\/el-cafe-a-lestiu\/#breadcrumb","itemListElement":[{"@type":"ListItem","position":1,"name":"Inici","item":"https:\/\/gremicafe.cat\/"},{"@type":"ListItem","position":2,"name":"El caf\u00e8 a l&#8217;estiu"}]},{"@type":"WebSite","@id":"https:\/\/gremicafe.cat\/#website","url":"https:\/\/gremicafe.cat\/","name":"Gremio del Caf\u00e9, tostadores de Catalu\u00f1a","description":"Web oficial del gremio de tostadores de caf\u00e9 de Catalunya","publisher":{"@id":"https:\/\/gremicafe.cat\/#organization"},"potentialAction":[{"@type":"SearchAction","target":{"@type":"EntryPoint","urlTemplate":"https:\/\/gremicafe.cat\/?s={search_term_string}"},"query-input":{"@type":"PropertyValueSpecification","valueRequired":true,"valueName":"search_term_string"}}],"inLanguage":"es"},{"@type":"Organization","@id":"https:\/\/gremicafe.cat\/#organization","name":"Gremio del Caf\u00e9, Tostadores de Catalu\u00f1a","url":"https:\/\/gremicafe.cat\/","logo":{"@type":"ImageObject","inLanguage":"es","@id":"https:\/\/gremicafe.cat\/#\/schema\/logo\/image\/","url":"https:\/\/gremicafe.cat\/wp-content\/uploads\/2018\/03\/gremicafe-logo250.png","contentUrl":"https:\/\/gremicafe.cat\/wp-content\/uploads\/2018\/03\/gremicafe-logo250.png","width":250,"height":49,"caption":"Gremi del Caf\u00e8, Torradors de Catalunya"},"image":{"@id":"https:\/\/gremicafe.cat\/#\/schema\/logo\/image\/"},"sameAs":["https:\/\/www.facebook.com\/gremicafecat","https:\/\/x.com\/gremicafecat","https:\/\/www.instagram.com\/gremicafecat\/","https:\/\/www.pinterest.es\/gremicafecat\/","https:\/\/www.youtube.com\/channel\/UCGLo5Y35vLwLvP4FrPZrCrw\/"]},{"@type":"Person","@id":"https:\/\/gremicafe.cat\/#\/schema\/person\/dabfdbb3d0fa36260855a380f94e4733","name":"gremicafe","image":{"@type":"ImageObject","inLanguage":"es","@id":"https:\/\/gremicafe.cat\/#\/schema\/person\/image\/","url":"https:\/\/secure.gravatar.com\/avatar\/e59baa4ca8f6f97576d6375fb6d3c8f0?s=96&d=mm&r=g","contentUrl":"https:\/\/secure.gravatar.com\/avatar\/e59baa4ca8f6f97576d6375fb6d3c8f0?s=96&d=mm&r=g","caption":"gremicafe"}}]}},"_links":{"self":[{"href":"https:\/\/gremicafe.cat\/es\/wp-json\/wp\/v2\/posts\/7888"}],"collection":[{"href":"https:\/\/gremicafe.cat\/es\/wp-json\/wp\/v2\/posts"}],"about":[{"href":"https:\/\/gremicafe.cat\/es\/wp-json\/wp\/v2\/types\/post"}],"author":[{"embeddable":true,"href":"https:\/\/gremicafe.cat\/es\/wp-json\/wp\/v2\/users\/1"}],"replies":[{"embeddable":true,"href":"https:\/\/gremicafe.cat\/es\/wp-json\/wp\/v2\/comments?post=7888"}],"version-history":[{"count":0,"href":"https:\/\/gremicafe.cat\/es\/wp-json\/wp\/v2\/posts\/7888\/revisions"}],"wp:featuredmedia":[{"embeddable":true,"href":"https:\/\/gremicafe.cat\/es\/wp-json\/wp\/v2\/media\/7889"}],"wp:attachment":[{"href":"https:\/\/gremicafe.cat\/es\/wp-json\/wp\/v2\/media?parent=7888"}],"wp:term":[{"taxonomy":"category","embeddable":true,"href":"https:\/\/gremicafe.cat\/es\/wp-json\/wp\/v2\/categories?post=7888"},{"taxonomy":"post_tag","embeddable":true,"href":"https:\/\/gremicafe.cat\/es\/wp-json\/wp\/v2\/tags?post=7888"}],"curies":[{"name":"wp","href":"https:\/\/api.w.org\/{rel}","templated":true}]}}