{"id":7906,"date":"2025-08-18T11:56:30","date_gmt":"2025-08-18T09:56:30","guid":{"rendered":"https:\/\/gremicafe.cat\/?p=7906"},"modified":"2025-08-25T12:10:09","modified_gmt":"2025-08-25T10:10:09","slug":"per-que-ha-pujat-tant-el-preu-del-cafe-es-com-el-petroli","status":"publish","type":"post","link":"https:\/\/gremicafe.cat\/es\/2025\/08\/18\/per-que-ha-pujat-tant-el-preu-del-cafe-es-com-el-petroli\/","title":{"rendered":"\u00bfPor qu\u00e9 ha subido tanto el precio del caf\u00e9?: &quot;Es como el petr\u00f3leo&quot;."},"content":{"rendered":"<div id=\"ut-row-69f3b6b52e3e2\" data-vc-full-width=\"true\" data-vc-full-width-init=\"false\" class=\"vc_row wpb_row vc_row-fluid vc_column-gap-0 ut-row-69f3b6b52e3f5\" ><div class=\"wpb_column vc_column_container vc_col-sm-12\" ><div id=\"ut_inner_column_69f3b6b52f678\" class=\"vc_column-inner\"><div class=\"wpb_wrapper\">\n\t<div class=\"wpb_text_column wpb_content_element\" >\n\t\t<div class=\"wpb_wrapper\">\n\t\t\t<p class=\"p1\"><span class=\"s1\">Barcelona, 14 de agosto de 2025 \u2013 Entrevista en <b>Javier de Erausquin,<\/b> m\u00e1nager de Bracaf\u00e9, en el programa <b>Aqu\u00ed Catalu\u00f1a<\/b> de la <b>Cadena SER<\/b>, con <b>Pablo Tall\u00f3n<\/b>. <\/span><\/p>\n<p class=\"p1\"><span class=\"s1\">En una entrevista simp\u00e1tica y distendida, <b>Javier de Erausquin<\/b> comenta que existe especulaci\u00f3n con el valor del caf\u00e9 y el cacao debido a la guerra de Ucrania y asegura que el precio fluct\u00faa en funci\u00f3n de los anuncios de Trump.<\/span><\/p>\n<p class=\"p1\"><span class=\"s1\">Se lo recomienda el <b>Gremio del Caf\u00e9 de Catalu\u00f1a.<\/b><b><\/b><\/span><\/p>\n<p class=\"p1\"><span class=\"s1\">Lea la noticia completa aqu\u00ed:<br \/>\n<\/span><a href=\"https:\/\/cadenaser.com\/cataluna\/2025\/08\/15\/per-que-ha-pujat-tan-el-preu-del-cafe-es-com-el-petroli-sercat\/?ssm=whatsapp\" target=\"_blank\" rel=\"noopener\"><span class=\"s1\">https:\/\/cadenaser.com\/cataluna\/2025\/08\/15\/per-que-ha-pujat-tan-el-preu-del-cafe-es-com-el-petroli-sercat\/?ssm=whatsapp<\/span><\/a><\/p>\n<p class=\"p1\"><span class=\"s1\">Escuche la entrevista aqu\u00ed:<br \/>\n<\/span><a href=\"https:\/\/cadenaser.com\/audio\/1755165479539\/\" target=\"_blank\" rel=\"noopener\"><span class=\"s1\">https:\/\/cadenaser.com\/audio\/1755165479539\/<\/span><\/a><\/p>\n\n\t\t<\/div>\n\t<\/div>\n<div  class=\"wpb_content_element   clearfix\"><style type=\"text\/css\" scoped>#ut_am_69f3b6b5302a3 { opacity: 1; }<\/style><div id=\"ut_am_wrap_69f3b6b5302a5\" class=\"ut-image-gallery-image\" style=\"text-align:center;\"><div class=\"ut-animated-image-item ut-image-gallery-item ut-animation-done\"><a class=\"ut-deactivated-link\" href=\"#\"><img loading=\"lazy\" decoding=\"async\" title=\"XavieErausquin-SER\" id=\"ut_am_69f3b6b5302a3\" style=\"\" src=\"https:\/\/gremicafe.cat\/wp-content\/uploads\/2025\/08\/XavieErausquin-SER.jpg\" width=\"1400\" height=\"1152\" alt=\"\"\/><\/a><div class=\"ut-gallery-slider-caption\">Xavier Erausquin de Bracaf\u00e9 en el programa &quot;Aqu\u00ed Catalunya&quot; de la Cadena SER.<\/div><\/div><\/div><\/div><\/div><\/div><\/div><\/div><div class=\"vc_row-full-width vc_clearfix\"><\/div>","protected":false},"excerpt":{"rendered":"Barcelona, 14 d'agost de 2025 - Entrevista a Xavier de Erausquin, m\u00e0nager de Bracaf\u00e8, en el programa Aqu\u00ed Catalunya de la Cadena SER, amb Pablo Tall\u00f3n. En una entrevista simp\u00e0tica i distesa, Xavier de Erausquin comenta que hi ha especulaci\u00f3 amb el valor del caf\u00e8 i el cacau a causa de la guerra d'Ucra\u00efna i [...]","protected":false},"author":1,"featured_media":7907,"comment_status":"closed","ping_status":"open","sticky":false,"template":"","format":"standard","meta":{"_acf_changed":false,"inline_featured_image":false,"footnotes":""},"categories":[1],"tags":[165,86],"class_list":["post-7906","post","type-post","status-publish","format-standard","has-post-thumbnail","hentry","category-noticies","tag-cadena-ser","tag-preu-del-cafe"],"acf":[],"yoast_head":"<!-- This site is optimized with the Yoast SEO plugin v25.5 - https:\/\/yoast.com\/wordpress\/plugins\/seo\/ -->\n<title>Per qu\u00e8 ha pujat tant el preu del caf\u00e8?: &quot;\u00c9s com el petroli&quot;. - Gremi del Caf\u00e8, torradors de Catalunya<\/title>\n<meta name=\"description\" content=\"Entrevista a Xavier de Erausquin, m\u00e0nager de Bracaf\u00e8, en el programa Aqu\u00ed Catalunya de la Cadena SER, amb Pablo Tall\u00f3n. Xavier de Erausquin comenta que hi ha especulaci\u00f3 amb el valor del caf\u00e8 i el cacau a causa de la guerra d&#039;Ucra\u00efna.\" \/>\n<meta name=\"robots\" content=\"index, follow, max-snippet:-1, max-image-preview:large, max-video-preview:-1\" \/>\n<link rel=\"canonical\" href=\"https:\/\/gremicafe.cat\/es\/2025\/08\/18\/per-que-ha-pujat-tant-el-preu-del-cafe-es-com-el-petroli\/\" \/>\n<meta property=\"og:locale\" content=\"es_ES\" \/>\n<meta property=\"og:type\" content=\"article\" \/>\n<meta property=\"og:title\" content=\"Per qu\u00e8 ha pujat tant el preu del caf\u00e8?: &quot;\u00c9s com el petroli&quot;. - Gremi del Caf\u00e8, torradors de Catalunya\" \/>\n<meta property=\"og:description\" content=\"Entrevista a Xavier de Erausquin, m\u00e0nager de Bracaf\u00e8, en el programa Aqu\u00ed Catalunya de la Cadena SER, amb Pablo Tall\u00f3n. Xavier de Erausquin comenta que hi ha especulaci\u00f3 amb el valor del caf\u00e8 i el cacau a causa de la guerra d&#039;Ucra\u00efna.\" \/>\n<meta property=\"og:url\" content=\"https:\/\/gremicafe.cat\/es\/2025\/08\/18\/per-que-ha-pujat-tant-el-preu-del-cafe-es-com-el-petroli\/\" \/>\n<meta property=\"og:site_name\" content=\"Gremi del Caf\u00e8, torradors de Catalunya\" \/>\n<meta property=\"article:publisher\" content=\"https:\/\/www.facebook.com\/gremicafecat\" \/>\n<meta property=\"article:published_time\" content=\"2025-08-18T09:56:30+00:00\" \/>\n<meta property=\"article:modified_time\" content=\"2025-08-25T10:10:09+00:00\" \/>\n<meta property=\"og:image\" content=\"https:\/\/gremicafe.cat\/wp-content\/uploads\/2025\/08\/XavieErausquin-SER.jpg\" \/>\n\t<meta property=\"og:image:width\" content=\"1400\" \/>\n\t<meta property=\"og:image:height\" content=\"1152\" \/>\n\t<meta property=\"og:image:type\" content=\"image\/jpeg\" \/>\n<meta name=\"author\" content=\"gremicafe\" \/>\n<meta name=\"twitter:card\" content=\"summary_large_image\" \/>\n<meta name=\"twitter:creator\" content=\"@gremicafecat\" \/>\n<meta name=\"twitter:site\" content=\"@gremicafecat\" \/>\n<meta name=\"twitter:label1\" content=\"Escrito por\" \/>\n\t<meta name=\"twitter:data1\" content=\"gremicafe\" \/>\n\t<meta name=\"twitter:label2\" content=\"Tiempo de lectura\" \/>\n\t<meta name=\"twitter:data2\" content=\"1 minuto\" \/>\n<script type=\"application\/ld+json\" class=\"yoast-schema-graph\">{\"@context\":\"https:\/\/schema.org\",\"@graph\":[{\"@type\":\"Article\",\"@id\":\"https:\/\/gremicafe.cat\/2025\/08\/18\/per-que-ha-pujat-tant-el-preu-del-cafe-es-com-el-petroli\/#article\",\"isPartOf\":{\"@id\":\"https:\/\/gremicafe.cat\/2025\/08\/18\/per-que-ha-pujat-tant-el-preu-del-cafe-es-com-el-petroli\/\"},\"author\":{\"name\":\"gremicafe\",\"@id\":\"https:\/\/gremicafe.cat\/#\/schema\/person\/dabfdbb3d0fa36260855a380f94e4733\"},\"headline\":\"Per qu\u00e8 ha pujat tant el preu del caf\u00e8?: &#8220;\u00c9s com el petroli&#8221;.\",\"datePublished\":\"2025-08-18T09:56:30+00:00\",\"dateModified\":\"2025-08-25T10:10:09+00:00\",\"mainEntityOfPage\":{\"@id\":\"https:\/\/gremicafe.cat\/2025\/08\/18\/per-que-ha-pujat-tant-el-preu-del-cafe-es-com-el-petroli\/\"},\"wordCount\":135,\"publisher\":{\"@id\":\"https:\/\/gremicafe.cat\/#organization\"},\"image\":{\"@id\":\"https:\/\/gremicafe.cat\/2025\/08\/18\/per-que-ha-pujat-tant-el-preu-del-cafe-es-com-el-petroli\/#primaryimage\"},\"thumbnailUrl\":\"https:\/\/gremicafe.cat\/wp-content\/uploads\/2025\/08\/XavieErausquin-SER.jpg\",\"keywords\":[\"Cadena SER\",\"preu del caf\u00e8\"],\"articleSection\":[\"Not\u00edcies\"],\"inLanguage\":\"es\"},{\"@type\":\"WebPage\",\"@id\":\"https:\/\/gremicafe.cat\/2025\/08\/18\/per-que-ha-pujat-tant-el-preu-del-cafe-es-com-el-petroli\/\",\"url\":\"https:\/\/gremicafe.cat\/2025\/08\/18\/per-que-ha-pujat-tant-el-preu-del-cafe-es-com-el-petroli\/\",\"name\":\"Per qu\u00e8 ha pujat tant el preu del caf\u00e8?: \\\"\u00c9s com el petroli\\\". - Gremi del Caf\u00e8, torradors de Catalunya\",\"isPartOf\":{\"@id\":\"https:\/\/gremicafe.cat\/#website\"},\"primaryImageOfPage\":{\"@id\":\"https:\/\/gremicafe.cat\/2025\/08\/18\/per-que-ha-pujat-tant-el-preu-del-cafe-es-com-el-petroli\/#primaryimage\"},\"image\":{\"@id\":\"https:\/\/gremicafe.cat\/2025\/08\/18\/per-que-ha-pujat-tant-el-preu-del-cafe-es-com-el-petroli\/#primaryimage\"},\"thumbnailUrl\":\"https:\/\/gremicafe.cat\/wp-content\/uploads\/2025\/08\/XavieErausquin-SER.jpg\",\"datePublished\":\"2025-08-18T09:56:30+00:00\",\"dateModified\":\"2025-08-25T10:10:09+00:00\",\"description\":\"Entrevista a Xavier de Erausquin, m\u00e0nager de Bracaf\u00e8, en el programa Aqu\u00ed Catalunya de la Cadena SER, amb Pablo Tall\u00f3n. Xavier de Erausquin comenta que hi ha especulaci\u00f3 amb el valor del caf\u00e8 i el cacau a causa de la guerra d'Ucra\u00efna.\",\"breadcrumb\":{\"@id\":\"https:\/\/gremicafe.cat\/2025\/08\/18\/per-que-ha-pujat-tant-el-preu-del-cafe-es-com-el-petroli\/#breadcrumb\"},\"inLanguage\":\"es\",\"potentialAction\":[{\"@type\":\"ReadAction\",\"target\":[\"https:\/\/gremicafe.cat\/2025\/08\/18\/per-que-ha-pujat-tant-el-preu-del-cafe-es-com-el-petroli\/\"]}]},{\"@type\":\"ImageObject\",\"inLanguage\":\"es\",\"@id\":\"https:\/\/gremicafe.cat\/2025\/08\/18\/per-que-ha-pujat-tant-el-preu-del-cafe-es-com-el-petroli\/#primaryimage\",\"url\":\"https:\/\/gremicafe.cat\/wp-content\/uploads\/2025\/08\/XavieErausquin-SER.jpg\",\"contentUrl\":\"https:\/\/gremicafe.cat\/wp-content\/uploads\/2025\/08\/XavieErausquin-SER.jpg\",\"width\":1400,\"height\":1152,\"caption\":\"Xavier Erausquin de Bracaf\u00e9 al programa \\\"Aqu\u00ed Catalunya\\\" de la Cadena SER.\"},{\"@type\":\"BreadcrumbList\",\"@id\":\"https:\/\/gremicafe.cat\/2025\/08\/18\/per-que-ha-pujat-tant-el-preu-del-cafe-es-com-el-petroli\/#breadcrumb\",\"itemListElement\":[{\"@type\":\"ListItem\",\"position\":1,\"name\":\"Inici\",\"item\":\"https:\/\/gremicafe.cat\/\"},{\"@type\":\"ListItem\",\"position\":2,\"name\":\"Per qu\u00e8 ha pujat tant el preu del caf\u00e8?: &#8220;\u00c9s com el petroli&#8221;.\"}]},{\"@type\":\"WebSite\",\"@id\":\"https:\/\/gremicafe.cat\/#website\",\"url\":\"https:\/\/gremicafe.cat\/\",\"name\":\"Gremi del Caf\u00e8, torradors de Catalunya\",\"description\":\"Web oficial del gremi de torradors de caf\u00e8 de Catalunya\",\"publisher\":{\"@id\":\"https:\/\/gremicafe.cat\/#organization\"},\"potentialAction\":[{\"@type\":\"SearchAction\",\"target\":{\"@type\":\"EntryPoint\",\"urlTemplate\":\"https:\/\/gremicafe.cat\/?s={search_term_string}\"},\"query-input\":{\"@type\":\"PropertyValueSpecification\",\"valueRequired\":true,\"valueName\":\"search_term_string\"}}],\"inLanguage\":\"es\"},{\"@type\":\"Organization\",\"@id\":\"https:\/\/gremicafe.cat\/#organization\",\"name\":\"Gremi del Caf\u00e8, Torradors de Catalunya\",\"url\":\"https:\/\/gremicafe.cat\/\",\"logo\":{\"@type\":\"ImageObject\",\"inLanguage\":\"es\",\"@id\":\"https:\/\/gremicafe.cat\/#\/schema\/logo\/image\/\",\"url\":\"https:\/\/gremicafe.cat\/wp-content\/uploads\/2018\/03\/gremicafe-logo250.png\",\"contentUrl\":\"https:\/\/gremicafe.cat\/wp-content\/uploads\/2018\/03\/gremicafe-logo250.png\",\"width\":250,\"height\":49,\"caption\":\"Gremi del Caf\u00e8, Torradors de Catalunya\"},\"image\":{\"@id\":\"https:\/\/gremicafe.cat\/#\/schema\/logo\/image\/\"},\"sameAs\":[\"https:\/\/www.facebook.com\/gremicafecat\",\"https:\/\/x.com\/gremicafecat\",\"https:\/\/www.instagram.com\/gremicafecat\/\",\"https:\/\/www.pinterest.es\/gremicafecat\/\",\"https:\/\/www.youtube.com\/channel\/UCGLo5Y35vLwLvP4FrPZrCrw\/\"]},{\"@type\":\"Person\",\"@id\":\"https:\/\/gremicafe.cat\/#\/schema\/person\/dabfdbb3d0fa36260855a380f94e4733\",\"name\":\"gremicafe\",\"image\":{\"@type\":\"ImageObject\",\"inLanguage\":\"es\",\"@id\":\"https:\/\/gremicafe.cat\/#\/schema\/person\/image\/\",\"url\":\"https:\/\/secure.gravatar.com\/avatar\/e59baa4ca8f6f97576d6375fb6d3c8f0?s=96&d=mm&r=g\",\"contentUrl\":\"https:\/\/secure.gravatar.com\/avatar\/e59baa4ca8f6f97576d6375fb6d3c8f0?s=96&d=mm&r=g\",\"caption\":\"gremicafe\"}}]}<\/script>\n<!-- \/ Yoast SEO plugin. -->","yoast_head_json":{"title":"Per qu\u00e8 ha pujat tant el preu del caf\u00e8?: \"\u00c9s com el petroli\". - Gremi del Caf\u00e8, torradors de Catalunya","description":"Entrevista a Xavier de Erausquin, m\u00e0nager de Bracaf\u00e8, en el programa Aqu\u00ed Catalunya de la Cadena SER, amb Pablo Tall\u00f3n. Xavier de Erausquin comenta que hi ha especulaci\u00f3 amb el valor del caf\u00e8 i el cacau a causa de la guerra d'Ucra\u00efna.","robots":{"index":"index","follow":"follow","max-snippet":"max-snippet:-1","max-image-preview":"max-image-preview:large","max-video-preview":"max-video-preview:-1"},"canonical":"https:\/\/gremicafe.cat\/es\/2025\/08\/18\/per-que-ha-pujat-tant-el-preu-del-cafe-es-com-el-petroli\/","og_locale":"es_ES","og_type":"article","og_title":"Per qu\u00e8 ha pujat tant el preu del caf\u00e8?: \"\u00c9s com el petroli\". - Gremi del Caf\u00e8, torradors de Catalunya","og_description":"Entrevista a Xavier de Erausquin, m\u00e0nager de Bracaf\u00e8, en el programa Aqu\u00ed Catalunya de la Cadena SER, amb Pablo Tall\u00f3n. Xavier de Erausquin comenta que hi ha especulaci\u00f3 amb el valor del caf\u00e8 i el cacau a causa de la guerra d'Ucra\u00efna.","og_url":"https:\/\/gremicafe.cat\/es\/2025\/08\/18\/per-que-ha-pujat-tant-el-preu-del-cafe-es-com-el-petroli\/","og_site_name":"Gremi del Caf\u00e8, torradors de Catalunya","article_publisher":"https:\/\/www.facebook.com\/gremicafecat","article_published_time":"2025-08-18T09:56:30+00:00","article_modified_time":"2025-08-25T10:10:09+00:00","og_image":[{"width":1400,"height":1152,"url":"https:\/\/gremicafe.cat\/wp-content\/uploads\/2025\/08\/XavieErausquin-SER.jpg","type":"image\/jpeg"}],"author":"gremicafe","twitter_card":"summary_large_image","twitter_creator":"@gremicafecat","twitter_site":"@gremicafecat","twitter_misc":{"Escrito por":"gremicafe","Tiempo de lectura":"1 minuto"},"schema":{"@context":"https:\/\/schema.org","@graph":[{"@type":"Article","@id":"https:\/\/gremicafe.cat\/2025\/08\/18\/per-que-ha-pujat-tant-el-preu-del-cafe-es-com-el-petroli\/#article","isPartOf":{"@id":"https:\/\/gremicafe.cat\/2025\/08\/18\/per-que-ha-pujat-tant-el-preu-del-cafe-es-com-el-petroli\/"},"author":{"name":"gremicafe","@id":"https:\/\/gremicafe.cat\/#\/schema\/person\/dabfdbb3d0fa36260855a380f94e4733"},"headline":"Per qu\u00e8 ha pujat tant el preu del caf\u00e8?: &#8220;\u00c9s com el petroli&#8221;.","datePublished":"2025-08-18T09:56:30+00:00","dateModified":"2025-08-25T10:10:09+00:00","mainEntityOfPage":{"@id":"https:\/\/gremicafe.cat\/2025\/08\/18\/per-que-ha-pujat-tant-el-preu-del-cafe-es-com-el-petroli\/"},"wordCount":135,"publisher":{"@id":"https:\/\/gremicafe.cat\/#organization"},"image":{"@id":"https:\/\/gremicafe.cat\/2025\/08\/18\/per-que-ha-pujat-tant-el-preu-del-cafe-es-com-el-petroli\/#primaryimage"},"thumbnailUrl":"https:\/\/gremicafe.cat\/wp-content\/uploads\/2025\/08\/XavieErausquin-SER.jpg","keywords":["Cadena SER","preu del caf\u00e8"],"articleSection":["Not\u00edcies"],"inLanguage":"es"},{"@type":"WebPage","@id":"https:\/\/gremicafe.cat\/2025\/08\/18\/per-que-ha-pujat-tant-el-preu-del-cafe-es-com-el-petroli\/","url":"https:\/\/gremicafe.cat\/2025\/08\/18\/per-que-ha-pujat-tant-el-preu-del-cafe-es-com-el-petroli\/","name":"Per qu\u00e8 ha pujat tant el preu del caf\u00e8?: \"\u00c9s com el petroli\". - Gremi del Caf\u00e8, torradors de Catalunya","isPartOf":{"@id":"https:\/\/gremicafe.cat\/#website"},"primaryImageOfPage":{"@id":"https:\/\/gremicafe.cat\/2025\/08\/18\/per-que-ha-pujat-tant-el-preu-del-cafe-es-com-el-petroli\/#primaryimage"},"image":{"@id":"https:\/\/gremicafe.cat\/2025\/08\/18\/per-que-ha-pujat-tant-el-preu-del-cafe-es-com-el-petroli\/#primaryimage"},"thumbnailUrl":"https:\/\/gremicafe.cat\/wp-content\/uploads\/2025\/08\/XavieErausquin-SER.jpg","datePublished":"2025-08-18T09:56:30+00:00","dateModified":"2025-08-25T10:10:09+00:00","description":"Entrevista a Xavier de Erausquin, m\u00e0nager de Bracaf\u00e8, en el programa Aqu\u00ed Catalunya de la Cadena SER, amb Pablo Tall\u00f3n. Xavier de Erausquin comenta que hi ha especulaci\u00f3 amb el valor del caf\u00e8 i el cacau a causa de la guerra d'Ucra\u00efna.","breadcrumb":{"@id":"https:\/\/gremicafe.cat\/2025\/08\/18\/per-que-ha-pujat-tant-el-preu-del-cafe-es-com-el-petroli\/#breadcrumb"},"inLanguage":"es","potentialAction":[{"@type":"ReadAction","target":["https:\/\/gremicafe.cat\/2025\/08\/18\/per-que-ha-pujat-tant-el-preu-del-cafe-es-com-el-petroli\/"]}]},{"@type":"ImageObject","inLanguage":"es","@id":"https:\/\/gremicafe.cat\/2025\/08\/18\/per-que-ha-pujat-tant-el-preu-del-cafe-es-com-el-petroli\/#primaryimage","url":"https:\/\/gremicafe.cat\/wp-content\/uploads\/2025\/08\/XavieErausquin-SER.jpg","contentUrl":"https:\/\/gremicafe.cat\/wp-content\/uploads\/2025\/08\/XavieErausquin-SER.jpg","width":1400,"height":1152,"caption":"Xavier Erausquin de Bracaf\u00e9 al programa \"Aqu\u00ed Catalunya\" de la Cadena SER."},{"@type":"BreadcrumbList","@id":"https:\/\/gremicafe.cat\/2025\/08\/18\/per-que-ha-pujat-tant-el-preu-del-cafe-es-com-el-petroli\/#breadcrumb","itemListElement":[{"@type":"ListItem","position":1,"name":"Inici","item":"https:\/\/gremicafe.cat\/"},{"@type":"ListItem","position":2,"name":"Per qu\u00e8 ha pujat tant el preu del caf\u00e8?: &#8220;\u00c9s com el petroli&#8221;."}]},{"@type":"WebSite","@id":"https:\/\/gremicafe.cat\/#website","url":"https:\/\/gremicafe.cat\/","name":"Gremio del Caf\u00e9, tostadores de Catalu\u00f1a","description":"Web oficial del gremio de tostadores de caf\u00e9 de Catalunya","publisher":{"@id":"https:\/\/gremicafe.cat\/#organization"},"potentialAction":[{"@type":"SearchAction","target":{"@type":"EntryPoint","urlTemplate":"https:\/\/gremicafe.cat\/?s={search_term_string}"},"query-input":{"@type":"PropertyValueSpecification","valueRequired":true,"valueName":"search_term_string"}}],"inLanguage":"es"},{"@type":"Organization","@id":"https:\/\/gremicafe.cat\/#organization","name":"Gremio del Caf\u00e9, Tostadores de Catalu\u00f1a","url":"https:\/\/gremicafe.cat\/","logo":{"@type":"ImageObject","inLanguage":"es","@id":"https:\/\/gremicafe.cat\/#\/schema\/logo\/image\/","url":"https:\/\/gremicafe.cat\/wp-content\/uploads\/2018\/03\/gremicafe-logo250.png","contentUrl":"https:\/\/gremicafe.cat\/wp-content\/uploads\/2018\/03\/gremicafe-logo250.png","width":250,"height":49,"caption":"Gremi del Caf\u00e8, Torradors de Catalunya"},"image":{"@id":"https:\/\/gremicafe.cat\/#\/schema\/logo\/image\/"},"sameAs":["https:\/\/www.facebook.com\/gremicafecat","https:\/\/x.com\/gremicafecat","https:\/\/www.instagram.com\/gremicafecat\/","https:\/\/www.pinterest.es\/gremicafecat\/","https:\/\/www.youtube.com\/channel\/UCGLo5Y35vLwLvP4FrPZrCrw\/"]},{"@type":"Person","@id":"https:\/\/gremicafe.cat\/#\/schema\/person\/dabfdbb3d0fa36260855a380f94e4733","name":"gremicafe","image":{"@type":"ImageObject","inLanguage":"es","@id":"https:\/\/gremicafe.cat\/#\/schema\/person\/image\/","url":"https:\/\/secure.gravatar.com\/avatar\/e59baa4ca8f6f97576d6375fb6d3c8f0?s=96&d=mm&r=g","contentUrl":"https:\/\/secure.gravatar.com\/avatar\/e59baa4ca8f6f97576d6375fb6d3c8f0?s=96&d=mm&r=g","caption":"gremicafe"}}]}},"_links":{"self":[{"href":"https:\/\/gremicafe.cat\/es\/wp-json\/wp\/v2\/posts\/7906"}],"collection":[{"href":"https:\/\/gremicafe.cat\/es\/wp-json\/wp\/v2\/posts"}],"about":[{"href":"https:\/\/gremicafe.cat\/es\/wp-json\/wp\/v2\/types\/post"}],"author":[{"embeddable":true,"href":"https:\/\/gremicafe.cat\/es\/wp-json\/wp\/v2\/users\/1"}],"replies":[{"embeddable":true,"href":"https:\/\/gremicafe.cat\/es\/wp-json\/wp\/v2\/comments?post=7906"}],"version-history":[{"count":0,"href":"https:\/\/gremicafe.cat\/es\/wp-json\/wp\/v2\/posts\/7906\/revisions"}],"wp:featuredmedia":[{"embeddable":true,"href":"https:\/\/gremicafe.cat\/es\/wp-json\/wp\/v2\/media\/7907"}],"wp:attachment":[{"href":"https:\/\/gremicafe.cat\/es\/wp-json\/wp\/v2\/media?parent=7906"}],"wp:term":[{"taxonomy":"category","embeddable":true,"href":"https:\/\/gremicafe.cat\/es\/wp-json\/wp\/v2\/categories?post=7906"},{"taxonomy":"post_tag","embeddable":true,"href":"https:\/\/gremicafe.cat\/es\/wp-json\/wp\/v2\/tags?post=7906"}],"curies":[{"name":"wp","href":"https:\/\/api.w.org\/{rel}","templated":true}]}}