{"id":7912,"date":"2025-09-01T19:30:23","date_gmt":"2025-09-01T17:30:23","guid":{"rendered":"https:\/\/gremicafe.cat\/?p=7912"},"modified":"2025-09-01T19:30:23","modified_gmt":"2025-09-01T17:30:23","slug":"el-cafe-i-la-concentracio-en-els-estudis","status":"publish","type":"post","link":"https:\/\/gremicafe.cat\/es\/2025\/09\/01\/el-cafe-i-la-concentracio-en-els-estudis\/","title":{"rendered":"El caf\u00e9 y la concentraci\u00f3n en los estudios"},"content":{"rendered":"<div id=\"ut-row-69f3be13edd82\" data-vc-full-width=\"true\" data-vc-full-width-init=\"false\" class=\"vc_row wpb_row vc_row-fluid vc_column-gap-0 ut-row-69f3be13edd91\" ><div class=\"wpb_column vc_column_container vc_col-sm-12\" ><div id=\"ut_inner_column_69f3be13ee439\" class=\"vc_column-inner\"><div class=\"wpb_wrapper\">\n\t<div class=\"wpb_text_column wpb_content_element\" >\n\t\t<div class=\"wpb_wrapper\">\n\t\t\t<p class=\"p1\">En el contexto universitario y acad\u00e9mico, los estudiantes necesitan mantener la concentraci\u00f3n y mejorar su rendimiento. Por este motivo, el consumo de caf\u00e9 es una pr\u00e1ctica muy extendida. El caf\u00e9, gracias a su composici\u00f3n, se ha convertido en un recurso habitual en \u00e9pocas de ex\u00e1menes y de intensa actividad intelectual.<\/p>\n<p class=\"p1\">El principal componente activo del caf\u00e9 es <b>la cafe\u00edna<\/b>, una sustancia que estimula el sistema nervioso central y ayuda a reducir la sensaci\u00f3n de cansancio. Esto hace que los estudiantes puedan mantenerse despiertos y puedan mantener la atenci\u00f3n. Varios estudios cient\u00edficos han demostrado que la cafe\u00edna puede <b>favorecer la memoria a corto plazo y mejorar la velocidad de procesamiento de la informaci\u00f3n<\/b>, dos aspectos fundamentales para el aprendizaje.<\/p>\n<p class=\"p1\">Adem\u00e1s, el caf\u00e9 puede tener un efecto motivador, puesto que aporta una sensaci\u00f3n de energ\u00eda que ayuda a encarar las horas de estudio con una actitud m\u00e1s activa. Sin embargo, es esencial remarcar que el exceso de consumo puede provocar efectos negativos, como nerviosismo, dificultades para dormir o malestar f\u00edsico.<\/p>\n<p class=\"p1\">Es por este motivo que <b>recomendamos un consumo moderado, responsable y equilibrado<\/b>, de forma que se puedan aprovechar los beneficios sin sufrir los posibles efectos adversos. El caf\u00e9, pues, se convierte en un soporte complementario, pero no sustitutivo, de h\u00e1bitos de estudio saludables y de un descanso adecuado.<\/p>\n<p class=\"p1\">Que tenga un buen inicio de curso.<\/p>\n<p class=\"p1\"><i>\u00a9 Es un consejo del Gremio del Caf\u00e9 de Catalunya<\/i><\/p>\n\n\t\t<\/div>\n\t<\/div>\n<div  class=\"wpb_content_element   clearfix\"><style type=\"text\/css\" scoped>#ut_am_69f3be13eedc8 { opacity: 1; }<\/style><div id=\"ut_am_wrap_69f3be13eedc9\" class=\"ut-image-gallery-image\" style=\"text-align:center;\"><div class=\"ut-animated-image-item ut-image-gallery-item ut-animation-done\"><a class=\"ut-deactivated-link\" href=\"#\"><img loading=\"lazy\" decoding=\"async\" title=\"ESTUDIANTE-CAFE002\" id=\"ut_am_69f3be13eedc8\" style=\"\" src=\"https:\/\/gremicafe.cat\/wp-content\/uploads\/2025\/09\/ESTUDIANT-CAFE002.jpg\" width=\"1080\" height=\"1080\" alt=\"\"\/><\/a><\/div><\/div><\/div><\/div><\/div><\/div><\/div><div class=\"vc_row-full-width vc_clearfix\"><\/div>","protected":false},"excerpt":{"rendered":"En el context universitari i acad\u00e8mic, els estudiants necessiten mantenir la concentraci\u00f3 i millorar el rendiment. \u00c9s per aquest motiu que el consum de caf\u00e8 \u00e9s una pr\u00e0ctica molt estesa. El caf\u00e8, gr\u00e0cies a la seva composici\u00f3, s\u2019ha convertit en un recurs habitual en \u00e8poques d\u2019ex\u00e0mens i d\u2019intensa activitat intel\u00b7lectual. El principal component actiu del [...]","protected":false},"author":1,"featured_media":7913,"comment_status":"closed","ping_status":"open","sticky":false,"template":"","format":"standard","meta":{"_acf_changed":false,"inline_featured_image":false,"footnotes":""},"categories":[1,81],"tags":[169,168,166,167],"class_list":["post-7912","post","type-post","status-publish","format-standard","has-post-thumbnail","hentry","category-noticies","category-novetats","tag-cafeina","tag-concentracio","tag-estudiants","tag-universitat"],"acf":[],"yoast_head":"<!-- This site is optimized with the Yoast SEO plugin v25.5 - https:\/\/yoast.com\/wordpress\/plugins\/seo\/ -->\n<title>El caf\u00e8 i la concentraci\u00f3 en els estudis - Gremi del Caf\u00e8, torradors de Catalunya<\/title>\n<meta name=\"description\" content=\"En el context universitari i acad\u00e8mic, els estudiants necessiten mantenir la concentraci\u00f3 i millorar el rendiment. \u00c9s per aquest motiu que el consum de caf\u00e8 \u00e9s una pr\u00e0ctica molt estesa. El caf\u00e8, gr\u00e0cies a la seva composici\u00f3, s\u2019ha convertit en un recurs habitual en \u00e8poques d\u2019ex\u00e0mens i d\u2019intensa activitat intel\u00b7lectual.\" \/>\n<meta name=\"robots\" content=\"index, follow, max-snippet:-1, max-image-preview:large, max-video-preview:-1\" \/>\n<link rel=\"canonical\" href=\"https:\/\/gremicafe.cat\/es\/2025\/09\/01\/el-cafe-i-la-concentracio-en-els-estudis\/\" \/>\n<meta property=\"og:locale\" content=\"es_ES\" \/>\n<meta property=\"og:type\" content=\"article\" \/>\n<meta property=\"og:title\" content=\"El caf\u00e8 i la concentraci\u00f3 en els estudis - Gremi del Caf\u00e8, torradors de Catalunya\" \/>\n<meta property=\"og:description\" content=\"En el context universitari i acad\u00e8mic, els estudiants necessiten mantenir la concentraci\u00f3 i millorar el rendiment. \u00c9s per aquest motiu que el consum de caf\u00e8 \u00e9s una pr\u00e0ctica molt estesa. El caf\u00e8, gr\u00e0cies a la seva composici\u00f3, s\u2019ha convertit en un recurs habitual en \u00e8poques d\u2019ex\u00e0mens i d\u2019intensa activitat intel\u00b7lectual.\" \/>\n<meta property=\"og:url\" content=\"https:\/\/gremicafe.cat\/es\/2025\/09\/01\/el-cafe-i-la-concentracio-en-els-estudis\/\" \/>\n<meta property=\"og:site_name\" content=\"Gremi del Caf\u00e8, torradors de Catalunya\" \/>\n<meta property=\"article:publisher\" content=\"https:\/\/www.facebook.com\/gremicafecat\" \/>\n<meta property=\"article:published_time\" content=\"2025-09-01T17:30:23+00:00\" \/>\n<meta property=\"og:image\" content=\"https:\/\/gremicafe.cat\/wp-content\/uploads\/2025\/09\/ESTUDIANT-CAFE002.jpg\" \/>\n\t<meta property=\"og:image:width\" content=\"1080\" \/>\n\t<meta property=\"og:image:height\" content=\"1080\" \/>\n\t<meta property=\"og:image:type\" content=\"image\/jpeg\" \/>\n<meta name=\"author\" content=\"gremicafe\" \/>\n<meta name=\"twitter:card\" content=\"summary_large_image\" \/>\n<meta name=\"twitter:creator\" content=\"@gremicafecat\" \/>\n<meta name=\"twitter:site\" content=\"@gremicafecat\" \/>\n<meta name=\"twitter:label1\" content=\"Escrito por\" \/>\n\t<meta name=\"twitter:data1\" content=\"gremicafe\" \/>\n\t<meta name=\"twitter:label2\" content=\"Tiempo de lectura\" \/>\n\t<meta name=\"twitter:data2\" content=\"2 minutos\" \/>\n<script type=\"application\/ld+json\" class=\"yoast-schema-graph\">{\"@context\":\"https:\/\/schema.org\",\"@graph\":[{\"@type\":\"Article\",\"@id\":\"https:\/\/gremicafe.cat\/2025\/09\/01\/el-cafe-i-la-concentracio-en-els-estudis\/#article\",\"isPartOf\":{\"@id\":\"https:\/\/gremicafe.cat\/2025\/09\/01\/el-cafe-i-la-concentracio-en-els-estudis\/\"},\"author\":{\"name\":\"gremicafe\",\"@id\":\"https:\/\/gremicafe.cat\/#\/schema\/person\/dabfdbb3d0fa36260855a380f94e4733\"},\"headline\":\"El caf\u00e8 i la concentraci\u00f3 en els estudis\",\"datePublished\":\"2025-09-01T17:30:23+00:00\",\"mainEntityOfPage\":{\"@id\":\"https:\/\/gremicafe.cat\/2025\/09\/01\/el-cafe-i-la-concentracio-en-els-estudis\/\"},\"wordCount\":282,\"publisher\":{\"@id\":\"https:\/\/gremicafe.cat\/#organization\"},\"image\":{\"@id\":\"https:\/\/gremicafe.cat\/2025\/09\/01\/el-cafe-i-la-concentracio-en-els-estudis\/#primaryimage\"},\"thumbnailUrl\":\"https:\/\/gremicafe.cat\/wp-content\/uploads\/2025\/09\/ESTUDIANT-CAFE002.jpg\",\"keywords\":[\"cafe\u00efna\",\"concentraci\u00f3\",\"estudiants\",\"universitat\"],\"articleSection\":[\"Not\u00edcies\",\"Novetats\"],\"inLanguage\":\"es\"},{\"@type\":\"WebPage\",\"@id\":\"https:\/\/gremicafe.cat\/2025\/09\/01\/el-cafe-i-la-concentracio-en-els-estudis\/\",\"url\":\"https:\/\/gremicafe.cat\/2025\/09\/01\/el-cafe-i-la-concentracio-en-els-estudis\/\",\"name\":\"El caf\u00e8 i la concentraci\u00f3 en els estudis - Gremi del Caf\u00e8, torradors de Catalunya\",\"isPartOf\":{\"@id\":\"https:\/\/gremicafe.cat\/#website\"},\"primaryImageOfPage\":{\"@id\":\"https:\/\/gremicafe.cat\/2025\/09\/01\/el-cafe-i-la-concentracio-en-els-estudis\/#primaryimage\"},\"image\":{\"@id\":\"https:\/\/gremicafe.cat\/2025\/09\/01\/el-cafe-i-la-concentracio-en-els-estudis\/#primaryimage\"},\"thumbnailUrl\":\"https:\/\/gremicafe.cat\/wp-content\/uploads\/2025\/09\/ESTUDIANT-CAFE002.jpg\",\"datePublished\":\"2025-09-01T17:30:23+00:00\",\"description\":\"En el context universitari i acad\u00e8mic, els estudiants necessiten mantenir la concentraci\u00f3 i millorar el rendiment. \u00c9s per aquest motiu que el consum de caf\u00e8 \u00e9s una pr\u00e0ctica molt estesa. El caf\u00e8, gr\u00e0cies a la seva composici\u00f3, s\u2019ha convertit en un recurs habitual en \u00e8poques d\u2019ex\u00e0mens i d\u2019intensa activitat intel\u00b7lectual.\",\"breadcrumb\":{\"@id\":\"https:\/\/gremicafe.cat\/2025\/09\/01\/el-cafe-i-la-concentracio-en-els-estudis\/#breadcrumb\"},\"inLanguage\":\"es\",\"potentialAction\":[{\"@type\":\"ReadAction\",\"target\":[\"https:\/\/gremicafe.cat\/2025\/09\/01\/el-cafe-i-la-concentracio-en-els-estudis\/\"]}]},{\"@type\":\"ImageObject\",\"inLanguage\":\"es\",\"@id\":\"https:\/\/gremicafe.cat\/2025\/09\/01\/el-cafe-i-la-concentracio-en-els-estudis\/#primaryimage\",\"url\":\"https:\/\/gremicafe.cat\/wp-content\/uploads\/2025\/09\/ESTUDIANT-CAFE002.jpg\",\"contentUrl\":\"https:\/\/gremicafe.cat\/wp-content\/uploads\/2025\/09\/ESTUDIANT-CAFE002.jpg\",\"width\":1080,\"height\":1080,\"caption\":\"El caf\u00e8 i la concentraci\u00f3 en els estudis. Gremi del Caf\u00e8 de Catalunya\"},{\"@type\":\"BreadcrumbList\",\"@id\":\"https:\/\/gremicafe.cat\/2025\/09\/01\/el-cafe-i-la-concentracio-en-els-estudis\/#breadcrumb\",\"itemListElement\":[{\"@type\":\"ListItem\",\"position\":1,\"name\":\"Inici\",\"item\":\"https:\/\/gremicafe.cat\/\"},{\"@type\":\"ListItem\",\"position\":2,\"name\":\"El caf\u00e8 i la concentraci\u00f3 en els estudis\"}]},{\"@type\":\"WebSite\",\"@id\":\"https:\/\/gremicafe.cat\/#website\",\"url\":\"https:\/\/gremicafe.cat\/\",\"name\":\"Gremi del Caf\u00e8, torradors de Catalunya\",\"description\":\"Web oficial del gremi de torradors de caf\u00e8 de Catalunya\",\"publisher\":{\"@id\":\"https:\/\/gremicafe.cat\/#organization\"},\"potentialAction\":[{\"@type\":\"SearchAction\",\"target\":{\"@type\":\"EntryPoint\",\"urlTemplate\":\"https:\/\/gremicafe.cat\/?s={search_term_string}\"},\"query-input\":{\"@type\":\"PropertyValueSpecification\",\"valueRequired\":true,\"valueName\":\"search_term_string\"}}],\"inLanguage\":\"es\"},{\"@type\":\"Organization\",\"@id\":\"https:\/\/gremicafe.cat\/#organization\",\"name\":\"Gremi del Caf\u00e8, Torradors de Catalunya\",\"url\":\"https:\/\/gremicafe.cat\/\",\"logo\":{\"@type\":\"ImageObject\",\"inLanguage\":\"es\",\"@id\":\"https:\/\/gremicafe.cat\/#\/schema\/logo\/image\/\",\"url\":\"https:\/\/gremicafe.cat\/wp-content\/uploads\/2018\/03\/gremicafe-logo250.png\",\"contentUrl\":\"https:\/\/gremicafe.cat\/wp-content\/uploads\/2018\/03\/gremicafe-logo250.png\",\"width\":250,\"height\":49,\"caption\":\"Gremi del Caf\u00e8, Torradors de Catalunya\"},\"image\":{\"@id\":\"https:\/\/gremicafe.cat\/#\/schema\/logo\/image\/\"},\"sameAs\":[\"https:\/\/www.facebook.com\/gremicafecat\",\"https:\/\/x.com\/gremicafecat\",\"https:\/\/www.instagram.com\/gremicafecat\/\",\"https:\/\/www.pinterest.es\/gremicafecat\/\",\"https:\/\/www.youtube.com\/channel\/UCGLo5Y35vLwLvP4FrPZrCrw\/\"]},{\"@type\":\"Person\",\"@id\":\"https:\/\/gremicafe.cat\/#\/schema\/person\/dabfdbb3d0fa36260855a380f94e4733\",\"name\":\"gremicafe\",\"image\":{\"@type\":\"ImageObject\",\"inLanguage\":\"es\",\"@id\":\"https:\/\/gremicafe.cat\/#\/schema\/person\/image\/\",\"url\":\"https:\/\/secure.gravatar.com\/avatar\/e59baa4ca8f6f97576d6375fb6d3c8f0?s=96&d=mm&r=g\",\"contentUrl\":\"https:\/\/secure.gravatar.com\/avatar\/e59baa4ca8f6f97576d6375fb6d3c8f0?s=96&d=mm&r=g\",\"caption\":\"gremicafe\"}}]}<\/script>\n<!-- \/ Yoast SEO plugin. -->","yoast_head_json":{"title":"El caf\u00e8 i la concentraci\u00f3 en els estudis - Gremi del Caf\u00e8, torradors de Catalunya","description":"En el contexto universitario y acad\u00e9mico, los estudiantes necesitan mantener la concentraci\u00f3n y mejorar su rendimiento. Por este motivo, el consumo de caf\u00e9 es una pr\u00e1ctica muy extendida. El caf\u00e9, gracias a su composici\u00f3n, se ha convertido en un recurso habitual en \u00e9pocas de ex\u00e1menes y de intensa actividad intelectual.","robots":{"index":"index","follow":"follow","max-snippet":"max-snippet:-1","max-image-preview":"max-image-preview:large","max-video-preview":"max-video-preview:-1"},"canonical":"https:\/\/gremicafe.cat\/es\/2025\/09\/01\/el-cafe-i-la-concentracio-en-els-estudis\/","og_locale":"es_ES","og_type":"article","og_title":"El caf\u00e8 i la concentraci\u00f3 en els estudis - Gremi del Caf\u00e8, torradors de Catalunya","og_description":"En el context universitari i acad\u00e8mic, els estudiants necessiten mantenir la concentraci\u00f3 i millorar el rendiment. \u00c9s per aquest motiu que el consum de caf\u00e8 \u00e9s una pr\u00e0ctica molt estesa. El caf\u00e8, gr\u00e0cies a la seva composici\u00f3, s\u2019ha convertit en un recurs habitual en \u00e8poques d\u2019ex\u00e0mens i d\u2019intensa activitat intel\u00b7lectual.","og_url":"https:\/\/gremicafe.cat\/es\/2025\/09\/01\/el-cafe-i-la-concentracio-en-els-estudis\/","og_site_name":"Gremi del Caf\u00e8, torradors de Catalunya","article_publisher":"https:\/\/www.facebook.com\/gremicafecat","article_published_time":"2025-09-01T17:30:23+00:00","og_image":[{"width":1080,"height":1080,"url":"https:\/\/gremicafe.cat\/wp-content\/uploads\/2025\/09\/ESTUDIANT-CAFE002.jpg","type":"image\/jpeg"}],"author":"gremicafe","twitter_card":"summary_large_image","twitter_creator":"@gremicafecat","twitter_site":"@gremicafecat","twitter_misc":{"Escrito por":"gremicafe","Tiempo de lectura":"2 minutos"},"schema":{"@context":"https:\/\/schema.org","@graph":[{"@type":"Article","@id":"https:\/\/gremicafe.cat\/2025\/09\/01\/el-cafe-i-la-concentracio-en-els-estudis\/#article","isPartOf":{"@id":"https:\/\/gremicafe.cat\/2025\/09\/01\/el-cafe-i-la-concentracio-en-els-estudis\/"},"author":{"name":"gremicafe","@id":"https:\/\/gremicafe.cat\/#\/schema\/person\/dabfdbb3d0fa36260855a380f94e4733"},"headline":"El caf\u00e8 i la concentraci\u00f3 en els estudis","datePublished":"2025-09-01T17:30:23+00:00","mainEntityOfPage":{"@id":"https:\/\/gremicafe.cat\/2025\/09\/01\/el-cafe-i-la-concentracio-en-els-estudis\/"},"wordCount":282,"publisher":{"@id":"https:\/\/gremicafe.cat\/#organization"},"image":{"@id":"https:\/\/gremicafe.cat\/2025\/09\/01\/el-cafe-i-la-concentracio-en-els-estudis\/#primaryimage"},"thumbnailUrl":"https:\/\/gremicafe.cat\/wp-content\/uploads\/2025\/09\/ESTUDIANT-CAFE002.jpg","keywords":["cafe\u00efna","concentraci\u00f3","estudiants","universitat"],"articleSection":["Not\u00edcies","Novetats"],"inLanguage":"es"},{"@type":"WebPage","@id":"https:\/\/gremicafe.cat\/2025\/09\/01\/el-cafe-i-la-concentracio-en-els-estudis\/","url":"https:\/\/gremicafe.cat\/2025\/09\/01\/el-cafe-i-la-concentracio-en-els-estudis\/","name":"El caf\u00e8 i la concentraci\u00f3 en els estudis - Gremi del Caf\u00e8, torradors de Catalunya","isPartOf":{"@id":"https:\/\/gremicafe.cat\/#website"},"primaryImageOfPage":{"@id":"https:\/\/gremicafe.cat\/2025\/09\/01\/el-cafe-i-la-concentracio-en-els-estudis\/#primaryimage"},"image":{"@id":"https:\/\/gremicafe.cat\/2025\/09\/01\/el-cafe-i-la-concentracio-en-els-estudis\/#primaryimage"},"thumbnailUrl":"https:\/\/gremicafe.cat\/wp-content\/uploads\/2025\/09\/ESTUDIANT-CAFE002.jpg","datePublished":"2025-09-01T17:30:23+00:00","description":"En el contexto universitario y acad\u00e9mico, los estudiantes necesitan mantener la concentraci\u00f3n y mejorar su rendimiento. Por este motivo, el consumo de caf\u00e9 es una pr\u00e1ctica muy extendida. El caf\u00e9, gracias a su composici\u00f3n, se ha convertido en un recurso habitual en \u00e9pocas de ex\u00e1menes y de intensa actividad intelectual.","breadcrumb":{"@id":"https:\/\/gremicafe.cat\/2025\/09\/01\/el-cafe-i-la-concentracio-en-els-estudis\/#breadcrumb"},"inLanguage":"es","potentialAction":[{"@type":"ReadAction","target":["https:\/\/gremicafe.cat\/2025\/09\/01\/el-cafe-i-la-concentracio-en-els-estudis\/"]}]},{"@type":"ImageObject","inLanguage":"es","@id":"https:\/\/gremicafe.cat\/2025\/09\/01\/el-cafe-i-la-concentracio-en-els-estudis\/#primaryimage","url":"https:\/\/gremicafe.cat\/wp-content\/uploads\/2025\/09\/ESTUDIANT-CAFE002.jpg","contentUrl":"https:\/\/gremicafe.cat\/wp-content\/uploads\/2025\/09\/ESTUDIANT-CAFE002.jpg","width":1080,"height":1080,"caption":"El caf\u00e8 i la concentraci\u00f3 en els estudis. Gremi del Caf\u00e8 de Catalunya"},{"@type":"BreadcrumbList","@id":"https:\/\/gremicafe.cat\/2025\/09\/01\/el-cafe-i-la-concentracio-en-els-estudis\/#breadcrumb","itemListElement":[{"@type":"ListItem","position":1,"name":"Inici","item":"https:\/\/gremicafe.cat\/"},{"@type":"ListItem","position":2,"name":"El caf\u00e8 i la concentraci\u00f3 en els estudis"}]},{"@type":"WebSite","@id":"https:\/\/gremicafe.cat\/#website","url":"https:\/\/gremicafe.cat\/","name":"Gremio del Caf\u00e9, tostadores de Catalu\u00f1a","description":"Web oficial del gremio de tostadores de caf\u00e9 de Catalunya","publisher":{"@id":"https:\/\/gremicafe.cat\/#organization"},"potentialAction":[{"@type":"SearchAction","target":{"@type":"EntryPoint","urlTemplate":"https:\/\/gremicafe.cat\/?s={search_term_string}"},"query-input":{"@type":"PropertyValueSpecification","valueRequired":true,"valueName":"search_term_string"}}],"inLanguage":"es"},{"@type":"Organization","@id":"https:\/\/gremicafe.cat\/#organization","name":"Gremio del Caf\u00e9, Tostadores de Catalu\u00f1a","url":"https:\/\/gremicafe.cat\/","logo":{"@type":"ImageObject","inLanguage":"es","@id":"https:\/\/gremicafe.cat\/#\/schema\/logo\/image\/","url":"https:\/\/gremicafe.cat\/wp-content\/uploads\/2018\/03\/gremicafe-logo250.png","contentUrl":"https:\/\/gremicafe.cat\/wp-content\/uploads\/2018\/03\/gremicafe-logo250.png","width":250,"height":49,"caption":"Gremi del Caf\u00e8, Torradors de Catalunya"},"image":{"@id":"https:\/\/gremicafe.cat\/#\/schema\/logo\/image\/"},"sameAs":["https:\/\/www.facebook.com\/gremicafecat","https:\/\/x.com\/gremicafecat","https:\/\/www.instagram.com\/gremicafecat\/","https:\/\/www.pinterest.es\/gremicafecat\/","https:\/\/www.youtube.com\/channel\/UCGLo5Y35vLwLvP4FrPZrCrw\/"]},{"@type":"Person","@id":"https:\/\/gremicafe.cat\/#\/schema\/person\/dabfdbb3d0fa36260855a380f94e4733","name":"gremicafe","image":{"@type":"ImageObject","inLanguage":"es","@id":"https:\/\/gremicafe.cat\/#\/schema\/person\/image\/","url":"https:\/\/secure.gravatar.com\/avatar\/e59baa4ca8f6f97576d6375fb6d3c8f0?s=96&d=mm&r=g","contentUrl":"https:\/\/secure.gravatar.com\/avatar\/e59baa4ca8f6f97576d6375fb6d3c8f0?s=96&d=mm&r=g","caption":"gremicafe"}}]}},"_links":{"self":[{"href":"https:\/\/gremicafe.cat\/es\/wp-json\/wp\/v2\/posts\/7912"}],"collection":[{"href":"https:\/\/gremicafe.cat\/es\/wp-json\/wp\/v2\/posts"}],"about":[{"href":"https:\/\/gremicafe.cat\/es\/wp-json\/wp\/v2\/types\/post"}],"author":[{"embeddable":true,"href":"https:\/\/gremicafe.cat\/es\/wp-json\/wp\/v2\/users\/1"}],"replies":[{"embeddable":true,"href":"https:\/\/gremicafe.cat\/es\/wp-json\/wp\/v2\/comments?post=7912"}],"version-history":[{"count":0,"href":"https:\/\/gremicafe.cat\/es\/wp-json\/wp\/v2\/posts\/7912\/revisions"}],"wp:featuredmedia":[{"embeddable":true,"href":"https:\/\/gremicafe.cat\/es\/wp-json\/wp\/v2\/media\/7913"}],"wp:attachment":[{"href":"https:\/\/gremicafe.cat\/es\/wp-json\/wp\/v2\/media?parent=7912"}],"wp:term":[{"taxonomy":"category","embeddable":true,"href":"https:\/\/gremicafe.cat\/es\/wp-json\/wp\/v2\/categories?post=7912"},{"taxonomy":"post_tag","embeddable":true,"href":"https:\/\/gremicafe.cat\/es\/wp-json\/wp\/v2\/tags?post=7912"}],"curies":[{"name":"wp","href":"https:\/\/api.w.org\/{rel}","templated":true}]}}