{"id":7919,"date":"2025-09-16T15:42:51","date_gmt":"2025-09-16T13:42:51","guid":{"rendered":"https:\/\/gremicafe.cat\/?p=7919"},"modified":"2025-09-16T15:44:38","modified_gmt":"2025-09-16T13:44:38","slug":"forum-del-cafe-organitza-els-campionats-descoles-dhostaleria","status":"publish","type":"post","link":"https:\/\/gremicafe.cat\/es\/2025\/09\/16\/forum-del-cafe-organitza-els-campionats-descoles-dhostaleria\/","title":{"rendered":"Foro del Caf\u00e9 organiza los Campeonatos de Escuelas de Hosteler\u00eda."},"content":{"rendered":"<p class=\"p1\"><span class=\"s1\">La <\/span><span class=\"s2\"><b>primera edici\u00f3n del Campeonato Escuelas Foro<\/b><\/span><span class=\"s1\"> nace con el objetivo de reconocer, fomentar y dar visibilidad al talento emergente de las nuevas generaciones de profesionales de la hosteler\u00eda.<\/span><\/p>\n<p class=\"p1\"><span class=\"s1\">A trav\u00e9s de una serie de pruebas pr\u00e1cticas y creativas, los <\/span><span class=\"s2\"><b>estudiantes de las escuelas de hosteler\u00eda<\/b><\/span><span class=\"s1\"> podr\u00e1n demostrar sus habilidades, pasi\u00f3n y visi\u00f3n innovadora frente a un jurado de expertos en el sector.<\/span><\/p>\n<p class=\"p1\"><span class=\"s1\">Este proyecto no s\u00f3lo enriquecer\u00e1 a los participantes, sino que tambi\u00e9n aportar\u00e1 valor a todos los socios, generando conocimiento, inspiraci\u00f3n y oportunidades de colaboraci\u00f3n.<\/span><\/p>\n<p class=\"p3\"><span class=\"s1\"><b>Sabemos que muchos de los socios de F\u00f2rum Caf\u00e9 ya colabor\u00e1is con escuelas de hosteler\u00eda y nos gustar\u00eda contar con su ayuda para conectar con ellas. Si trabaja con alguna o tiene alguna recomendaci\u00f3n, nos encantar\u00eda que nos lo explique. Su colaboraci\u00f3n ser\u00e1 clave para que este proyecto tenga un mayor impacto.<\/b><b><\/b><\/span><\/p>\n<p class=\"p1\"><span class=\"s1\">Fecha l\u00edmite de inscripci\u00f3n: <\/span><span class=\"s2\"><b>30\/09\/2025<\/b><b><\/b><\/span><\/p>\n<p class=\"p1\"><span class=\"s1\">Para m\u00e1s informaci\u00f3n, contactar con <\/span><span class=\"s2\"><b>Foro del Caf\u00e9: <\/b><\/span><a href=\"mailto:patricia@forumdelcafe.com\" target=\"_blank\" rel=\"noopener\"><span class=\"s1\"><b>patricia@forumdelcafe.com<\/b><\/span><\/a><\/p>\n<p class=\"p4\"><span class=\"s3\">O entrar en el siguiente enlace: <a href=\"https:\/\/go.forumdelcafe.com\/escuelasdehostelerias\" target=\"_blank\" rel=\"noopener\">https:\/\/go.forumdelcafe.com\/escuelasdehostelerias<\/a><\/span><\/p>\n<p>Documentaci\u00f3n:<\/p>\n<p class=\"p1\"><span class=\"s1\">PDF Informaci\u00f3n socios: <a href=\"https:\/\/gremicafe.cat\/wp-content\/uploads\/2025\/09\/Forum-Escuelas-de-Hostelerias-para-Socios-10_web.pdf\" target=\"_blank\" rel=\"noopener\">https:\/\/gremicafe.cat\/wp-content\/uploads\/2025\/09\/Forum-Escuelas-de-Hostelerias-para-Socios-10_web.pdf<\/a><\/span><\/p>\n<p class=\"p1\"><span class=\"s1\">PDF Bases: <a href=\"https:\/\/gremicafe.cat\/wp-content\/uploads\/2025\/09\/Bases-Campeonato-Escuela-de-Hosteleria.pdf\" target=\"_blank\" rel=\"noopener\">https:\/\/gremicafe.cat\/wp-content\/uploads\/2025\/09\/Bases-Campeonato-Escuela-de-Hosteleria.pdf<\/a><\/span><\/p>\n<p class=\"p2\"><span class=\"s2\">PDF Ficha de inscripci\u00f3n: <a href=\"https:\/\/gremicafe.cat\/wp-content\/uploads\/2025\/09\/Ficha-de-inscripcion.pdf\" target=\"_blank\" rel=\"noopener\">https:\/\/gremicafe.cat\/wp-content\/uploads\/2025\/09\/Ficha-de-inscripcion.pdf<\/a><\/span><\/p>\n<p>&nbsp;<\/p>\n<p><img loading=\"lazy\" decoding=\"async\" class=\"aligncenter size-full wp-image-7920\" src=\"https:\/\/gremicafe.cat\/wp-content\/uploads\/2025\/09\/ForumESCHOST.jpg\" alt=\"\" width=\"1080\" height=\"1350\" srcset=\"https:\/\/gremicafe.cat\/wp-content\/uploads\/2025\/09\/ForumESCHOST.jpg 1080w, https:\/\/gremicafe.cat\/wp-content\/uploads\/2025\/09\/ForumESCHOST-768x960.jpg 768w, https:\/\/gremicafe.cat\/wp-content\/uploads\/2025\/09\/ForumESCHOST-10x12.jpg 10w, https:\/\/gremicafe.cat\/wp-content\/uploads\/2025\/09\/ForumESCHOST-576x720.jpg 576w\" sizes=\"(max-width: 1080px) 100vw, 1080px\" \/><\/p>","protected":false},"excerpt":{"rendered":"<p>La primera edici\u00f3 del Campionat Escoles F\u00f2rum neix amb l&#8217;objectiu de recon\u00e8ixer, fomentar i donar visibilitat al talent emergent de les noves generacions de professionals de l&#8217;hostaleria. A trav\u00e9s d&#8217;una s\u00e8rie de proves pr\u00e0ctiques i creatives, els estudiants de les escoles d&#8217;hostaleria podran demostrar les seves habilitats, passi\u00f3 i visi\u00f3 innovadora davant un jurat d&#8217;experts [&hellip;]<\/p>\n","protected":false},"author":1,"featured_media":7920,"comment_status":"closed","ping_status":"open","sticky":false,"template":"","format":"standard","meta":{"_acf_changed":false,"inline_featured_image":false,"footnotes":""},"categories":[1],"tags":[47,170,164,163,43],"class_list":["post-7919","post","type-post","status-publish","format-standard","has-post-thumbnail","hentry","category-noticies","tag-cafe","tag-escoles-hostaleria","tag-formacio","tag-forum-cafe","tag-hostaleria"],"acf":[],"yoast_head":"<!-- This site is optimized with the Yoast SEO plugin v25.5 - https:\/\/yoast.com\/wordpress\/plugins\/seo\/ -->\n<title>F\u00f2rum del Caf\u00e8 organitza els Campionats d&#039;Escoles d&#039;Hostaleria. - Gremi del Caf\u00e8, torradors de Catalunya<\/title>\n<meta name=\"robots\" content=\"index, follow, max-snippet:-1, max-image-preview:large, max-video-preview:-1\" \/>\n<link rel=\"canonical\" href=\"https:\/\/gremicafe.cat\/es\/2025\/09\/16\/forum-del-cafe-organitza-els-campionats-descoles-dhostaleria\/\" \/>\n<meta property=\"og:locale\" content=\"es_ES\" \/>\n<meta property=\"og:type\" content=\"article\" \/>\n<meta property=\"og:title\" content=\"F\u00f2rum del Caf\u00e8 organitza els Campionats d&#039;Escoles d&#039;Hostaleria. - Gremi del Caf\u00e8, torradors de Catalunya\" \/>\n<meta property=\"og:description\" content=\"La primera edici\u00f3 del Campionat Escoles F\u00f2rum neix amb l&#8217;objectiu de recon\u00e8ixer, fomentar i donar visibilitat al talent emergent de les noves generacions de professionals de l&#8217;hostaleria. A trav\u00e9s d&#8217;una s\u00e8rie de proves pr\u00e0ctiques i creatives, els estudiants de les escoles d&#8217;hostaleria podran demostrar les seves habilitats, passi\u00f3 i visi\u00f3 innovadora davant un jurat d&#8217;experts [&hellip;]\" \/>\n<meta property=\"og:url\" content=\"https:\/\/gremicafe.cat\/es\/2025\/09\/16\/forum-del-cafe-organitza-els-campionats-descoles-dhostaleria\/\" \/>\n<meta property=\"og:site_name\" content=\"Gremi del Caf\u00e8, torradors de Catalunya\" \/>\n<meta property=\"article:publisher\" content=\"https:\/\/www.facebook.com\/gremicafecat\" \/>\n<meta property=\"article:published_time\" content=\"2025-09-16T13:42:51+00:00\" \/>\n<meta property=\"article:modified_time\" content=\"2025-09-16T13:44:38+00:00\" \/>\n<meta property=\"og:image\" content=\"https:\/\/gremicafe.cat\/wp-content\/uploads\/2025\/09\/ForumESCHOST.jpg\" \/>\n\t<meta property=\"og:image:width\" content=\"1080\" \/>\n\t<meta property=\"og:image:height\" content=\"1350\" \/>\n\t<meta property=\"og:image:type\" content=\"image\/jpeg\" \/>\n<meta name=\"author\" content=\"gremicafe\" \/>\n<meta name=\"twitter:card\" content=\"summary_large_image\" \/>\n<meta name=\"twitter:creator\" content=\"@gremicafecat\" \/>\n<meta name=\"twitter:site\" content=\"@gremicafecat\" \/>\n<meta name=\"twitter:label1\" content=\"Escrito por\" \/>\n\t<meta name=\"twitter:data1\" content=\"gremicafe\" \/>\n\t<meta name=\"twitter:label2\" content=\"Tiempo de lectura\" \/>\n\t<meta name=\"twitter:data2\" content=\"2 minutos\" \/>\n<script type=\"application\/ld+json\" class=\"yoast-schema-graph\">{\"@context\":\"https:\/\/schema.org\",\"@graph\":[{\"@type\":\"Article\",\"@id\":\"https:\/\/gremicafe.cat\/2025\/09\/16\/forum-del-cafe-organitza-els-campionats-descoles-dhostaleria\/#article\",\"isPartOf\":{\"@id\":\"https:\/\/gremicafe.cat\/2025\/09\/16\/forum-del-cafe-organitza-els-campionats-descoles-dhostaleria\/\"},\"author\":{\"name\":\"gremicafe\",\"@id\":\"https:\/\/gremicafe.cat\/#\/schema\/person\/dabfdbb3d0fa36260855a380f94e4733\"},\"headline\":\"F\u00f2rum del Caf\u00e8 organitza els Campionats d&#8217;Escoles d&#8217;Hostaleria.\",\"datePublished\":\"2025-09-16T13:42:51+00:00\",\"dateModified\":\"2025-09-16T13:44:38+00:00\",\"mainEntityOfPage\":{\"@id\":\"https:\/\/gremicafe.cat\/2025\/09\/16\/forum-del-cafe-organitza-els-campionats-descoles-dhostaleria\/\"},\"wordCount\":213,\"publisher\":{\"@id\":\"https:\/\/gremicafe.cat\/#organization\"},\"image\":{\"@id\":\"https:\/\/gremicafe.cat\/2025\/09\/16\/forum-del-cafe-organitza-els-campionats-descoles-dhostaleria\/#primaryimage\"},\"thumbnailUrl\":\"https:\/\/gremicafe.cat\/wp-content\/uploads\/2025\/09\/ForumESCHOST.jpg\",\"keywords\":[\"cafe\",\"Escoles hostaleria\",\"Formaci\u00f3\",\"F\u00f3rum Caf\u00e9\",\"hostaleria\"],\"articleSection\":[\"Not\u00edcies\"],\"inLanguage\":\"es\"},{\"@type\":\"WebPage\",\"@id\":\"https:\/\/gremicafe.cat\/2025\/09\/16\/forum-del-cafe-organitza-els-campionats-descoles-dhostaleria\/\",\"url\":\"https:\/\/gremicafe.cat\/2025\/09\/16\/forum-del-cafe-organitza-els-campionats-descoles-dhostaleria\/\",\"name\":\"F\u00f2rum del Caf\u00e8 organitza els Campionats d'Escoles d'Hostaleria. - Gremi del Caf\u00e8, torradors de Catalunya\",\"isPartOf\":{\"@id\":\"https:\/\/gremicafe.cat\/#website\"},\"primaryImageOfPage\":{\"@id\":\"https:\/\/gremicafe.cat\/2025\/09\/16\/forum-del-cafe-organitza-els-campionats-descoles-dhostaleria\/#primaryimage\"},\"image\":{\"@id\":\"https:\/\/gremicafe.cat\/2025\/09\/16\/forum-del-cafe-organitza-els-campionats-descoles-dhostaleria\/#primaryimage\"},\"thumbnailUrl\":\"https:\/\/gremicafe.cat\/wp-content\/uploads\/2025\/09\/ForumESCHOST.jpg\",\"datePublished\":\"2025-09-16T13:42:51+00:00\",\"dateModified\":\"2025-09-16T13:44:38+00:00\",\"breadcrumb\":{\"@id\":\"https:\/\/gremicafe.cat\/2025\/09\/16\/forum-del-cafe-organitza-els-campionats-descoles-dhostaleria\/#breadcrumb\"},\"inLanguage\":\"es\",\"potentialAction\":[{\"@type\":\"ReadAction\",\"target\":[\"https:\/\/gremicafe.cat\/2025\/09\/16\/forum-del-cafe-organitza-els-campionats-descoles-dhostaleria\/\"]}]},{\"@type\":\"ImageObject\",\"inLanguage\":\"es\",\"@id\":\"https:\/\/gremicafe.cat\/2025\/09\/16\/forum-del-cafe-organitza-els-campionats-descoles-dhostaleria\/#primaryimage\",\"url\":\"https:\/\/gremicafe.cat\/wp-content\/uploads\/2025\/09\/ForumESCHOST.jpg\",\"contentUrl\":\"https:\/\/gremicafe.cat\/wp-content\/uploads\/2025\/09\/ForumESCHOST.jpg\",\"width\":1080,\"height\":1350},{\"@type\":\"BreadcrumbList\",\"@id\":\"https:\/\/gremicafe.cat\/2025\/09\/16\/forum-del-cafe-organitza-els-campionats-descoles-dhostaleria\/#breadcrumb\",\"itemListElement\":[{\"@type\":\"ListItem\",\"position\":1,\"name\":\"Inici\",\"item\":\"https:\/\/gremicafe.cat\/\"},{\"@type\":\"ListItem\",\"position\":2,\"name\":\"F\u00f2rum del Caf\u00e8 organitza els Campionats d&#8217;Escoles d&#8217;Hostaleria.\"}]},{\"@type\":\"WebSite\",\"@id\":\"https:\/\/gremicafe.cat\/#website\",\"url\":\"https:\/\/gremicafe.cat\/\",\"name\":\"Gremi del Caf\u00e8, torradors de Catalunya\",\"description\":\"Web oficial del gremi de torradors de caf\u00e8 de Catalunya\",\"publisher\":{\"@id\":\"https:\/\/gremicafe.cat\/#organization\"},\"potentialAction\":[{\"@type\":\"SearchAction\",\"target\":{\"@type\":\"EntryPoint\",\"urlTemplate\":\"https:\/\/gremicafe.cat\/?s={search_term_string}\"},\"query-input\":{\"@type\":\"PropertyValueSpecification\",\"valueRequired\":true,\"valueName\":\"search_term_string\"}}],\"inLanguage\":\"es\"},{\"@type\":\"Organization\",\"@id\":\"https:\/\/gremicafe.cat\/#organization\",\"name\":\"Gremi del Caf\u00e8, Torradors de Catalunya\",\"url\":\"https:\/\/gremicafe.cat\/\",\"logo\":{\"@type\":\"ImageObject\",\"inLanguage\":\"es\",\"@id\":\"https:\/\/gremicafe.cat\/#\/schema\/logo\/image\/\",\"url\":\"https:\/\/gremicafe.cat\/wp-content\/uploads\/2018\/03\/gremicafe-logo250.png\",\"contentUrl\":\"https:\/\/gremicafe.cat\/wp-content\/uploads\/2018\/03\/gremicafe-logo250.png\",\"width\":250,\"height\":49,\"caption\":\"Gremi del Caf\u00e8, Torradors de Catalunya\"},\"image\":{\"@id\":\"https:\/\/gremicafe.cat\/#\/schema\/logo\/image\/\"},\"sameAs\":[\"https:\/\/www.facebook.com\/gremicafecat\",\"https:\/\/x.com\/gremicafecat\",\"https:\/\/www.instagram.com\/gremicafecat\/\",\"https:\/\/www.pinterest.es\/gremicafecat\/\",\"https:\/\/www.youtube.com\/channel\/UCGLo5Y35vLwLvP4FrPZrCrw\/\"]},{\"@type\":\"Person\",\"@id\":\"https:\/\/gremicafe.cat\/#\/schema\/person\/dabfdbb3d0fa36260855a380f94e4733\",\"name\":\"gremicafe\",\"image\":{\"@type\":\"ImageObject\",\"inLanguage\":\"es\",\"@id\":\"https:\/\/gremicafe.cat\/#\/schema\/person\/image\/\",\"url\":\"https:\/\/secure.gravatar.com\/avatar\/e59baa4ca8f6f97576d6375fb6d3c8f0?s=96&d=mm&r=g\",\"contentUrl\":\"https:\/\/secure.gravatar.com\/avatar\/e59baa4ca8f6f97576d6375fb6d3c8f0?s=96&d=mm&r=g\",\"caption\":\"gremicafe\"}}]}<\/script>\n<!-- \/ Yoast SEO plugin. -->","yoast_head_json":{"title":"F\u00f2rum del Caf\u00e8 organitza els Campionats d'Escoles d'Hostaleria. - Gremi del Caf\u00e8, torradors de Catalunya","robots":{"index":"index","follow":"follow","max-snippet":"max-snippet:-1","max-image-preview":"max-image-preview:large","max-video-preview":"max-video-preview:-1"},"canonical":"https:\/\/gremicafe.cat\/es\/2025\/09\/16\/forum-del-cafe-organitza-els-campionats-descoles-dhostaleria\/","og_locale":"es_ES","og_type":"article","og_title":"F\u00f2rum del Caf\u00e8 organitza els Campionats d'Escoles d'Hostaleria. - Gremi del Caf\u00e8, torradors de Catalunya","og_description":"La primera edici\u00f3 del Campionat Escoles F\u00f2rum neix amb l&#8217;objectiu de recon\u00e8ixer, fomentar i donar visibilitat al talent emergent de les noves generacions de professionals de l&#8217;hostaleria. A trav\u00e9s d&#8217;una s\u00e8rie de proves pr\u00e0ctiques i creatives, els estudiants de les escoles d&#8217;hostaleria podran demostrar les seves habilitats, passi\u00f3 i visi\u00f3 innovadora davant un jurat d&#8217;experts [&hellip;]","og_url":"https:\/\/gremicafe.cat\/es\/2025\/09\/16\/forum-del-cafe-organitza-els-campionats-descoles-dhostaleria\/","og_site_name":"Gremi del Caf\u00e8, torradors de Catalunya","article_publisher":"https:\/\/www.facebook.com\/gremicafecat","article_published_time":"2025-09-16T13:42:51+00:00","article_modified_time":"2025-09-16T13:44:38+00:00","og_image":[{"width":1080,"height":1350,"url":"https:\/\/gremicafe.cat\/wp-content\/uploads\/2025\/09\/ForumESCHOST.jpg","type":"image\/jpeg"}],"author":"gremicafe","twitter_card":"summary_large_image","twitter_creator":"@gremicafecat","twitter_site":"@gremicafecat","twitter_misc":{"Escrito por":"gremicafe","Tiempo de lectura":"2 minutos"},"schema":{"@context":"https:\/\/schema.org","@graph":[{"@type":"Article","@id":"https:\/\/gremicafe.cat\/2025\/09\/16\/forum-del-cafe-organitza-els-campionats-descoles-dhostaleria\/#article","isPartOf":{"@id":"https:\/\/gremicafe.cat\/2025\/09\/16\/forum-del-cafe-organitza-els-campionats-descoles-dhostaleria\/"},"author":{"name":"gremicafe","@id":"https:\/\/gremicafe.cat\/#\/schema\/person\/dabfdbb3d0fa36260855a380f94e4733"},"headline":"F\u00f2rum del Caf\u00e8 organitza els Campionats d&#8217;Escoles d&#8217;Hostaleria.","datePublished":"2025-09-16T13:42:51+00:00","dateModified":"2025-09-16T13:44:38+00:00","mainEntityOfPage":{"@id":"https:\/\/gremicafe.cat\/2025\/09\/16\/forum-del-cafe-organitza-els-campionats-descoles-dhostaleria\/"},"wordCount":213,"publisher":{"@id":"https:\/\/gremicafe.cat\/#organization"},"image":{"@id":"https:\/\/gremicafe.cat\/2025\/09\/16\/forum-del-cafe-organitza-els-campionats-descoles-dhostaleria\/#primaryimage"},"thumbnailUrl":"https:\/\/gremicafe.cat\/wp-content\/uploads\/2025\/09\/ForumESCHOST.jpg","keywords":["cafe","Escoles hostaleria","Formaci\u00f3","F\u00f3rum Caf\u00e9","hostaleria"],"articleSection":["Not\u00edcies"],"inLanguage":"es"},{"@type":"WebPage","@id":"https:\/\/gremicafe.cat\/2025\/09\/16\/forum-del-cafe-organitza-els-campionats-descoles-dhostaleria\/","url":"https:\/\/gremicafe.cat\/2025\/09\/16\/forum-del-cafe-organitza-els-campionats-descoles-dhostaleria\/","name":"F\u00f2rum del Caf\u00e8 organitza els Campionats d'Escoles d'Hostaleria. - Gremi del Caf\u00e8, torradors de Catalunya","isPartOf":{"@id":"https:\/\/gremicafe.cat\/#website"},"primaryImageOfPage":{"@id":"https:\/\/gremicafe.cat\/2025\/09\/16\/forum-del-cafe-organitza-els-campionats-descoles-dhostaleria\/#primaryimage"},"image":{"@id":"https:\/\/gremicafe.cat\/2025\/09\/16\/forum-del-cafe-organitza-els-campionats-descoles-dhostaleria\/#primaryimage"},"thumbnailUrl":"https:\/\/gremicafe.cat\/wp-content\/uploads\/2025\/09\/ForumESCHOST.jpg","datePublished":"2025-09-16T13:42:51+00:00","dateModified":"2025-09-16T13:44:38+00:00","breadcrumb":{"@id":"https:\/\/gremicafe.cat\/2025\/09\/16\/forum-del-cafe-organitza-els-campionats-descoles-dhostaleria\/#breadcrumb"},"inLanguage":"es","potentialAction":[{"@type":"ReadAction","target":["https:\/\/gremicafe.cat\/2025\/09\/16\/forum-del-cafe-organitza-els-campionats-descoles-dhostaleria\/"]}]},{"@type":"ImageObject","inLanguage":"es","@id":"https:\/\/gremicafe.cat\/2025\/09\/16\/forum-del-cafe-organitza-els-campionats-descoles-dhostaleria\/#primaryimage","url":"https:\/\/gremicafe.cat\/wp-content\/uploads\/2025\/09\/ForumESCHOST.jpg","contentUrl":"https:\/\/gremicafe.cat\/wp-content\/uploads\/2025\/09\/ForumESCHOST.jpg","width":1080,"height":1350},{"@type":"BreadcrumbList","@id":"https:\/\/gremicafe.cat\/2025\/09\/16\/forum-del-cafe-organitza-els-campionats-descoles-dhostaleria\/#breadcrumb","itemListElement":[{"@type":"ListItem","position":1,"name":"Inici","item":"https:\/\/gremicafe.cat\/"},{"@type":"ListItem","position":2,"name":"F\u00f2rum del Caf\u00e8 organitza els Campionats d&#8217;Escoles d&#8217;Hostaleria."}]},{"@type":"WebSite","@id":"https:\/\/gremicafe.cat\/#website","url":"https:\/\/gremicafe.cat\/","name":"Gremio del Caf\u00e9, tostadores de Catalu\u00f1a","description":"Web oficial del gremio de tostadores de caf\u00e9 de Catalunya","publisher":{"@id":"https:\/\/gremicafe.cat\/#organization"},"potentialAction":[{"@type":"SearchAction","target":{"@type":"EntryPoint","urlTemplate":"https:\/\/gremicafe.cat\/?s={search_term_string}"},"query-input":{"@type":"PropertyValueSpecification","valueRequired":true,"valueName":"search_term_string"}}],"inLanguage":"es"},{"@type":"Organization","@id":"https:\/\/gremicafe.cat\/#organization","name":"Gremio del Caf\u00e9, Tostadores de Catalu\u00f1a","url":"https:\/\/gremicafe.cat\/","logo":{"@type":"ImageObject","inLanguage":"es","@id":"https:\/\/gremicafe.cat\/#\/schema\/logo\/image\/","url":"https:\/\/gremicafe.cat\/wp-content\/uploads\/2018\/03\/gremicafe-logo250.png","contentUrl":"https:\/\/gremicafe.cat\/wp-content\/uploads\/2018\/03\/gremicafe-logo250.png","width":250,"height":49,"caption":"Gremi del Caf\u00e8, Torradors de Catalunya"},"image":{"@id":"https:\/\/gremicafe.cat\/#\/schema\/logo\/image\/"},"sameAs":["https:\/\/www.facebook.com\/gremicafecat","https:\/\/x.com\/gremicafecat","https:\/\/www.instagram.com\/gremicafecat\/","https:\/\/www.pinterest.es\/gremicafecat\/","https:\/\/www.youtube.com\/channel\/UCGLo5Y35vLwLvP4FrPZrCrw\/"]},{"@type":"Person","@id":"https:\/\/gremicafe.cat\/#\/schema\/person\/dabfdbb3d0fa36260855a380f94e4733","name":"gremicafe","image":{"@type":"ImageObject","inLanguage":"es","@id":"https:\/\/gremicafe.cat\/#\/schema\/person\/image\/","url":"https:\/\/secure.gravatar.com\/avatar\/e59baa4ca8f6f97576d6375fb6d3c8f0?s=96&d=mm&r=g","contentUrl":"https:\/\/secure.gravatar.com\/avatar\/e59baa4ca8f6f97576d6375fb6d3c8f0?s=96&d=mm&r=g","caption":"gremicafe"}}]}},"_links":{"self":[{"href":"https:\/\/gremicafe.cat\/es\/wp-json\/wp\/v2\/posts\/7919"}],"collection":[{"href":"https:\/\/gremicafe.cat\/es\/wp-json\/wp\/v2\/posts"}],"about":[{"href":"https:\/\/gremicafe.cat\/es\/wp-json\/wp\/v2\/types\/post"}],"author":[{"embeddable":true,"href":"https:\/\/gremicafe.cat\/es\/wp-json\/wp\/v2\/users\/1"}],"replies":[{"embeddable":true,"href":"https:\/\/gremicafe.cat\/es\/wp-json\/wp\/v2\/comments?post=7919"}],"version-history":[{"count":0,"href":"https:\/\/gremicafe.cat\/es\/wp-json\/wp\/v2\/posts\/7919\/revisions"}],"wp:featuredmedia":[{"embeddable":true,"href":"https:\/\/gremicafe.cat\/es\/wp-json\/wp\/v2\/media\/7920"}],"wp:attachment":[{"href":"https:\/\/gremicafe.cat\/es\/wp-json\/wp\/v2\/media?parent=7919"}],"wp:term":[{"taxonomy":"category","embeddable":true,"href":"https:\/\/gremicafe.cat\/es\/wp-json\/wp\/v2\/categories?post=7919"},{"taxonomy":"post_tag","embeddable":true,"href":"https:\/\/gremicafe.cat\/es\/wp-json\/wp\/v2\/tags?post=7919"}],"curies":[{"name":"wp","href":"https:\/\/api.w.org\/{rel}","templated":true}]}}