{"id":7927,"date":"2025-09-25T12:15:28","date_gmt":"2025-09-25T10:15:28","guid":{"rendered":"https:\/\/gremicafe.cat\/?p=7927"},"modified":"2025-09-25T12:55:09","modified_gmt":"2025-09-25T10:55:09","slug":"el-cafe-redueix-el-risc-de-depressio","status":"publish","type":"post","link":"https:\/\/gremicafe.cat\/es\/2025\/09\/25\/el-cafe-redueix-el-risc-de-depressio\/","title":{"rendered":"El caf\u00e9 reduce el riesgo de depresi\u00f3n"},"content":{"rendered":"<p class=\"p1\"><em><b>Las bebidas energ\u00e9ticas pueden desencadenar suicidios, mientras que el caf\u00e9 reduce el riesgo de depresi\u00f3n<\/b><\/em><b><\/b><\/p>\n<p class=\"p1\">Los investigadores de Medscape dicen que <b>el consumo moderado de caf\u00e9 puede reducir el riesgo de suicidio<\/b>, <b>pero las bebidas energ\u00e9ticas, especialmente en altas dosis, pueden aumentarlo.<\/b><\/p>\n<p class=\"p1\">Un metaan\u00e1lisis de m\u00e1s de 1,5 millones de personas encontr\u00f3 que los bebedores de caf\u00e9 ten\u00edan menos probabilidades de intentar suicidio, mientras que incluso una lata de bebida energ\u00e9tica al mes aumentaba el riesgo. Con un uso regular, el riesgo podr\u00eda triplicarse.<\/p>\n<p class=\"p1\">Los cient\u00edficos explican la diferencia por la composici\u00f3n: el caf\u00e9 contiene antioxidantes y favorece el microbioma intestinal, mientras que las bebidas energ\u00e9ticas incluyen taurina, guaran\u00e1, ginseng y grandes cantidades de az\u00facar, todo esto puede alimentar la ansiedad y los cambios de humor.<\/p>\n<p class=\"p1\">Los principales consumidores son varones j\u00f3venes, que ya se consideran un grupo de alto riesgo.<\/p>\n<p class=\"p1\">Los psiquiatras describen el consumo de bebidas energ\u00e9ticas como una \u201cbandera roja\u201d en la atenci\u00f3n al paciente, ya que a menudo se acompa\u00f1a de adicciones, problemas de sue\u00f1o y trastornos alimenticios.<\/p>\n<p class=\"p1\">Los m\u00e9dicos recomiendan preguntar siempre a los pacientes sobre el consumo de bebidas energ\u00e9ticas y considerar las posibles interacciones con medicamentos psiqui\u00e1tricos.<\/p>\n<p class=\"p1\">FUENTE: <a href=\"https:\/\/x.com\/nexta_tv\/status\/1966245363423261145?s=46&amp;t=2wk6jD7wcOXj70l5tIUxMg\" target=\"_blank\" rel=\"noopener\">Nexta_tv<\/a> \u2013 <a href=\"https:\/\/en.nexta.tv\/\" target=\"_blank\" rel=\"noopener\">https:\/\/en.nexta.tv\/<\/a> \u2013<span class=\"Apple-converted-space\">\u00a0 <\/span>The largest Eastern European media.<\/p>\n<p>&nbsp;<\/p>\n<div id=\"attachment_7928\" style=\"width: 1360px\" class=\"wp-caption aligncenter\"><img loading=\"lazy\" decoding=\"async\" aria-describedby=\"caption-attachment-7928\" class=\"size-full wp-image-7928\" src=\"https:\/\/gremicafe.cat\/wp-content\/uploads\/2025\/09\/cafedepre.jpg\" alt=\"\" width=\"1350\" height=\"1080\" srcset=\"https:\/\/gremicafe.cat\/wp-content\/uploads\/2025\/09\/cafedepre.jpg 1350w, https:\/\/gremicafe.cat\/wp-content\/uploads\/2025\/09\/cafedepre-768x614.jpg 768w, https:\/\/gremicafe.cat\/wp-content\/uploads\/2025\/09\/cafedepre-15x12.jpg 15w, https:\/\/gremicafe.cat\/wp-content\/uploads\/2025\/09\/cafedepre-900x720.jpg 900w\" sizes=\"(max-width: 1350px) 100vw, 1350px\" \/><p id=\"caption-attachment-7928\" class=\"wp-caption-text\">El caf\u00e9 reduce el riesgo de depresi\u00f3n. Gremio del Caf\u00e9<\/p><\/div>","protected":false},"excerpt":{"rendered":"<p>Les begudes energ\u00e8tiques poden desencadenar su\u00efcidis, mentre que el caf\u00e8 redueix el risc de depressi\u00f3 Els investigadors de Medscape diuen que el consum moderat de caf\u00e8 pot reduir el risc de su\u00efcidi, per\u00f2 les begudes energ\u00e8tiques, especialment en dosis altes, poden augmentar-lo. Una metaan\u00e0lisi de m\u00e9s d&#8217;1,5 milions de persones va trobar que els bevedors [&hellip;]<\/p>\n","protected":false},"author":1,"featured_media":7928,"comment_status":"closed","ping_status":"open","sticky":false,"template":"","format":"standard","meta":{"_acf_changed":false,"inline_featured_image":false,"footnotes":""},"categories":[1],"tags":[171,97],"class_list":["post-7927","post","type-post","status-publish","format-standard","has-post-thumbnail","hentry","category-noticies","tag-cafe-i-salut","tag-gremi-del-cafe"],"acf":[],"yoast_head":"<!-- This site is optimized with the Yoast SEO plugin v25.5 - https:\/\/yoast.com\/wordpress\/plugins\/seo\/ -->\n<title>El caf\u00e8 redueix el risc de depressi\u00f3 - Gremi del Caf\u00e8, torradors de Catalunya<\/title>\n<meta name=\"description\" content=\"Els investigadors de Medscape diuen que el consum moderat de caf\u00e8 pot reduir el risc de su\u00efcidi, per\u00f2 les begudes energ\u00e8tiques, especialment en dosis altes, poden augmentar-lo\" \/>\n<meta name=\"robots\" content=\"index, follow, max-snippet:-1, max-image-preview:large, max-video-preview:-1\" \/>\n<link rel=\"canonical\" href=\"https:\/\/gremicafe.cat\/es\/2025\/09\/25\/el-cafe-redueix-el-risc-de-depressio\/\" \/>\n<meta property=\"og:locale\" content=\"es_ES\" \/>\n<meta property=\"og:type\" content=\"article\" \/>\n<meta property=\"og:title\" content=\"El caf\u00e8 redueix el risc de depressi\u00f3 - Gremi del Caf\u00e8, torradors de Catalunya\" \/>\n<meta property=\"og:description\" content=\"Els investigadors de Medscape diuen que el consum moderat de caf\u00e8 pot reduir el risc de su\u00efcidi, per\u00f2 les begudes energ\u00e8tiques, especialment en dosis altes, poden augmentar-lo\" \/>\n<meta property=\"og:url\" content=\"https:\/\/gremicafe.cat\/es\/2025\/09\/25\/el-cafe-redueix-el-risc-de-depressio\/\" \/>\n<meta property=\"og:site_name\" content=\"Gremi del Caf\u00e8, torradors de Catalunya\" \/>\n<meta property=\"article:publisher\" content=\"https:\/\/www.facebook.com\/gremicafecat\" \/>\n<meta property=\"article:published_time\" content=\"2025-09-25T10:15:28+00:00\" \/>\n<meta property=\"article:modified_time\" content=\"2025-09-25T10:55:09+00:00\" \/>\n<meta property=\"og:image\" content=\"https:\/\/gremicafe.cat\/wp-content\/uploads\/2025\/09\/cafedepre.jpg\" \/>\n\t<meta property=\"og:image:width\" content=\"1350\" \/>\n\t<meta property=\"og:image:height\" content=\"1080\" \/>\n\t<meta property=\"og:image:type\" content=\"image\/jpeg\" \/>\n<meta name=\"author\" content=\"gremicafe\" \/>\n<meta name=\"twitter:card\" content=\"summary_large_image\" \/>\n<meta name=\"twitter:creator\" content=\"@gremicafecat\" \/>\n<meta name=\"twitter:site\" content=\"@gremicafecat\" \/>\n<meta name=\"twitter:label1\" content=\"Escrito por\" \/>\n\t<meta name=\"twitter:data1\" content=\"gremicafe\" \/>\n\t<meta name=\"twitter:label2\" content=\"Tiempo de lectura\" \/>\n\t<meta name=\"twitter:data2\" content=\"2 minutos\" \/>\n<script type=\"application\/ld+json\" class=\"yoast-schema-graph\">{\"@context\":\"https:\/\/schema.org\",\"@graph\":[{\"@type\":\"Article\",\"@id\":\"https:\/\/gremicafe.cat\/2025\/09\/25\/el-cafe-redueix-el-risc-de-depressio\/#article\",\"isPartOf\":{\"@id\":\"https:\/\/gremicafe.cat\/2025\/09\/25\/el-cafe-redueix-el-risc-de-depressio\/\"},\"author\":{\"name\":\"gremicafe\",\"@id\":\"https:\/\/gremicafe.cat\/#\/schema\/person\/dabfdbb3d0fa36260855a380f94e4733\"},\"headline\":\"El caf\u00e8 redueix el risc de depressi\u00f3\",\"datePublished\":\"2025-09-25T10:15:28+00:00\",\"dateModified\":\"2025-09-25T10:55:09+00:00\",\"mainEntityOfPage\":{\"@id\":\"https:\/\/gremicafe.cat\/2025\/09\/25\/el-cafe-redueix-el-risc-de-depressio\/\"},\"wordCount\":242,\"publisher\":{\"@id\":\"https:\/\/gremicafe.cat\/#organization\"},\"image\":{\"@id\":\"https:\/\/gremicafe.cat\/2025\/09\/25\/el-cafe-redueix-el-risc-de-depressio\/#primaryimage\"},\"thumbnailUrl\":\"https:\/\/gremicafe.cat\/wp-content\/uploads\/2025\/09\/cafedepre.jpg\",\"keywords\":[\"Caf\u00e8 i salut\",\"Gremi del Caf\u00e8\"],\"articleSection\":[\"Not\u00edcies\"],\"inLanguage\":\"es\"},{\"@type\":\"WebPage\",\"@id\":\"https:\/\/gremicafe.cat\/2025\/09\/25\/el-cafe-redueix-el-risc-de-depressio\/\",\"url\":\"https:\/\/gremicafe.cat\/2025\/09\/25\/el-cafe-redueix-el-risc-de-depressio\/\",\"name\":\"El caf\u00e8 redueix el risc de depressi\u00f3 - Gremi del Caf\u00e8, torradors de Catalunya\",\"isPartOf\":{\"@id\":\"https:\/\/gremicafe.cat\/#website\"},\"primaryImageOfPage\":{\"@id\":\"https:\/\/gremicafe.cat\/2025\/09\/25\/el-cafe-redueix-el-risc-de-depressio\/#primaryimage\"},\"image\":{\"@id\":\"https:\/\/gremicafe.cat\/2025\/09\/25\/el-cafe-redueix-el-risc-de-depressio\/#primaryimage\"},\"thumbnailUrl\":\"https:\/\/gremicafe.cat\/wp-content\/uploads\/2025\/09\/cafedepre.jpg\",\"datePublished\":\"2025-09-25T10:15:28+00:00\",\"dateModified\":\"2025-09-25T10:55:09+00:00\",\"description\":\"Els investigadors de Medscape diuen que el consum moderat de caf\u00e8 pot reduir el risc de su\u00efcidi, per\u00f2 les begudes energ\u00e8tiques, especialment en dosis altes, poden augmentar-lo\",\"breadcrumb\":{\"@id\":\"https:\/\/gremicafe.cat\/2025\/09\/25\/el-cafe-redueix-el-risc-de-depressio\/#breadcrumb\"},\"inLanguage\":\"es\",\"potentialAction\":[{\"@type\":\"ReadAction\",\"target\":[\"https:\/\/gremicafe.cat\/2025\/09\/25\/el-cafe-redueix-el-risc-de-depressio\/\"]}]},{\"@type\":\"ImageObject\",\"inLanguage\":\"es\",\"@id\":\"https:\/\/gremicafe.cat\/2025\/09\/25\/el-cafe-redueix-el-risc-de-depressio\/#primaryimage\",\"url\":\"https:\/\/gremicafe.cat\/wp-content\/uploads\/2025\/09\/cafedepre.jpg\",\"contentUrl\":\"https:\/\/gremicafe.cat\/wp-content\/uploads\/2025\/09\/cafedepre.jpg\",\"width\":1350,\"height\":1080,\"caption\":\"El caf\u00e8 redueix el risc de depressi\u00f3. Gremi del Caf\u00e8\"},{\"@type\":\"BreadcrumbList\",\"@id\":\"https:\/\/gremicafe.cat\/2025\/09\/25\/el-cafe-redueix-el-risc-de-depressio\/#breadcrumb\",\"itemListElement\":[{\"@type\":\"ListItem\",\"position\":1,\"name\":\"Inici\",\"item\":\"https:\/\/gremicafe.cat\/\"},{\"@type\":\"ListItem\",\"position\":2,\"name\":\"El caf\u00e8 redueix el risc de depressi\u00f3\"}]},{\"@type\":\"WebSite\",\"@id\":\"https:\/\/gremicafe.cat\/#website\",\"url\":\"https:\/\/gremicafe.cat\/\",\"name\":\"Gremi del Caf\u00e8, torradors de Catalunya\",\"description\":\"Web oficial del gremi de torradors de caf\u00e8 de Catalunya\",\"publisher\":{\"@id\":\"https:\/\/gremicafe.cat\/#organization\"},\"potentialAction\":[{\"@type\":\"SearchAction\",\"target\":{\"@type\":\"EntryPoint\",\"urlTemplate\":\"https:\/\/gremicafe.cat\/?s={search_term_string}\"},\"query-input\":{\"@type\":\"PropertyValueSpecification\",\"valueRequired\":true,\"valueName\":\"search_term_string\"}}],\"inLanguage\":\"es\"},{\"@type\":\"Organization\",\"@id\":\"https:\/\/gremicafe.cat\/#organization\",\"name\":\"Gremi del Caf\u00e8, Torradors de Catalunya\",\"url\":\"https:\/\/gremicafe.cat\/\",\"logo\":{\"@type\":\"ImageObject\",\"inLanguage\":\"es\",\"@id\":\"https:\/\/gremicafe.cat\/#\/schema\/logo\/image\/\",\"url\":\"https:\/\/gremicafe.cat\/wp-content\/uploads\/2018\/03\/gremicafe-logo250.png\",\"contentUrl\":\"https:\/\/gremicafe.cat\/wp-content\/uploads\/2018\/03\/gremicafe-logo250.png\",\"width\":250,\"height\":49,\"caption\":\"Gremi del Caf\u00e8, Torradors de Catalunya\"},\"image\":{\"@id\":\"https:\/\/gremicafe.cat\/#\/schema\/logo\/image\/\"},\"sameAs\":[\"https:\/\/www.facebook.com\/gremicafecat\",\"https:\/\/x.com\/gremicafecat\",\"https:\/\/www.instagram.com\/gremicafecat\/\",\"https:\/\/www.pinterest.es\/gremicafecat\/\",\"https:\/\/www.youtube.com\/channel\/UCGLo5Y35vLwLvP4FrPZrCrw\/\"]},{\"@type\":\"Person\",\"@id\":\"https:\/\/gremicafe.cat\/#\/schema\/person\/dabfdbb3d0fa36260855a380f94e4733\",\"name\":\"gremicafe\",\"image\":{\"@type\":\"ImageObject\",\"inLanguage\":\"es\",\"@id\":\"https:\/\/gremicafe.cat\/#\/schema\/person\/image\/\",\"url\":\"https:\/\/secure.gravatar.com\/avatar\/e59baa4ca8f6f97576d6375fb6d3c8f0?s=96&d=mm&r=g\",\"contentUrl\":\"https:\/\/secure.gravatar.com\/avatar\/e59baa4ca8f6f97576d6375fb6d3c8f0?s=96&d=mm&r=g\",\"caption\":\"gremicafe\"}}]}<\/script>\n<!-- \/ Yoast SEO plugin. -->","yoast_head_json":{"title":"El caf\u00e8 redueix el risc de depressi\u00f3 - Gremi del Caf\u00e8, torradors de Catalunya","description":"Els investigadors de Medscape diuen que el consum moderat de caf\u00e8 pot reduir el risc de su\u00efcidi, per\u00f2 les begudes energ\u00e8tiques, especialment en dosis altes, poden augmentar-lo","robots":{"index":"index","follow":"follow","max-snippet":"max-snippet:-1","max-image-preview":"max-image-preview:large","max-video-preview":"max-video-preview:-1"},"canonical":"https:\/\/gremicafe.cat\/es\/2025\/09\/25\/el-cafe-redueix-el-risc-de-depressio\/","og_locale":"es_ES","og_type":"article","og_title":"El caf\u00e8 redueix el risc de depressi\u00f3 - Gremi del Caf\u00e8, torradors de Catalunya","og_description":"Els investigadors de Medscape diuen que el consum moderat de caf\u00e8 pot reduir el risc de su\u00efcidi, per\u00f2 les begudes energ\u00e8tiques, especialment en dosis altes, poden augmentar-lo","og_url":"https:\/\/gremicafe.cat\/es\/2025\/09\/25\/el-cafe-redueix-el-risc-de-depressio\/","og_site_name":"Gremi del Caf\u00e8, torradors de Catalunya","article_publisher":"https:\/\/www.facebook.com\/gremicafecat","article_published_time":"2025-09-25T10:15:28+00:00","article_modified_time":"2025-09-25T10:55:09+00:00","og_image":[{"width":1350,"height":1080,"url":"https:\/\/gremicafe.cat\/wp-content\/uploads\/2025\/09\/cafedepre.jpg","type":"image\/jpeg"}],"author":"gremicafe","twitter_card":"summary_large_image","twitter_creator":"@gremicafecat","twitter_site":"@gremicafecat","twitter_misc":{"Escrito por":"gremicafe","Tiempo de lectura":"2 minutos"},"schema":{"@context":"https:\/\/schema.org","@graph":[{"@type":"Article","@id":"https:\/\/gremicafe.cat\/2025\/09\/25\/el-cafe-redueix-el-risc-de-depressio\/#article","isPartOf":{"@id":"https:\/\/gremicafe.cat\/2025\/09\/25\/el-cafe-redueix-el-risc-de-depressio\/"},"author":{"name":"gremicafe","@id":"https:\/\/gremicafe.cat\/#\/schema\/person\/dabfdbb3d0fa36260855a380f94e4733"},"headline":"El caf\u00e8 redueix el risc de depressi\u00f3","datePublished":"2025-09-25T10:15:28+00:00","dateModified":"2025-09-25T10:55:09+00:00","mainEntityOfPage":{"@id":"https:\/\/gremicafe.cat\/2025\/09\/25\/el-cafe-redueix-el-risc-de-depressio\/"},"wordCount":242,"publisher":{"@id":"https:\/\/gremicafe.cat\/#organization"},"image":{"@id":"https:\/\/gremicafe.cat\/2025\/09\/25\/el-cafe-redueix-el-risc-de-depressio\/#primaryimage"},"thumbnailUrl":"https:\/\/gremicafe.cat\/wp-content\/uploads\/2025\/09\/cafedepre.jpg","keywords":["Caf\u00e8 i salut","Gremi del Caf\u00e8"],"articleSection":["Not\u00edcies"],"inLanguage":"es"},{"@type":"WebPage","@id":"https:\/\/gremicafe.cat\/2025\/09\/25\/el-cafe-redueix-el-risc-de-depressio\/","url":"https:\/\/gremicafe.cat\/2025\/09\/25\/el-cafe-redueix-el-risc-de-depressio\/","name":"El caf\u00e8 redueix el risc de depressi\u00f3 - Gremi del Caf\u00e8, torradors de Catalunya","isPartOf":{"@id":"https:\/\/gremicafe.cat\/#website"},"primaryImageOfPage":{"@id":"https:\/\/gremicafe.cat\/2025\/09\/25\/el-cafe-redueix-el-risc-de-depressio\/#primaryimage"},"image":{"@id":"https:\/\/gremicafe.cat\/2025\/09\/25\/el-cafe-redueix-el-risc-de-depressio\/#primaryimage"},"thumbnailUrl":"https:\/\/gremicafe.cat\/wp-content\/uploads\/2025\/09\/cafedepre.jpg","datePublished":"2025-09-25T10:15:28+00:00","dateModified":"2025-09-25T10:55:09+00:00","description":"Els investigadors de Medscape diuen que el consum moderat de caf\u00e8 pot reduir el risc de su\u00efcidi, per\u00f2 les begudes energ\u00e8tiques, especialment en dosis altes, poden augmentar-lo","breadcrumb":{"@id":"https:\/\/gremicafe.cat\/2025\/09\/25\/el-cafe-redueix-el-risc-de-depressio\/#breadcrumb"},"inLanguage":"es","potentialAction":[{"@type":"ReadAction","target":["https:\/\/gremicafe.cat\/2025\/09\/25\/el-cafe-redueix-el-risc-de-depressio\/"]}]},{"@type":"ImageObject","inLanguage":"es","@id":"https:\/\/gremicafe.cat\/2025\/09\/25\/el-cafe-redueix-el-risc-de-depressio\/#primaryimage","url":"https:\/\/gremicafe.cat\/wp-content\/uploads\/2025\/09\/cafedepre.jpg","contentUrl":"https:\/\/gremicafe.cat\/wp-content\/uploads\/2025\/09\/cafedepre.jpg","width":1350,"height":1080,"caption":"El caf\u00e8 redueix el risc de depressi\u00f3. Gremi del Caf\u00e8"},{"@type":"BreadcrumbList","@id":"https:\/\/gremicafe.cat\/2025\/09\/25\/el-cafe-redueix-el-risc-de-depressio\/#breadcrumb","itemListElement":[{"@type":"ListItem","position":1,"name":"Inici","item":"https:\/\/gremicafe.cat\/"},{"@type":"ListItem","position":2,"name":"El caf\u00e8 redueix el risc de depressi\u00f3"}]},{"@type":"WebSite","@id":"https:\/\/gremicafe.cat\/#website","url":"https:\/\/gremicafe.cat\/","name":"Gremio del Caf\u00e9, tostadores de Catalu\u00f1a","description":"Web oficial del gremio de tostadores de caf\u00e9 de Catalunya","publisher":{"@id":"https:\/\/gremicafe.cat\/#organization"},"potentialAction":[{"@type":"SearchAction","target":{"@type":"EntryPoint","urlTemplate":"https:\/\/gremicafe.cat\/?s={search_term_string}"},"query-input":{"@type":"PropertyValueSpecification","valueRequired":true,"valueName":"search_term_string"}}],"inLanguage":"es"},{"@type":"Organization","@id":"https:\/\/gremicafe.cat\/#organization","name":"Gremio del Caf\u00e9, Tostadores de Catalu\u00f1a","url":"https:\/\/gremicafe.cat\/","logo":{"@type":"ImageObject","inLanguage":"es","@id":"https:\/\/gremicafe.cat\/#\/schema\/logo\/image\/","url":"https:\/\/gremicafe.cat\/wp-content\/uploads\/2018\/03\/gremicafe-logo250.png","contentUrl":"https:\/\/gremicafe.cat\/wp-content\/uploads\/2018\/03\/gremicafe-logo250.png","width":250,"height":49,"caption":"Gremi del Caf\u00e8, Torradors de Catalunya"},"image":{"@id":"https:\/\/gremicafe.cat\/#\/schema\/logo\/image\/"},"sameAs":["https:\/\/www.facebook.com\/gremicafecat","https:\/\/x.com\/gremicafecat","https:\/\/www.instagram.com\/gremicafecat\/","https:\/\/www.pinterest.es\/gremicafecat\/","https:\/\/www.youtube.com\/channel\/UCGLo5Y35vLwLvP4FrPZrCrw\/"]},{"@type":"Person","@id":"https:\/\/gremicafe.cat\/#\/schema\/person\/dabfdbb3d0fa36260855a380f94e4733","name":"gremicafe","image":{"@type":"ImageObject","inLanguage":"es","@id":"https:\/\/gremicafe.cat\/#\/schema\/person\/image\/","url":"https:\/\/secure.gravatar.com\/avatar\/e59baa4ca8f6f97576d6375fb6d3c8f0?s=96&d=mm&r=g","contentUrl":"https:\/\/secure.gravatar.com\/avatar\/e59baa4ca8f6f97576d6375fb6d3c8f0?s=96&d=mm&r=g","caption":"gremicafe"}}]}},"_links":{"self":[{"href":"https:\/\/gremicafe.cat\/es\/wp-json\/wp\/v2\/posts\/7927"}],"collection":[{"href":"https:\/\/gremicafe.cat\/es\/wp-json\/wp\/v2\/posts"}],"about":[{"href":"https:\/\/gremicafe.cat\/es\/wp-json\/wp\/v2\/types\/post"}],"author":[{"embeddable":true,"href":"https:\/\/gremicafe.cat\/es\/wp-json\/wp\/v2\/users\/1"}],"replies":[{"embeddable":true,"href":"https:\/\/gremicafe.cat\/es\/wp-json\/wp\/v2\/comments?post=7927"}],"version-history":[{"count":0,"href":"https:\/\/gremicafe.cat\/es\/wp-json\/wp\/v2\/posts\/7927\/revisions"}],"wp:featuredmedia":[{"embeddable":true,"href":"https:\/\/gremicafe.cat\/es\/wp-json\/wp\/v2\/media\/7928"}],"wp:attachment":[{"href":"https:\/\/gremicafe.cat\/es\/wp-json\/wp\/v2\/media?parent=7927"}],"wp:term":[{"taxonomy":"category","embeddable":true,"href":"https:\/\/gremicafe.cat\/es\/wp-json\/wp\/v2\/categories?post=7927"},{"taxonomy":"post_tag","embeddable":true,"href":"https:\/\/gremicafe.cat\/es\/wp-json\/wp\/v2\/tags?post=7927"}],"curies":[{"name":"wp","href":"https:\/\/api.w.org\/{rel}","templated":true}]}}