{"id":7930,"date":"2025-10-01T12:52:59","date_gmt":"2025-10-01T10:52:59","guid":{"rendered":"https:\/\/gremicafe.cat\/?p=7930"},"modified":"2025-09-25T12:54:24","modified_gmt":"2025-09-25T10:54:24","slug":"els-bevedors-de-cafe-tenen-un-microbioma-intestinal-mes-divers","status":"publish","type":"post","link":"https:\/\/gremicafe.cat\/es\/2025\/10\/01\/els-bevedors-de-cafe-tenen-un-microbioma-intestinal-mes-divers\/","title":{"rendered":"&quot;Los bebedores de caf\u00e9 tienen un microbioma intestinal m\u00e1s diverso&quot;"},"content":{"rendered":"<p class=\"p1\"><em><strong>Un h\u00e1bito diario puede marcar la diferencia en tu bienestar digestivo y cardiovascular, de acuerdo con nuevas investigaciones cient\u00edficas<\/strong><\/em><\/p>\n<p class=\"p1\">El epidemi\u00f3logo brit\u00e1nico <b>Tim Spector<\/b> explic\u00f3 en una entrevista concedida a <a href=\"https:\/\/www.telegraph.co.uk\/health-fitness\/diet\/gut-health\/tim-spector-coffee-health\/\" target=\"_blank\" rel=\"noopener\"><b>The Telegraph<\/b><\/a> que el caf\u00e9 ofrece m\u00faltiples beneficios para la salud.<\/p>\n<p class=\"p1\"><i>&quot;Los bebedores de caf\u00e9 tienen un microbioma intestinal m\u00e1s diverso que los no bebedores de caf\u00e9&quot;<\/i><i><\/i><\/p>\n<p class=\"p1\">Record\u00f3 que, en la d\u00e9cada de 1980, esta bebida se asociaba a riesgos cardiovasculares, una idea hoy descartada por la investigaci\u00f3n cient\u00edfica. Estudios recientes demuestran que quienes consumen caf\u00e9 tienen un 15% menos de riesgo de padecer enfermedades del coraz\u00f3n. Tanto la variedad descafeinada como la tradicional aportan compuestos beneficiosos para el organismo.<\/p>\n<p class=\"p1\"><a href=\"https:\/\/www.elconfidencial.com\/alma-corazon-vida\/2025-09-17\/tim-spector-experto-microbiota-intestinal-cafe_4210691\/\" target=\"_blank\" rel=\"noopener\">Lee la noticia en EL CONFIDENCIAL<\/a><\/p>\n<div id=\"attachment_7931\" style=\"width: 1360px\" class=\"wp-caption aligncenter\"><img loading=\"lazy\" decoding=\"async\" aria-describedby=\"caption-attachment-7931\" class=\"size-full wp-image-7931\" src=\"https:\/\/gremicafe.cat\/wp-content\/uploads\/2025\/09\/cafe-microbioma.jpg\" alt=\"\" width=\"1350\" height=\"1080\" srcset=\"https:\/\/gremicafe.cat\/wp-content\/uploads\/2025\/09\/cafe-microbioma.jpg 1350w, https:\/\/gremicafe.cat\/wp-content\/uploads\/2025\/09\/cafe-microbioma-768x614.jpg 768w, https:\/\/gremicafe.cat\/wp-content\/uploads\/2025\/09\/cafe-microbioma-15x12.jpg 15w, https:\/\/gremicafe.cat\/wp-content\/uploads\/2025\/09\/cafe-microbioma-900x720.jpg 900w\" sizes=\"(max-width: 1350px) 100vw, 1350px\" \/><p id=\"caption-attachment-7931\" class=\"wp-caption-text\">Los bebedores de caf\u00e9 tienen un microbioma intestinal m\u00e1s diverso. Gremio del Caf\u00e9<\/p><\/div>","protected":false},"excerpt":{"rendered":"<p>Un h\u00e0bit diari pot marcar la difer\u00e8ncia en el teu benestar digestiu i cardiovascular, d&#8217;acord amb noves recerques cient\u00edfiques L&#8217;epidemi\u00f2leg brit\u00e0nic Tim Spector va explicar en una entrevista concedida a The Telegraph que el caf\u00e8 ofereix m\u00faltiples beneficis per a la salut. &#8220;Els bevedors de caf\u00e8 tenen un microbioma intestinal m\u00e9s divers que els no [&hellip;]<\/p>\n","protected":false},"author":1,"featured_media":7931,"comment_status":"closed","ping_status":"open","sticky":false,"template":"","format":"standard","meta":{"_acf_changed":false,"inline_featured_image":false,"footnotes":""},"categories":[1,81],"tags":[172,171,166],"class_list":["post-7930","post","type-post","status-publish","format-standard","has-post-thumbnail","hentry","category-noticies","category-novetats","tag-cafe-i-estudis","tag-cafe-i-salut","tag-estudiants"],"acf":[],"yoast_head":"<!-- This site is optimized with the Yoast SEO plugin v25.5 - https:\/\/yoast.com\/wordpress\/plugins\/seo\/ -->\n<title>&quot;Els bevedors de caf\u00e8 tenen un microbioma intestinal m\u00e9s divers&quot; - Gremi del Caf\u00e8, torradors de Catalunya<\/title>\n<meta name=\"description\" content=\"Un h\u00e0bit diari pot marcar la difer\u00e8ncia en el teu benestar digestiu i cardiovascular, d&#039;acord amb noves recerques cient\u00edfiques\" \/>\n<meta name=\"robots\" content=\"index, follow, max-snippet:-1, max-image-preview:large, max-video-preview:-1\" \/>\n<link rel=\"canonical\" href=\"https:\/\/gremicafe.cat\/es\/2025\/10\/01\/els-bevedors-de-cafe-tenen-un-microbioma-intestinal-mes-divers\/\" \/>\n<meta property=\"og:locale\" content=\"es_ES\" \/>\n<meta property=\"og:type\" content=\"article\" \/>\n<meta property=\"og:title\" content=\"&quot;Els bevedors de caf\u00e8 tenen un microbioma intestinal m\u00e9s divers&quot; - Gremi del Caf\u00e8, torradors de Catalunya\" \/>\n<meta property=\"og:description\" content=\"Un h\u00e0bit diari pot marcar la difer\u00e8ncia en el teu benestar digestiu i cardiovascular, d&#039;acord amb noves recerques cient\u00edfiques\" \/>\n<meta property=\"og:url\" content=\"https:\/\/gremicafe.cat\/es\/2025\/10\/01\/els-bevedors-de-cafe-tenen-un-microbioma-intestinal-mes-divers\/\" \/>\n<meta property=\"og:site_name\" content=\"Gremi del Caf\u00e8, torradors de Catalunya\" \/>\n<meta property=\"article:publisher\" content=\"https:\/\/www.facebook.com\/gremicafecat\" \/>\n<meta property=\"article:published_time\" content=\"2025-10-01T10:52:59+00:00\" \/>\n<meta property=\"og:image\" content=\"https:\/\/gremicafe.cat\/wp-content\/uploads\/2025\/09\/cafe-microbioma.jpg\" \/>\n\t<meta property=\"og:image:width\" content=\"1350\" \/>\n\t<meta property=\"og:image:height\" content=\"1080\" \/>\n\t<meta property=\"og:image:type\" content=\"image\/jpeg\" \/>\n<meta name=\"author\" content=\"gremicafe\" \/>\n<meta name=\"twitter:card\" content=\"summary_large_image\" \/>\n<meta name=\"twitter:creator\" content=\"@gremicafecat\" \/>\n<meta name=\"twitter:site\" content=\"@gremicafecat\" \/>\n<meta name=\"twitter:label1\" content=\"Escrito por\" \/>\n\t<meta name=\"twitter:data1\" content=\"gremicafe\" \/>\n\t<meta name=\"twitter:label2\" content=\"Tiempo de lectura\" \/>\n\t<meta name=\"twitter:data2\" content=\"2 minutos\" \/>\n<script type=\"application\/ld+json\" class=\"yoast-schema-graph\">{\"@context\":\"https:\/\/schema.org\",\"@graph\":[{\"@type\":\"Article\",\"@id\":\"https:\/\/gremicafe.cat\/2025\/10\/01\/els-bevedors-de-cafe-tenen-un-microbioma-intestinal-mes-divers\/#article\",\"isPartOf\":{\"@id\":\"https:\/\/gremicafe.cat\/2025\/10\/01\/els-bevedors-de-cafe-tenen-un-microbioma-intestinal-mes-divers\/\"},\"author\":{\"name\":\"gremicafe\",\"@id\":\"https:\/\/gremicafe.cat\/#\/schema\/person\/dabfdbb3d0fa36260855a380f94e4733\"},\"headline\":\"&#8220;Els bevedors de caf\u00e8 tenen un microbioma intestinal m\u00e9s divers&#8221;\",\"datePublished\":\"2025-10-01T10:52:59+00:00\",\"mainEntityOfPage\":{\"@id\":\"https:\/\/gremicafe.cat\/2025\/10\/01\/els-bevedors-de-cafe-tenen-un-microbioma-intestinal-mes-divers\/\"},\"wordCount\":159,\"publisher\":{\"@id\":\"https:\/\/gremicafe.cat\/#organization\"},\"image\":{\"@id\":\"https:\/\/gremicafe.cat\/2025\/10\/01\/els-bevedors-de-cafe-tenen-un-microbioma-intestinal-mes-divers\/#primaryimage\"},\"thumbnailUrl\":\"https:\/\/gremicafe.cat\/wp-content\/uploads\/2025\/09\/cafe-microbioma.jpg\",\"keywords\":[\"Caf\u00e8 i estudis\",\"Caf\u00e8 i salut\",\"estudiants\"],\"articleSection\":[\"Not\u00edcies\",\"Novetats\"],\"inLanguage\":\"es\"},{\"@type\":\"WebPage\",\"@id\":\"https:\/\/gremicafe.cat\/2025\/10\/01\/els-bevedors-de-cafe-tenen-un-microbioma-intestinal-mes-divers\/\",\"url\":\"https:\/\/gremicafe.cat\/2025\/10\/01\/els-bevedors-de-cafe-tenen-un-microbioma-intestinal-mes-divers\/\",\"name\":\"\\\"Els bevedors de caf\u00e8 tenen un microbioma intestinal m\u00e9s divers\\\" - Gremi del Caf\u00e8, torradors de Catalunya\",\"isPartOf\":{\"@id\":\"https:\/\/gremicafe.cat\/#website\"},\"primaryImageOfPage\":{\"@id\":\"https:\/\/gremicafe.cat\/2025\/10\/01\/els-bevedors-de-cafe-tenen-un-microbioma-intestinal-mes-divers\/#primaryimage\"},\"image\":{\"@id\":\"https:\/\/gremicafe.cat\/2025\/10\/01\/els-bevedors-de-cafe-tenen-un-microbioma-intestinal-mes-divers\/#primaryimage\"},\"thumbnailUrl\":\"https:\/\/gremicafe.cat\/wp-content\/uploads\/2025\/09\/cafe-microbioma.jpg\",\"datePublished\":\"2025-10-01T10:52:59+00:00\",\"description\":\"Un h\u00e0bit diari pot marcar la difer\u00e8ncia en el teu benestar digestiu i cardiovascular, d'acord amb noves recerques cient\u00edfiques\",\"breadcrumb\":{\"@id\":\"https:\/\/gremicafe.cat\/2025\/10\/01\/els-bevedors-de-cafe-tenen-un-microbioma-intestinal-mes-divers\/#breadcrumb\"},\"inLanguage\":\"es\",\"potentialAction\":[{\"@type\":\"ReadAction\",\"target\":[\"https:\/\/gremicafe.cat\/2025\/10\/01\/els-bevedors-de-cafe-tenen-un-microbioma-intestinal-mes-divers\/\"]}]},{\"@type\":\"ImageObject\",\"inLanguage\":\"es\",\"@id\":\"https:\/\/gremicafe.cat\/2025\/10\/01\/els-bevedors-de-cafe-tenen-un-microbioma-intestinal-mes-divers\/#primaryimage\",\"url\":\"https:\/\/gremicafe.cat\/wp-content\/uploads\/2025\/09\/cafe-microbioma.jpg\",\"contentUrl\":\"https:\/\/gremicafe.cat\/wp-content\/uploads\/2025\/09\/cafe-microbioma.jpg\",\"width\":1350,\"height\":1080,\"caption\":\"Els bevedors de caf\u00e8 tenen un microbioma intestinal m\u00e9s divers. Gremi del Caf\u00e8\"},{\"@type\":\"BreadcrumbList\",\"@id\":\"https:\/\/gremicafe.cat\/2025\/10\/01\/els-bevedors-de-cafe-tenen-un-microbioma-intestinal-mes-divers\/#breadcrumb\",\"itemListElement\":[{\"@type\":\"ListItem\",\"position\":1,\"name\":\"Inici\",\"item\":\"https:\/\/gremicafe.cat\/\"},{\"@type\":\"ListItem\",\"position\":2,\"name\":\"&#8220;Els bevedors de caf\u00e8 tenen un microbioma intestinal m\u00e9s divers&#8221;\"}]},{\"@type\":\"WebSite\",\"@id\":\"https:\/\/gremicafe.cat\/#website\",\"url\":\"https:\/\/gremicafe.cat\/\",\"name\":\"Gremi del Caf\u00e8, torradors de Catalunya\",\"description\":\"Web oficial del gremi de torradors de caf\u00e8 de Catalunya\",\"publisher\":{\"@id\":\"https:\/\/gremicafe.cat\/#organization\"},\"potentialAction\":[{\"@type\":\"SearchAction\",\"target\":{\"@type\":\"EntryPoint\",\"urlTemplate\":\"https:\/\/gremicafe.cat\/?s={search_term_string}\"},\"query-input\":{\"@type\":\"PropertyValueSpecification\",\"valueRequired\":true,\"valueName\":\"search_term_string\"}}],\"inLanguage\":\"es\"},{\"@type\":\"Organization\",\"@id\":\"https:\/\/gremicafe.cat\/#organization\",\"name\":\"Gremi del Caf\u00e8, Torradors de Catalunya\",\"url\":\"https:\/\/gremicafe.cat\/\",\"logo\":{\"@type\":\"ImageObject\",\"inLanguage\":\"es\",\"@id\":\"https:\/\/gremicafe.cat\/#\/schema\/logo\/image\/\",\"url\":\"https:\/\/gremicafe.cat\/wp-content\/uploads\/2018\/03\/gremicafe-logo250.png\",\"contentUrl\":\"https:\/\/gremicafe.cat\/wp-content\/uploads\/2018\/03\/gremicafe-logo250.png\",\"width\":250,\"height\":49,\"caption\":\"Gremi del Caf\u00e8, Torradors de Catalunya\"},\"image\":{\"@id\":\"https:\/\/gremicafe.cat\/#\/schema\/logo\/image\/\"},\"sameAs\":[\"https:\/\/www.facebook.com\/gremicafecat\",\"https:\/\/x.com\/gremicafecat\",\"https:\/\/www.instagram.com\/gremicafecat\/\",\"https:\/\/www.pinterest.es\/gremicafecat\/\",\"https:\/\/www.youtube.com\/channel\/UCGLo5Y35vLwLvP4FrPZrCrw\/\"]},{\"@type\":\"Person\",\"@id\":\"https:\/\/gremicafe.cat\/#\/schema\/person\/dabfdbb3d0fa36260855a380f94e4733\",\"name\":\"gremicafe\",\"image\":{\"@type\":\"ImageObject\",\"inLanguage\":\"es\",\"@id\":\"https:\/\/gremicafe.cat\/#\/schema\/person\/image\/\",\"url\":\"https:\/\/secure.gravatar.com\/avatar\/e59baa4ca8f6f97576d6375fb6d3c8f0?s=96&d=mm&r=g\",\"contentUrl\":\"https:\/\/secure.gravatar.com\/avatar\/e59baa4ca8f6f97576d6375fb6d3c8f0?s=96&d=mm&r=g\",\"caption\":\"gremicafe\"}}]}<\/script>\n<!-- \/ Yoast SEO plugin. -->","yoast_head_json":{"title":"\"Els bevedors de caf\u00e8 tenen un microbioma intestinal m\u00e9s divers\" - Gremi del Caf\u00e8, torradors de Catalunya","description":"Un h\u00e0bit diari pot marcar la difer\u00e8ncia en el teu benestar digestiu i cardiovascular, d'acord amb noves recerques cient\u00edfiques","robots":{"index":"index","follow":"follow","max-snippet":"max-snippet:-1","max-image-preview":"max-image-preview:large","max-video-preview":"max-video-preview:-1"},"canonical":"https:\/\/gremicafe.cat\/es\/2025\/10\/01\/els-bevedors-de-cafe-tenen-un-microbioma-intestinal-mes-divers\/","og_locale":"es_ES","og_type":"article","og_title":"\"Els bevedors de caf\u00e8 tenen un microbioma intestinal m\u00e9s divers\" - Gremi del Caf\u00e8, torradors de Catalunya","og_description":"Un h\u00e0bit diari pot marcar la difer\u00e8ncia en el teu benestar digestiu i cardiovascular, d'acord amb noves recerques cient\u00edfiques","og_url":"https:\/\/gremicafe.cat\/es\/2025\/10\/01\/els-bevedors-de-cafe-tenen-un-microbioma-intestinal-mes-divers\/","og_site_name":"Gremi del Caf\u00e8, torradors de Catalunya","article_publisher":"https:\/\/www.facebook.com\/gremicafecat","article_published_time":"2025-10-01T10:52:59+00:00","og_image":[{"width":1350,"height":1080,"url":"https:\/\/gremicafe.cat\/wp-content\/uploads\/2025\/09\/cafe-microbioma.jpg","type":"image\/jpeg"}],"author":"gremicafe","twitter_card":"summary_large_image","twitter_creator":"@gremicafecat","twitter_site":"@gremicafecat","twitter_misc":{"Escrito por":"gremicafe","Tiempo de lectura":"2 minutos"},"schema":{"@context":"https:\/\/schema.org","@graph":[{"@type":"Article","@id":"https:\/\/gremicafe.cat\/2025\/10\/01\/els-bevedors-de-cafe-tenen-un-microbioma-intestinal-mes-divers\/#article","isPartOf":{"@id":"https:\/\/gremicafe.cat\/2025\/10\/01\/els-bevedors-de-cafe-tenen-un-microbioma-intestinal-mes-divers\/"},"author":{"name":"gremicafe","@id":"https:\/\/gremicafe.cat\/#\/schema\/person\/dabfdbb3d0fa36260855a380f94e4733"},"headline":"&#8220;Els bevedors de caf\u00e8 tenen un microbioma intestinal m\u00e9s divers&#8221;","datePublished":"2025-10-01T10:52:59+00:00","mainEntityOfPage":{"@id":"https:\/\/gremicafe.cat\/2025\/10\/01\/els-bevedors-de-cafe-tenen-un-microbioma-intestinal-mes-divers\/"},"wordCount":159,"publisher":{"@id":"https:\/\/gremicafe.cat\/#organization"},"image":{"@id":"https:\/\/gremicafe.cat\/2025\/10\/01\/els-bevedors-de-cafe-tenen-un-microbioma-intestinal-mes-divers\/#primaryimage"},"thumbnailUrl":"https:\/\/gremicafe.cat\/wp-content\/uploads\/2025\/09\/cafe-microbioma.jpg","keywords":["Caf\u00e8 i estudis","Caf\u00e8 i salut","estudiants"],"articleSection":["Not\u00edcies","Novetats"],"inLanguage":"es"},{"@type":"WebPage","@id":"https:\/\/gremicafe.cat\/2025\/10\/01\/els-bevedors-de-cafe-tenen-un-microbioma-intestinal-mes-divers\/","url":"https:\/\/gremicafe.cat\/2025\/10\/01\/els-bevedors-de-cafe-tenen-un-microbioma-intestinal-mes-divers\/","name":"\"Els bevedors de caf\u00e8 tenen un microbioma intestinal m\u00e9s divers\" - Gremi del Caf\u00e8, torradors de Catalunya","isPartOf":{"@id":"https:\/\/gremicafe.cat\/#website"},"primaryImageOfPage":{"@id":"https:\/\/gremicafe.cat\/2025\/10\/01\/els-bevedors-de-cafe-tenen-un-microbioma-intestinal-mes-divers\/#primaryimage"},"image":{"@id":"https:\/\/gremicafe.cat\/2025\/10\/01\/els-bevedors-de-cafe-tenen-un-microbioma-intestinal-mes-divers\/#primaryimage"},"thumbnailUrl":"https:\/\/gremicafe.cat\/wp-content\/uploads\/2025\/09\/cafe-microbioma.jpg","datePublished":"2025-10-01T10:52:59+00:00","description":"Un h\u00e0bit diari pot marcar la difer\u00e8ncia en el teu benestar digestiu i cardiovascular, d'acord amb noves recerques cient\u00edfiques","breadcrumb":{"@id":"https:\/\/gremicafe.cat\/2025\/10\/01\/els-bevedors-de-cafe-tenen-un-microbioma-intestinal-mes-divers\/#breadcrumb"},"inLanguage":"es","potentialAction":[{"@type":"ReadAction","target":["https:\/\/gremicafe.cat\/2025\/10\/01\/els-bevedors-de-cafe-tenen-un-microbioma-intestinal-mes-divers\/"]}]},{"@type":"ImageObject","inLanguage":"es","@id":"https:\/\/gremicafe.cat\/2025\/10\/01\/els-bevedors-de-cafe-tenen-un-microbioma-intestinal-mes-divers\/#primaryimage","url":"https:\/\/gremicafe.cat\/wp-content\/uploads\/2025\/09\/cafe-microbioma.jpg","contentUrl":"https:\/\/gremicafe.cat\/wp-content\/uploads\/2025\/09\/cafe-microbioma.jpg","width":1350,"height":1080,"caption":"Els bevedors de caf\u00e8 tenen un microbioma intestinal m\u00e9s divers. Gremi del Caf\u00e8"},{"@type":"BreadcrumbList","@id":"https:\/\/gremicafe.cat\/2025\/10\/01\/els-bevedors-de-cafe-tenen-un-microbioma-intestinal-mes-divers\/#breadcrumb","itemListElement":[{"@type":"ListItem","position":1,"name":"Inici","item":"https:\/\/gremicafe.cat\/"},{"@type":"ListItem","position":2,"name":"&#8220;Els bevedors de caf\u00e8 tenen un microbioma intestinal m\u00e9s divers&#8221;"}]},{"@type":"WebSite","@id":"https:\/\/gremicafe.cat\/#website","url":"https:\/\/gremicafe.cat\/","name":"Gremio del Caf\u00e9, tostadores de Catalu\u00f1a","description":"Web oficial del gremio de tostadores de caf\u00e9 de Catalunya","publisher":{"@id":"https:\/\/gremicafe.cat\/#organization"},"potentialAction":[{"@type":"SearchAction","target":{"@type":"EntryPoint","urlTemplate":"https:\/\/gremicafe.cat\/?s={search_term_string}"},"query-input":{"@type":"PropertyValueSpecification","valueRequired":true,"valueName":"search_term_string"}}],"inLanguage":"es"},{"@type":"Organization","@id":"https:\/\/gremicafe.cat\/#organization","name":"Gremio del Caf\u00e9, Tostadores de Catalu\u00f1a","url":"https:\/\/gremicafe.cat\/","logo":{"@type":"ImageObject","inLanguage":"es","@id":"https:\/\/gremicafe.cat\/#\/schema\/logo\/image\/","url":"https:\/\/gremicafe.cat\/wp-content\/uploads\/2018\/03\/gremicafe-logo250.png","contentUrl":"https:\/\/gremicafe.cat\/wp-content\/uploads\/2018\/03\/gremicafe-logo250.png","width":250,"height":49,"caption":"Gremi del Caf\u00e8, Torradors de Catalunya"},"image":{"@id":"https:\/\/gremicafe.cat\/#\/schema\/logo\/image\/"},"sameAs":["https:\/\/www.facebook.com\/gremicafecat","https:\/\/x.com\/gremicafecat","https:\/\/www.instagram.com\/gremicafecat\/","https:\/\/www.pinterest.es\/gremicafecat\/","https:\/\/www.youtube.com\/channel\/UCGLo5Y35vLwLvP4FrPZrCrw\/"]},{"@type":"Person","@id":"https:\/\/gremicafe.cat\/#\/schema\/person\/dabfdbb3d0fa36260855a380f94e4733","name":"gremicafe","image":{"@type":"ImageObject","inLanguage":"es","@id":"https:\/\/gremicafe.cat\/#\/schema\/person\/image\/","url":"https:\/\/secure.gravatar.com\/avatar\/e59baa4ca8f6f97576d6375fb6d3c8f0?s=96&d=mm&r=g","contentUrl":"https:\/\/secure.gravatar.com\/avatar\/e59baa4ca8f6f97576d6375fb6d3c8f0?s=96&d=mm&r=g","caption":"gremicafe"}}]}},"_links":{"self":[{"href":"https:\/\/gremicafe.cat\/es\/wp-json\/wp\/v2\/posts\/7930"}],"collection":[{"href":"https:\/\/gremicafe.cat\/es\/wp-json\/wp\/v2\/posts"}],"about":[{"href":"https:\/\/gremicafe.cat\/es\/wp-json\/wp\/v2\/types\/post"}],"author":[{"embeddable":true,"href":"https:\/\/gremicafe.cat\/es\/wp-json\/wp\/v2\/users\/1"}],"replies":[{"embeddable":true,"href":"https:\/\/gremicafe.cat\/es\/wp-json\/wp\/v2\/comments?post=7930"}],"version-history":[{"count":0,"href":"https:\/\/gremicafe.cat\/es\/wp-json\/wp\/v2\/posts\/7930\/revisions"}],"wp:featuredmedia":[{"embeddable":true,"href":"https:\/\/gremicafe.cat\/es\/wp-json\/wp\/v2\/media\/7931"}],"wp:attachment":[{"href":"https:\/\/gremicafe.cat\/es\/wp-json\/wp\/v2\/media?parent=7930"}],"wp:term":[{"taxonomy":"category","embeddable":true,"href":"https:\/\/gremicafe.cat\/es\/wp-json\/wp\/v2\/categories?post=7930"},{"taxonomy":"post_tag","embeddable":true,"href":"https:\/\/gremicafe.cat\/es\/wp-json\/wp\/v2\/tags?post=7930"}],"curies":[{"name":"wp","href":"https:\/\/api.w.org\/{rel}","templated":true}]}}