{"id":7936,"date":"2025-09-29T09:16:16","date_gmt":"2025-09-29T07:16:16","guid":{"rendered":"https:\/\/gremicafe.cat\/?p=7936"},"modified":"2025-09-29T09:16:16","modified_gmt":"2025-09-29T07:16:16","slug":"brusselles-proposa-un-nou-ajornament-de-les-normes-contra-la-desforestacio-eudr-de-la-ue","status":"publish","type":"post","link":"https:\/\/gremicafe.cat\/es\/2025\/09\/29\/brusselles-proposa-un-nou-ajornament-de-les-normes-contra-la-desforestacio-eudr-de-la-ue\/","title":{"rendered":"Bruselas propone un nuevo aplazamiento de las normas contra la deforestaci\u00f3n (EUDR) de la UE"},"content":{"rendered":"<p class=\"p1\"><span class=\"s1\"><i>La Comisaria de Medio Ambiente de la UE, <strong>Jessika Roswall<\/strong>, notific\u00f3 al presidente de la comisi\u00f3n de Medio Ambiente del Parlamento Europeo, Antonio Decaro, ya la presidencia danesa del Consejo de la UE, su intenci\u00f3n de retrasar las normas un a\u00f1o.<\/i><i><\/i><\/span><\/p>\n<p class=\"p1\"><span class=\"s1\">Bruselas, 23 de septiembre de 2025 \u2013 <b>La Comisi\u00f3n Europea est\u00e1 considerando retrasar de nuevo la ley antideforestaci\u00f3n de la Uni\u00f3n Europea (UE), una norma cuya aplicaci\u00f3n se pospuso en 2024 y se retras\u00f3 hasta el pr\u00f3ximo mes de diciembre.<\/b><b><\/b><\/span><\/p>\n<p class=\"p1\"><span class=\"s1\">En una carta a la que ha tenido acceso Euractiv, la Comisaria de Medio Ambiente de la UE, Jessika Roswall, notific\u00f3 al presidente de la comisi\u00f3n de Medio Ambiente del Parlamento Europeo, Antonio Decaro, ya la presidencia danesa del Consejo de la UE, <b>su intenci\u00f3n de retrasar las normas un a\u00f1o<\/b>.<\/span><\/p>\n<p class=\"p1\"><span class=\"s1\"><b>La normativa antideforestaci\u00f3n de la UE (EUDR por sus siglas en ingl\u00e9s) obligar\u00eda a los importadores de aceite de palma, caf\u00e9, cacao, ganado, madera y caucho a demostrar que no se han producido en tierras deforestadas para poder venderlos en el mercado del bloque europeo.<\/b><b><\/b><\/span><\/p>\n<p class=\"p1\"><span class=\"s1\">En este sentido, Roswall se\u00f1al\u00f3 su preocupaci\u00f3n por el funcionamiento de <b>la plataforma inform\u00e1tica que gestiona los datos de cumplimiento, que podr\u00eda crear &quot;incertidumbre para las autoridades y dificultades operativas para las partes interesadas&quot;<\/b>, seg\u00fan asegur\u00f3.<\/span><\/p>\n<p class=\"p1\"><span class=\"s1\"><b>\u201cA la vista de ello, la Comisi\u00f3n considera un aplazamiento de un a\u00f1o de la entrada en vigor del EUDR, actualmente prevista para el 30 de diciembre de 2025\u201d<\/b>, a\u00f1adi\u00f3 el alta funcionaria.<\/span><\/p>\n<p class=\"p1\"><span class=\"s1\">En su intervenci\u00f3n en el Consejo este martes por la ma\u00f1ana, la comisaria sueca se\u00f1al\u00f3 que iniciar\u00e1 conversaciones con el Parlamento y el Consejo antes de anunciar formalmente un aplazamiento, y <b>dej\u00f3 la puerta abierta a &quot;simplificar&quot; el reglamento m\u00e1s all\u00e1 de la pr\u00f3rroga.<\/b><\/span><\/p>\n<p>&nbsp;<\/p>\n<p class=\"p1\"><span class=\"s1\"><b>Puede ver la noticia entera en: <\/b><\/span><\/p>\n<p class=\"p3\"><a href=\"https:\/\/www.qcom.es\/deforestacion-importada\/periodico-digital-qcom.es-el-punto-de-encuentro-de-la-cadena-agroalimentaria\/la-entrada-en-vigor-de-las-normas-contra-la-deforestacion-importada-volvera-a-retrasarse_73588_0_0_0_1_704635_16851331193424_in.html\" target=\"_blank\" rel=\"noopener\"><span class=\"s2\">https:\/\/www.qcom.es\/deforestacion-importada\/periodico-digital-qcom.es-el-punto-de-encuentro-de-la-cadena-agroalimentaria\/la-entrada-en-vigor-de-las-normas-contra-la-deforestacion-importada-volvera-a-retrasarse_73588_0_0_0_1_704635_16851331193424_in.html<\/span><\/a><\/p>\n<p class=\"p1\"><a href=\"https:\/\/euractiv.es\/news\/eu-set-to-propose-new-delay-to-anti-deforestation-rules\/\" target=\"_blank\" rel=\"noopener\"><span class=\"s1\">https:\/\/euractiv.es\/news\/eu-set-to-propose-new-delay-to-anti-deforestation-rules\/<\/span><\/a><\/p>\n<p class=\"p1\"><a href=\"https:\/\/www.sustainabilityinbusiness.blog\/2025\/09\/european-commission-considers-proposal-for-a-new-one-year-delay-of-the-eu-deforestation-regulation\/\" target=\"_blank\" rel=\"noopener\"><span class=\"s1\">https:\/\/www.sustainabilityinbusiness.blog\/2025\/09\/european-commission-considers-proposal-for-a-new-one-year-delay-of-the-eu-deforestation-regulation\/<\/span><\/a><\/p>\n<p class=\"p1\"><span class=\"s1\"><a href=\"https:\/\/www.europneus.es\/actualidad\/la-ue-planea-volver-a-retrasar-un-ano-mas-el-reglamento-sobre-deforestacion-eudr-que-afecta-al-caucho-para-fabricar-neumaticos\" target=\"_blank\" rel=\"noopener\">https:\/\/www.europneus.es\/actualidad\/la-ue-planea-volver-a-retrasar-un-ano-mas-el-reglamento-sobre-deforestacion-eudr-que-afecta-al-caucho-para-fabricar-neumaticos<\/a>\/<\/span><\/p>\n<p>&nbsp;<\/p>\n<div id=\"attachment_7937\" style=\"width: 1328px\" class=\"wp-caption aligncenter\"><img loading=\"lazy\" decoding=\"async\" aria-describedby=\"caption-attachment-7937\" class=\"size-full wp-image-7937\" src=\"https:\/\/gremicafe.cat\/wp-content\/uploads\/2025\/09\/jessika-roswall-EUDR.jpg\" alt=\"\" width=\"1318\" height=\"960\" srcset=\"https:\/\/gremicafe.cat\/wp-content\/uploads\/2025\/09\/jessika-roswall-EUDR.jpg 1318w, https:\/\/gremicafe.cat\/wp-content\/uploads\/2025\/09\/jessika-roswall-EUDR-768x559.jpg 768w, https:\/\/gremicafe.cat\/wp-content\/uploads\/2025\/09\/jessika-roswall-EUDR-16x12.jpg 16w, https:\/\/gremicafe.cat\/wp-content\/uploads\/2025\/09\/jessika-roswall-EUDR-989x720.jpg 989w\" sizes=\"(max-width: 1318px) 100vw, 1318px\" \/><p id=\"caption-attachment-7937\" class=\"wp-caption-text\">Jessika Roswall<br \/>COMISIONER (2024-2029) | Environment, Water Resilience and Competitive Circular Economy \u00a9 Fotograf\u00eda: European Comission<\/p><\/div>","protected":false},"excerpt":{"rendered":"<p>La Comiss\u00e0ria de Medi Ambient de la UE, Jessika Roswall, va notificar al president de la comissi\u00f3 de Medi Ambient del Parlament Europeu, Antonio Decaro, i a la presid\u00e8ncia danesa del Consell de la UE, la seva intenci\u00f3 d&#8217;endarrerir les normes un any. Brussel\u00b7les, 23 de setembre de 2025 \u2013 La Comissi\u00f3 Europea est\u00e0 considerant [&hellip;]<\/p>\n","protected":false},"author":1,"featured_media":7937,"comment_status":"closed","ping_status":"open","sticky":false,"template":"","format":"standard","meta":{"_acf_changed":false,"inline_featured_image":false,"footnotes":""},"categories":[1],"tags":[173,174],"class_list":["post-7936","post","type-post","status-publish","format-standard","has-post-thumbnail","hentry","category-noticies","tag-eudr","tag-normes-contra-la-desforestacio-eudr"],"acf":[],"yoast_head":"<!-- This site is optimized with the Yoast SEO plugin v25.5 - https:\/\/yoast.com\/wordpress\/plugins\/seo\/ -->\n<title>Brussel\u00b7les proposa un nou ajornament de les normes contra la desforestaci\u00f3 (EUDR) de la UE - Gremi del Caf\u00e8, torradors de Catalunya<\/title>\n<meta name=\"description\" content=\"La Comiss\u00e0ria de Medi Ambient de la UE, Jessika Roswall, va notificar al president de la comissi\u00f3 de Medi Ambient del Parlament Europeu, Antonio Decaro, i a la presid\u00e8ncia danesa del Consell de la UE, la seva intenci\u00f3 d&#039;endarrerir les normes un any.\" \/>\n<meta name=\"robots\" content=\"index, follow, max-snippet:-1, max-image-preview:large, max-video-preview:-1\" \/>\n<link rel=\"canonical\" href=\"https:\/\/gremicafe.cat\/es\/2025\/09\/29\/brusselles-proposa-un-nou-ajornament-de-les-normes-contra-la-desforestacio-eudr-de-la-ue\/\" \/>\n<meta property=\"og:locale\" content=\"es_ES\" \/>\n<meta property=\"og:type\" content=\"article\" \/>\n<meta property=\"og:title\" content=\"Brussel\u00b7les proposa un nou ajornament de les normes contra la desforestaci\u00f3 (EUDR) de la UE - Gremi del Caf\u00e8, torradors de Catalunya\" \/>\n<meta property=\"og:description\" content=\"La Comiss\u00e0ria de Medi Ambient de la UE, Jessika Roswall, va notificar al president de la comissi\u00f3 de Medi Ambient del Parlament Europeu, Antonio Decaro, i a la presid\u00e8ncia danesa del Consell de la UE, la seva intenci\u00f3 d&#039;endarrerir les normes un any.\" \/>\n<meta property=\"og:url\" content=\"https:\/\/gremicafe.cat\/es\/2025\/09\/29\/brusselles-proposa-un-nou-ajornament-de-les-normes-contra-la-desforestacio-eudr-de-la-ue\/\" \/>\n<meta property=\"og:site_name\" content=\"Gremi del Caf\u00e8, torradors de Catalunya\" \/>\n<meta property=\"article:publisher\" content=\"https:\/\/www.facebook.com\/gremicafecat\" \/>\n<meta property=\"article:published_time\" content=\"2025-09-29T07:16:16+00:00\" \/>\n<meta property=\"og:image\" content=\"https:\/\/gremicafe.cat\/wp-content\/uploads\/2025\/09\/jessika-roswall-EUDR.jpg\" \/>\n\t<meta property=\"og:image:width\" content=\"1318\" \/>\n\t<meta property=\"og:image:height\" content=\"960\" \/>\n\t<meta property=\"og:image:type\" content=\"image\/jpeg\" \/>\n<meta name=\"author\" content=\"gremicafe\" \/>\n<meta name=\"twitter:card\" content=\"summary_large_image\" \/>\n<meta name=\"twitter:creator\" content=\"@gremicafecat\" \/>\n<meta name=\"twitter:site\" content=\"@gremicafecat\" \/>\n<meta name=\"twitter:label1\" content=\"Escrito por\" \/>\n\t<meta name=\"twitter:data1\" content=\"gremicafe\" \/>\n\t<meta name=\"twitter:label2\" content=\"Tiempo de lectura\" \/>\n\t<meta name=\"twitter:data2\" content=\"3 minutos\" \/>\n<script type=\"application\/ld+json\" class=\"yoast-schema-graph\">{\"@context\":\"https:\/\/schema.org\",\"@graph\":[{\"@type\":\"Article\",\"@id\":\"https:\/\/gremicafe.cat\/2025\/09\/29\/brusselles-proposa-un-nou-ajornament-de-les-normes-contra-la-desforestacio-eudr-de-la-ue\/#article\",\"isPartOf\":{\"@id\":\"https:\/\/gremicafe.cat\/2025\/09\/29\/brusselles-proposa-un-nou-ajornament-de-les-normes-contra-la-desforestacio-eudr-de-la-ue\/\"},\"author\":{\"name\":\"gremicafe\",\"@id\":\"https:\/\/gremicafe.cat\/#\/schema\/person\/dabfdbb3d0fa36260855a380f94e4733\"},\"headline\":\"Brussel\u00b7les proposa un nou ajornament de les normes contra la desforestaci\u00f3 (EUDR) de la UE\",\"datePublished\":\"2025-09-29T07:16:16+00:00\",\"mainEntityOfPage\":{\"@id\":\"https:\/\/gremicafe.cat\/2025\/09\/29\/brusselles-proposa-un-nou-ajornament-de-les-normes-contra-la-desforestacio-eudr-de-la-ue\/\"},\"wordCount\":371,\"publisher\":{\"@id\":\"https:\/\/gremicafe.cat\/#organization\"},\"image\":{\"@id\":\"https:\/\/gremicafe.cat\/2025\/09\/29\/brusselles-proposa-un-nou-ajornament-de-les-normes-contra-la-desforestacio-eudr-de-la-ue\/#primaryimage\"},\"thumbnailUrl\":\"https:\/\/gremicafe.cat\/wp-content\/uploads\/2025\/09\/jessika-roswall-EUDR.jpg\",\"keywords\":[\"EUDR\",\"normes contra la desforestaci\u00f3 (EUDR)\"],\"articleSection\":[\"Not\u00edcies\"],\"inLanguage\":\"es\"},{\"@type\":\"WebPage\",\"@id\":\"https:\/\/gremicafe.cat\/2025\/09\/29\/brusselles-proposa-un-nou-ajornament-de-les-normes-contra-la-desforestacio-eudr-de-la-ue\/\",\"url\":\"https:\/\/gremicafe.cat\/2025\/09\/29\/brusselles-proposa-un-nou-ajornament-de-les-normes-contra-la-desforestacio-eudr-de-la-ue\/\",\"name\":\"Brussel\u00b7les proposa un nou ajornament de les normes contra la desforestaci\u00f3 (EUDR) de la UE - Gremi del Caf\u00e8, torradors de Catalunya\",\"isPartOf\":{\"@id\":\"https:\/\/gremicafe.cat\/#website\"},\"primaryImageOfPage\":{\"@id\":\"https:\/\/gremicafe.cat\/2025\/09\/29\/brusselles-proposa-un-nou-ajornament-de-les-normes-contra-la-desforestacio-eudr-de-la-ue\/#primaryimage\"},\"image\":{\"@id\":\"https:\/\/gremicafe.cat\/2025\/09\/29\/brusselles-proposa-un-nou-ajornament-de-les-normes-contra-la-desforestacio-eudr-de-la-ue\/#primaryimage\"},\"thumbnailUrl\":\"https:\/\/gremicafe.cat\/wp-content\/uploads\/2025\/09\/jessika-roswall-EUDR.jpg\",\"datePublished\":\"2025-09-29T07:16:16+00:00\",\"description\":\"La Comiss\u00e0ria de Medi Ambient de la UE, Jessika Roswall, va notificar al president de la comissi\u00f3 de Medi Ambient del Parlament Europeu, Antonio Decaro, i a la presid\u00e8ncia danesa del Consell de la UE, la seva intenci\u00f3 d'endarrerir les normes un any.\",\"breadcrumb\":{\"@id\":\"https:\/\/gremicafe.cat\/2025\/09\/29\/brusselles-proposa-un-nou-ajornament-de-les-normes-contra-la-desforestacio-eudr-de-la-ue\/#breadcrumb\"},\"inLanguage\":\"es\",\"potentialAction\":[{\"@type\":\"ReadAction\",\"target\":[\"https:\/\/gremicafe.cat\/2025\/09\/29\/brusselles-proposa-un-nou-ajornament-de-les-normes-contra-la-desforestacio-eudr-de-la-ue\/\"]}]},{\"@type\":\"ImageObject\",\"inLanguage\":\"es\",\"@id\":\"https:\/\/gremicafe.cat\/2025\/09\/29\/brusselles-proposa-un-nou-ajornament-de-les-normes-contra-la-desforestacio-eudr-de-la-ue\/#primaryimage\",\"url\":\"https:\/\/gremicafe.cat\/wp-content\/uploads\/2025\/09\/jessika-roswall-EUDR.jpg\",\"contentUrl\":\"https:\/\/gremicafe.cat\/wp-content\/uploads\/2025\/09\/jessika-roswall-EUDR.jpg\",\"width\":1318,\"height\":960,\"caption\":\"Jessika Roswall COMMISSIONER (2024-2029) | Environment, Water Resilience and a Competitive Circular Economy \u00a9 Fotografia: European Comission\"},{\"@type\":\"BreadcrumbList\",\"@id\":\"https:\/\/gremicafe.cat\/2025\/09\/29\/brusselles-proposa-un-nou-ajornament-de-les-normes-contra-la-desforestacio-eudr-de-la-ue\/#breadcrumb\",\"itemListElement\":[{\"@type\":\"ListItem\",\"position\":1,\"name\":\"Inici\",\"item\":\"https:\/\/gremicafe.cat\/\"},{\"@type\":\"ListItem\",\"position\":2,\"name\":\"Brussel\u00b7les proposa un nou ajornament de les normes contra la desforestaci\u00f3 (EUDR) de la UE\"}]},{\"@type\":\"WebSite\",\"@id\":\"https:\/\/gremicafe.cat\/#website\",\"url\":\"https:\/\/gremicafe.cat\/\",\"name\":\"Gremi del Caf\u00e8, torradors de Catalunya\",\"description\":\"Web oficial del gremi de torradors de caf\u00e8 de Catalunya\",\"publisher\":{\"@id\":\"https:\/\/gremicafe.cat\/#organization\"},\"potentialAction\":[{\"@type\":\"SearchAction\",\"target\":{\"@type\":\"EntryPoint\",\"urlTemplate\":\"https:\/\/gremicafe.cat\/?s={search_term_string}\"},\"query-input\":{\"@type\":\"PropertyValueSpecification\",\"valueRequired\":true,\"valueName\":\"search_term_string\"}}],\"inLanguage\":\"es\"},{\"@type\":\"Organization\",\"@id\":\"https:\/\/gremicafe.cat\/#organization\",\"name\":\"Gremi del Caf\u00e8, Torradors de Catalunya\",\"url\":\"https:\/\/gremicafe.cat\/\",\"logo\":{\"@type\":\"ImageObject\",\"inLanguage\":\"es\",\"@id\":\"https:\/\/gremicafe.cat\/#\/schema\/logo\/image\/\",\"url\":\"https:\/\/gremicafe.cat\/wp-content\/uploads\/2018\/03\/gremicafe-logo250.png\",\"contentUrl\":\"https:\/\/gremicafe.cat\/wp-content\/uploads\/2018\/03\/gremicafe-logo250.png\",\"width\":250,\"height\":49,\"caption\":\"Gremi del Caf\u00e8, Torradors de Catalunya\"},\"image\":{\"@id\":\"https:\/\/gremicafe.cat\/#\/schema\/logo\/image\/\"},\"sameAs\":[\"https:\/\/www.facebook.com\/gremicafecat\",\"https:\/\/x.com\/gremicafecat\",\"https:\/\/www.instagram.com\/gremicafecat\/\",\"https:\/\/www.pinterest.es\/gremicafecat\/\",\"https:\/\/www.youtube.com\/channel\/UCGLo5Y35vLwLvP4FrPZrCrw\/\"]},{\"@type\":\"Person\",\"@id\":\"https:\/\/gremicafe.cat\/#\/schema\/person\/dabfdbb3d0fa36260855a380f94e4733\",\"name\":\"gremicafe\",\"image\":{\"@type\":\"ImageObject\",\"inLanguage\":\"es\",\"@id\":\"https:\/\/gremicafe.cat\/#\/schema\/person\/image\/\",\"url\":\"https:\/\/secure.gravatar.com\/avatar\/e59baa4ca8f6f97576d6375fb6d3c8f0?s=96&d=mm&r=g\",\"contentUrl\":\"https:\/\/secure.gravatar.com\/avatar\/e59baa4ca8f6f97576d6375fb6d3c8f0?s=96&d=mm&r=g\",\"caption\":\"gremicafe\"}}]}<\/script>\n<!-- \/ Yoast SEO plugin. -->","yoast_head_json":{"title":"Brussel\u00b7les proposa un nou ajornament de les normes contra la desforestaci\u00f3 (EUDR) de la UE - Gremi del Caf\u00e8, torradors de Catalunya","description":"La Comiss\u00e0ria de Medi Ambient de la UE, Jessika Roswall, va notificar al president de la comissi\u00f3 de Medi Ambient del Parlament Europeu, Antonio Decaro, i a la presid\u00e8ncia danesa del Consell de la UE, la seva intenci\u00f3 d'endarrerir les normes un any.","robots":{"index":"index","follow":"follow","max-snippet":"max-snippet:-1","max-image-preview":"max-image-preview:large","max-video-preview":"max-video-preview:-1"},"canonical":"https:\/\/gremicafe.cat\/es\/2025\/09\/29\/brusselles-proposa-un-nou-ajornament-de-les-normes-contra-la-desforestacio-eudr-de-la-ue\/","og_locale":"es_ES","og_type":"article","og_title":"Brussel\u00b7les proposa un nou ajornament de les normes contra la desforestaci\u00f3 (EUDR) de la UE - Gremi del Caf\u00e8, torradors de Catalunya","og_description":"La Comiss\u00e0ria de Medi Ambient de la UE, Jessika Roswall, va notificar al president de la comissi\u00f3 de Medi Ambient del Parlament Europeu, Antonio Decaro, i a la presid\u00e8ncia danesa del Consell de la UE, la seva intenci\u00f3 d'endarrerir les normes un any.","og_url":"https:\/\/gremicafe.cat\/es\/2025\/09\/29\/brusselles-proposa-un-nou-ajornament-de-les-normes-contra-la-desforestacio-eudr-de-la-ue\/","og_site_name":"Gremi del Caf\u00e8, torradors de Catalunya","article_publisher":"https:\/\/www.facebook.com\/gremicafecat","article_published_time":"2025-09-29T07:16:16+00:00","og_image":[{"width":1318,"height":960,"url":"https:\/\/gremicafe.cat\/wp-content\/uploads\/2025\/09\/jessika-roswall-EUDR.jpg","type":"image\/jpeg"}],"author":"gremicafe","twitter_card":"summary_large_image","twitter_creator":"@gremicafecat","twitter_site":"@gremicafecat","twitter_misc":{"Escrito por":"gremicafe","Tiempo de lectura":"3 minutos"},"schema":{"@context":"https:\/\/schema.org","@graph":[{"@type":"Article","@id":"https:\/\/gremicafe.cat\/2025\/09\/29\/brusselles-proposa-un-nou-ajornament-de-les-normes-contra-la-desforestacio-eudr-de-la-ue\/#article","isPartOf":{"@id":"https:\/\/gremicafe.cat\/2025\/09\/29\/brusselles-proposa-un-nou-ajornament-de-les-normes-contra-la-desforestacio-eudr-de-la-ue\/"},"author":{"name":"gremicafe","@id":"https:\/\/gremicafe.cat\/#\/schema\/person\/dabfdbb3d0fa36260855a380f94e4733"},"headline":"Brussel\u00b7les proposa un nou ajornament de les normes contra la desforestaci\u00f3 (EUDR) de la UE","datePublished":"2025-09-29T07:16:16+00:00","mainEntityOfPage":{"@id":"https:\/\/gremicafe.cat\/2025\/09\/29\/brusselles-proposa-un-nou-ajornament-de-les-normes-contra-la-desforestacio-eudr-de-la-ue\/"},"wordCount":371,"publisher":{"@id":"https:\/\/gremicafe.cat\/#organization"},"image":{"@id":"https:\/\/gremicafe.cat\/2025\/09\/29\/brusselles-proposa-un-nou-ajornament-de-les-normes-contra-la-desforestacio-eudr-de-la-ue\/#primaryimage"},"thumbnailUrl":"https:\/\/gremicafe.cat\/wp-content\/uploads\/2025\/09\/jessika-roswall-EUDR.jpg","keywords":["EUDR","normes contra la desforestaci\u00f3 (EUDR)"],"articleSection":["Not\u00edcies"],"inLanguage":"es"},{"@type":"WebPage","@id":"https:\/\/gremicafe.cat\/2025\/09\/29\/brusselles-proposa-un-nou-ajornament-de-les-normes-contra-la-desforestacio-eudr-de-la-ue\/","url":"https:\/\/gremicafe.cat\/2025\/09\/29\/brusselles-proposa-un-nou-ajornament-de-les-normes-contra-la-desforestacio-eudr-de-la-ue\/","name":"Brussel\u00b7les proposa un nou ajornament de les normes contra la desforestaci\u00f3 (EUDR) de la UE - Gremi del Caf\u00e8, torradors de Catalunya","isPartOf":{"@id":"https:\/\/gremicafe.cat\/#website"},"primaryImageOfPage":{"@id":"https:\/\/gremicafe.cat\/2025\/09\/29\/brusselles-proposa-un-nou-ajornament-de-les-normes-contra-la-desforestacio-eudr-de-la-ue\/#primaryimage"},"image":{"@id":"https:\/\/gremicafe.cat\/2025\/09\/29\/brusselles-proposa-un-nou-ajornament-de-les-normes-contra-la-desforestacio-eudr-de-la-ue\/#primaryimage"},"thumbnailUrl":"https:\/\/gremicafe.cat\/wp-content\/uploads\/2025\/09\/jessika-roswall-EUDR.jpg","datePublished":"2025-09-29T07:16:16+00:00","description":"La Comiss\u00e0ria de Medi Ambient de la UE, Jessika Roswall, va notificar al president de la comissi\u00f3 de Medi Ambient del Parlament Europeu, Antonio Decaro, i a la presid\u00e8ncia danesa del Consell de la UE, la seva intenci\u00f3 d'endarrerir les normes un any.","breadcrumb":{"@id":"https:\/\/gremicafe.cat\/2025\/09\/29\/brusselles-proposa-un-nou-ajornament-de-les-normes-contra-la-desforestacio-eudr-de-la-ue\/#breadcrumb"},"inLanguage":"es","potentialAction":[{"@type":"ReadAction","target":["https:\/\/gremicafe.cat\/2025\/09\/29\/brusselles-proposa-un-nou-ajornament-de-les-normes-contra-la-desforestacio-eudr-de-la-ue\/"]}]},{"@type":"ImageObject","inLanguage":"es","@id":"https:\/\/gremicafe.cat\/2025\/09\/29\/brusselles-proposa-un-nou-ajornament-de-les-normes-contra-la-desforestacio-eudr-de-la-ue\/#primaryimage","url":"https:\/\/gremicafe.cat\/wp-content\/uploads\/2025\/09\/jessika-roswall-EUDR.jpg","contentUrl":"https:\/\/gremicafe.cat\/wp-content\/uploads\/2025\/09\/jessika-roswall-EUDR.jpg","width":1318,"height":960,"caption":"Jessika Roswall COMMISSIONER (2024-2029) | Environment, Water Resilience and a Competitive Circular Economy \u00a9 Fotografia: European Comission"},{"@type":"BreadcrumbList","@id":"https:\/\/gremicafe.cat\/2025\/09\/29\/brusselles-proposa-un-nou-ajornament-de-les-normes-contra-la-desforestacio-eudr-de-la-ue\/#breadcrumb","itemListElement":[{"@type":"ListItem","position":1,"name":"Inici","item":"https:\/\/gremicafe.cat\/"},{"@type":"ListItem","position":2,"name":"Brussel\u00b7les proposa un nou ajornament de les normes contra la desforestaci\u00f3 (EUDR) de la UE"}]},{"@type":"WebSite","@id":"https:\/\/gremicafe.cat\/#website","url":"https:\/\/gremicafe.cat\/","name":"Gremio del Caf\u00e9, tostadores de Catalu\u00f1a","description":"Web oficial del gremio de tostadores de caf\u00e9 de Catalunya","publisher":{"@id":"https:\/\/gremicafe.cat\/#organization"},"potentialAction":[{"@type":"SearchAction","target":{"@type":"EntryPoint","urlTemplate":"https:\/\/gremicafe.cat\/?s={search_term_string}"},"query-input":{"@type":"PropertyValueSpecification","valueRequired":true,"valueName":"search_term_string"}}],"inLanguage":"es"},{"@type":"Organization","@id":"https:\/\/gremicafe.cat\/#organization","name":"Gremio del Caf\u00e9, Tostadores de Catalu\u00f1a","url":"https:\/\/gremicafe.cat\/","logo":{"@type":"ImageObject","inLanguage":"es","@id":"https:\/\/gremicafe.cat\/#\/schema\/logo\/image\/","url":"https:\/\/gremicafe.cat\/wp-content\/uploads\/2018\/03\/gremicafe-logo250.png","contentUrl":"https:\/\/gremicafe.cat\/wp-content\/uploads\/2018\/03\/gremicafe-logo250.png","width":250,"height":49,"caption":"Gremi del Caf\u00e8, Torradors de Catalunya"},"image":{"@id":"https:\/\/gremicafe.cat\/#\/schema\/logo\/image\/"},"sameAs":["https:\/\/www.facebook.com\/gremicafecat","https:\/\/x.com\/gremicafecat","https:\/\/www.instagram.com\/gremicafecat\/","https:\/\/www.pinterest.es\/gremicafecat\/","https:\/\/www.youtube.com\/channel\/UCGLo5Y35vLwLvP4FrPZrCrw\/"]},{"@type":"Person","@id":"https:\/\/gremicafe.cat\/#\/schema\/person\/dabfdbb3d0fa36260855a380f94e4733","name":"gremicafe","image":{"@type":"ImageObject","inLanguage":"es","@id":"https:\/\/gremicafe.cat\/#\/schema\/person\/image\/","url":"https:\/\/secure.gravatar.com\/avatar\/e59baa4ca8f6f97576d6375fb6d3c8f0?s=96&d=mm&r=g","contentUrl":"https:\/\/secure.gravatar.com\/avatar\/e59baa4ca8f6f97576d6375fb6d3c8f0?s=96&d=mm&r=g","caption":"gremicafe"}}]}},"_links":{"self":[{"href":"https:\/\/gremicafe.cat\/es\/wp-json\/wp\/v2\/posts\/7936"}],"collection":[{"href":"https:\/\/gremicafe.cat\/es\/wp-json\/wp\/v2\/posts"}],"about":[{"href":"https:\/\/gremicafe.cat\/es\/wp-json\/wp\/v2\/types\/post"}],"author":[{"embeddable":true,"href":"https:\/\/gremicafe.cat\/es\/wp-json\/wp\/v2\/users\/1"}],"replies":[{"embeddable":true,"href":"https:\/\/gremicafe.cat\/es\/wp-json\/wp\/v2\/comments?post=7936"}],"version-history":[{"count":0,"href":"https:\/\/gremicafe.cat\/es\/wp-json\/wp\/v2\/posts\/7936\/revisions"}],"wp:featuredmedia":[{"embeddable":true,"href":"https:\/\/gremicafe.cat\/es\/wp-json\/wp\/v2\/media\/7937"}],"wp:attachment":[{"href":"https:\/\/gremicafe.cat\/es\/wp-json\/wp\/v2\/media?parent=7936"}],"wp:term":[{"taxonomy":"category","embeddable":true,"href":"https:\/\/gremicafe.cat\/es\/wp-json\/wp\/v2\/categories?post=7936"},{"taxonomy":"post_tag","embeddable":true,"href":"https:\/\/gremicafe.cat\/es\/wp-json\/wp\/v2\/tags?post=7936"}],"curies":[{"name":"wp","href":"https:\/\/api.w.org\/{rel}","templated":true}]}}