{"id":7941,"date":"2025-10-08T15:11:19","date_gmt":"2025-10-08T13:11:19","guid":{"rendered":"https:\/\/gremicafe.cat\/?p=7941"},"modified":"2025-10-08T15:11:19","modified_gmt":"2025-10-08T13:11:19","slug":"el-cafe-pot-reduir-el-risc-de-gota-i-els-nivells-dacid-uric","status":"publish","type":"post","link":"https:\/\/gremicafe.cat\/es\/2025\/10\/08\/el-cafe-pot-reduir-el-risc-de-gota-i-els-nivells-dacid-uric\/","title":{"rendered":"El caf\u00e9 puede reducir el riesgo de gota y los niveles de \u00e1cido \u00farico"},"content":{"rendered":"<p class=\"p1\"><strong>La gota es una enfermedad dolorosa<\/strong> causada por la acumulaci\u00f3n de vidrios de \u00e1cido \u00farico en las articulaciones. Este \u00e1cido se produce cuando el cuerpo descompone purinas, sustancias presentes en muchos alimentos. Aunque el \u00e1cido \u00farico es un producto normal del metabolismo, su exceso puede generar inflamaci\u00f3n y episodios agudos de dolor. Por eso, conocer los alimentos que m\u00e1s contienen y c\u00f3mo prevenir la gota es fundamental.<\/p>\n<p class=\"p1\">Entre los estudios consultados las conclusiones coinciden en que <strong>el caf\u00e9 puede reducir el riesgo de gota, mientras que el t\u00e9 tiene un impacto neutro<\/strong>.<\/p>\n<p class=\"p1\">Puede consultar todos estos enlaces:<\/p>\n<p class=\"p1\"><a href=\"https:\/\/drbellvert.com\/ca\/blogs\/salut-es-qualitat-de-vida\/alimentos-mas-ricos-en-acido-urico-y-como-prevenir-la-gota\">https:\/\/drbellvert.com\/ca\/blogs\/salut-es-qualitat-de-vida\/alimentos-mas-ricos-en-acido-urico-y-como-prevenir-la-gota<\/a><\/p>\n<p class=\"p1\"><a href=\"https:\/\/cuidateplus.marca.com\/enfermedades\/musculos-y-huesos\/2007\/05\/28\/consumo-cafe-descafeinado-reduce-nivel-acido-urico-14325.html\">https:\/\/cuidateplus.marca.com\/enfermedades\/musculos-y-huesos\/2007\/05\/28\/consumo-cafe-descafeinado-reduce-nivel-acido-urico-14325.html<\/a><\/p>\n<p class=\"p1\"><a href=\"https:\/\/www.nutrygente.com\/acido-urico-recomendaciones-alimentos-gota\/\">https:\/\/www.nutrygente.com\/acido-urico-recomendaciones-alimentos-gota\/<\/a><\/p>\n<p class=\"p1\"><a href=\"https:\/\/espsformacion.com\/malo-cafe-acido-urico\/\">https:\/\/espsformacion.com\/malo-cafe-acido-urico\/<\/a><\/p>\n<p>&nbsp;<\/p>\n<p><img loading=\"lazy\" decoding=\"async\" class=\"aligncenter size-full wp-image-7942\" src=\"https:\/\/gremicafe.cat\/wp-content\/uploads\/2025\/10\/Cafe-Gota-AciUric.jpg\" alt=\"\" width=\"1080\" height=\"1350\" srcset=\"https:\/\/gremicafe.cat\/wp-content\/uploads\/2025\/10\/Cafe-Gota-AciUric.jpg 1080w, https:\/\/gremicafe.cat\/wp-content\/uploads\/2025\/10\/Cafe-Gota-AciUric-768x960.jpg 768w, https:\/\/gremicafe.cat\/wp-content\/uploads\/2025\/10\/Cafe-Gota-AciUric-10x12.jpg 10w, https:\/\/gremicafe.cat\/wp-content\/uploads\/2025\/10\/Cafe-Gota-AciUric-576x720.jpg 576w\" sizes=\"(max-width: 1080px) 100vw, 1080px\" \/><\/p>","protected":false},"excerpt":{"rendered":"<p>La gota \u00e9s una malaltia dolorosa causada per l&#8217;acumulaci\u00f3 de vidres d&#8217;\u00e0cid \u00faric a les articulacions. Aquest \u00e0cid es produeix quan el cos descompon purines, subst\u00e0ncies presents a molts aliments. Tot i que l&#8217;\u00e0cid \u00faric \u00e9s un producte normal del metabolisme, el seu exc\u00e9s pot generar inflamaci\u00f3 i episodis aguts de dolor. Per aix\u00f2, con\u00e8ixer [&hellip;]<\/p>\n","protected":false},"author":1,"featured_media":7942,"comment_status":"closed","ping_status":"open","sticky":false,"template":"","format":"standard","meta":{"_acf_changed":false,"inline_featured_image":false,"footnotes":""},"categories":[1],"tags":[66,172,171,166],"class_list":["post-7941","post","type-post","status-publish","format-standard","has-post-thumbnail","hentry","category-noticies","tag-beneficis-cafe-salut","tag-cafe-i-estudis","tag-cafe-i-salut","tag-estudiants"],"acf":[],"yoast_head":"<!-- This site is optimized with the Yoast SEO plugin v25.5 - https:\/\/yoast.com\/wordpress\/plugins\/seo\/ -->\n<title>El caf\u00e8 pot reduir el risc de gota i els nivells d&#039;\u00e0cid \u00faric - Gremi del Caf\u00e8, torradors de Catalunya<\/title>\n<meta name=\"description\" content=\"Entre els estudis consultats les conclusions coincideixen que el caf\u00e8 pot reduir el risc de gota, mentre que el te t\u00e9 un impacte neutre.\" \/>\n<meta name=\"robots\" content=\"index, follow, max-snippet:-1, max-image-preview:large, max-video-preview:-1\" \/>\n<link rel=\"canonical\" href=\"https:\/\/gremicafe.cat\/es\/2025\/10\/08\/el-cafe-pot-reduir-el-risc-de-gota-i-els-nivells-dacid-uric\/\" \/>\n<meta property=\"og:locale\" content=\"es_ES\" \/>\n<meta property=\"og:type\" content=\"article\" \/>\n<meta property=\"og:title\" content=\"El caf\u00e8 pot reduir el risc de gota i els nivells d&#039;\u00e0cid \u00faric - Gremi del Caf\u00e8, torradors de Catalunya\" \/>\n<meta property=\"og:description\" content=\"Entre els estudis consultats les conclusions coincideixen que el caf\u00e8 pot reduir el risc de gota, mentre que el te t\u00e9 un impacte neutre.\" \/>\n<meta property=\"og:url\" content=\"https:\/\/gremicafe.cat\/es\/2025\/10\/08\/el-cafe-pot-reduir-el-risc-de-gota-i-els-nivells-dacid-uric\/\" \/>\n<meta property=\"og:site_name\" content=\"Gremi del Caf\u00e8, torradors de Catalunya\" \/>\n<meta property=\"article:publisher\" content=\"https:\/\/www.facebook.com\/gremicafecat\" \/>\n<meta property=\"article:published_time\" content=\"2025-10-08T13:11:19+00:00\" \/>\n<meta property=\"og:image\" content=\"https:\/\/gremicafe.cat\/wp-content\/uploads\/2025\/10\/Cafe-Gota-AciUric.jpg\" \/>\n\t<meta property=\"og:image:width\" content=\"1080\" \/>\n\t<meta property=\"og:image:height\" content=\"1350\" \/>\n\t<meta property=\"og:image:type\" content=\"image\/jpeg\" \/>\n<meta name=\"author\" content=\"gremicafe\" \/>\n<meta name=\"twitter:card\" content=\"summary_large_image\" \/>\n<meta name=\"twitter:creator\" content=\"@gremicafecat\" \/>\n<meta name=\"twitter:site\" content=\"@gremicafecat\" \/>\n<meta name=\"twitter:label1\" content=\"Escrito por\" \/>\n\t<meta name=\"twitter:data1\" content=\"gremicafe\" \/>\n\t<meta name=\"twitter:label2\" content=\"Tiempo de lectura\" \/>\n\t<meta name=\"twitter:data2\" content=\"1 minuto\" \/>\n<script type=\"application\/ld+json\" class=\"yoast-schema-graph\">{\"@context\":\"https:\/\/schema.org\",\"@graph\":[{\"@type\":\"Article\",\"@id\":\"https:\/\/gremicafe.cat\/2025\/10\/08\/el-cafe-pot-reduir-el-risc-de-gota-i-els-nivells-dacid-uric\/#article\",\"isPartOf\":{\"@id\":\"https:\/\/gremicafe.cat\/2025\/10\/08\/el-cafe-pot-reduir-el-risc-de-gota-i-els-nivells-dacid-uric\/\"},\"author\":{\"name\":\"gremicafe\",\"@id\":\"https:\/\/gremicafe.cat\/#\/schema\/person\/dabfdbb3d0fa36260855a380f94e4733\"},\"headline\":\"El caf\u00e8 pot reduir el risc de gota i els nivells d&#8217;\u00e0cid \u00faric\",\"datePublished\":\"2025-10-08T13:11:19+00:00\",\"mainEntityOfPage\":{\"@id\":\"https:\/\/gremicafe.cat\/2025\/10\/08\/el-cafe-pot-reduir-el-risc-de-gota-i-els-nivells-dacid-uric\/\"},\"wordCount\":143,\"publisher\":{\"@id\":\"https:\/\/gremicafe.cat\/#organization\"},\"image\":{\"@id\":\"https:\/\/gremicafe.cat\/2025\/10\/08\/el-cafe-pot-reduir-el-risc-de-gota-i-els-nivells-dacid-uric\/#primaryimage\"},\"thumbnailUrl\":\"https:\/\/gremicafe.cat\/wp-content\/uploads\/2025\/10\/Cafe-Gota-AciUric.jpg\",\"keywords\":[\"beneficis cafe salut\",\"Caf\u00e8 i estudis\",\"Caf\u00e8 i salut\",\"estudiants\"],\"articleSection\":[\"Not\u00edcies\"],\"inLanguage\":\"es\"},{\"@type\":\"WebPage\",\"@id\":\"https:\/\/gremicafe.cat\/2025\/10\/08\/el-cafe-pot-reduir-el-risc-de-gota-i-els-nivells-dacid-uric\/\",\"url\":\"https:\/\/gremicafe.cat\/2025\/10\/08\/el-cafe-pot-reduir-el-risc-de-gota-i-els-nivells-dacid-uric\/\",\"name\":\"El caf\u00e8 pot reduir el risc de gota i els nivells d'\u00e0cid \u00faric - Gremi del Caf\u00e8, torradors de Catalunya\",\"isPartOf\":{\"@id\":\"https:\/\/gremicafe.cat\/#website\"},\"primaryImageOfPage\":{\"@id\":\"https:\/\/gremicafe.cat\/2025\/10\/08\/el-cafe-pot-reduir-el-risc-de-gota-i-els-nivells-dacid-uric\/#primaryimage\"},\"image\":{\"@id\":\"https:\/\/gremicafe.cat\/2025\/10\/08\/el-cafe-pot-reduir-el-risc-de-gota-i-els-nivells-dacid-uric\/#primaryimage\"},\"thumbnailUrl\":\"https:\/\/gremicafe.cat\/wp-content\/uploads\/2025\/10\/Cafe-Gota-AciUric.jpg\",\"datePublished\":\"2025-10-08T13:11:19+00:00\",\"description\":\"Entre els estudis consultats les conclusions coincideixen que el caf\u00e8 pot reduir el risc de gota, mentre que el te t\u00e9 un impacte neutre.\",\"breadcrumb\":{\"@id\":\"https:\/\/gremicafe.cat\/2025\/10\/08\/el-cafe-pot-reduir-el-risc-de-gota-i-els-nivells-dacid-uric\/#breadcrumb\"},\"inLanguage\":\"es\",\"potentialAction\":[{\"@type\":\"ReadAction\",\"target\":[\"https:\/\/gremicafe.cat\/2025\/10\/08\/el-cafe-pot-reduir-el-risc-de-gota-i-els-nivells-dacid-uric\/\"]}]},{\"@type\":\"ImageObject\",\"inLanguage\":\"es\",\"@id\":\"https:\/\/gremicafe.cat\/2025\/10\/08\/el-cafe-pot-reduir-el-risc-de-gota-i-els-nivells-dacid-uric\/#primaryimage\",\"url\":\"https:\/\/gremicafe.cat\/wp-content\/uploads\/2025\/10\/Cafe-Gota-AciUric.jpg\",\"contentUrl\":\"https:\/\/gremicafe.cat\/wp-content\/uploads\/2025\/10\/Cafe-Gota-AciUric.jpg\",\"width\":1080,\"height\":1350},{\"@type\":\"BreadcrumbList\",\"@id\":\"https:\/\/gremicafe.cat\/2025\/10\/08\/el-cafe-pot-reduir-el-risc-de-gota-i-els-nivells-dacid-uric\/#breadcrumb\",\"itemListElement\":[{\"@type\":\"ListItem\",\"position\":1,\"name\":\"Inici\",\"item\":\"https:\/\/gremicafe.cat\/\"},{\"@type\":\"ListItem\",\"position\":2,\"name\":\"El caf\u00e8 pot reduir el risc de gota i els nivells d&#8217;\u00e0cid \u00faric\"}]},{\"@type\":\"WebSite\",\"@id\":\"https:\/\/gremicafe.cat\/#website\",\"url\":\"https:\/\/gremicafe.cat\/\",\"name\":\"Gremi del Caf\u00e8, torradors de Catalunya\",\"description\":\"Web oficial del gremi de torradors de caf\u00e8 de Catalunya\",\"publisher\":{\"@id\":\"https:\/\/gremicafe.cat\/#organization\"},\"potentialAction\":[{\"@type\":\"SearchAction\",\"target\":{\"@type\":\"EntryPoint\",\"urlTemplate\":\"https:\/\/gremicafe.cat\/?s={search_term_string}\"},\"query-input\":{\"@type\":\"PropertyValueSpecification\",\"valueRequired\":true,\"valueName\":\"search_term_string\"}}],\"inLanguage\":\"es\"},{\"@type\":\"Organization\",\"@id\":\"https:\/\/gremicafe.cat\/#organization\",\"name\":\"Gremi del Caf\u00e8, Torradors de Catalunya\",\"url\":\"https:\/\/gremicafe.cat\/\",\"logo\":{\"@type\":\"ImageObject\",\"inLanguage\":\"es\",\"@id\":\"https:\/\/gremicafe.cat\/#\/schema\/logo\/image\/\",\"url\":\"https:\/\/gremicafe.cat\/wp-content\/uploads\/2018\/03\/gremicafe-logo250.png\",\"contentUrl\":\"https:\/\/gremicafe.cat\/wp-content\/uploads\/2018\/03\/gremicafe-logo250.png\",\"width\":250,\"height\":49,\"caption\":\"Gremi del Caf\u00e8, Torradors de Catalunya\"},\"image\":{\"@id\":\"https:\/\/gremicafe.cat\/#\/schema\/logo\/image\/\"},\"sameAs\":[\"https:\/\/www.facebook.com\/gremicafecat\",\"https:\/\/x.com\/gremicafecat\",\"https:\/\/www.instagram.com\/gremicafecat\/\",\"https:\/\/www.pinterest.es\/gremicafecat\/\",\"https:\/\/www.youtube.com\/channel\/UCGLo5Y35vLwLvP4FrPZrCrw\/\"]},{\"@type\":\"Person\",\"@id\":\"https:\/\/gremicafe.cat\/#\/schema\/person\/dabfdbb3d0fa36260855a380f94e4733\",\"name\":\"gremicafe\",\"image\":{\"@type\":\"ImageObject\",\"inLanguage\":\"es\",\"@id\":\"https:\/\/gremicafe.cat\/#\/schema\/person\/image\/\",\"url\":\"https:\/\/secure.gravatar.com\/avatar\/e59baa4ca8f6f97576d6375fb6d3c8f0?s=96&d=mm&r=g\",\"contentUrl\":\"https:\/\/secure.gravatar.com\/avatar\/e59baa4ca8f6f97576d6375fb6d3c8f0?s=96&d=mm&r=g\",\"caption\":\"gremicafe\"}}]}<\/script>\n<!-- \/ Yoast SEO plugin. -->","yoast_head_json":{"title":"El caf\u00e8 pot reduir el risc de gota i els nivells d'\u00e0cid \u00faric - Gremi del Caf\u00e8, torradors de Catalunya","description":"Entre els estudis consultats les conclusions coincideixen que el caf\u00e8 pot reduir el risc de gota, mentre que el te t\u00e9 un impacte neutre.","robots":{"index":"index","follow":"follow","max-snippet":"max-snippet:-1","max-image-preview":"max-image-preview:large","max-video-preview":"max-video-preview:-1"},"canonical":"https:\/\/gremicafe.cat\/es\/2025\/10\/08\/el-cafe-pot-reduir-el-risc-de-gota-i-els-nivells-dacid-uric\/","og_locale":"es_ES","og_type":"article","og_title":"El caf\u00e8 pot reduir el risc de gota i els nivells d'\u00e0cid \u00faric - Gremi del Caf\u00e8, torradors de Catalunya","og_description":"Entre els estudis consultats les conclusions coincideixen que el caf\u00e8 pot reduir el risc de gota, mentre que el te t\u00e9 un impacte neutre.","og_url":"https:\/\/gremicafe.cat\/es\/2025\/10\/08\/el-cafe-pot-reduir-el-risc-de-gota-i-els-nivells-dacid-uric\/","og_site_name":"Gremi del Caf\u00e8, torradors de Catalunya","article_publisher":"https:\/\/www.facebook.com\/gremicafecat","article_published_time":"2025-10-08T13:11:19+00:00","og_image":[{"width":1080,"height":1350,"url":"https:\/\/gremicafe.cat\/wp-content\/uploads\/2025\/10\/Cafe-Gota-AciUric.jpg","type":"image\/jpeg"}],"author":"gremicafe","twitter_card":"summary_large_image","twitter_creator":"@gremicafecat","twitter_site":"@gremicafecat","twitter_misc":{"Escrito por":"gremicafe","Tiempo de lectura":"1 minuto"},"schema":{"@context":"https:\/\/schema.org","@graph":[{"@type":"Article","@id":"https:\/\/gremicafe.cat\/2025\/10\/08\/el-cafe-pot-reduir-el-risc-de-gota-i-els-nivells-dacid-uric\/#article","isPartOf":{"@id":"https:\/\/gremicafe.cat\/2025\/10\/08\/el-cafe-pot-reduir-el-risc-de-gota-i-els-nivells-dacid-uric\/"},"author":{"name":"gremicafe","@id":"https:\/\/gremicafe.cat\/#\/schema\/person\/dabfdbb3d0fa36260855a380f94e4733"},"headline":"El caf\u00e8 pot reduir el risc de gota i els nivells d&#8217;\u00e0cid \u00faric","datePublished":"2025-10-08T13:11:19+00:00","mainEntityOfPage":{"@id":"https:\/\/gremicafe.cat\/2025\/10\/08\/el-cafe-pot-reduir-el-risc-de-gota-i-els-nivells-dacid-uric\/"},"wordCount":143,"publisher":{"@id":"https:\/\/gremicafe.cat\/#organization"},"image":{"@id":"https:\/\/gremicafe.cat\/2025\/10\/08\/el-cafe-pot-reduir-el-risc-de-gota-i-els-nivells-dacid-uric\/#primaryimage"},"thumbnailUrl":"https:\/\/gremicafe.cat\/wp-content\/uploads\/2025\/10\/Cafe-Gota-AciUric.jpg","keywords":["beneficis cafe salut","Caf\u00e8 i estudis","Caf\u00e8 i salut","estudiants"],"articleSection":["Not\u00edcies"],"inLanguage":"es"},{"@type":"WebPage","@id":"https:\/\/gremicafe.cat\/2025\/10\/08\/el-cafe-pot-reduir-el-risc-de-gota-i-els-nivells-dacid-uric\/","url":"https:\/\/gremicafe.cat\/2025\/10\/08\/el-cafe-pot-reduir-el-risc-de-gota-i-els-nivells-dacid-uric\/","name":"El caf\u00e8 pot reduir el risc de gota i els nivells d'\u00e0cid \u00faric - Gremi del Caf\u00e8, torradors de Catalunya","isPartOf":{"@id":"https:\/\/gremicafe.cat\/#website"},"primaryImageOfPage":{"@id":"https:\/\/gremicafe.cat\/2025\/10\/08\/el-cafe-pot-reduir-el-risc-de-gota-i-els-nivells-dacid-uric\/#primaryimage"},"image":{"@id":"https:\/\/gremicafe.cat\/2025\/10\/08\/el-cafe-pot-reduir-el-risc-de-gota-i-els-nivells-dacid-uric\/#primaryimage"},"thumbnailUrl":"https:\/\/gremicafe.cat\/wp-content\/uploads\/2025\/10\/Cafe-Gota-AciUric.jpg","datePublished":"2025-10-08T13:11:19+00:00","description":"Entre els estudis consultats les conclusions coincideixen que el caf\u00e8 pot reduir el risc de gota, mentre que el te t\u00e9 un impacte neutre.","breadcrumb":{"@id":"https:\/\/gremicafe.cat\/2025\/10\/08\/el-cafe-pot-reduir-el-risc-de-gota-i-els-nivells-dacid-uric\/#breadcrumb"},"inLanguage":"es","potentialAction":[{"@type":"ReadAction","target":["https:\/\/gremicafe.cat\/2025\/10\/08\/el-cafe-pot-reduir-el-risc-de-gota-i-els-nivells-dacid-uric\/"]}]},{"@type":"ImageObject","inLanguage":"es","@id":"https:\/\/gremicafe.cat\/2025\/10\/08\/el-cafe-pot-reduir-el-risc-de-gota-i-els-nivells-dacid-uric\/#primaryimage","url":"https:\/\/gremicafe.cat\/wp-content\/uploads\/2025\/10\/Cafe-Gota-AciUric.jpg","contentUrl":"https:\/\/gremicafe.cat\/wp-content\/uploads\/2025\/10\/Cafe-Gota-AciUric.jpg","width":1080,"height":1350},{"@type":"BreadcrumbList","@id":"https:\/\/gremicafe.cat\/2025\/10\/08\/el-cafe-pot-reduir-el-risc-de-gota-i-els-nivells-dacid-uric\/#breadcrumb","itemListElement":[{"@type":"ListItem","position":1,"name":"Inici","item":"https:\/\/gremicafe.cat\/"},{"@type":"ListItem","position":2,"name":"El caf\u00e8 pot reduir el risc de gota i els nivells d&#8217;\u00e0cid \u00faric"}]},{"@type":"WebSite","@id":"https:\/\/gremicafe.cat\/#website","url":"https:\/\/gremicafe.cat\/","name":"Gremio del Caf\u00e9, tostadores de Catalu\u00f1a","description":"Web oficial del gremio de tostadores de caf\u00e9 de Catalunya","publisher":{"@id":"https:\/\/gremicafe.cat\/#organization"},"potentialAction":[{"@type":"SearchAction","target":{"@type":"EntryPoint","urlTemplate":"https:\/\/gremicafe.cat\/?s={search_term_string}"},"query-input":{"@type":"PropertyValueSpecification","valueRequired":true,"valueName":"search_term_string"}}],"inLanguage":"es"},{"@type":"Organization","@id":"https:\/\/gremicafe.cat\/#organization","name":"Gremio del Caf\u00e9, Tostadores de Catalu\u00f1a","url":"https:\/\/gremicafe.cat\/","logo":{"@type":"ImageObject","inLanguage":"es","@id":"https:\/\/gremicafe.cat\/#\/schema\/logo\/image\/","url":"https:\/\/gremicafe.cat\/wp-content\/uploads\/2018\/03\/gremicafe-logo250.png","contentUrl":"https:\/\/gremicafe.cat\/wp-content\/uploads\/2018\/03\/gremicafe-logo250.png","width":250,"height":49,"caption":"Gremi del Caf\u00e8, Torradors de Catalunya"},"image":{"@id":"https:\/\/gremicafe.cat\/#\/schema\/logo\/image\/"},"sameAs":["https:\/\/www.facebook.com\/gremicafecat","https:\/\/x.com\/gremicafecat","https:\/\/www.instagram.com\/gremicafecat\/","https:\/\/www.pinterest.es\/gremicafecat\/","https:\/\/www.youtube.com\/channel\/UCGLo5Y35vLwLvP4FrPZrCrw\/"]},{"@type":"Person","@id":"https:\/\/gremicafe.cat\/#\/schema\/person\/dabfdbb3d0fa36260855a380f94e4733","name":"gremicafe","image":{"@type":"ImageObject","inLanguage":"es","@id":"https:\/\/gremicafe.cat\/#\/schema\/person\/image\/","url":"https:\/\/secure.gravatar.com\/avatar\/e59baa4ca8f6f97576d6375fb6d3c8f0?s=96&d=mm&r=g","contentUrl":"https:\/\/secure.gravatar.com\/avatar\/e59baa4ca8f6f97576d6375fb6d3c8f0?s=96&d=mm&r=g","caption":"gremicafe"}}]}},"_links":{"self":[{"href":"https:\/\/gremicafe.cat\/es\/wp-json\/wp\/v2\/posts\/7941"}],"collection":[{"href":"https:\/\/gremicafe.cat\/es\/wp-json\/wp\/v2\/posts"}],"about":[{"href":"https:\/\/gremicafe.cat\/es\/wp-json\/wp\/v2\/types\/post"}],"author":[{"embeddable":true,"href":"https:\/\/gremicafe.cat\/es\/wp-json\/wp\/v2\/users\/1"}],"replies":[{"embeddable":true,"href":"https:\/\/gremicafe.cat\/es\/wp-json\/wp\/v2\/comments?post=7941"}],"version-history":[{"count":0,"href":"https:\/\/gremicafe.cat\/es\/wp-json\/wp\/v2\/posts\/7941\/revisions"}],"wp:featuredmedia":[{"embeddable":true,"href":"https:\/\/gremicafe.cat\/es\/wp-json\/wp\/v2\/media\/7942"}],"wp:attachment":[{"href":"https:\/\/gremicafe.cat\/es\/wp-json\/wp\/v2\/media?parent=7941"}],"wp:term":[{"taxonomy":"category","embeddable":true,"href":"https:\/\/gremicafe.cat\/es\/wp-json\/wp\/v2\/categories?post=7941"},{"taxonomy":"post_tag","embeddable":true,"href":"https:\/\/gremicafe.cat\/es\/wp-json\/wp\/v2\/tags?post=7941"}],"curies":[{"name":"wp","href":"https:\/\/api.w.org\/{rel}","templated":true}]}}