{"id":7965,"date":"2025-10-14T18:20:26","date_gmt":"2025-10-14T16:20:26","guid":{"rendered":"https:\/\/gremicafe.cat\/?p=7965"},"modified":"2025-10-14T18:20:26","modified_gmt":"2025-10-14T16:20:26","slug":"cafe-enfront-deteriorament-cognitiu","status":"publish","type":"post","link":"https:\/\/gremicafe.cat\/es\/2025\/10\/14\/cafe-enfront-deteriorament-cognitiu\/","title":{"rendered":"El vino tinto, el cacao o el caf\u00e9 protegen frente al deterioro cognitivo"},"content":{"rendered":"<h3 class=\"p2\"><strong><em><span class=\"s1\">El cacao, el caf\u00e9 o el vino tinto son ricos en polifenoles y tienen efectos antioxidantes y antiinflamatorios<\/span><\/em><\/strong><\/h3>\n<p class=\"p2\"><span class=\"s1\">El Consejo Catal\u00e1n de Medios Audiovisuales publicaba un art\u00edculo titulado &#039;<a href=\"https:\/\/www.3cat.cat\/3catinfo\/aliments-com-cacau-cafe-i-vi-negre-redueixen-el-risc-de-deteriorament-cognitiu\/noticia\/3134795\/\" target=\"_blank\" rel=\"noopener\"><i>Alimentos como cacao, caf\u00e9 y vino tinto reducen el riesgo de deterioro cognitivo<\/i><\/a>&#039;\u201d, una dieta rica en varios alimentos de origen vegetal, entre los que\u00a0<b>est\u00e1n el cacao, el caf\u00e9, el vino tinto y las manzanas,<\/b>\u00a0<b>reduce el riesgo de deterioro cognitivo<\/b>\u00a0<b>en personas mayores<\/b>. <\/span><\/p>\n<p class=\"p2\"><span class=\"s1\">En cambio, el total de alcohol consumido y los edulcorantes artificiales aumentan su riesgo. \u00c9sta es la conclusi\u00f3n de un estudio del Grupo de Investigaci\u00f3n de Biomarcadores y Metabol\u00f3mica Nutricional de los Alimentos de la Facultad de Farmacia y Ciencias de la Alimentaci\u00f3n de la Universidad de Barcelona (UB) y del Centro de Investigaci\u00f3n Biom\u00e9dica en Red de Fragilidad y Envejecimiento (CIBERFES)\u201d.<\/span><\/p>\n<p class=\"p2\"><a href=\"https:\/\/cupatges.elnacional.cat\/saber-ne\/7270-el-vi-negre-cacau-cafe-protegeixen-enfront-deteriorament-cognitiu\" target=\"_blank\" rel=\"noopener\"><span class=\"s1\">Lea la noticia en la revista CUPATGES<\/span><\/a><\/p>\n<p>&nbsp;<\/p>\n<div id=\"attachment_7966\" style=\"width: 1090px\" class=\"wp-caption aligncenter\"><img loading=\"lazy\" decoding=\"async\" aria-describedby=\"caption-attachment-7966\" class=\"size-full wp-image-7966\" src=\"https:\/\/gremicafe.cat\/wp-content\/uploads\/2025\/10\/GremiCafeCatalunya-CafeSeniors.jpg\" alt=\"Gremi Caf\u00e8 Catalunya\" width=\"1080\" height=\"1350\" srcset=\"https:\/\/gremicafe.cat\/wp-content\/uploads\/2025\/10\/GremiCafeCatalunya-CafeSeniors.jpg 1080w, https:\/\/gremicafe.cat\/wp-content\/uploads\/2025\/10\/GremiCafeCatalunya-CafeSeniors-768x960.jpg 768w, https:\/\/gremicafe.cat\/wp-content\/uploads\/2025\/10\/GremiCafeCatalunya-CafeSeniors-10x12.jpg 10w, https:\/\/gremicafe.cat\/wp-content\/uploads\/2025\/10\/GremiCafeCatalunya-CafeSeniors-576x720.jpg 576w\" sizes=\"(max-width: 1080px) 100vw, 1080px\" \/><p id=\"caption-attachment-7966\" class=\"wp-caption-text\">El caf\u00e9 protege frente al deterioro cognitivo<\/p><\/div>\n<p class=\"p2\">","protected":false},"excerpt":{"rendered":"<p>El cacau, el caf\u00e8 o el vi negre s\u00f3n rics en polifenols i tenen efectes antioxidants i antiinflamatoris El Consell Catal\u00e0 de Mitjans Audiovisuals publicava un article titulat &#8216;Aliments com cacau, caf\u00e8 i vi negre redueixen el risc de deteriorament cognitiu&#8216;&#8221;, una dieta rica en diversos aliments d&#8217;origen vegetal, entre els quals\u00a0hi ha el cacau, [&hellip;]<\/p>\n","protected":false},"author":1,"featured_media":7966,"comment_status":"closed","ping_status":"open","sticky":false,"template":"","format":"standard","meta":{"_acf_changed":false,"inline_featured_image":false,"footnotes":""},"categories":[1],"tags":[171,175],"class_list":["post-7965","post","type-post","status-publish","format-standard","has-post-thumbnail","hentry","category-noticies","tag-cafe-i-salut","tag-deteriorament-cognitiu"],"acf":[],"yoast_head":"<!-- This site is optimized with the Yoast SEO plugin v25.5 - https:\/\/yoast.com\/wordpress\/plugins\/seo\/ -->\n<title>El vi negre, el cacau o el caf\u00e8 protegeixen enfront del deteriorament cognitiu - Gremi del Caf\u00e8, torradors de Catalunya<\/title>\n<meta name=\"description\" content=\"El Consell Catal\u00e0 de Mitjans Audiovisuals publicava un article titulat &#039;Aliments com cacau, caf\u00e8 i vi negre redueixen el risc de deteriorament cognitiu&#039;&quot;, una dieta rica en diversos aliments d&#039;origen vegetal, entre els quals\u00a0hi ha el cacau, el caf\u00e8, el vi negre i les pomes,\u00a0redueix el risc de deteriorament cognitiu\u00a0en persones grans.\" \/>\n<meta name=\"robots\" content=\"index, follow, max-snippet:-1, max-image-preview:large, max-video-preview:-1\" \/>\n<link rel=\"canonical\" href=\"https:\/\/gremicafe.cat\/es\/2025\/10\/14\/cafe-enfront-deteriorament-cognitiu\/\" \/>\n<meta property=\"og:locale\" content=\"es_ES\" \/>\n<meta property=\"og:type\" content=\"article\" \/>\n<meta property=\"og:title\" content=\"El vi negre, el cacau o el caf\u00e8 protegeixen enfront del deteriorament cognitiu - Gremi del Caf\u00e8, torradors de Catalunya\" \/>\n<meta property=\"og:description\" content=\"El Consell Catal\u00e0 de Mitjans Audiovisuals publicava un article titulat &#039;Aliments com cacau, caf\u00e8 i vi negre redueixen el risc de deteriorament cognitiu&#039;&quot;, una dieta rica en diversos aliments d&#039;origen vegetal, entre els quals\u00a0hi ha el cacau, el caf\u00e8, el vi negre i les pomes,\u00a0redueix el risc de deteriorament cognitiu\u00a0en persones grans.\" \/>\n<meta property=\"og:url\" content=\"https:\/\/gremicafe.cat\/es\/2025\/10\/14\/cafe-enfront-deteriorament-cognitiu\/\" \/>\n<meta property=\"og:site_name\" content=\"Gremi del Caf\u00e8, torradors de Catalunya\" \/>\n<meta property=\"article:publisher\" content=\"https:\/\/www.facebook.com\/gremicafecat\" \/>\n<meta property=\"article:published_time\" content=\"2025-10-14T16:20:26+00:00\" \/>\n<meta property=\"og:image\" content=\"https:\/\/gremicafe.cat\/wp-content\/uploads\/2025\/10\/GremiCafeCatalunya-CafeSeniors.jpg\" \/>\n\t<meta property=\"og:image:width\" content=\"1080\" \/>\n\t<meta property=\"og:image:height\" content=\"1350\" \/>\n\t<meta property=\"og:image:type\" content=\"image\/jpeg\" \/>\n<meta name=\"author\" content=\"gremicafe\" \/>\n<meta name=\"twitter:card\" content=\"summary_large_image\" \/>\n<meta name=\"twitter:creator\" content=\"@gremicafecat\" \/>\n<meta name=\"twitter:site\" content=\"@gremicafecat\" \/>\n<meta name=\"twitter:label1\" content=\"Escrito por\" \/>\n\t<meta name=\"twitter:data1\" content=\"gremicafe\" \/>\n\t<meta name=\"twitter:label2\" content=\"Tiempo de lectura\" \/>\n\t<meta name=\"twitter:data2\" content=\"2 minutos\" \/>\n<script type=\"application\/ld+json\" class=\"yoast-schema-graph\">{\"@context\":\"https:\/\/schema.org\",\"@graph\":[{\"@type\":\"Article\",\"@id\":\"https:\/\/gremicafe.cat\/2025\/10\/14\/cafe-enfront-deteriorament-cognitiu\/#article\",\"isPartOf\":{\"@id\":\"https:\/\/gremicafe.cat\/2025\/10\/14\/cafe-enfront-deteriorament-cognitiu\/\"},\"author\":{\"name\":\"gremicafe\",\"@id\":\"https:\/\/gremicafe.cat\/#\/schema\/person\/dabfdbb3d0fa36260855a380f94e4733\"},\"headline\":\"El vi negre, el cacau o el caf\u00e8 protegeixen enfront del deteriorament cognitiu\",\"datePublished\":\"2025-10-14T16:20:26+00:00\",\"mainEntityOfPage\":{\"@id\":\"https:\/\/gremicafe.cat\/2025\/10\/14\/cafe-enfront-deteriorament-cognitiu\/\"},\"wordCount\":174,\"publisher\":{\"@id\":\"https:\/\/gremicafe.cat\/#organization\"},\"image\":{\"@id\":\"https:\/\/gremicafe.cat\/2025\/10\/14\/cafe-enfront-deteriorament-cognitiu\/#primaryimage\"},\"thumbnailUrl\":\"https:\/\/gremicafe.cat\/wp-content\/uploads\/2025\/10\/GremiCafeCatalunya-CafeSeniors.jpg\",\"keywords\":[\"Caf\u00e8 i salut\",\"Deteriorament cognitiu\"],\"articleSection\":[\"Not\u00edcies\"],\"inLanguage\":\"es\"},{\"@type\":\"WebPage\",\"@id\":\"https:\/\/gremicafe.cat\/2025\/10\/14\/cafe-enfront-deteriorament-cognitiu\/\",\"url\":\"https:\/\/gremicafe.cat\/2025\/10\/14\/cafe-enfront-deteriorament-cognitiu\/\",\"name\":\"El vi negre, el cacau o el caf\u00e8 protegeixen enfront del deteriorament cognitiu - Gremi del Caf\u00e8, torradors de Catalunya\",\"isPartOf\":{\"@id\":\"https:\/\/gremicafe.cat\/#website\"},\"primaryImageOfPage\":{\"@id\":\"https:\/\/gremicafe.cat\/2025\/10\/14\/cafe-enfront-deteriorament-cognitiu\/#primaryimage\"},\"image\":{\"@id\":\"https:\/\/gremicafe.cat\/2025\/10\/14\/cafe-enfront-deteriorament-cognitiu\/#primaryimage\"},\"thumbnailUrl\":\"https:\/\/gremicafe.cat\/wp-content\/uploads\/2025\/10\/GremiCafeCatalunya-CafeSeniors.jpg\",\"datePublished\":\"2025-10-14T16:20:26+00:00\",\"description\":\"El Consell Catal\u00e0 de Mitjans Audiovisuals publicava un article titulat 'Aliments com cacau, caf\u00e8 i vi negre redueixen el risc de deteriorament cognitiu'\\\", una dieta rica en diversos aliments d'origen vegetal, entre els quals\u00a0hi ha el cacau, el caf\u00e8, el vi negre i les pomes,\u00a0redueix el risc de deteriorament cognitiu\u00a0en persones grans.\",\"breadcrumb\":{\"@id\":\"https:\/\/gremicafe.cat\/2025\/10\/14\/cafe-enfront-deteriorament-cognitiu\/#breadcrumb\"},\"inLanguage\":\"es\",\"potentialAction\":[{\"@type\":\"ReadAction\",\"target\":[\"https:\/\/gremicafe.cat\/2025\/10\/14\/cafe-enfront-deteriorament-cognitiu\/\"]}]},{\"@type\":\"ImageObject\",\"inLanguage\":\"es\",\"@id\":\"https:\/\/gremicafe.cat\/2025\/10\/14\/cafe-enfront-deteriorament-cognitiu\/#primaryimage\",\"url\":\"https:\/\/gremicafe.cat\/wp-content\/uploads\/2025\/10\/GremiCafeCatalunya-CafeSeniors.jpg\",\"contentUrl\":\"https:\/\/gremicafe.cat\/wp-content\/uploads\/2025\/10\/GremiCafeCatalunya-CafeSeniors.jpg\",\"width\":1080,\"height\":1350,\"caption\":\"El caf\u00e8 protegeix enfront del deteriorament cognitiu\"},{\"@type\":\"BreadcrumbList\",\"@id\":\"https:\/\/gremicafe.cat\/2025\/10\/14\/cafe-enfront-deteriorament-cognitiu\/#breadcrumb\",\"itemListElement\":[{\"@type\":\"ListItem\",\"position\":1,\"name\":\"Inici\",\"item\":\"https:\/\/gremicafe.cat\/\"},{\"@type\":\"ListItem\",\"position\":2,\"name\":\"El vi negre, el cacau o el caf\u00e8 protegeixen enfront del deteriorament cognitiu\"}]},{\"@type\":\"WebSite\",\"@id\":\"https:\/\/gremicafe.cat\/#website\",\"url\":\"https:\/\/gremicafe.cat\/\",\"name\":\"Gremi del Caf\u00e8, torradors de Catalunya\",\"description\":\"Web oficial del gremi de torradors de caf\u00e8 de Catalunya\",\"publisher\":{\"@id\":\"https:\/\/gremicafe.cat\/#organization\"},\"potentialAction\":[{\"@type\":\"SearchAction\",\"target\":{\"@type\":\"EntryPoint\",\"urlTemplate\":\"https:\/\/gremicafe.cat\/?s={search_term_string}\"},\"query-input\":{\"@type\":\"PropertyValueSpecification\",\"valueRequired\":true,\"valueName\":\"search_term_string\"}}],\"inLanguage\":\"es\"},{\"@type\":\"Organization\",\"@id\":\"https:\/\/gremicafe.cat\/#organization\",\"name\":\"Gremi del Caf\u00e8, Torradors de Catalunya\",\"url\":\"https:\/\/gremicafe.cat\/\",\"logo\":{\"@type\":\"ImageObject\",\"inLanguage\":\"es\",\"@id\":\"https:\/\/gremicafe.cat\/#\/schema\/logo\/image\/\",\"url\":\"https:\/\/gremicafe.cat\/wp-content\/uploads\/2018\/03\/gremicafe-logo250.png\",\"contentUrl\":\"https:\/\/gremicafe.cat\/wp-content\/uploads\/2018\/03\/gremicafe-logo250.png\",\"width\":250,\"height\":49,\"caption\":\"Gremi del Caf\u00e8, Torradors de Catalunya\"},\"image\":{\"@id\":\"https:\/\/gremicafe.cat\/#\/schema\/logo\/image\/\"},\"sameAs\":[\"https:\/\/www.facebook.com\/gremicafecat\",\"https:\/\/x.com\/gremicafecat\",\"https:\/\/www.instagram.com\/gremicafecat\/\",\"https:\/\/www.pinterest.es\/gremicafecat\/\",\"https:\/\/www.youtube.com\/channel\/UCGLo5Y35vLwLvP4FrPZrCrw\/\"]},{\"@type\":\"Person\",\"@id\":\"https:\/\/gremicafe.cat\/#\/schema\/person\/dabfdbb3d0fa36260855a380f94e4733\",\"name\":\"gremicafe\",\"image\":{\"@type\":\"ImageObject\",\"inLanguage\":\"es\",\"@id\":\"https:\/\/gremicafe.cat\/#\/schema\/person\/image\/\",\"url\":\"https:\/\/secure.gravatar.com\/avatar\/e59baa4ca8f6f97576d6375fb6d3c8f0?s=96&d=mm&r=g\",\"contentUrl\":\"https:\/\/secure.gravatar.com\/avatar\/e59baa4ca8f6f97576d6375fb6d3c8f0?s=96&d=mm&r=g\",\"caption\":\"gremicafe\"}}]}<\/script>\n<!-- \/ Yoast SEO plugin. -->","yoast_head_json":{"title":"El vi negre, el cacau o el caf\u00e8 protegeixen enfront del deteriorament cognitiu - Gremi del Caf\u00e8, torradors de Catalunya","description":"El Consell Catal\u00e0 de Mitjans Audiovisuals publicava un article titulat 'Aliments com cacau, caf\u00e8 i vi negre redueixen el risc de deteriorament cognitiu'\", una dieta rica en diversos aliments d'origen vegetal, entre els quals\u00a0hi ha el cacau, el caf\u00e8, el vi negre i les pomes,\u00a0redueix el risc de deteriorament cognitiu\u00a0en persones grans.","robots":{"index":"index","follow":"follow","max-snippet":"max-snippet:-1","max-image-preview":"max-image-preview:large","max-video-preview":"max-video-preview:-1"},"canonical":"https:\/\/gremicafe.cat\/es\/2025\/10\/14\/cafe-enfront-deteriorament-cognitiu\/","og_locale":"es_ES","og_type":"article","og_title":"El vi negre, el cacau o el caf\u00e8 protegeixen enfront del deteriorament cognitiu - Gremi del Caf\u00e8, torradors de Catalunya","og_description":"El Consell Catal\u00e0 de Mitjans Audiovisuals publicava un article titulat 'Aliments com cacau, caf\u00e8 i vi negre redueixen el risc de deteriorament cognitiu'\", una dieta rica en diversos aliments d'origen vegetal, entre els quals\u00a0hi ha el cacau, el caf\u00e8, el vi negre i les pomes,\u00a0redueix el risc de deteriorament cognitiu\u00a0en persones grans.","og_url":"https:\/\/gremicafe.cat\/es\/2025\/10\/14\/cafe-enfront-deteriorament-cognitiu\/","og_site_name":"Gremi del Caf\u00e8, torradors de Catalunya","article_publisher":"https:\/\/www.facebook.com\/gremicafecat","article_published_time":"2025-10-14T16:20:26+00:00","og_image":[{"width":1080,"height":1350,"url":"https:\/\/gremicafe.cat\/wp-content\/uploads\/2025\/10\/GremiCafeCatalunya-CafeSeniors.jpg","type":"image\/jpeg"}],"author":"gremicafe","twitter_card":"summary_large_image","twitter_creator":"@gremicafecat","twitter_site":"@gremicafecat","twitter_misc":{"Escrito por":"gremicafe","Tiempo de lectura":"2 minutos"},"schema":{"@context":"https:\/\/schema.org","@graph":[{"@type":"Article","@id":"https:\/\/gremicafe.cat\/2025\/10\/14\/cafe-enfront-deteriorament-cognitiu\/#article","isPartOf":{"@id":"https:\/\/gremicafe.cat\/2025\/10\/14\/cafe-enfront-deteriorament-cognitiu\/"},"author":{"name":"gremicafe","@id":"https:\/\/gremicafe.cat\/#\/schema\/person\/dabfdbb3d0fa36260855a380f94e4733"},"headline":"El vi negre, el cacau o el caf\u00e8 protegeixen enfront del deteriorament cognitiu","datePublished":"2025-10-14T16:20:26+00:00","mainEntityOfPage":{"@id":"https:\/\/gremicafe.cat\/2025\/10\/14\/cafe-enfront-deteriorament-cognitiu\/"},"wordCount":174,"publisher":{"@id":"https:\/\/gremicafe.cat\/#organization"},"image":{"@id":"https:\/\/gremicafe.cat\/2025\/10\/14\/cafe-enfront-deteriorament-cognitiu\/#primaryimage"},"thumbnailUrl":"https:\/\/gremicafe.cat\/wp-content\/uploads\/2025\/10\/GremiCafeCatalunya-CafeSeniors.jpg","keywords":["Caf\u00e8 i salut","Deteriorament cognitiu"],"articleSection":["Not\u00edcies"],"inLanguage":"es"},{"@type":"WebPage","@id":"https:\/\/gremicafe.cat\/2025\/10\/14\/cafe-enfront-deteriorament-cognitiu\/","url":"https:\/\/gremicafe.cat\/2025\/10\/14\/cafe-enfront-deteriorament-cognitiu\/","name":"El vi negre, el cacau o el caf\u00e8 protegeixen enfront del deteriorament cognitiu - Gremi del Caf\u00e8, torradors de Catalunya","isPartOf":{"@id":"https:\/\/gremicafe.cat\/#website"},"primaryImageOfPage":{"@id":"https:\/\/gremicafe.cat\/2025\/10\/14\/cafe-enfront-deteriorament-cognitiu\/#primaryimage"},"image":{"@id":"https:\/\/gremicafe.cat\/2025\/10\/14\/cafe-enfront-deteriorament-cognitiu\/#primaryimage"},"thumbnailUrl":"https:\/\/gremicafe.cat\/wp-content\/uploads\/2025\/10\/GremiCafeCatalunya-CafeSeniors.jpg","datePublished":"2025-10-14T16:20:26+00:00","description":"El Consell Catal\u00e0 de Mitjans Audiovisuals publicava un article titulat 'Aliments com cacau, caf\u00e8 i vi negre redueixen el risc de deteriorament cognitiu'\", una dieta rica en diversos aliments d'origen vegetal, entre els quals\u00a0hi ha el cacau, el caf\u00e8, el vi negre i les pomes,\u00a0redueix el risc de deteriorament cognitiu\u00a0en persones grans.","breadcrumb":{"@id":"https:\/\/gremicafe.cat\/2025\/10\/14\/cafe-enfront-deteriorament-cognitiu\/#breadcrumb"},"inLanguage":"es","potentialAction":[{"@type":"ReadAction","target":["https:\/\/gremicafe.cat\/2025\/10\/14\/cafe-enfront-deteriorament-cognitiu\/"]}]},{"@type":"ImageObject","inLanguage":"es","@id":"https:\/\/gremicafe.cat\/2025\/10\/14\/cafe-enfront-deteriorament-cognitiu\/#primaryimage","url":"https:\/\/gremicafe.cat\/wp-content\/uploads\/2025\/10\/GremiCafeCatalunya-CafeSeniors.jpg","contentUrl":"https:\/\/gremicafe.cat\/wp-content\/uploads\/2025\/10\/GremiCafeCatalunya-CafeSeniors.jpg","width":1080,"height":1350,"caption":"El caf\u00e8 protegeix enfront del deteriorament cognitiu"},{"@type":"BreadcrumbList","@id":"https:\/\/gremicafe.cat\/2025\/10\/14\/cafe-enfront-deteriorament-cognitiu\/#breadcrumb","itemListElement":[{"@type":"ListItem","position":1,"name":"Inici","item":"https:\/\/gremicafe.cat\/"},{"@type":"ListItem","position":2,"name":"El vi negre, el cacau o el caf\u00e8 protegeixen enfront del deteriorament cognitiu"}]},{"@type":"WebSite","@id":"https:\/\/gremicafe.cat\/#website","url":"https:\/\/gremicafe.cat\/","name":"Gremio del Caf\u00e9, tostadores de Catalu\u00f1a","description":"Web oficial del gremio de tostadores de caf\u00e9 de Catalunya","publisher":{"@id":"https:\/\/gremicafe.cat\/#organization"},"potentialAction":[{"@type":"SearchAction","target":{"@type":"EntryPoint","urlTemplate":"https:\/\/gremicafe.cat\/?s={search_term_string}"},"query-input":{"@type":"PropertyValueSpecification","valueRequired":true,"valueName":"search_term_string"}}],"inLanguage":"es"},{"@type":"Organization","@id":"https:\/\/gremicafe.cat\/#organization","name":"Gremio del Caf\u00e9, Tostadores de Catalu\u00f1a","url":"https:\/\/gremicafe.cat\/","logo":{"@type":"ImageObject","inLanguage":"es","@id":"https:\/\/gremicafe.cat\/#\/schema\/logo\/image\/","url":"https:\/\/gremicafe.cat\/wp-content\/uploads\/2018\/03\/gremicafe-logo250.png","contentUrl":"https:\/\/gremicafe.cat\/wp-content\/uploads\/2018\/03\/gremicafe-logo250.png","width":250,"height":49,"caption":"Gremi del Caf\u00e8, Torradors de Catalunya"},"image":{"@id":"https:\/\/gremicafe.cat\/#\/schema\/logo\/image\/"},"sameAs":["https:\/\/www.facebook.com\/gremicafecat","https:\/\/x.com\/gremicafecat","https:\/\/www.instagram.com\/gremicafecat\/","https:\/\/www.pinterest.es\/gremicafecat\/","https:\/\/www.youtube.com\/channel\/UCGLo5Y35vLwLvP4FrPZrCrw\/"]},{"@type":"Person","@id":"https:\/\/gremicafe.cat\/#\/schema\/person\/dabfdbb3d0fa36260855a380f94e4733","name":"gremicafe","image":{"@type":"ImageObject","inLanguage":"es","@id":"https:\/\/gremicafe.cat\/#\/schema\/person\/image\/","url":"https:\/\/secure.gravatar.com\/avatar\/e59baa4ca8f6f97576d6375fb6d3c8f0?s=96&d=mm&r=g","contentUrl":"https:\/\/secure.gravatar.com\/avatar\/e59baa4ca8f6f97576d6375fb6d3c8f0?s=96&d=mm&r=g","caption":"gremicafe"}}]}},"_links":{"self":[{"href":"https:\/\/gremicafe.cat\/es\/wp-json\/wp\/v2\/posts\/7965"}],"collection":[{"href":"https:\/\/gremicafe.cat\/es\/wp-json\/wp\/v2\/posts"}],"about":[{"href":"https:\/\/gremicafe.cat\/es\/wp-json\/wp\/v2\/types\/post"}],"author":[{"embeddable":true,"href":"https:\/\/gremicafe.cat\/es\/wp-json\/wp\/v2\/users\/1"}],"replies":[{"embeddable":true,"href":"https:\/\/gremicafe.cat\/es\/wp-json\/wp\/v2\/comments?post=7965"}],"version-history":[{"count":0,"href":"https:\/\/gremicafe.cat\/es\/wp-json\/wp\/v2\/posts\/7965\/revisions"}],"wp:featuredmedia":[{"embeddable":true,"href":"https:\/\/gremicafe.cat\/es\/wp-json\/wp\/v2\/media\/7966"}],"wp:attachment":[{"href":"https:\/\/gremicafe.cat\/es\/wp-json\/wp\/v2\/media?parent=7965"}],"wp:term":[{"taxonomy":"category","embeddable":true,"href":"https:\/\/gremicafe.cat\/es\/wp-json\/wp\/v2\/categories?post=7965"},{"taxonomy":"post_tag","embeddable":true,"href":"https:\/\/gremicafe.cat\/es\/wp-json\/wp\/v2\/tags?post=7965"}],"curies":[{"name":"wp","href":"https:\/\/api.w.org\/{rel}","templated":true}]}}