{"id":7972,"date":"2025-10-20T18:14:50","date_gmt":"2025-10-20T16:14:50","guid":{"rendered":"https:\/\/gremicafe.cat\/?p=7972"},"modified":"2025-10-20T18:14:50","modified_gmt":"2025-10-20T16:14:50","slug":"el-cafe-es-el-producte-que-mes-ha-pujat-de-la-cistella-de-la-compra","status":"publish","type":"post","link":"https:\/\/gremicafe.cat\/es\/2025\/10\/20\/el-cafe-es-el-producte-que-mes-ha-pujat-de-la-cistella-de-la-compra\/","title":{"rendered":"El caf\u00e9 es el producto que m\u00e1s ha subido de la cesta de la compra"},"content":{"rendered":"<p class=\"p1\"><strong><em>El caf\u00e9 suma otra subida de precio y cuesta ya un 154% m\u00e1s que hace cuatro a\u00f1os.<\/em><\/strong><\/p>\n<p class=\"p1\"><strong><em>La escasez de materia prima y el aumento del consumo mundial han disparado el precio de este producto en los \u00faltimos tiempos. Solo en Espa\u00f1a se toman 67 millones de tazas al d\u00eda.<\/em><\/strong><\/p>\n<p class=\"p1\"><strong><em>Los chinos se pasan en el caf\u00e9 y el precio se dispara hasta el m\u00e1ximo hist\u00f3rico desde 1977.<\/em><\/strong><\/p>\n<p class=\"p1\">Mar\u00eda Jes\u00fas Ib\u00e1\u00f1ez \u2013 EL PERI\u00d3DIOCO \u2013 Barcelona \u2013 15 OCT 2025<\/p>\n<p class=\"p1\">Ni los huevos, ni el chocolate, ni el aceite de oliva\u2026 <b>El producto de la cesta de la compra que ha registrado la mayor subida de precio en Espa\u00f1a en el \u00faltimo a\u00f1o ha sido el caf\u00e9<\/b>, que seg\u00fan el \u00faltimo dato del IPC, conocido este mi\u00e9rcoles, acumula desde septiembre de 2024 un incremento del 19,9%. La Organizaci\u00f3n de Consumidores y Usuarios (OCU), que elabora su propio \u00edndice de precios a partir de los importes recogidos en los supermercados, eleva a\u00fan m\u00e1s este aumento: si en 2021, el paquete de 250 gramos del caf\u00e9 muy mezcla m\u00e1s barato del s\u00faper costaba 1,22 euros, cuatro euros m\u00e1s tarde, el 20 supone un incremento acumulado de 136%.<\/p>\n<p class=\"p1\"><a href=\"https:\/\/www.elperiodico.com\/es\/economia\/consumo\/20251015\/cafe-subida-precio-espana-154-por-ciento-2025-122660772?utm_source=newsletter&amp;utm_campaign=guitar&amp;utm_medium=email&amp;idC=19365&amp;iU=c42a016f-1e98-4da3-8dc8-3597ea644f70&amp;fN=586176696572&amp;dd=20251016\" target=\"_blank\" rel=\"noopener\">Lea la noticia en EL PERI\u00d3DICO, aqu\u00ed.<\/a><\/p>\n<div id=\"attachment_7974\" style=\"width: 1090px\" class=\"wp-caption aligncenter\"><img loading=\"lazy\" decoding=\"async\" aria-describedby=\"caption-attachment-7974\" class=\"size-full wp-image-7974\" src=\"https:\/\/gremicafe.cat\/wp-content\/uploads\/2025\/10\/GREMICAFE-PREUCAFE.jpg\" alt=\"Gremi Caf\u00e8 de Catalunya\" width=\"1080\" height=\"1350\" srcset=\"https:\/\/gremicafe.cat\/wp-content\/uploads\/2025\/10\/GREMICAFE-PREUCAFE.jpg 1080w, https:\/\/gremicafe.cat\/wp-content\/uploads\/2025\/10\/GREMICAFE-PREUCAFE-768x960.jpg 768w, https:\/\/gremicafe.cat\/wp-content\/uploads\/2025\/10\/GREMICAFE-PREUCAFE-10x12.jpg 10w, https:\/\/gremicafe.cat\/wp-content\/uploads\/2025\/10\/GREMICAFE-PREUCAFE-576x720.jpg 576w\" sizes=\"(max-width: 1080px) 100vw, 1080px\" \/><p id=\"caption-attachment-7974\" class=\"wp-caption-text\">GREMIO CAF\u00c9 -INCREMENTO PRECIO CAF\u00c9<\/p><\/div>","protected":false},"excerpt":{"rendered":"<p>El caf\u00e8 suma una altra pujada de preu i ja costa un 154% m\u00e9s que fa quatre anys. L&#8217;escassetat de mat\u00e8ria primera i l&#8217;augment del consum mundial han disparat el preu d&#8217;aquest producte en els \u00faltims temps. Nom\u00e9s a Espanya es prenen 67 milions de tasses al dia. Els xinesos es passen al caf\u00e8 i [&hellip;]<\/p>\n","protected":false},"author":1,"featured_media":7974,"comment_status":"closed","ping_status":"open","sticky":false,"template":"","format":"standard","meta":{"_acf_changed":false,"inline_featured_image":false,"footnotes":""},"categories":[1],"tags":[87],"class_list":["post-7972","post","type-post","status-publish","format-standard","has-post-thumbnail","hentry","category-noticies","tag-increment-preu-cafe"],"acf":[],"yoast_head":"<!-- This site is optimized with the Yoast SEO plugin v25.5 - https:\/\/yoast.com\/wordpress\/plugins\/seo\/ -->\n<title>El caf\u00e8 \u00e9s el producte que m\u00e9s ha pujat de la cistella de la compra - Gremi del Caf\u00e8, torradors de Catalunya<\/title>\n<meta name=\"description\" content=\"El caf\u00e8 suma una altra pujada de preu i ja costa un 154% m\u00e9s que fa quatre anys.L&#039;escassetat de mat\u00e8ria primera i l&#039;augment del consum mundial han disparat el preu d&#039;aquest producte en els \u00faltims temps. Nom\u00e9s a Espanya es prenen 67 milions de tasses al dia.Els xinesos es passen al caf\u00e8 i el preu es dispara fins al m\u00e0xim hist\u00f2ric des de 1977.\" \/>\n<meta name=\"robots\" content=\"index, follow, max-snippet:-1, max-image-preview:large, max-video-preview:-1\" \/>\n<link rel=\"canonical\" href=\"https:\/\/gremicafe.cat\/es\/2025\/10\/20\/el-cafe-es-el-producte-que-mes-ha-pujat-de-la-cistella-de-la-compra\/\" \/>\n<meta property=\"og:locale\" content=\"es_ES\" \/>\n<meta property=\"og:type\" content=\"article\" \/>\n<meta property=\"og:title\" content=\"El caf\u00e8 \u00e9s el producte que m\u00e9s ha pujat de la cistella de la compra - Gremi del Caf\u00e8, torradors de Catalunya\" \/>\n<meta property=\"og:description\" content=\"El caf\u00e8 suma una altra pujada de preu i ja costa un 154% m\u00e9s que fa quatre anys.L&#039;escassetat de mat\u00e8ria primera i l&#039;augment del consum mundial han disparat el preu d&#039;aquest producte en els \u00faltims temps. Nom\u00e9s a Espanya es prenen 67 milions de tasses al dia.Els xinesos es passen al caf\u00e8 i el preu es dispara fins al m\u00e0xim hist\u00f2ric des de 1977.\" \/>\n<meta property=\"og:url\" content=\"https:\/\/gremicafe.cat\/es\/2025\/10\/20\/el-cafe-es-el-producte-que-mes-ha-pujat-de-la-cistella-de-la-compra\/\" \/>\n<meta property=\"og:site_name\" content=\"Gremi del Caf\u00e8, torradors de Catalunya\" \/>\n<meta property=\"article:publisher\" content=\"https:\/\/www.facebook.com\/gremicafecat\" \/>\n<meta property=\"article:published_time\" content=\"2025-10-20T16:14:50+00:00\" \/>\n<meta property=\"og:image\" content=\"https:\/\/gremicafe.cat\/wp-content\/uploads\/2025\/10\/GREMICAFE-PREUCAFE.jpg\" \/>\n\t<meta property=\"og:image:width\" content=\"1080\" \/>\n\t<meta property=\"og:image:height\" content=\"1350\" \/>\n\t<meta property=\"og:image:type\" content=\"image\/jpeg\" \/>\n<meta name=\"author\" content=\"gremicafe\" \/>\n<meta name=\"twitter:card\" content=\"summary_large_image\" \/>\n<meta name=\"twitter:creator\" content=\"@gremicafecat\" \/>\n<meta name=\"twitter:site\" content=\"@gremicafecat\" \/>\n<meta name=\"twitter:label1\" content=\"Escrito por\" \/>\n\t<meta name=\"twitter:data1\" content=\"gremicafe\" \/>\n\t<meta name=\"twitter:label2\" content=\"Tiempo de lectura\" \/>\n\t<meta name=\"twitter:data2\" content=\"2 minutos\" \/>\n<script type=\"application\/ld+json\" class=\"yoast-schema-graph\">{\"@context\":\"https:\/\/schema.org\",\"@graph\":[{\"@type\":\"Article\",\"@id\":\"https:\/\/gremicafe.cat\/2025\/10\/20\/el-cafe-es-el-producte-que-mes-ha-pujat-de-la-cistella-de-la-compra\/#article\",\"isPartOf\":{\"@id\":\"https:\/\/gremicafe.cat\/2025\/10\/20\/el-cafe-es-el-producte-que-mes-ha-pujat-de-la-cistella-de-la-compra\/\"},\"author\":{\"name\":\"gremicafe\",\"@id\":\"https:\/\/gremicafe.cat\/#\/schema\/person\/dabfdbb3d0fa36260855a380f94e4733\"},\"headline\":\"El caf\u00e8 \u00e9s el producte que m\u00e9s ha pujat de la cistella de la compra\",\"datePublished\":\"2025-10-20T16:14:50+00:00\",\"mainEntityOfPage\":{\"@id\":\"https:\/\/gremicafe.cat\/2025\/10\/20\/el-cafe-es-el-producte-que-mes-ha-pujat-de-la-cistella-de-la-compra\/\"},\"wordCount\":239,\"publisher\":{\"@id\":\"https:\/\/gremicafe.cat\/#organization\"},\"image\":{\"@id\":\"https:\/\/gremicafe.cat\/2025\/10\/20\/el-cafe-es-el-producte-que-mes-ha-pujat-de-la-cistella-de-la-compra\/#primaryimage\"},\"thumbnailUrl\":\"https:\/\/gremicafe.cat\/wp-content\/uploads\/2025\/10\/GREMICAFE-PREUCAFE.jpg\",\"keywords\":[\"Increment preu caf\u00e8\"],\"articleSection\":[\"Not\u00edcies\"],\"inLanguage\":\"es\"},{\"@type\":\"WebPage\",\"@id\":\"https:\/\/gremicafe.cat\/2025\/10\/20\/el-cafe-es-el-producte-que-mes-ha-pujat-de-la-cistella-de-la-compra\/\",\"url\":\"https:\/\/gremicafe.cat\/2025\/10\/20\/el-cafe-es-el-producte-que-mes-ha-pujat-de-la-cistella-de-la-compra\/\",\"name\":\"El caf\u00e8 \u00e9s el producte que m\u00e9s ha pujat de la cistella de la compra - Gremi del Caf\u00e8, torradors de Catalunya\",\"isPartOf\":{\"@id\":\"https:\/\/gremicafe.cat\/#website\"},\"primaryImageOfPage\":{\"@id\":\"https:\/\/gremicafe.cat\/2025\/10\/20\/el-cafe-es-el-producte-que-mes-ha-pujat-de-la-cistella-de-la-compra\/#primaryimage\"},\"image\":{\"@id\":\"https:\/\/gremicafe.cat\/2025\/10\/20\/el-cafe-es-el-producte-que-mes-ha-pujat-de-la-cistella-de-la-compra\/#primaryimage\"},\"thumbnailUrl\":\"https:\/\/gremicafe.cat\/wp-content\/uploads\/2025\/10\/GREMICAFE-PREUCAFE.jpg\",\"datePublished\":\"2025-10-20T16:14:50+00:00\",\"description\":\"El caf\u00e8 suma una altra pujada de preu i ja costa un 154% m\u00e9s que fa quatre anys.L'escassetat de mat\u00e8ria primera i l'augment del consum mundial han disparat el preu d'aquest producte en els \u00faltims temps. Nom\u00e9s a Espanya es prenen 67 milions de tasses al dia.Els xinesos es passen al caf\u00e8 i el preu es dispara fins al m\u00e0xim hist\u00f2ric des de 1977.\",\"breadcrumb\":{\"@id\":\"https:\/\/gremicafe.cat\/2025\/10\/20\/el-cafe-es-el-producte-que-mes-ha-pujat-de-la-cistella-de-la-compra\/#breadcrumb\"},\"inLanguage\":\"es\",\"potentialAction\":[{\"@type\":\"ReadAction\",\"target\":[\"https:\/\/gremicafe.cat\/2025\/10\/20\/el-cafe-es-el-producte-que-mes-ha-pujat-de-la-cistella-de-la-compra\/\"]}]},{\"@type\":\"ImageObject\",\"inLanguage\":\"es\",\"@id\":\"https:\/\/gremicafe.cat\/2025\/10\/20\/el-cafe-es-el-producte-que-mes-ha-pujat-de-la-cistella-de-la-compra\/#primaryimage\",\"url\":\"https:\/\/gremicafe.cat\/wp-content\/uploads\/2025\/10\/GREMICAFE-PREUCAFE.jpg\",\"contentUrl\":\"https:\/\/gremicafe.cat\/wp-content\/uploads\/2025\/10\/GREMICAFE-PREUCAFE.jpg\",\"width\":1080,\"height\":1350,\"caption\":\"GREMI CAF\u00c8 -INCREMENT PREU CAF\u00c8\"},{\"@type\":\"BreadcrumbList\",\"@id\":\"https:\/\/gremicafe.cat\/2025\/10\/20\/el-cafe-es-el-producte-que-mes-ha-pujat-de-la-cistella-de-la-compra\/#breadcrumb\",\"itemListElement\":[{\"@type\":\"ListItem\",\"position\":1,\"name\":\"Inici\",\"item\":\"https:\/\/gremicafe.cat\/\"},{\"@type\":\"ListItem\",\"position\":2,\"name\":\"El caf\u00e8 \u00e9s el producte que m\u00e9s ha pujat de la cistella de la compra\"}]},{\"@type\":\"WebSite\",\"@id\":\"https:\/\/gremicafe.cat\/#website\",\"url\":\"https:\/\/gremicafe.cat\/\",\"name\":\"Gremi del Caf\u00e8, torradors de Catalunya\",\"description\":\"Web oficial del gremi de torradors de caf\u00e8 de Catalunya\",\"publisher\":{\"@id\":\"https:\/\/gremicafe.cat\/#organization\"},\"potentialAction\":[{\"@type\":\"SearchAction\",\"target\":{\"@type\":\"EntryPoint\",\"urlTemplate\":\"https:\/\/gremicafe.cat\/?s={search_term_string}\"},\"query-input\":{\"@type\":\"PropertyValueSpecification\",\"valueRequired\":true,\"valueName\":\"search_term_string\"}}],\"inLanguage\":\"es\"},{\"@type\":\"Organization\",\"@id\":\"https:\/\/gremicafe.cat\/#organization\",\"name\":\"Gremi del Caf\u00e8, Torradors de Catalunya\",\"url\":\"https:\/\/gremicafe.cat\/\",\"logo\":{\"@type\":\"ImageObject\",\"inLanguage\":\"es\",\"@id\":\"https:\/\/gremicafe.cat\/#\/schema\/logo\/image\/\",\"url\":\"https:\/\/gremicafe.cat\/wp-content\/uploads\/2018\/03\/gremicafe-logo250.png\",\"contentUrl\":\"https:\/\/gremicafe.cat\/wp-content\/uploads\/2018\/03\/gremicafe-logo250.png\",\"width\":250,\"height\":49,\"caption\":\"Gremi del Caf\u00e8, Torradors de Catalunya\"},\"image\":{\"@id\":\"https:\/\/gremicafe.cat\/#\/schema\/logo\/image\/\"},\"sameAs\":[\"https:\/\/www.facebook.com\/gremicafecat\",\"https:\/\/x.com\/gremicafecat\",\"https:\/\/www.instagram.com\/gremicafecat\/\",\"https:\/\/www.pinterest.es\/gremicafecat\/\",\"https:\/\/www.youtube.com\/channel\/UCGLo5Y35vLwLvP4FrPZrCrw\/\"]},{\"@type\":\"Person\",\"@id\":\"https:\/\/gremicafe.cat\/#\/schema\/person\/dabfdbb3d0fa36260855a380f94e4733\",\"name\":\"gremicafe\",\"image\":{\"@type\":\"ImageObject\",\"inLanguage\":\"es\",\"@id\":\"https:\/\/gremicafe.cat\/#\/schema\/person\/image\/\",\"url\":\"https:\/\/secure.gravatar.com\/avatar\/e59baa4ca8f6f97576d6375fb6d3c8f0?s=96&d=mm&r=g\",\"contentUrl\":\"https:\/\/secure.gravatar.com\/avatar\/e59baa4ca8f6f97576d6375fb6d3c8f0?s=96&d=mm&r=g\",\"caption\":\"gremicafe\"}}]}<\/script>\n<!-- \/ Yoast SEO plugin. -->","yoast_head_json":{"title":"El caf\u00e8 \u00e9s el producte que m\u00e9s ha pujat de la cistella de la compra - Gremi del Caf\u00e8, torradors de Catalunya","description":"El caf\u00e8 suma una altra pujada de preu i ja costa un 154% m\u00e9s que fa quatre anys.L'escassetat de mat\u00e8ria primera i l'augment del consum mundial han disparat el preu d'aquest producte en els \u00faltims temps. Nom\u00e9s a Espanya es prenen 67 milions de tasses al dia.Els xinesos es passen al caf\u00e8 i el preu es dispara fins al m\u00e0xim hist\u00f2ric des de 1977.","robots":{"index":"index","follow":"follow","max-snippet":"max-snippet:-1","max-image-preview":"max-image-preview:large","max-video-preview":"max-video-preview:-1"},"canonical":"https:\/\/gremicafe.cat\/es\/2025\/10\/20\/el-cafe-es-el-producte-que-mes-ha-pujat-de-la-cistella-de-la-compra\/","og_locale":"es_ES","og_type":"article","og_title":"El caf\u00e8 \u00e9s el producte que m\u00e9s ha pujat de la cistella de la compra - Gremi del Caf\u00e8, torradors de Catalunya","og_description":"El caf\u00e8 suma una altra pujada de preu i ja costa un 154% m\u00e9s que fa quatre anys.L'escassetat de mat\u00e8ria primera i l'augment del consum mundial han disparat el preu d'aquest producte en els \u00faltims temps. Nom\u00e9s a Espanya es prenen 67 milions de tasses al dia.Els xinesos es passen al caf\u00e8 i el preu es dispara fins al m\u00e0xim hist\u00f2ric des de 1977.","og_url":"https:\/\/gremicafe.cat\/es\/2025\/10\/20\/el-cafe-es-el-producte-que-mes-ha-pujat-de-la-cistella-de-la-compra\/","og_site_name":"Gremi del Caf\u00e8, torradors de Catalunya","article_publisher":"https:\/\/www.facebook.com\/gremicafecat","article_published_time":"2025-10-20T16:14:50+00:00","og_image":[{"width":1080,"height":1350,"url":"https:\/\/gremicafe.cat\/wp-content\/uploads\/2025\/10\/GREMICAFE-PREUCAFE.jpg","type":"image\/jpeg"}],"author":"gremicafe","twitter_card":"summary_large_image","twitter_creator":"@gremicafecat","twitter_site":"@gremicafecat","twitter_misc":{"Escrito por":"gremicafe","Tiempo de lectura":"2 minutos"},"schema":{"@context":"https:\/\/schema.org","@graph":[{"@type":"Article","@id":"https:\/\/gremicafe.cat\/2025\/10\/20\/el-cafe-es-el-producte-que-mes-ha-pujat-de-la-cistella-de-la-compra\/#article","isPartOf":{"@id":"https:\/\/gremicafe.cat\/2025\/10\/20\/el-cafe-es-el-producte-que-mes-ha-pujat-de-la-cistella-de-la-compra\/"},"author":{"name":"gremicafe","@id":"https:\/\/gremicafe.cat\/#\/schema\/person\/dabfdbb3d0fa36260855a380f94e4733"},"headline":"El caf\u00e8 \u00e9s el producte que m\u00e9s ha pujat de la cistella de la compra","datePublished":"2025-10-20T16:14:50+00:00","mainEntityOfPage":{"@id":"https:\/\/gremicafe.cat\/2025\/10\/20\/el-cafe-es-el-producte-que-mes-ha-pujat-de-la-cistella-de-la-compra\/"},"wordCount":239,"publisher":{"@id":"https:\/\/gremicafe.cat\/#organization"},"image":{"@id":"https:\/\/gremicafe.cat\/2025\/10\/20\/el-cafe-es-el-producte-que-mes-ha-pujat-de-la-cistella-de-la-compra\/#primaryimage"},"thumbnailUrl":"https:\/\/gremicafe.cat\/wp-content\/uploads\/2025\/10\/GREMICAFE-PREUCAFE.jpg","keywords":["Increment preu caf\u00e8"],"articleSection":["Not\u00edcies"],"inLanguage":"es"},{"@type":"WebPage","@id":"https:\/\/gremicafe.cat\/2025\/10\/20\/el-cafe-es-el-producte-que-mes-ha-pujat-de-la-cistella-de-la-compra\/","url":"https:\/\/gremicafe.cat\/2025\/10\/20\/el-cafe-es-el-producte-que-mes-ha-pujat-de-la-cistella-de-la-compra\/","name":"El caf\u00e8 \u00e9s el producte que m\u00e9s ha pujat de la cistella de la compra - Gremi del Caf\u00e8, torradors de Catalunya","isPartOf":{"@id":"https:\/\/gremicafe.cat\/#website"},"primaryImageOfPage":{"@id":"https:\/\/gremicafe.cat\/2025\/10\/20\/el-cafe-es-el-producte-que-mes-ha-pujat-de-la-cistella-de-la-compra\/#primaryimage"},"image":{"@id":"https:\/\/gremicafe.cat\/2025\/10\/20\/el-cafe-es-el-producte-que-mes-ha-pujat-de-la-cistella-de-la-compra\/#primaryimage"},"thumbnailUrl":"https:\/\/gremicafe.cat\/wp-content\/uploads\/2025\/10\/GREMICAFE-PREUCAFE.jpg","datePublished":"2025-10-20T16:14:50+00:00","description":"El caf\u00e8 suma una altra pujada de preu i ja costa un 154% m\u00e9s que fa quatre anys.L'escassetat de mat\u00e8ria primera i l'augment del consum mundial han disparat el preu d'aquest producte en els \u00faltims temps. Nom\u00e9s a Espanya es prenen 67 milions de tasses al dia.Els xinesos es passen al caf\u00e8 i el preu es dispara fins al m\u00e0xim hist\u00f2ric des de 1977.","breadcrumb":{"@id":"https:\/\/gremicafe.cat\/2025\/10\/20\/el-cafe-es-el-producte-que-mes-ha-pujat-de-la-cistella-de-la-compra\/#breadcrumb"},"inLanguage":"es","potentialAction":[{"@type":"ReadAction","target":["https:\/\/gremicafe.cat\/2025\/10\/20\/el-cafe-es-el-producte-que-mes-ha-pujat-de-la-cistella-de-la-compra\/"]}]},{"@type":"ImageObject","inLanguage":"es","@id":"https:\/\/gremicafe.cat\/2025\/10\/20\/el-cafe-es-el-producte-que-mes-ha-pujat-de-la-cistella-de-la-compra\/#primaryimage","url":"https:\/\/gremicafe.cat\/wp-content\/uploads\/2025\/10\/GREMICAFE-PREUCAFE.jpg","contentUrl":"https:\/\/gremicafe.cat\/wp-content\/uploads\/2025\/10\/GREMICAFE-PREUCAFE.jpg","width":1080,"height":1350,"caption":"GREMI CAF\u00c8 -INCREMENT PREU CAF\u00c8"},{"@type":"BreadcrumbList","@id":"https:\/\/gremicafe.cat\/2025\/10\/20\/el-cafe-es-el-producte-que-mes-ha-pujat-de-la-cistella-de-la-compra\/#breadcrumb","itemListElement":[{"@type":"ListItem","position":1,"name":"Inici","item":"https:\/\/gremicafe.cat\/"},{"@type":"ListItem","position":2,"name":"El caf\u00e8 \u00e9s el producte que m\u00e9s ha pujat de la cistella de la compra"}]},{"@type":"WebSite","@id":"https:\/\/gremicafe.cat\/#website","url":"https:\/\/gremicafe.cat\/","name":"Gremio del Caf\u00e9, tostadores de Catalu\u00f1a","description":"Web oficial del gremio de tostadores de caf\u00e9 de Catalunya","publisher":{"@id":"https:\/\/gremicafe.cat\/#organization"},"potentialAction":[{"@type":"SearchAction","target":{"@type":"EntryPoint","urlTemplate":"https:\/\/gremicafe.cat\/?s={search_term_string}"},"query-input":{"@type":"PropertyValueSpecification","valueRequired":true,"valueName":"search_term_string"}}],"inLanguage":"es"},{"@type":"Organization","@id":"https:\/\/gremicafe.cat\/#organization","name":"Gremio del Caf\u00e9, Tostadores de Catalu\u00f1a","url":"https:\/\/gremicafe.cat\/","logo":{"@type":"ImageObject","inLanguage":"es","@id":"https:\/\/gremicafe.cat\/#\/schema\/logo\/image\/","url":"https:\/\/gremicafe.cat\/wp-content\/uploads\/2018\/03\/gremicafe-logo250.png","contentUrl":"https:\/\/gremicafe.cat\/wp-content\/uploads\/2018\/03\/gremicafe-logo250.png","width":250,"height":49,"caption":"Gremi del Caf\u00e8, Torradors de Catalunya"},"image":{"@id":"https:\/\/gremicafe.cat\/#\/schema\/logo\/image\/"},"sameAs":["https:\/\/www.facebook.com\/gremicafecat","https:\/\/x.com\/gremicafecat","https:\/\/www.instagram.com\/gremicafecat\/","https:\/\/www.pinterest.es\/gremicafecat\/","https:\/\/www.youtube.com\/channel\/UCGLo5Y35vLwLvP4FrPZrCrw\/"]},{"@type":"Person","@id":"https:\/\/gremicafe.cat\/#\/schema\/person\/dabfdbb3d0fa36260855a380f94e4733","name":"gremicafe","image":{"@type":"ImageObject","inLanguage":"es","@id":"https:\/\/gremicafe.cat\/#\/schema\/person\/image\/","url":"https:\/\/secure.gravatar.com\/avatar\/e59baa4ca8f6f97576d6375fb6d3c8f0?s=96&d=mm&r=g","contentUrl":"https:\/\/secure.gravatar.com\/avatar\/e59baa4ca8f6f97576d6375fb6d3c8f0?s=96&d=mm&r=g","caption":"gremicafe"}}]}},"_links":{"self":[{"href":"https:\/\/gremicafe.cat\/es\/wp-json\/wp\/v2\/posts\/7972"}],"collection":[{"href":"https:\/\/gremicafe.cat\/es\/wp-json\/wp\/v2\/posts"}],"about":[{"href":"https:\/\/gremicafe.cat\/es\/wp-json\/wp\/v2\/types\/post"}],"author":[{"embeddable":true,"href":"https:\/\/gremicafe.cat\/es\/wp-json\/wp\/v2\/users\/1"}],"replies":[{"embeddable":true,"href":"https:\/\/gremicafe.cat\/es\/wp-json\/wp\/v2\/comments?post=7972"}],"version-history":[{"count":0,"href":"https:\/\/gremicafe.cat\/es\/wp-json\/wp\/v2\/posts\/7972\/revisions"}],"wp:featuredmedia":[{"embeddable":true,"href":"https:\/\/gremicafe.cat\/es\/wp-json\/wp\/v2\/media\/7974"}],"wp:attachment":[{"href":"https:\/\/gremicafe.cat\/es\/wp-json\/wp\/v2\/media?parent=7972"}],"wp:term":[{"taxonomy":"category","embeddable":true,"href":"https:\/\/gremicafe.cat\/es\/wp-json\/wp\/v2\/categories?post=7972"},{"taxonomy":"post_tag","embeddable":true,"href":"https:\/\/gremicafe.cat\/es\/wp-json\/wp\/v2\/tags?post=7972"}],"curies":[{"name":"wp","href":"https:\/\/api.w.org\/{rel}","templated":true}]}}