{"id":8014,"date":"2025-11-18T18:25:24","date_gmt":"2025-11-18T17:25:24","guid":{"rendered":"https:\/\/gremicafe.cat\/?p=8014"},"modified":"2025-12-01T16:08:24","modified_gmt":"2025-12-01T15:08:24","slug":"campionat-barista-batalla-cafes-2025","status":"publish","type":"post","link":"https:\/\/gremicafe.cat\/es\/2025\/11\/18\/campionat-barista-batalla-cafes-2025\/","title":{"rendered":"Campeonato Barista Batalla Caf\u00e9s 2025"},"content":{"rendered":"<p class=\"p3\"><em>L\u00e9rida, 17 de noviembre de 2025.<\/em> \u2013<strong> Caf\u00e9s Batalla<\/strong>, el caf\u00e9 de Lleida, celebr\u00f3 el <b>Campeonato Barista Batalla Caf\u00e9s 2025<\/b> en una <b>edici\u00f3n especial de su 75 aniversario<\/b>.<\/p>\n<p class=\"p3\">La competici\u00f3n, celebrada en las instalaciones de la f\u00e1brica de Caf\u00e9s Batalla en el pol\u00edgono Cam\u00ed dels Frares de Lleida, dur\u00f3 m\u00e1s de cinco horas y atrajo a m\u00e1s de 100 personas, entre los que se<span class=\"s1\">&#039;<\/span>encontraban varios establecimientos de<span class=\"s1\">&#039;<\/span>hosteler\u00eda, periodistas especializados y familiares de los participantes. Todos valoraron el inter\u00e9s y la pasi\u00f3n creciente por la cultura del caf\u00e9 de especialidad.<\/p>\n<p class=\"p5\">Los ganadores de la jornada fueron:<\/p>\n<p class=\"p3\"><b>Primer Lugar (Trofeo Barista de Oro):<\/b> <b>Cindy Mar\u00eda Burgos<\/b> de <b>Rugaca Bar<\/b> (Huesca). Recibi\u00f3 el trofeo y una cafetera de alta gama <b>De&#039;Longhi La Specialista Touch<\/b>, acredit\u00e1ndola como la <b>Mejor Barista de Lleida 2025<\/b>.<\/p>\n<p class=\"p3\"><b>Segundo Lugar (Trofeo Barista de Plata):<\/b> <b>Clara Fern\u00e1ndez Donaire<\/b> de Il Capriccio (Lleida), quien gan\u00f3 el trofeo y la asistencia y desplazamiento al <b>Coffee Fest<\/b> de Madrid 2026.<\/p>\n<p class=\"p3\"><b>Tercer Lugar (Trofeo Barista de Bronce):<\/b> <b>Blanca Forcada Aguado<\/b> de <b>Pasteler\u00eda Carme<\/b> (Lleida), que recibi\u00f3 el trofeo y una cafetera de filtro <b>Trinity Zero Black<\/b>.<\/p>\n<p class=\"p5\">El jurado del campeonato estaba formado por un panel de expertos, profesionales de renombre en el mundo de la hosteler\u00eda, la gastronom\u00eda y la restauraci\u00f3n:<\/p>\n<p class=\"p5\"><b>Juez L\u00edder:<\/b> <b>Antoni Gros Manero<\/b>, representante del Gremio del Caf\u00e9.<br \/>\n<b>Juez Sensorial:<\/b> <b>Gal\u00b7la Pip\u00f3 Piqu\u00e9<\/b>, Cocinera, barista y comunicadora gastron\u00f3mica en prensa y redes sociales.<br \/>\n<b>Juez Sensorial:<\/b> <b>Laura Bosch<\/b> (CAMPEONA LLEIDA 2024), Due\u00f1a de la pasteler\u00eda Sucrerie.<br \/>\n<b>Juez T\u00e9cnico:<\/b> <b>Albert Graells<\/b> (JEFE DE SALA DE LA BOSQUENA ESTRELLA MICHELIN) de Bellvis.<br \/>\n<b>Juez Sensorial:<\/b> <b>Mayer Z. Vincelle<\/b> (CAMPEONA HUESCA 2025), En representaci\u00f3n de la pasteler\u00eda Vincelle de Jaca.<\/p>\n<p class=\"p5\"><b>Xavier Batalla<\/b>, jefe de producci\u00f3n de Batalla Caf\u00e9s, destac\u00f3 que <span class=\"s1\"><i>\u201c<\/i><\/span><i>con este campeonato hemos querido poner en valor la figura del barista, dando visibilidad a su talento y fomentando la cultura del caf\u00e9 de especialidad\u201d<\/i><span class=\"s1\">.<\/span><\/p>\n<p class=\"p5\">El Campeonato cont\u00f3 con la colaboraci\u00f3n del <b>Gremio del Caf\u00e9,<\/b> tostadores de Catalu\u00f1a y de <b>l<\/b><span class=\"s1\"><b>&#039;<\/b><\/span><b>Asociaci\u00f3n Espa\u00f1ola del Caf\u00e9<\/b> (AEcaf\u00e9)<span class=\"s1\">.<\/span><\/p>\n<p>&nbsp;<\/p>\n<div id=\"attachment_8015\" style=\"width: 2570px\" class=\"wp-caption aligncenter\"><img loading=\"lazy\" decoding=\"async\" aria-describedby=\"caption-attachment-8015\" class=\"size-full wp-image-8015\" src=\"https:\/\/gremicafe.cat\/wp-content\/uploads\/2025\/11\/DSC06334-scaled.jpeg\" alt=\"Campionat Barista Cafes Batalla 2025\" width=\"2560\" height=\"1882\" srcset=\"https:\/\/gremicafe.cat\/wp-content\/uploads\/2025\/11\/DSC06334-scaled.jpeg 2560w, https:\/\/gremicafe.cat\/wp-content\/uploads\/2025\/11\/DSC06334-768x565.jpeg 768w, https:\/\/gremicafe.cat\/wp-content\/uploads\/2025\/11\/DSC06334-1536x1129.jpeg 1536w, https:\/\/gremicafe.cat\/wp-content\/uploads\/2025\/11\/DSC06334-2048x1506.jpeg 2048w, https:\/\/gremicafe.cat\/wp-content\/uploads\/2025\/11\/DSC06334-16x12.jpeg 16w, https:\/\/gremicafe.cat\/wp-content\/uploads\/2025\/11\/DSC06334-979x720.jpeg 979w\" sizes=\"(max-width: 2560px) 100vw, 2560px\" \/><p id=\"caption-attachment-8015\" class=\"wp-caption-text\">Campeonato Barista Cafes Batalla 2025<\/p><\/div>\n<div id=\"attachment_8029\" style=\"width: 2570px\" class=\"wp-caption aligncenter\"><img loading=\"lazy\" decoding=\"async\" aria-describedby=\"caption-attachment-8029\" class=\"size-full wp-image-8029\" src=\"https:\/\/gremicafe.cat\/wp-content\/uploads\/2025\/11\/DSC02117-scaled.jpeg\" alt=\"Campionat Barista Batalla Caf\u00e8s 2025\" width=\"2560\" height=\"1710\" srcset=\"https:\/\/gremicafe.cat\/wp-content\/uploads\/2025\/11\/DSC02117-scaled.jpeg 2560w, https:\/\/gremicafe.cat\/wp-content\/uploads\/2025\/11\/DSC02117-768x513.jpeg 768w, https:\/\/gremicafe.cat\/wp-content\/uploads\/2025\/11\/DSC02117-1536x1026.jpeg 1536w, https:\/\/gremicafe.cat\/wp-content\/uploads\/2025\/11\/DSC02117-2048x1368.jpeg 2048w, https:\/\/gremicafe.cat\/wp-content\/uploads\/2025\/11\/DSC02117-18x12.jpeg 18w, https:\/\/gremicafe.cat\/wp-content\/uploads\/2025\/11\/DSC02117-1078x720.jpeg 1078w\" sizes=\"(max-width: 2560px) 100vw, 2560px\" \/><p id=\"caption-attachment-8029\" class=\"wp-caption-text\">Cindy Mar\u00eda Burgos de Rugaca Bar, ganadora del Campeonato Barista Batalla Caf\u00e9s 2025<\/p><\/div>\n<p>&nbsp;<\/p>\n<div id=\"attachment_8030\" style=\"width: 2570px\" class=\"wp-caption aligncenter\"><img loading=\"lazy\" decoding=\"async\" aria-describedby=\"caption-attachment-8030\" class=\"size-full wp-image-8030\" src=\"https:\/\/gremicafe.cat\/wp-content\/uploads\/2025\/11\/DSC02131-scaled.jpeg\" alt=\"Campionat Barista Batalla Caf\u00e8s 2025\" width=\"2560\" height=\"1710\" srcset=\"https:\/\/gremicafe.cat\/wp-content\/uploads\/2025\/11\/DSC02131-scaled.jpeg 2560w, https:\/\/gremicafe.cat\/wp-content\/uploads\/2025\/11\/DSC02131-768x513.jpeg 768w, https:\/\/gremicafe.cat\/wp-content\/uploads\/2025\/11\/DSC02131-1536x1026.jpeg 1536w, https:\/\/gremicafe.cat\/wp-content\/uploads\/2025\/11\/DSC02131-2048x1368.jpeg 2048w, https:\/\/gremicafe.cat\/wp-content\/uploads\/2025\/11\/DSC02131-18x12.jpeg 18w, https:\/\/gremicafe.cat\/wp-content\/uploads\/2025\/11\/DSC02131-1078x720.jpeg 1078w\" sizes=\"(max-width: 2560px) 100vw, 2560px\" \/><p id=\"caption-attachment-8030\" class=\"wp-caption-text\">Campeonato Barista Batalla Caf\u00e9s 2025<\/p><\/div>","protected":false},"excerpt":{"rendered":"<p>Lleida, 17 de novembre de 2025. &#8211; Caf\u00e8s Batalla, el caf\u00e8 de Lleida, va celebrar el Campionat Barista Batalla Caf\u00e8s 2025 en una edici\u00f3 especial del seu 75\u00e8 aniversari. La competici\u00f3, celebrada a les instal\u00b7lacions de la la f\u00e0brica de Caf\u00e8s Batalla al pol\u00edgon Cam\u00ed dels Frares de Lleida, va durar m\u00e9s de cinc hores [&hellip;]<\/p>\n","protected":false},"author":1,"featured_media":8015,"comment_status":"closed","ping_status":"open","sticky":false,"template":"","format":"standard","meta":{"_acf_changed":false,"inline_featured_image":false,"footnotes":""},"categories":[1],"tags":[132,176,177],"class_list":["post-8014","post","type-post","status-publish","format-standard","has-post-thumbnail","hentry","category-noticies","tag-cafes-batalla","tag-campionat-barista","tag-lleida"],"acf":[],"yoast_head":"<!-- This site is optimized with the Yoast SEO plugin v25.5 - https:\/\/yoast.com\/wordpress\/plugins\/seo\/ -->\n<title>Campionat Barista Batalla Caf\u00e8s 2025 - Gremi del Caf\u00e8, torradors de Catalunya<\/title>\n<meta name=\"description\" content=\"Caf\u00e8s Batalla, el caf\u00e8 de Lleida, va celebrar el Campionat Barista Batalla Caf\u00e8s 2025 en una edici\u00f3 especial del seu 75\u00e8 aniversari.\" \/>\n<meta name=\"robots\" content=\"index, follow, max-snippet:-1, max-image-preview:large, max-video-preview:-1\" \/>\n<link rel=\"canonical\" href=\"https:\/\/gremicafe.cat\/es\/2025\/11\/18\/campionat-barista-batalla-cafes-2025\/\" \/>\n<meta property=\"og:locale\" content=\"es_ES\" \/>\n<meta property=\"og:type\" content=\"article\" \/>\n<meta property=\"og:title\" content=\"Campionat Barista Batalla Caf\u00e8s 2025 - Gremi del Caf\u00e8, torradors de Catalunya\" \/>\n<meta property=\"og:description\" content=\"Caf\u00e8s Batalla, el caf\u00e8 de Lleida, va celebrar el Campionat Barista Batalla Caf\u00e8s 2025 en una edici\u00f3 especial del seu 75\u00e8 aniversari.\" \/>\n<meta property=\"og:url\" content=\"https:\/\/gremicafe.cat\/es\/2025\/11\/18\/campionat-barista-batalla-cafes-2025\/\" \/>\n<meta property=\"og:site_name\" content=\"Gremi del Caf\u00e8, torradors de Catalunya\" \/>\n<meta property=\"article:publisher\" content=\"https:\/\/www.facebook.com\/gremicafecat\" \/>\n<meta property=\"article:published_time\" content=\"2025-11-18T17:25:24+00:00\" \/>\n<meta property=\"article:modified_time\" content=\"2025-12-01T15:08:24+00:00\" \/>\n<meta property=\"og:image\" content=\"https:\/\/gremicafe.cat\/wp-content\/uploads\/2025\/11\/DSC06334-scaled.jpeg\" \/>\n\t<meta property=\"og:image:width\" content=\"2560\" \/>\n\t<meta property=\"og:image:height\" content=\"1882\" \/>\n\t<meta property=\"og:image:type\" content=\"image\/jpeg\" \/>\n<meta name=\"author\" content=\"gremicafe\" \/>\n<meta name=\"twitter:card\" content=\"summary_large_image\" \/>\n<meta name=\"twitter:creator\" content=\"@gremicafecat\" \/>\n<meta name=\"twitter:site\" content=\"@gremicafecat\" \/>\n<meta name=\"twitter:label1\" content=\"Escrito por\" \/>\n\t<meta name=\"twitter:data1\" content=\"gremicafe\" \/>\n\t<meta name=\"twitter:label2\" content=\"Tiempo de lectura\" \/>\n\t<meta name=\"twitter:data2\" content=\"3 minutos\" \/>\n<script type=\"application\/ld+json\" class=\"yoast-schema-graph\">{\"@context\":\"https:\/\/schema.org\",\"@graph\":[{\"@type\":\"Article\",\"@id\":\"https:\/\/gremicafe.cat\/2025\/11\/18\/campionat-barista-batalla-cafes-2025\/#article\",\"isPartOf\":{\"@id\":\"https:\/\/gremicafe.cat\/2025\/11\/18\/campionat-barista-batalla-cafes-2025\/\"},\"author\":{\"name\":\"gremicafe\",\"@id\":\"https:\/\/gremicafe.cat\/#\/schema\/person\/dabfdbb3d0fa36260855a380f94e4733\"},\"headline\":\"Campionat Barista Batalla Caf\u00e8s 2025\",\"datePublished\":\"2025-11-18T17:25:24+00:00\",\"dateModified\":\"2025-12-01T15:08:24+00:00\",\"mainEntityOfPage\":{\"@id\":\"https:\/\/gremicafe.cat\/2025\/11\/18\/campionat-barista-batalla-cafes-2025\/\"},\"wordCount\":397,\"publisher\":{\"@id\":\"https:\/\/gremicafe.cat\/#organization\"},\"image\":{\"@id\":\"https:\/\/gremicafe.cat\/2025\/11\/18\/campionat-barista-batalla-cafes-2025\/#primaryimage\"},\"thumbnailUrl\":\"https:\/\/gremicafe.cat\/wp-content\/uploads\/2025\/11\/DSC06334-scaled.jpeg\",\"keywords\":[\"Caf\u00e8s Batalla\",\"Campionat Barista\",\"LLeida\"],\"articleSection\":[\"Not\u00edcies\"],\"inLanguage\":\"es\"},{\"@type\":\"WebPage\",\"@id\":\"https:\/\/gremicafe.cat\/2025\/11\/18\/campionat-barista-batalla-cafes-2025\/\",\"url\":\"https:\/\/gremicafe.cat\/2025\/11\/18\/campionat-barista-batalla-cafes-2025\/\",\"name\":\"Campionat Barista Batalla Caf\u00e8s 2025 - Gremi del Caf\u00e8, torradors de Catalunya\",\"isPartOf\":{\"@id\":\"https:\/\/gremicafe.cat\/#website\"},\"primaryImageOfPage\":{\"@id\":\"https:\/\/gremicafe.cat\/2025\/11\/18\/campionat-barista-batalla-cafes-2025\/#primaryimage\"},\"image\":{\"@id\":\"https:\/\/gremicafe.cat\/2025\/11\/18\/campionat-barista-batalla-cafes-2025\/#primaryimage\"},\"thumbnailUrl\":\"https:\/\/gremicafe.cat\/wp-content\/uploads\/2025\/11\/DSC06334-scaled.jpeg\",\"datePublished\":\"2025-11-18T17:25:24+00:00\",\"dateModified\":\"2025-12-01T15:08:24+00:00\",\"description\":\"Caf\u00e8s Batalla, el caf\u00e8 de Lleida, va celebrar el Campionat Barista Batalla Caf\u00e8s 2025 en una edici\u00f3 especial del seu 75\u00e8 aniversari.\",\"breadcrumb\":{\"@id\":\"https:\/\/gremicafe.cat\/2025\/11\/18\/campionat-barista-batalla-cafes-2025\/#breadcrumb\"},\"inLanguage\":\"es\",\"potentialAction\":[{\"@type\":\"ReadAction\",\"target\":[\"https:\/\/gremicafe.cat\/2025\/11\/18\/campionat-barista-batalla-cafes-2025\/\"]}]},{\"@type\":\"ImageObject\",\"inLanguage\":\"es\",\"@id\":\"https:\/\/gremicafe.cat\/2025\/11\/18\/campionat-barista-batalla-cafes-2025\/#primaryimage\",\"url\":\"https:\/\/gremicafe.cat\/wp-content\/uploads\/2025\/11\/DSC06334-scaled.jpeg\",\"contentUrl\":\"https:\/\/gremicafe.cat\/wp-content\/uploads\/2025\/11\/DSC06334-scaled.jpeg\",\"width\":2560,\"height\":1882,\"caption\":\"Campionat Barista Cafes Batalla 2025\"},{\"@type\":\"BreadcrumbList\",\"@id\":\"https:\/\/gremicafe.cat\/2025\/11\/18\/campionat-barista-batalla-cafes-2025\/#breadcrumb\",\"itemListElement\":[{\"@type\":\"ListItem\",\"position\":1,\"name\":\"Inici\",\"item\":\"https:\/\/gremicafe.cat\/\"},{\"@type\":\"ListItem\",\"position\":2,\"name\":\"Campionat Barista Batalla Caf\u00e8s 2025\"}]},{\"@type\":\"WebSite\",\"@id\":\"https:\/\/gremicafe.cat\/#website\",\"url\":\"https:\/\/gremicafe.cat\/\",\"name\":\"Gremi del Caf\u00e8, torradors de Catalunya\",\"description\":\"Web oficial del gremi de torradors de caf\u00e8 de Catalunya\",\"publisher\":{\"@id\":\"https:\/\/gremicafe.cat\/#organization\"},\"potentialAction\":[{\"@type\":\"SearchAction\",\"target\":{\"@type\":\"EntryPoint\",\"urlTemplate\":\"https:\/\/gremicafe.cat\/?s={search_term_string}\"},\"query-input\":{\"@type\":\"PropertyValueSpecification\",\"valueRequired\":true,\"valueName\":\"search_term_string\"}}],\"inLanguage\":\"es\"},{\"@type\":\"Organization\",\"@id\":\"https:\/\/gremicafe.cat\/#organization\",\"name\":\"Gremi del Caf\u00e8, Torradors de Catalunya\",\"url\":\"https:\/\/gremicafe.cat\/\",\"logo\":{\"@type\":\"ImageObject\",\"inLanguage\":\"es\",\"@id\":\"https:\/\/gremicafe.cat\/#\/schema\/logo\/image\/\",\"url\":\"https:\/\/gremicafe.cat\/wp-content\/uploads\/2018\/03\/gremicafe-logo250.png\",\"contentUrl\":\"https:\/\/gremicafe.cat\/wp-content\/uploads\/2018\/03\/gremicafe-logo250.png\",\"width\":250,\"height\":49,\"caption\":\"Gremi del Caf\u00e8, Torradors de Catalunya\"},\"image\":{\"@id\":\"https:\/\/gremicafe.cat\/#\/schema\/logo\/image\/\"},\"sameAs\":[\"https:\/\/www.facebook.com\/gremicafecat\",\"https:\/\/x.com\/gremicafecat\",\"https:\/\/www.instagram.com\/gremicafecat\/\",\"https:\/\/www.pinterest.es\/gremicafecat\/\",\"https:\/\/www.youtube.com\/channel\/UCGLo5Y35vLwLvP4FrPZrCrw\/\"]},{\"@type\":\"Person\",\"@id\":\"https:\/\/gremicafe.cat\/#\/schema\/person\/dabfdbb3d0fa36260855a380f94e4733\",\"name\":\"gremicafe\",\"image\":{\"@type\":\"ImageObject\",\"inLanguage\":\"es\",\"@id\":\"https:\/\/gremicafe.cat\/#\/schema\/person\/image\/\",\"url\":\"https:\/\/secure.gravatar.com\/avatar\/e59baa4ca8f6f97576d6375fb6d3c8f0?s=96&d=mm&r=g\",\"contentUrl\":\"https:\/\/secure.gravatar.com\/avatar\/e59baa4ca8f6f97576d6375fb6d3c8f0?s=96&d=mm&r=g\",\"caption\":\"gremicafe\"}}]}<\/script>\n<!-- \/ Yoast SEO plugin. -->","yoast_head_json":{"title":"Campionat Barista Batalla Caf\u00e8s 2025 - Gremi del Caf\u00e8, torradors de Catalunya","description":"Caf\u00e8s Batalla, el caf\u00e8 de Lleida, va celebrar el Campionat Barista Batalla Caf\u00e8s 2025 en una edici\u00f3 especial del seu 75\u00e8 aniversari.","robots":{"index":"index","follow":"follow","max-snippet":"max-snippet:-1","max-image-preview":"max-image-preview:large","max-video-preview":"max-video-preview:-1"},"canonical":"https:\/\/gremicafe.cat\/es\/2025\/11\/18\/campionat-barista-batalla-cafes-2025\/","og_locale":"es_ES","og_type":"article","og_title":"Campionat Barista Batalla Caf\u00e8s 2025 - Gremi del Caf\u00e8, torradors de Catalunya","og_description":"Caf\u00e8s Batalla, el caf\u00e8 de Lleida, va celebrar el Campionat Barista Batalla Caf\u00e8s 2025 en una edici\u00f3 especial del seu 75\u00e8 aniversari.","og_url":"https:\/\/gremicafe.cat\/es\/2025\/11\/18\/campionat-barista-batalla-cafes-2025\/","og_site_name":"Gremi del Caf\u00e8, torradors de Catalunya","article_publisher":"https:\/\/www.facebook.com\/gremicafecat","article_published_time":"2025-11-18T17:25:24+00:00","article_modified_time":"2025-12-01T15:08:24+00:00","og_image":[{"width":2560,"height":1882,"url":"https:\/\/gremicafe.cat\/wp-content\/uploads\/2025\/11\/DSC06334-scaled.jpeg","type":"image\/jpeg"}],"author":"gremicafe","twitter_card":"summary_large_image","twitter_creator":"@gremicafecat","twitter_site":"@gremicafecat","twitter_misc":{"Escrito por":"gremicafe","Tiempo de lectura":"3 minutos"},"schema":{"@context":"https:\/\/schema.org","@graph":[{"@type":"Article","@id":"https:\/\/gremicafe.cat\/2025\/11\/18\/campionat-barista-batalla-cafes-2025\/#article","isPartOf":{"@id":"https:\/\/gremicafe.cat\/2025\/11\/18\/campionat-barista-batalla-cafes-2025\/"},"author":{"name":"gremicafe","@id":"https:\/\/gremicafe.cat\/#\/schema\/person\/dabfdbb3d0fa36260855a380f94e4733"},"headline":"Campionat Barista Batalla Caf\u00e8s 2025","datePublished":"2025-11-18T17:25:24+00:00","dateModified":"2025-12-01T15:08:24+00:00","mainEntityOfPage":{"@id":"https:\/\/gremicafe.cat\/2025\/11\/18\/campionat-barista-batalla-cafes-2025\/"},"wordCount":397,"publisher":{"@id":"https:\/\/gremicafe.cat\/#organization"},"image":{"@id":"https:\/\/gremicafe.cat\/2025\/11\/18\/campionat-barista-batalla-cafes-2025\/#primaryimage"},"thumbnailUrl":"https:\/\/gremicafe.cat\/wp-content\/uploads\/2025\/11\/DSC06334-scaled.jpeg","keywords":["Caf\u00e8s Batalla","Campionat Barista","LLeida"],"articleSection":["Not\u00edcies"],"inLanguage":"es"},{"@type":"WebPage","@id":"https:\/\/gremicafe.cat\/2025\/11\/18\/campionat-barista-batalla-cafes-2025\/","url":"https:\/\/gremicafe.cat\/2025\/11\/18\/campionat-barista-batalla-cafes-2025\/","name":"Campionat Barista Batalla Caf\u00e8s 2025 - Gremi del Caf\u00e8, torradors de Catalunya","isPartOf":{"@id":"https:\/\/gremicafe.cat\/#website"},"primaryImageOfPage":{"@id":"https:\/\/gremicafe.cat\/2025\/11\/18\/campionat-barista-batalla-cafes-2025\/#primaryimage"},"image":{"@id":"https:\/\/gremicafe.cat\/2025\/11\/18\/campionat-barista-batalla-cafes-2025\/#primaryimage"},"thumbnailUrl":"https:\/\/gremicafe.cat\/wp-content\/uploads\/2025\/11\/DSC06334-scaled.jpeg","datePublished":"2025-11-18T17:25:24+00:00","dateModified":"2025-12-01T15:08:24+00:00","description":"Caf\u00e8s Batalla, el caf\u00e8 de Lleida, va celebrar el Campionat Barista Batalla Caf\u00e8s 2025 en una edici\u00f3 especial del seu 75\u00e8 aniversari.","breadcrumb":{"@id":"https:\/\/gremicafe.cat\/2025\/11\/18\/campionat-barista-batalla-cafes-2025\/#breadcrumb"},"inLanguage":"es","potentialAction":[{"@type":"ReadAction","target":["https:\/\/gremicafe.cat\/2025\/11\/18\/campionat-barista-batalla-cafes-2025\/"]}]},{"@type":"ImageObject","inLanguage":"es","@id":"https:\/\/gremicafe.cat\/2025\/11\/18\/campionat-barista-batalla-cafes-2025\/#primaryimage","url":"https:\/\/gremicafe.cat\/wp-content\/uploads\/2025\/11\/DSC06334-scaled.jpeg","contentUrl":"https:\/\/gremicafe.cat\/wp-content\/uploads\/2025\/11\/DSC06334-scaled.jpeg","width":2560,"height":1882,"caption":"Campionat Barista Cafes Batalla 2025"},{"@type":"BreadcrumbList","@id":"https:\/\/gremicafe.cat\/2025\/11\/18\/campionat-barista-batalla-cafes-2025\/#breadcrumb","itemListElement":[{"@type":"ListItem","position":1,"name":"Inici","item":"https:\/\/gremicafe.cat\/"},{"@type":"ListItem","position":2,"name":"Campionat Barista Batalla Caf\u00e8s 2025"}]},{"@type":"WebSite","@id":"https:\/\/gremicafe.cat\/#website","url":"https:\/\/gremicafe.cat\/","name":"Gremio del Caf\u00e9, tostadores de Catalu\u00f1a","description":"Web oficial del gremio de tostadores de caf\u00e9 de Catalunya","publisher":{"@id":"https:\/\/gremicafe.cat\/#organization"},"potentialAction":[{"@type":"SearchAction","target":{"@type":"EntryPoint","urlTemplate":"https:\/\/gremicafe.cat\/?s={search_term_string}"},"query-input":{"@type":"PropertyValueSpecification","valueRequired":true,"valueName":"search_term_string"}}],"inLanguage":"es"},{"@type":"Organization","@id":"https:\/\/gremicafe.cat\/#organization","name":"Gremio del Caf\u00e9, Tostadores de Catalu\u00f1a","url":"https:\/\/gremicafe.cat\/","logo":{"@type":"ImageObject","inLanguage":"es","@id":"https:\/\/gremicafe.cat\/#\/schema\/logo\/image\/","url":"https:\/\/gremicafe.cat\/wp-content\/uploads\/2018\/03\/gremicafe-logo250.png","contentUrl":"https:\/\/gremicafe.cat\/wp-content\/uploads\/2018\/03\/gremicafe-logo250.png","width":250,"height":49,"caption":"Gremi del Caf\u00e8, Torradors de Catalunya"},"image":{"@id":"https:\/\/gremicafe.cat\/#\/schema\/logo\/image\/"},"sameAs":["https:\/\/www.facebook.com\/gremicafecat","https:\/\/x.com\/gremicafecat","https:\/\/www.instagram.com\/gremicafecat\/","https:\/\/www.pinterest.es\/gremicafecat\/","https:\/\/www.youtube.com\/channel\/UCGLo5Y35vLwLvP4FrPZrCrw\/"]},{"@type":"Person","@id":"https:\/\/gremicafe.cat\/#\/schema\/person\/dabfdbb3d0fa36260855a380f94e4733","name":"gremicafe","image":{"@type":"ImageObject","inLanguage":"es","@id":"https:\/\/gremicafe.cat\/#\/schema\/person\/image\/","url":"https:\/\/secure.gravatar.com\/avatar\/e59baa4ca8f6f97576d6375fb6d3c8f0?s=96&d=mm&r=g","contentUrl":"https:\/\/secure.gravatar.com\/avatar\/e59baa4ca8f6f97576d6375fb6d3c8f0?s=96&d=mm&r=g","caption":"gremicafe"}}]}},"_links":{"self":[{"href":"https:\/\/gremicafe.cat\/es\/wp-json\/wp\/v2\/posts\/8014"}],"collection":[{"href":"https:\/\/gremicafe.cat\/es\/wp-json\/wp\/v2\/posts"}],"about":[{"href":"https:\/\/gremicafe.cat\/es\/wp-json\/wp\/v2\/types\/post"}],"author":[{"embeddable":true,"href":"https:\/\/gremicafe.cat\/es\/wp-json\/wp\/v2\/users\/1"}],"replies":[{"embeddable":true,"href":"https:\/\/gremicafe.cat\/es\/wp-json\/wp\/v2\/comments?post=8014"}],"version-history":[{"count":0,"href":"https:\/\/gremicafe.cat\/es\/wp-json\/wp\/v2\/posts\/8014\/revisions"}],"wp:featuredmedia":[{"embeddable":true,"href":"https:\/\/gremicafe.cat\/es\/wp-json\/wp\/v2\/media\/8015"}],"wp:attachment":[{"href":"https:\/\/gremicafe.cat\/es\/wp-json\/wp\/v2\/media?parent=8014"}],"wp:term":[{"taxonomy":"category","embeddable":true,"href":"https:\/\/gremicafe.cat\/es\/wp-json\/wp\/v2\/categories?post=8014"},{"taxonomy":"post_tag","embeddable":true,"href":"https:\/\/gremicafe.cat\/es\/wp-json\/wp\/v2\/tags?post=8014"}],"curies":[{"name":"wp","href":"https:\/\/api.w.org\/{rel}","templated":true}]}}