{"id":8020,"date":"2025-11-26T20:43:43","date_gmt":"2025-11-26T19:43:43","guid":{"rendered":"https:\/\/gremicafe.cat\/?p=8020"},"modified":"2025-11-26T20:45:19","modified_gmt":"2025-11-26T19:45:19","slug":"les-estrelles-michelin-a-catalunya","status":"publish","type":"post","link":"https:\/\/gremicafe.cat\/es\/2025\/11\/26\/les-estrelles-michelin-a-catalunya\/","title":{"rendered":"Las estrellas Michelin en Catalu\u00f1a"},"content":{"rendered":"<p class=\"p1\"><span class=\"s1\">Catalu\u00f1a es la comunidad del Estado que, de largo, tiene m\u00e1s estrellas Michelin. Ahora mismo cuenta con\u00a0<\/span><span class=\"s2\"><b>62 restaurantes con alguna estrella<\/b><\/span><span class=\"s1\">; 48 restaurantes con una estrella, 9 con dos y 5 con tres.\u00a0<\/span><span class=\"s2\"><b>En total, 81 estrellas<\/b><\/span><span class=\"s1\">. Hagamos un repaso de las seis nuevas incorporaciones, pero tambi\u00e9n de los dos restaurantes que han perdido, as\u00ed como de las entradas en el Bib Gourmand, la liga de restaurantes de calidad a un precio m\u00e1s econ\u00f3mico. De hecho, en la lista, el 80% de los restaurantes son o bien de esta categor\u00eda, o bien de la de recomendados.<\/span><\/p>\n<p class=\"p1\"><span class=\"s1\">Tras la gala de ayer en M\u00e1laga, todos los tres estrellas catalanes revalidaron el t\u00edtulo. No se ha ganado ni perdido ninguna en todo el Estado. Hay 16, de los cuales 5 en Catalu\u00f1a. En la categor\u00eda de dos estrellas hemos tenido cuatro ascensos. Tres restaurantes de Barcelona:\u00a0<\/span><span class=\"s2\"><b>Aleia<\/b><\/span><span class=\"s1\">, de Rafa de Bedoya y Paulo Airaudo,\u00a0<\/span><span class=\"s2\"><b>Enigma<\/b><\/span><span class=\"s1\">, de Albert Adri\u00e0, y\u00a0<\/span><span class=\"s2\"><b>Monte Bar<\/b><\/span><span class=\"s1\">, de Fran Agudo. El cuarto restaurante lo encontramos en Bellv\u00eds, en el Pla d&#039;Urgell, y es\u00a0<\/span><span class=\"s2\"><b>La Boscana<\/b><\/span><span class=\"s1\">\u00a0de Joel Castany\u00e9 y Mar\u00eda \u00c1ngeles Chiriboga. En total ha habido cinco nueve dos estrellas. El quinto ha sido el restaurante de Madrid\u00a0<\/span><span class=\"s2\"><b>Ramon Freixa Atelier<\/b><\/span><span class=\"s1\">, del catal\u00e1n Ramon Freixa.<\/span><\/p>\n<p class=\"p3\"><span class=\"s2\"><b>Tres estrellas<br \/>\n<\/b><b><\/b><\/span><span class=\"s2\">Disfrutar, Barcelona<br \/>\n<\/span><span class=\"s2\">La Bodega de Can Roca, Girona<br \/>\n<\/span><span class=\"s2\">Lasarte, Barcelona<br \/>\n<\/span><span class=\"s2\">ABaC, Barcelona<br \/>\n<\/span><span class=\"s2\">Cocina Hermanos Torres, Barcelona<\/span><\/p>\n<p class=\"p3\"><span class=\"s2\"><b>Dos estrellas<br \/>\n<\/b><b><\/b><\/span><span class=\"s2\">La Boscana, Bellv\u00eds<br \/>\n<\/span><span class=\"s2\">Les Cols, Olot<\/span><span class=\"s2\">Aleia, Barcelona<br \/>\n<\/span><span class=\"s2\">Bo.TiC, Cor\u00e7\u00e0<br \/>\n<\/span><span class=\"s2\">Cinco Sentidos, Barcelona<br \/>\n<\/span><span class=\"s2\">Enigma, Barcelona<br \/>\n<\/span><span class=\"s2\">Enoteca, Barcelona<br \/>\n<\/span><span class=\"s2\">Mont Bar, Barcelona<br \/>\n<\/span><span class=\"s2\">Miramar, Llan\u00e7\u00e0<\/span><\/p>\n<p class=\"p3\"><span class=\"s2\"><b>Una estrella<br \/>\n<\/b><b><\/b><\/span><span class=\"s2\">Citrus del Cerrado, Alcanar<br \/>\n<\/span><span class=\"s2\">La Alianza 1919, Ingl\u00e9s<br \/>\n<\/span><span class=\"s2\">Las Magnolias, Arb\u00faceas<br \/>\n<\/span><span class=\"s2\">Alkimia, Barcelona<br \/>\n<\/span><span class=\"s2\">Caelis, Barcelona<br \/>\n<\/span><span class=\"s2\">Dos Palillos, Barcelona<br \/>\n<\/span><span class=\"s2\">Hisopo, Barcelona<br \/>\n<\/span><span class=\"s2\">Hofmann, Barcelona<br \/>\n<\/span><span class=\"s2\">Koy Shunka, Barcelona<br \/>\n<\/span><span class=\"s2\">Momentos, Barcelona<br \/>\n<\/span><span class=\"s2\">V\u00eda Veneto, Barcelona<br \/>\n<\/span><span class=\"s2\">Quirat, Barcelona<br \/>\n<\/span><span class=\"s2\">Suto, Barcelona<br \/>\n<\/span><span class=\"s2\">COME, Barcelona<br \/>\n<\/span><span class=\"s2\">Slow&amp;Low, Barcelona<br \/>\n<\/span><span class=\"s2\">Atempo, Barcelona<br \/>\n<\/span><span class=\"s2\">\u00c1ngulo, Barcelona<br \/>\n<\/span><span class=\"s2\">Fish\u00f8logy, Barcelona<br \/>\n<\/span><span class=\"s2\">MAE, Barcelona<br \/>\n<\/span><span class=\"s2\">Prodigio, Barcelona<br \/>\n<\/span><span class=\"s2\">Teatro kitchen &amp; bar, Barcelona<br \/>\n<\/span><span class=\"s2\">Can Jubany, Calldetenes<br \/>\n<\/span><span class=\"s2\">Can Bosch, Cambrils<br \/>\n<\/span><span class=\"s2\">Rinc\u00f3n de Diego, Cambrils<br \/>\n<\/span><span class=\"s2\">Emporium, Castell\u00f3 d&#039;Emp\u00faries<br \/>\n<\/span><span class=\"s2\">Cuatro Molinos, Cornudella de Montsant<br \/>\n<\/span><span class=\"s2\">Massana, Gerona<br \/>\n<\/span><span class=\"s2\">Divinum, Gerona<br \/>\n<\/span><span class=\"s2\">La Fonda Xesc, Gombr\u00e8n<br \/>\n<\/span><span class=\"s2\">Malena, Gimenells<br \/>\n<\/span><span class=\"s2\">Los Tinars, Llagostera<br \/>\n<\/span><span class=\"s2\">Tresmacarrones, El Masnou<br \/>\n<\/span><span class=\"s2\">Sala, Olost<br \/>\n<\/span><span class=\"s2\">Castillo Peralada, Peralada<br \/>\n<\/span><span class=\"s2\">Voramar, Portbou<br \/>\n<\/span><span class=\"s2\">Los Casals, Sag\u00e0s<br \/>\n<\/span><span class=\"s2\">Deliranto, Salou<br \/>\n<\/span><span class=\"s2\">El \u00d3, Sant Fruit\u00f3s de Bages<br \/>\n<\/span><span class=\"s2\">Esp\u00edritu Roca, San Juli\u00e1n de Ramis<br \/>\n<\/span><span class=\"s2\">Casa Nueva, Sant Mart\u00ed Sarroca<br \/>\n<\/span><span class=\"s2\">Lucerna, Santa Coloma de Gramenet<br \/>\n<\/span><span class=\"s2\">Fogony, Suerte<br \/>\n<\/span><span class=\"s2\">El Antiguo Molino, Ulldecona<br \/>\n<\/span><span class=\"s2\">Las Muelas, Ulldecona<br \/>\n<\/span><span class=\"s2\">Ca Enric, el Valle de Bianya<br \/>\n<\/span><span class=\"s2\">Villa Retiro, Xerta<\/span><\/p>\n<p class=\"p3\"><span class=\"s2\">Consulte la lista entera y lea la noticia en <a href=\"https:\/\/mengem.ara.cat\/restaurants\/recompte-final-han-quedat-aquest-any-estrelles-michelin-catalunya_1_5573177.html\" target=\"_blank\" rel=\"noopener\">Comemos.ahora<\/a><\/span><\/p>\n<p>Y en la web oficial de la <a href=\"https:\/\/guide.michelin.com\/es\/es\">Gu\u00eda Michelin<\/a><\/p>\n<div id=\"attachment_8024\" style=\"width: 2570px\" class=\"wp-caption aligncenter\"><img loading=\"lazy\" decoding=\"async\" aria-describedby=\"caption-attachment-8024\" class=\"size-full wp-image-8024\" src=\"https:\/\/gremicafe.cat\/wp-content\/uploads\/2025\/11\/Etoile_Michelin-1.svg.png\" alt=\"Estrella Michelin\" width=\"2560\" height=\"2795\" srcset=\"https:\/\/gremicafe.cat\/wp-content\/uploads\/2025\/11\/Etoile_Michelin-1.svg.png 2560w, https:\/\/gremicafe.cat\/wp-content\/uploads\/2025\/11\/Etoile_Michelin-1.svg-768x839.png 768w, https:\/\/gremicafe.cat\/wp-content\/uploads\/2025\/11\/Etoile_Michelin-1.svg-1407x1536.png 1407w, https:\/\/gremicafe.cat\/wp-content\/uploads\/2025\/11\/Etoile_Michelin-1.svg-1876x2048.png 1876w, https:\/\/gremicafe.cat\/wp-content\/uploads\/2025\/11\/Etoile_Michelin-1.svg-11x12.png 11w, https:\/\/gremicafe.cat\/wp-content\/uploads\/2025\/11\/Etoile_Michelin-1.svg-659x720.png 659w\" sizes=\"(max-width: 2560px) 100vw, 2560px\" \/><p id=\"caption-attachment-8024\" class=\"wp-caption-text\">Estrella Michelin<\/p><\/div>","protected":false},"excerpt":{"rendered":"<p>Catalunya \u00e9s la comunitat de l&#8217;Estat que, de llarg, t\u00e9 m\u00e9s estrelles Michelin. Ara mateix compta amb\u00a062 restaurants amb alguna estrella; 48 restaurants amb una estrella, 9 amb dues i 5 amb tres.\u00a0En total, 81 estrelles. Fem un rep\u00e0s de les sis noves incorporacions, per\u00f2 tamb\u00e9 dels dos restaurants que n&#8217;han perdut, aix\u00ed com de [&hellip;]<\/p>\n","protected":false},"author":1,"featured_media":8024,"comment_status":"closed","ping_status":"open","sticky":false,"template":"","format":"standard","meta":{"_acf_changed":false,"inline_featured_image":false,"footnotes":""},"categories":[1],"tags":[179,178,180],"class_list":["post-8020","post","type-post","status-publish","format-standard","has-post-thumbnail","hentry","category-noticies","tag-estrelles","tag-guia-michelin","tag-restaurants"],"acf":[],"yoast_head":"<!-- This site is optimized with the Yoast SEO plugin v25.5 - https:\/\/yoast.com\/wordpress\/plugins\/seo\/ -->\n<title>Les estrelles Michelin a Catalunya - Gremi del Caf\u00e8, torradors de Catalunya<\/title>\n<meta name=\"description\" content=\"Catalunya \u00e9s la comunitat de l&#039;Estat que, de llarg, t\u00e9 m\u00e9s estrelles Michelin. Ara mateix compta amb\u00a062 restaurants amb alguna estrella; 48 restaurants amb una estrella, 9 amb dues i 5 amb tres.\u00a0En total, 81 estrelles.\" \/>\n<meta name=\"robots\" content=\"index, follow, max-snippet:-1, max-image-preview:large, max-video-preview:-1\" \/>\n<link rel=\"canonical\" href=\"https:\/\/gremicafe.cat\/es\/2025\/11\/26\/les-estrelles-michelin-a-catalunya\/\" \/>\n<meta property=\"og:locale\" content=\"es_ES\" \/>\n<meta property=\"og:type\" content=\"article\" \/>\n<meta property=\"og:title\" content=\"Les estrelles Michelin a Catalunya - Gremi del Caf\u00e8, torradors de Catalunya\" \/>\n<meta property=\"og:description\" content=\"Catalunya \u00e9s la comunitat de l&#039;Estat que, de llarg, t\u00e9 m\u00e9s estrelles Michelin. Ara mateix compta amb\u00a062 restaurants amb alguna estrella; 48 restaurants amb una estrella, 9 amb dues i 5 amb tres.\u00a0En total, 81 estrelles.\" \/>\n<meta property=\"og:url\" content=\"https:\/\/gremicafe.cat\/es\/2025\/11\/26\/les-estrelles-michelin-a-catalunya\/\" \/>\n<meta property=\"og:site_name\" content=\"Gremi del Caf\u00e8, torradors de Catalunya\" \/>\n<meta property=\"article:publisher\" content=\"https:\/\/www.facebook.com\/gremicafecat\" \/>\n<meta property=\"article:published_time\" content=\"2025-11-26T19:43:43+00:00\" \/>\n<meta property=\"article:modified_time\" content=\"2025-11-26T19:45:19+00:00\" \/>\n<meta property=\"og:image\" content=\"https:\/\/gremicafe.cat\/wp-content\/uploads\/2025\/11\/Etoile_Michelin-1.svg.png\" \/>\n\t<meta property=\"og:image:width\" content=\"2560\" \/>\n\t<meta property=\"og:image:height\" content=\"2795\" \/>\n\t<meta property=\"og:image:type\" content=\"image\/png\" \/>\n<meta name=\"author\" content=\"gremicafe\" \/>\n<meta name=\"twitter:card\" content=\"summary_large_image\" \/>\n<meta name=\"twitter:creator\" content=\"@gremicafecat\" \/>\n<meta name=\"twitter:site\" content=\"@gremicafecat\" \/>\n<meta name=\"twitter:label1\" content=\"Escrito por\" \/>\n\t<meta name=\"twitter:data1\" content=\"gremicafe\" \/>\n\t<meta name=\"twitter:label2\" content=\"Tiempo de lectura\" \/>\n\t<meta name=\"twitter:data2\" content=\"3 minutos\" \/>\n<script type=\"application\/ld+json\" class=\"yoast-schema-graph\">{\"@context\":\"https:\/\/schema.org\",\"@graph\":[{\"@type\":\"Article\",\"@id\":\"https:\/\/gremicafe.cat\/2025\/11\/26\/les-estrelles-michelin-a-catalunya\/#article\",\"isPartOf\":{\"@id\":\"https:\/\/gremicafe.cat\/2025\/11\/26\/les-estrelles-michelin-a-catalunya\/\"},\"author\":{\"name\":\"gremicafe\",\"@id\":\"https:\/\/gremicafe.cat\/#\/schema\/person\/dabfdbb3d0fa36260855a380f94e4733\"},\"headline\":\"Les estrelles Michelin a Catalunya\",\"datePublished\":\"2025-11-26T19:43:43+00:00\",\"dateModified\":\"2025-11-26T19:45:19+00:00\",\"mainEntityOfPage\":{\"@id\":\"https:\/\/gremicafe.cat\/2025\/11\/26\/les-estrelles-michelin-a-catalunya\/\"},\"wordCount\":432,\"publisher\":{\"@id\":\"https:\/\/gremicafe.cat\/#organization\"},\"image\":{\"@id\":\"https:\/\/gremicafe.cat\/2025\/11\/26\/les-estrelles-michelin-a-catalunya\/#primaryimage\"},\"thumbnailUrl\":\"https:\/\/gremicafe.cat\/wp-content\/uploads\/2025\/11\/Etoile_Michelin-1.svg.png\",\"keywords\":[\"Estrelles\",\"Guia Michelin\",\"Restaurants\"],\"articleSection\":[\"Not\u00edcies\"],\"inLanguage\":\"es\"},{\"@type\":\"WebPage\",\"@id\":\"https:\/\/gremicafe.cat\/2025\/11\/26\/les-estrelles-michelin-a-catalunya\/\",\"url\":\"https:\/\/gremicafe.cat\/2025\/11\/26\/les-estrelles-michelin-a-catalunya\/\",\"name\":\"Les estrelles Michelin a Catalunya - Gremi del Caf\u00e8, torradors de Catalunya\",\"isPartOf\":{\"@id\":\"https:\/\/gremicafe.cat\/#website\"},\"primaryImageOfPage\":{\"@id\":\"https:\/\/gremicafe.cat\/2025\/11\/26\/les-estrelles-michelin-a-catalunya\/#primaryimage\"},\"image\":{\"@id\":\"https:\/\/gremicafe.cat\/2025\/11\/26\/les-estrelles-michelin-a-catalunya\/#primaryimage\"},\"thumbnailUrl\":\"https:\/\/gremicafe.cat\/wp-content\/uploads\/2025\/11\/Etoile_Michelin-1.svg.png\",\"datePublished\":\"2025-11-26T19:43:43+00:00\",\"dateModified\":\"2025-11-26T19:45:19+00:00\",\"description\":\"Catalunya \u00e9s la comunitat de l'Estat que, de llarg, t\u00e9 m\u00e9s estrelles Michelin. Ara mateix compta amb\u00a062 restaurants amb alguna estrella; 48 restaurants amb una estrella, 9 amb dues i 5 amb tres.\u00a0En total, 81 estrelles.\",\"breadcrumb\":{\"@id\":\"https:\/\/gremicafe.cat\/2025\/11\/26\/les-estrelles-michelin-a-catalunya\/#breadcrumb\"},\"inLanguage\":\"es\",\"potentialAction\":[{\"@type\":\"ReadAction\",\"target\":[\"https:\/\/gremicafe.cat\/2025\/11\/26\/les-estrelles-michelin-a-catalunya\/\"]}]},{\"@type\":\"ImageObject\",\"inLanguage\":\"es\",\"@id\":\"https:\/\/gremicafe.cat\/2025\/11\/26\/les-estrelles-michelin-a-catalunya\/#primaryimage\",\"url\":\"https:\/\/gremicafe.cat\/wp-content\/uploads\/2025\/11\/Etoile_Michelin-1.svg.png\",\"contentUrl\":\"https:\/\/gremicafe.cat\/wp-content\/uploads\/2025\/11\/Etoile_Michelin-1.svg.png\",\"width\":2560,\"height\":2795,\"caption\":\"Estrella Michelin\"},{\"@type\":\"BreadcrumbList\",\"@id\":\"https:\/\/gremicafe.cat\/2025\/11\/26\/les-estrelles-michelin-a-catalunya\/#breadcrumb\",\"itemListElement\":[{\"@type\":\"ListItem\",\"position\":1,\"name\":\"Inici\",\"item\":\"https:\/\/gremicafe.cat\/\"},{\"@type\":\"ListItem\",\"position\":2,\"name\":\"Les estrelles Michelin a Catalunya\"}]},{\"@type\":\"WebSite\",\"@id\":\"https:\/\/gremicafe.cat\/#website\",\"url\":\"https:\/\/gremicafe.cat\/\",\"name\":\"Gremi del Caf\u00e8, torradors de Catalunya\",\"description\":\"Web oficial del gremi de torradors de caf\u00e8 de Catalunya\",\"publisher\":{\"@id\":\"https:\/\/gremicafe.cat\/#organization\"},\"potentialAction\":[{\"@type\":\"SearchAction\",\"target\":{\"@type\":\"EntryPoint\",\"urlTemplate\":\"https:\/\/gremicafe.cat\/?s={search_term_string}\"},\"query-input\":{\"@type\":\"PropertyValueSpecification\",\"valueRequired\":true,\"valueName\":\"search_term_string\"}}],\"inLanguage\":\"es\"},{\"@type\":\"Organization\",\"@id\":\"https:\/\/gremicafe.cat\/#organization\",\"name\":\"Gremi del Caf\u00e8, Torradors de Catalunya\",\"url\":\"https:\/\/gremicafe.cat\/\",\"logo\":{\"@type\":\"ImageObject\",\"inLanguage\":\"es\",\"@id\":\"https:\/\/gremicafe.cat\/#\/schema\/logo\/image\/\",\"url\":\"https:\/\/gremicafe.cat\/wp-content\/uploads\/2018\/03\/gremicafe-logo250.png\",\"contentUrl\":\"https:\/\/gremicafe.cat\/wp-content\/uploads\/2018\/03\/gremicafe-logo250.png\",\"width\":250,\"height\":49,\"caption\":\"Gremi del Caf\u00e8, Torradors de Catalunya\"},\"image\":{\"@id\":\"https:\/\/gremicafe.cat\/#\/schema\/logo\/image\/\"},\"sameAs\":[\"https:\/\/www.facebook.com\/gremicafecat\",\"https:\/\/x.com\/gremicafecat\",\"https:\/\/www.instagram.com\/gremicafecat\/\",\"https:\/\/www.pinterest.es\/gremicafecat\/\",\"https:\/\/www.youtube.com\/channel\/UCGLo5Y35vLwLvP4FrPZrCrw\/\"]},{\"@type\":\"Person\",\"@id\":\"https:\/\/gremicafe.cat\/#\/schema\/person\/dabfdbb3d0fa36260855a380f94e4733\",\"name\":\"gremicafe\",\"image\":{\"@type\":\"ImageObject\",\"inLanguage\":\"es\",\"@id\":\"https:\/\/gremicafe.cat\/#\/schema\/person\/image\/\",\"url\":\"https:\/\/secure.gravatar.com\/avatar\/e59baa4ca8f6f97576d6375fb6d3c8f0?s=96&d=mm&r=g\",\"contentUrl\":\"https:\/\/secure.gravatar.com\/avatar\/e59baa4ca8f6f97576d6375fb6d3c8f0?s=96&d=mm&r=g\",\"caption\":\"gremicafe\"}}]}<\/script>\n<!-- \/ Yoast SEO plugin. -->","yoast_head_json":{"title":"Les estrelles Michelin a Catalunya - Gremi del Caf\u00e8, torradors de Catalunya","description":"Catalunya \u00e9s la comunitat de l'Estat que, de llarg, t\u00e9 m\u00e9s estrelles Michelin. Ara mateix compta amb\u00a062 restaurants amb alguna estrella; 48 restaurants amb una estrella, 9 amb dues i 5 amb tres.\u00a0En total, 81 estrelles.","robots":{"index":"index","follow":"follow","max-snippet":"max-snippet:-1","max-image-preview":"max-image-preview:large","max-video-preview":"max-video-preview:-1"},"canonical":"https:\/\/gremicafe.cat\/es\/2025\/11\/26\/les-estrelles-michelin-a-catalunya\/","og_locale":"es_ES","og_type":"article","og_title":"Les estrelles Michelin a Catalunya - Gremi del Caf\u00e8, torradors de Catalunya","og_description":"Catalunya \u00e9s la comunitat de l'Estat que, de llarg, t\u00e9 m\u00e9s estrelles Michelin. Ara mateix compta amb\u00a062 restaurants amb alguna estrella; 48 restaurants amb una estrella, 9 amb dues i 5 amb tres.\u00a0En total, 81 estrelles.","og_url":"https:\/\/gremicafe.cat\/es\/2025\/11\/26\/les-estrelles-michelin-a-catalunya\/","og_site_name":"Gremi del Caf\u00e8, torradors de Catalunya","article_publisher":"https:\/\/www.facebook.com\/gremicafecat","article_published_time":"2025-11-26T19:43:43+00:00","article_modified_time":"2025-11-26T19:45:19+00:00","og_image":[{"width":2560,"height":2795,"url":"https:\/\/gremicafe.cat\/wp-content\/uploads\/2025\/11\/Etoile_Michelin-1.svg.png","type":"image\/png"}],"author":"gremicafe","twitter_card":"summary_large_image","twitter_creator":"@gremicafecat","twitter_site":"@gremicafecat","twitter_misc":{"Escrito por":"gremicafe","Tiempo de lectura":"3 minutos"},"schema":{"@context":"https:\/\/schema.org","@graph":[{"@type":"Article","@id":"https:\/\/gremicafe.cat\/2025\/11\/26\/les-estrelles-michelin-a-catalunya\/#article","isPartOf":{"@id":"https:\/\/gremicafe.cat\/2025\/11\/26\/les-estrelles-michelin-a-catalunya\/"},"author":{"name":"gremicafe","@id":"https:\/\/gremicafe.cat\/#\/schema\/person\/dabfdbb3d0fa36260855a380f94e4733"},"headline":"Les estrelles Michelin a Catalunya","datePublished":"2025-11-26T19:43:43+00:00","dateModified":"2025-11-26T19:45:19+00:00","mainEntityOfPage":{"@id":"https:\/\/gremicafe.cat\/2025\/11\/26\/les-estrelles-michelin-a-catalunya\/"},"wordCount":432,"publisher":{"@id":"https:\/\/gremicafe.cat\/#organization"},"image":{"@id":"https:\/\/gremicafe.cat\/2025\/11\/26\/les-estrelles-michelin-a-catalunya\/#primaryimage"},"thumbnailUrl":"https:\/\/gremicafe.cat\/wp-content\/uploads\/2025\/11\/Etoile_Michelin-1.svg.png","keywords":["Estrelles","Guia Michelin","Restaurants"],"articleSection":["Not\u00edcies"],"inLanguage":"es"},{"@type":"WebPage","@id":"https:\/\/gremicafe.cat\/2025\/11\/26\/les-estrelles-michelin-a-catalunya\/","url":"https:\/\/gremicafe.cat\/2025\/11\/26\/les-estrelles-michelin-a-catalunya\/","name":"Les estrelles Michelin a Catalunya - Gremi del Caf\u00e8, torradors de Catalunya","isPartOf":{"@id":"https:\/\/gremicafe.cat\/#website"},"primaryImageOfPage":{"@id":"https:\/\/gremicafe.cat\/2025\/11\/26\/les-estrelles-michelin-a-catalunya\/#primaryimage"},"image":{"@id":"https:\/\/gremicafe.cat\/2025\/11\/26\/les-estrelles-michelin-a-catalunya\/#primaryimage"},"thumbnailUrl":"https:\/\/gremicafe.cat\/wp-content\/uploads\/2025\/11\/Etoile_Michelin-1.svg.png","datePublished":"2025-11-26T19:43:43+00:00","dateModified":"2025-11-26T19:45:19+00:00","description":"Catalunya \u00e9s la comunitat de l'Estat que, de llarg, t\u00e9 m\u00e9s estrelles Michelin. Ara mateix compta amb\u00a062 restaurants amb alguna estrella; 48 restaurants amb una estrella, 9 amb dues i 5 amb tres.\u00a0En total, 81 estrelles.","breadcrumb":{"@id":"https:\/\/gremicafe.cat\/2025\/11\/26\/les-estrelles-michelin-a-catalunya\/#breadcrumb"},"inLanguage":"es","potentialAction":[{"@type":"ReadAction","target":["https:\/\/gremicafe.cat\/2025\/11\/26\/les-estrelles-michelin-a-catalunya\/"]}]},{"@type":"ImageObject","inLanguage":"es","@id":"https:\/\/gremicafe.cat\/2025\/11\/26\/les-estrelles-michelin-a-catalunya\/#primaryimage","url":"https:\/\/gremicafe.cat\/wp-content\/uploads\/2025\/11\/Etoile_Michelin-1.svg.png","contentUrl":"https:\/\/gremicafe.cat\/wp-content\/uploads\/2025\/11\/Etoile_Michelin-1.svg.png","width":2560,"height":2795,"caption":"Estrella Michelin"},{"@type":"BreadcrumbList","@id":"https:\/\/gremicafe.cat\/2025\/11\/26\/les-estrelles-michelin-a-catalunya\/#breadcrumb","itemListElement":[{"@type":"ListItem","position":1,"name":"Inici","item":"https:\/\/gremicafe.cat\/"},{"@type":"ListItem","position":2,"name":"Les estrelles Michelin a Catalunya"}]},{"@type":"WebSite","@id":"https:\/\/gremicafe.cat\/#website","url":"https:\/\/gremicafe.cat\/","name":"Gremio del Caf\u00e9, tostadores de Catalu\u00f1a","description":"Web oficial del gremio de tostadores de caf\u00e9 de Catalunya","publisher":{"@id":"https:\/\/gremicafe.cat\/#organization"},"potentialAction":[{"@type":"SearchAction","target":{"@type":"EntryPoint","urlTemplate":"https:\/\/gremicafe.cat\/?s={search_term_string}"},"query-input":{"@type":"PropertyValueSpecification","valueRequired":true,"valueName":"search_term_string"}}],"inLanguage":"es"},{"@type":"Organization","@id":"https:\/\/gremicafe.cat\/#organization","name":"Gremio del Caf\u00e9, Tostadores de Catalu\u00f1a","url":"https:\/\/gremicafe.cat\/","logo":{"@type":"ImageObject","inLanguage":"es","@id":"https:\/\/gremicafe.cat\/#\/schema\/logo\/image\/","url":"https:\/\/gremicafe.cat\/wp-content\/uploads\/2018\/03\/gremicafe-logo250.png","contentUrl":"https:\/\/gremicafe.cat\/wp-content\/uploads\/2018\/03\/gremicafe-logo250.png","width":250,"height":49,"caption":"Gremi del Caf\u00e8, Torradors de Catalunya"},"image":{"@id":"https:\/\/gremicafe.cat\/#\/schema\/logo\/image\/"},"sameAs":["https:\/\/www.facebook.com\/gremicafecat","https:\/\/x.com\/gremicafecat","https:\/\/www.instagram.com\/gremicafecat\/","https:\/\/www.pinterest.es\/gremicafecat\/","https:\/\/www.youtube.com\/channel\/UCGLo5Y35vLwLvP4FrPZrCrw\/"]},{"@type":"Person","@id":"https:\/\/gremicafe.cat\/#\/schema\/person\/dabfdbb3d0fa36260855a380f94e4733","name":"gremicafe","image":{"@type":"ImageObject","inLanguage":"es","@id":"https:\/\/gremicafe.cat\/#\/schema\/person\/image\/","url":"https:\/\/secure.gravatar.com\/avatar\/e59baa4ca8f6f97576d6375fb6d3c8f0?s=96&d=mm&r=g","contentUrl":"https:\/\/secure.gravatar.com\/avatar\/e59baa4ca8f6f97576d6375fb6d3c8f0?s=96&d=mm&r=g","caption":"gremicafe"}}]}},"_links":{"self":[{"href":"https:\/\/gremicafe.cat\/es\/wp-json\/wp\/v2\/posts\/8020"}],"collection":[{"href":"https:\/\/gremicafe.cat\/es\/wp-json\/wp\/v2\/posts"}],"about":[{"href":"https:\/\/gremicafe.cat\/es\/wp-json\/wp\/v2\/types\/post"}],"author":[{"embeddable":true,"href":"https:\/\/gremicafe.cat\/es\/wp-json\/wp\/v2\/users\/1"}],"replies":[{"embeddable":true,"href":"https:\/\/gremicafe.cat\/es\/wp-json\/wp\/v2\/comments?post=8020"}],"version-history":[{"count":0,"href":"https:\/\/gremicafe.cat\/es\/wp-json\/wp\/v2\/posts\/8020\/revisions"}],"wp:featuredmedia":[{"embeddable":true,"href":"https:\/\/gremicafe.cat\/es\/wp-json\/wp\/v2\/media\/8024"}],"wp:attachment":[{"href":"https:\/\/gremicafe.cat\/es\/wp-json\/wp\/v2\/media?parent=8020"}],"wp:term":[{"taxonomy":"category","embeddable":true,"href":"https:\/\/gremicafe.cat\/es\/wp-json\/wp\/v2\/categories?post=8020"},{"taxonomy":"post_tag","embeddable":true,"href":"https:\/\/gremicafe.cat\/es\/wp-json\/wp\/v2\/tags?post=8020"}],"curies":[{"name":"wp","href":"https:\/\/api.w.org\/{rel}","templated":true}]}}