{"id":8032,"date":"2025-12-01T16:27:52","date_gmt":"2025-12-01T15:27:52","guid":{"rendered":"https:\/\/gremicafe.cat\/?p=8032"},"modified":"2025-12-01T16:27:52","modified_gmt":"2025-12-01T15:27:52","slug":"la-tassa-dor-2025-de-cafes-cornella","status":"publish","type":"post","link":"https:\/\/gremicafe.cat\/es\/2025\/12\/01\/la-tassa-dor-2025-de-cafes-cornella\/","title":{"rendered":"La Taza de Oro 2025 de Caf\u00e9s Cornell\u00e0"},"content":{"rendered":"<p class=\"p1\"><b><i>Anduher Reyes, de Sin Specialty Coffee &amp; Brunch (Madrid) gana La Taza de Oro 2025 de Caf\u00e9s Cornell\u00e0<br \/>\n<\/i><\/b><b><i>Caf\u00e8s Cornella destaca la alta participaci\u00f3n y el elevado nivel t\u00e9cnico de la 18 edici\u00f3n de este concurso, gracias a una mec\u00e1nica sencilla en formato digital.<\/i><\/b><b><i><\/i><\/b><\/p>\n<p class=\"p1\"><em>Fornells de la Selva, 28 noviembre de 2025.<\/em> \u2013 <strong>La Taza de Oro 2025<\/strong>, el <strong>concurso barista de <a href=\"https:\/\/cafescornella.coffee\/\" target=\"_blank\" rel=\"noopener\">Caf\u00e9s Cornell\u00e0<\/a><\/strong>, ha celebrado este a\u00f1o su decimoctava edici\u00f3n consolid\u00e1ndose como uno de los cert\u00e1menes de referencia del sector. El vencedor absoluto, que ha recibido el reconocimiento de MVB 2025 (Most Valuable Barista), ha sido Anduher Reyes, de <i>Sin Specialty Coffee &amp; Brunch<\/i><b><i> <\/i><\/b>(Madrid), despu\u00e9s de una final de alto nivel celebrada en el coraz\u00f3n de la f\u00e1brica de Caf\u00e8s Cornell\u00e0, con los cinco finalistas compitiendo en directo.<\/p>\n<p class=\"p1\">Los otros cuatro finalistas de La Taza de Oro 2025 han sido Jordi Garcia,<b> <\/b><i>de El Taller Dulce<\/i><b> <\/b>(Sarri\u00e0 de Ter); Andrea Alonso, de<i>Oh Key Foods<\/i> (Girona); Fei Huang, del <i>Bar Carihuela <\/i>(Salto), ganador de la Batalla de Lattes Leche Nostra y Roselyn Erna, de <i>Rosebelle Caf\u00e9<\/i><b> <\/b>(Barcelona), ganadora de la Prueba de Velocidad Alpro.<\/p>\n<p class=\"p1\"><b>Un formato digital que impulsa la participaci\u00f3n<\/b><\/p>\n<p class=\"p1\">Esta edici\u00f3n ha destacado por el \u00e9xito de participaci\u00f3n y por el alto nivel t\u00e9cnico de los concursantes, gracias a una mec\u00e1nica sencilla en formato digital: una fase online con valoraci\u00f3n del jurado profesional y votaci\u00f3n popular para seleccionar a los 20 semifinalistas, donde cada participante ha desarrollado su propia campa\u00f1a para conseguir el apoyo del p\u00fablico. La competici\u00f3n ha culminado con <strong>una final presencial en la misma f\u00e1brica de Caf\u00e8s Cornell\u00e0<\/strong>, con los cinco baristas mejor valorados.<\/p>\n<p class=\"p1\"><b>Tres pruebas para coronar al mejor barista<\/b><b><\/b><\/p>\n<p class=\"p1\">En la final, los participantes han tenido que superar tres pruebas que combinan creatividad, capacidad t\u00e9cnica, consistencia y servicio. La primera de ellas ha sido la Batalla de Lattes Llet Nostra, con duelos uno contra uno en formato eliminatorio, centrados exclusivamente en la calidad visual del latte art (emulsi\u00f3n, simetr\u00eda, contraste y definici\u00f3n del dibujo), sin l\u00edmite de tiempo para ejecutar el dise\u00f1o.<br \/>\nEn segundo lugar, la Prueba de Velocidad Alpro, un reto de 4 minutos para preparar el m\u00e1ximo n\u00famero de cortados y caf\u00e9s con leche, valorando la eficiencia, el orden de trabajo y la correcta ejecuci\u00f3n bebida a bebida.<br \/>\nY por \u00faltimo, la Competici\u00f3n Barista \u2013 La Taza de Oro, la prueba decisiva, con servicio de 3 espressos y 3 capuccinos, donde se punt\u00faan tanto el procedimiento (dosificaci\u00f3n, prensado y consistencia) como el resultado sensorial y visual, la textura y temperatura de la leche, y la experiencia de servicio al cliente.<\/p>\n<p class=\"p1\">Caf\u00e8s Cornell\u00e0 ha agradecido la implicaci\u00f3n de todos los colaboradores, as\u00ed como la profesionalidad del jurado y los jueces t\u00e9cnicos que han hecho posible la final, y reconoce el esfuerzo de todos los participantes por mantener viva la cultura barista y la excelencia en cada taza.<\/p>\n<div id=\"attachment_8033\" style=\"width: 1210px\" class=\"wp-caption aligncenter\"><img loading=\"lazy\" decoding=\"async\" aria-describedby=\"caption-attachment-8033\" class=\"size-full wp-image-8033\" src=\"https:\/\/gremicafe.cat\/wp-content\/uploads\/2025\/12\/Cornella-001.jpg\" alt=\"La Tassa d\u2019Or 2025 de Caf\u00e8s Cornell\u00e0\" width=\"1200\" height=\"800\" srcset=\"https:\/\/gremicafe.cat\/wp-content\/uploads\/2025\/12\/Cornella-001.jpg 1200w, https:\/\/gremicafe.cat\/wp-content\/uploads\/2025\/12\/Cornella-001-768x512.jpg 768w, https:\/\/gremicafe.cat\/wp-content\/uploads\/2025\/12\/Cornella-001-18x12.jpg 18w, https:\/\/gremicafe.cat\/wp-content\/uploads\/2025\/12\/Cornella-001-1080x720.jpg 1080w\" sizes=\"(max-width: 1200px) 100vw, 1200px\" \/><p id=\"caption-attachment-8033\" class=\"wp-caption-text\">La Taza de Oro 2025<br \/>de Caf\u00e9s Cornell\u00e0<\/p><\/div>\n<div id=\"attachment_8034\" style=\"width: 1210px\" class=\"wp-caption aligncenter\"><img loading=\"lazy\" decoding=\"async\" aria-describedby=\"caption-attachment-8034\" class=\"size-full wp-image-8034\" src=\"https:\/\/gremicafe.cat\/wp-content\/uploads\/2025\/12\/Cornella002.jpg\" alt=\"La Tassa d\u2019Or 2025 de Caf\u00e8s Cornell\u00e0\" width=\"1200\" height=\"800\" srcset=\"https:\/\/gremicafe.cat\/wp-content\/uploads\/2025\/12\/Cornella002.jpg 1200w, https:\/\/gremicafe.cat\/wp-content\/uploads\/2025\/12\/Cornella002-768x512.jpg 768w, https:\/\/gremicafe.cat\/wp-content\/uploads\/2025\/12\/Cornella002-18x12.jpg 18w, https:\/\/gremicafe.cat\/wp-content\/uploads\/2025\/12\/Cornella002-1080x720.jpg 1080w\" sizes=\"(max-width: 1200px) 100vw, 1200px\" \/><p id=\"caption-attachment-8034\" class=\"wp-caption-text\">La Taza de Oro 2025<br \/>de Caf\u00e9s Cornell\u00e0<\/p><\/div>\n<div id=\"attachment_8035\" style=\"width: 810px\" class=\"wp-caption aligncenter\"><img loading=\"lazy\" decoding=\"async\" aria-describedby=\"caption-attachment-8035\" class=\"size-full wp-image-8035\" src=\"https:\/\/gremicafe.cat\/wp-content\/uploads\/2025\/12\/Cornella003.jpg\" alt=\"La Tassa d\u2019Or 2025 de Caf\u00e8s Cornell\u00e0\" width=\"800\" height=\"1200\" srcset=\"https:\/\/gremicafe.cat\/wp-content\/uploads\/2025\/12\/Cornella003.jpg 800w, https:\/\/gremicafe.cat\/wp-content\/uploads\/2025\/12\/Cornella003-768x1152.jpg 768w, https:\/\/gremicafe.cat\/wp-content\/uploads\/2025\/12\/Cornella003-8x12.jpg 8w, https:\/\/gremicafe.cat\/wp-content\/uploads\/2025\/12\/Cornella003-480x720.jpg 480w\" sizes=\"(max-width: 800px) 100vw, 800px\" \/><p id=\"caption-attachment-8035\" class=\"wp-caption-text\">La Taza de Oro 2025<br \/>de Caf\u00e9s Cornell\u00e0<\/p><\/div>","protected":false},"excerpt":{"rendered":"<p>Anduher Reyes, de Sense Specialty Coffee &amp; Brunch (Madrid) guanya La Tassa d\u2019Or 2025 de Caf\u00e8s Cornell\u00e0 Caf\u00e8s Cornella destaca l\u2019alta participaci\u00f3 i l\u2019elevat nivell t\u00e8cnic de la 18a edici\u00f3 d\u2019aquest concurs, gr\u00e0cies a una mec\u00e0nica senzilla en format digital. Fornells de la Selva, 28 novembre de 2025. &#8211; La Tassa d\u2019Or 2025, el concurs [&hellip;]<\/p>\n","protected":false},"author":1,"featured_media":8033,"comment_status":"closed","ping_status":"open","sticky":false,"template":"","format":"standard","meta":{"_acf_changed":false,"inline_featured_image":false,"footnotes":""},"categories":[1],"tags":[78,143,181],"class_list":["post-8032","post","type-post","status-publish","format-standard","has-post-thumbnail","hentry","category-noticies","tag-cafes-cornella","tag-girona","tag-la-tassa-dor"],"acf":[],"yoast_head":"<!-- This site is optimized with the Yoast SEO plugin v25.5 - https:\/\/yoast.com\/wordpress\/plugins\/seo\/ -->\n<title>La Tassa d\u2019Or 2025 de Caf\u00e8s Cornell\u00e0 - Gremi del Caf\u00e8, torradors de Catalunya<\/title>\n<meta name=\"description\" content=\"Anduher Reyes, de Sense Specialty Coffee &amp; Brunch (Madrid) guanya La Tassa d\u2019Or 2025 de Caf\u00e8s Cornell\u00e0Caf\u00e8s Cornella destaca l\u2019alta participaci\u00f3 i l\u2019elevat nivell t\u00e8cnic de la 18a edici\u00f3 d\u2019aquest concurs, gr\u00e0cies a una mec\u00e0nica senzilla en format digital.\" \/>\n<meta name=\"robots\" content=\"index, follow, max-snippet:-1, max-image-preview:large, max-video-preview:-1\" \/>\n<link rel=\"canonical\" href=\"https:\/\/gremicafe.cat\/es\/2025\/12\/01\/la-tassa-dor-2025-de-cafes-cornella\/\" \/>\n<meta property=\"og:locale\" content=\"es_ES\" \/>\n<meta property=\"og:type\" content=\"article\" \/>\n<meta property=\"og:title\" content=\"La Tassa d\u2019Or 2025 de Caf\u00e8s Cornell\u00e0 - Gremi del Caf\u00e8, torradors de Catalunya\" \/>\n<meta property=\"og:description\" content=\"Anduher Reyes, de Sense Specialty Coffee &amp; Brunch (Madrid) guanya La Tassa d\u2019Or 2025 de Caf\u00e8s Cornell\u00e0Caf\u00e8s Cornella destaca l\u2019alta participaci\u00f3 i l\u2019elevat nivell t\u00e8cnic de la 18a edici\u00f3 d\u2019aquest concurs, gr\u00e0cies a una mec\u00e0nica senzilla en format digital.\" \/>\n<meta property=\"og:url\" content=\"https:\/\/gremicafe.cat\/es\/2025\/12\/01\/la-tassa-dor-2025-de-cafes-cornella\/\" \/>\n<meta property=\"og:site_name\" content=\"Gremi del Caf\u00e8, torradors de Catalunya\" \/>\n<meta property=\"article:publisher\" content=\"https:\/\/www.facebook.com\/gremicafecat\" \/>\n<meta property=\"article:published_time\" content=\"2025-12-01T15:27:52+00:00\" \/>\n<meta property=\"og:image\" content=\"https:\/\/gremicafe.cat\/wp-content\/uploads\/2025\/12\/Cornella-001.jpg\" \/>\n\t<meta property=\"og:image:width\" content=\"1200\" \/>\n\t<meta property=\"og:image:height\" content=\"800\" \/>\n\t<meta property=\"og:image:type\" content=\"image\/jpeg\" \/>\n<meta name=\"author\" content=\"gremicafe\" \/>\n<meta name=\"twitter:card\" content=\"summary_large_image\" \/>\n<meta name=\"twitter:creator\" content=\"@gremicafecat\" \/>\n<meta name=\"twitter:site\" content=\"@gremicafecat\" \/>\n<meta name=\"twitter:label1\" content=\"Escrito por\" \/>\n\t<meta name=\"twitter:data1\" content=\"gremicafe\" \/>\n\t<meta name=\"twitter:label2\" content=\"Tiempo de lectura\" \/>\n\t<meta name=\"twitter:data2\" content=\"4 minutos\" \/>\n<script type=\"application\/ld+json\" class=\"yoast-schema-graph\">{\"@context\":\"https:\/\/schema.org\",\"@graph\":[{\"@type\":\"Article\",\"@id\":\"https:\/\/gremicafe.cat\/2025\/12\/01\/la-tassa-dor-2025-de-cafes-cornella\/#article\",\"isPartOf\":{\"@id\":\"https:\/\/gremicafe.cat\/2025\/12\/01\/la-tassa-dor-2025-de-cafes-cornella\/\"},\"author\":{\"name\":\"gremicafe\",\"@id\":\"https:\/\/gremicafe.cat\/#\/schema\/person\/dabfdbb3d0fa36260855a380f94e4733\"},\"headline\":\"La Tassa d\u2019Or 2025 de Caf\u00e8s Cornell\u00e0\",\"datePublished\":\"2025-12-01T15:27:52+00:00\",\"mainEntityOfPage\":{\"@id\":\"https:\/\/gremicafe.cat\/2025\/12\/01\/la-tassa-dor-2025-de-cafes-cornella\/\"},\"wordCount\":549,\"publisher\":{\"@id\":\"https:\/\/gremicafe.cat\/#organization\"},\"image\":{\"@id\":\"https:\/\/gremicafe.cat\/2025\/12\/01\/la-tassa-dor-2025-de-cafes-cornella\/#primaryimage\"},\"thumbnailUrl\":\"https:\/\/gremicafe.cat\/wp-content\/uploads\/2025\/12\/Cornella-001.jpg\",\"keywords\":[\"Caf\u00e8s Cornell\u00e0\",\"Girona\",\"La Tassa D'Or\"],\"articleSection\":[\"Not\u00edcies\"],\"inLanguage\":\"es\"},{\"@type\":\"WebPage\",\"@id\":\"https:\/\/gremicafe.cat\/2025\/12\/01\/la-tassa-dor-2025-de-cafes-cornella\/\",\"url\":\"https:\/\/gremicafe.cat\/2025\/12\/01\/la-tassa-dor-2025-de-cafes-cornella\/\",\"name\":\"La Tassa d\u2019Or 2025 de Caf\u00e8s Cornell\u00e0 - Gremi del Caf\u00e8, torradors de Catalunya\",\"isPartOf\":{\"@id\":\"https:\/\/gremicafe.cat\/#website\"},\"primaryImageOfPage\":{\"@id\":\"https:\/\/gremicafe.cat\/2025\/12\/01\/la-tassa-dor-2025-de-cafes-cornella\/#primaryimage\"},\"image\":{\"@id\":\"https:\/\/gremicafe.cat\/2025\/12\/01\/la-tassa-dor-2025-de-cafes-cornella\/#primaryimage\"},\"thumbnailUrl\":\"https:\/\/gremicafe.cat\/wp-content\/uploads\/2025\/12\/Cornella-001.jpg\",\"datePublished\":\"2025-12-01T15:27:52+00:00\",\"description\":\"Anduher Reyes, de Sense Specialty Coffee & Brunch (Madrid) guanya La Tassa d\u2019Or 2025 de Caf\u00e8s Cornell\u00e0Caf\u00e8s Cornella destaca l\u2019alta participaci\u00f3 i l\u2019elevat nivell t\u00e8cnic de la 18a edici\u00f3 d\u2019aquest concurs, gr\u00e0cies a una mec\u00e0nica senzilla en format digital.\",\"breadcrumb\":{\"@id\":\"https:\/\/gremicafe.cat\/2025\/12\/01\/la-tassa-dor-2025-de-cafes-cornella\/#breadcrumb\"},\"inLanguage\":\"es\",\"potentialAction\":[{\"@type\":\"ReadAction\",\"target\":[\"https:\/\/gremicafe.cat\/2025\/12\/01\/la-tassa-dor-2025-de-cafes-cornella\/\"]}]},{\"@type\":\"ImageObject\",\"inLanguage\":\"es\",\"@id\":\"https:\/\/gremicafe.cat\/2025\/12\/01\/la-tassa-dor-2025-de-cafes-cornella\/#primaryimage\",\"url\":\"https:\/\/gremicafe.cat\/wp-content\/uploads\/2025\/12\/Cornella-001.jpg\",\"contentUrl\":\"https:\/\/gremicafe.cat\/wp-content\/uploads\/2025\/12\/Cornella-001.jpg\",\"width\":1200,\"height\":800,\"caption\":\"La Tassa d\u2019Or 2025 de Caf\u00e8s Cornell\u00e0\"},{\"@type\":\"BreadcrumbList\",\"@id\":\"https:\/\/gremicafe.cat\/2025\/12\/01\/la-tassa-dor-2025-de-cafes-cornella\/#breadcrumb\",\"itemListElement\":[{\"@type\":\"ListItem\",\"position\":1,\"name\":\"Inici\",\"item\":\"https:\/\/gremicafe.cat\/\"},{\"@type\":\"ListItem\",\"position\":2,\"name\":\"La Tassa d\u2019Or 2025 de Caf\u00e8s Cornell\u00e0\"}]},{\"@type\":\"WebSite\",\"@id\":\"https:\/\/gremicafe.cat\/#website\",\"url\":\"https:\/\/gremicafe.cat\/\",\"name\":\"Gremi del Caf\u00e8, torradors de Catalunya\",\"description\":\"Web oficial del gremi de torradors de caf\u00e8 de Catalunya\",\"publisher\":{\"@id\":\"https:\/\/gremicafe.cat\/#organization\"},\"potentialAction\":[{\"@type\":\"SearchAction\",\"target\":{\"@type\":\"EntryPoint\",\"urlTemplate\":\"https:\/\/gremicafe.cat\/?s={search_term_string}\"},\"query-input\":{\"@type\":\"PropertyValueSpecification\",\"valueRequired\":true,\"valueName\":\"search_term_string\"}}],\"inLanguage\":\"es\"},{\"@type\":\"Organization\",\"@id\":\"https:\/\/gremicafe.cat\/#organization\",\"name\":\"Gremi del Caf\u00e8, Torradors de Catalunya\",\"url\":\"https:\/\/gremicafe.cat\/\",\"logo\":{\"@type\":\"ImageObject\",\"inLanguage\":\"es\",\"@id\":\"https:\/\/gremicafe.cat\/#\/schema\/logo\/image\/\",\"url\":\"https:\/\/gremicafe.cat\/wp-content\/uploads\/2018\/03\/gremicafe-logo250.png\",\"contentUrl\":\"https:\/\/gremicafe.cat\/wp-content\/uploads\/2018\/03\/gremicafe-logo250.png\",\"width\":250,\"height\":49,\"caption\":\"Gremi del Caf\u00e8, Torradors de Catalunya\"},\"image\":{\"@id\":\"https:\/\/gremicafe.cat\/#\/schema\/logo\/image\/\"},\"sameAs\":[\"https:\/\/www.facebook.com\/gremicafecat\",\"https:\/\/x.com\/gremicafecat\",\"https:\/\/www.instagram.com\/gremicafecat\/\",\"https:\/\/www.pinterest.es\/gremicafecat\/\",\"https:\/\/www.youtube.com\/channel\/UCGLo5Y35vLwLvP4FrPZrCrw\/\"]},{\"@type\":\"Person\",\"@id\":\"https:\/\/gremicafe.cat\/#\/schema\/person\/dabfdbb3d0fa36260855a380f94e4733\",\"name\":\"gremicafe\",\"image\":{\"@type\":\"ImageObject\",\"inLanguage\":\"es\",\"@id\":\"https:\/\/gremicafe.cat\/#\/schema\/person\/image\/\",\"url\":\"https:\/\/secure.gravatar.com\/avatar\/e59baa4ca8f6f97576d6375fb6d3c8f0?s=96&d=mm&r=g\",\"contentUrl\":\"https:\/\/secure.gravatar.com\/avatar\/e59baa4ca8f6f97576d6375fb6d3c8f0?s=96&d=mm&r=g\",\"caption\":\"gremicafe\"}}]}<\/script>\n<!-- \/ Yoast SEO plugin. -->","yoast_head_json":{"title":"La Tassa d\u2019Or 2025 de Caf\u00e8s Cornell\u00e0 - Gremi del Caf\u00e8, torradors de Catalunya","description":"Anduher Reyes, de Sense Specialty Coffee & Brunch (Madrid) guanya La Tassa d\u2019Or 2025 de Caf\u00e8s Cornell\u00e0Caf\u00e8s Cornella destaca l\u2019alta participaci\u00f3 i l\u2019elevat nivell t\u00e8cnic de la 18a edici\u00f3 d\u2019aquest concurs, gr\u00e0cies a una mec\u00e0nica senzilla en format digital.","robots":{"index":"index","follow":"follow","max-snippet":"max-snippet:-1","max-image-preview":"max-image-preview:large","max-video-preview":"max-video-preview:-1"},"canonical":"https:\/\/gremicafe.cat\/es\/2025\/12\/01\/la-tassa-dor-2025-de-cafes-cornella\/","og_locale":"es_ES","og_type":"article","og_title":"La Tassa d\u2019Or 2025 de Caf\u00e8s Cornell\u00e0 - Gremi del Caf\u00e8, torradors de Catalunya","og_description":"Anduher Reyes, de Sense Specialty Coffee & Brunch (Madrid) guanya La Tassa d\u2019Or 2025 de Caf\u00e8s Cornell\u00e0Caf\u00e8s Cornella destaca l\u2019alta participaci\u00f3 i l\u2019elevat nivell t\u00e8cnic de la 18a edici\u00f3 d\u2019aquest concurs, gr\u00e0cies a una mec\u00e0nica senzilla en format digital.","og_url":"https:\/\/gremicafe.cat\/es\/2025\/12\/01\/la-tassa-dor-2025-de-cafes-cornella\/","og_site_name":"Gremi del Caf\u00e8, torradors de Catalunya","article_publisher":"https:\/\/www.facebook.com\/gremicafecat","article_published_time":"2025-12-01T15:27:52+00:00","og_image":[{"width":1200,"height":800,"url":"https:\/\/gremicafe.cat\/wp-content\/uploads\/2025\/12\/Cornella-001.jpg","type":"image\/jpeg"}],"author":"gremicafe","twitter_card":"summary_large_image","twitter_creator":"@gremicafecat","twitter_site":"@gremicafecat","twitter_misc":{"Escrito por":"gremicafe","Tiempo de lectura":"4 minutos"},"schema":{"@context":"https:\/\/schema.org","@graph":[{"@type":"Article","@id":"https:\/\/gremicafe.cat\/2025\/12\/01\/la-tassa-dor-2025-de-cafes-cornella\/#article","isPartOf":{"@id":"https:\/\/gremicafe.cat\/2025\/12\/01\/la-tassa-dor-2025-de-cafes-cornella\/"},"author":{"name":"gremicafe","@id":"https:\/\/gremicafe.cat\/#\/schema\/person\/dabfdbb3d0fa36260855a380f94e4733"},"headline":"La Tassa d\u2019Or 2025 de Caf\u00e8s Cornell\u00e0","datePublished":"2025-12-01T15:27:52+00:00","mainEntityOfPage":{"@id":"https:\/\/gremicafe.cat\/2025\/12\/01\/la-tassa-dor-2025-de-cafes-cornella\/"},"wordCount":549,"publisher":{"@id":"https:\/\/gremicafe.cat\/#organization"},"image":{"@id":"https:\/\/gremicafe.cat\/2025\/12\/01\/la-tassa-dor-2025-de-cafes-cornella\/#primaryimage"},"thumbnailUrl":"https:\/\/gremicafe.cat\/wp-content\/uploads\/2025\/12\/Cornella-001.jpg","keywords":["Caf\u00e8s Cornell\u00e0","Girona","La Tassa D'Or"],"articleSection":["Not\u00edcies"],"inLanguage":"es"},{"@type":"WebPage","@id":"https:\/\/gremicafe.cat\/2025\/12\/01\/la-tassa-dor-2025-de-cafes-cornella\/","url":"https:\/\/gremicafe.cat\/2025\/12\/01\/la-tassa-dor-2025-de-cafes-cornella\/","name":"La Tassa d\u2019Or 2025 de Caf\u00e8s Cornell\u00e0 - Gremi del Caf\u00e8, torradors de Catalunya","isPartOf":{"@id":"https:\/\/gremicafe.cat\/#website"},"primaryImageOfPage":{"@id":"https:\/\/gremicafe.cat\/2025\/12\/01\/la-tassa-dor-2025-de-cafes-cornella\/#primaryimage"},"image":{"@id":"https:\/\/gremicafe.cat\/2025\/12\/01\/la-tassa-dor-2025-de-cafes-cornella\/#primaryimage"},"thumbnailUrl":"https:\/\/gremicafe.cat\/wp-content\/uploads\/2025\/12\/Cornella-001.jpg","datePublished":"2025-12-01T15:27:52+00:00","description":"Anduher Reyes, de Sense Specialty Coffee & Brunch (Madrid) guanya La Tassa d\u2019Or 2025 de Caf\u00e8s Cornell\u00e0Caf\u00e8s Cornella destaca l\u2019alta participaci\u00f3 i l\u2019elevat nivell t\u00e8cnic de la 18a edici\u00f3 d\u2019aquest concurs, gr\u00e0cies a una mec\u00e0nica senzilla en format digital.","breadcrumb":{"@id":"https:\/\/gremicafe.cat\/2025\/12\/01\/la-tassa-dor-2025-de-cafes-cornella\/#breadcrumb"},"inLanguage":"es","potentialAction":[{"@type":"ReadAction","target":["https:\/\/gremicafe.cat\/2025\/12\/01\/la-tassa-dor-2025-de-cafes-cornella\/"]}]},{"@type":"ImageObject","inLanguage":"es","@id":"https:\/\/gremicafe.cat\/2025\/12\/01\/la-tassa-dor-2025-de-cafes-cornella\/#primaryimage","url":"https:\/\/gremicafe.cat\/wp-content\/uploads\/2025\/12\/Cornella-001.jpg","contentUrl":"https:\/\/gremicafe.cat\/wp-content\/uploads\/2025\/12\/Cornella-001.jpg","width":1200,"height":800,"caption":"La Tassa d\u2019Or 2025 de Caf\u00e8s Cornell\u00e0"},{"@type":"BreadcrumbList","@id":"https:\/\/gremicafe.cat\/2025\/12\/01\/la-tassa-dor-2025-de-cafes-cornella\/#breadcrumb","itemListElement":[{"@type":"ListItem","position":1,"name":"Inici","item":"https:\/\/gremicafe.cat\/"},{"@type":"ListItem","position":2,"name":"La Tassa d\u2019Or 2025 de Caf\u00e8s Cornell\u00e0"}]},{"@type":"WebSite","@id":"https:\/\/gremicafe.cat\/#website","url":"https:\/\/gremicafe.cat\/","name":"Gremio del Caf\u00e9, tostadores de Catalu\u00f1a","description":"Web oficial del gremio de tostadores de caf\u00e9 de Catalunya","publisher":{"@id":"https:\/\/gremicafe.cat\/#organization"},"potentialAction":[{"@type":"SearchAction","target":{"@type":"EntryPoint","urlTemplate":"https:\/\/gremicafe.cat\/?s={search_term_string}"},"query-input":{"@type":"PropertyValueSpecification","valueRequired":true,"valueName":"search_term_string"}}],"inLanguage":"es"},{"@type":"Organization","@id":"https:\/\/gremicafe.cat\/#organization","name":"Gremio del Caf\u00e9, Tostadores de Catalu\u00f1a","url":"https:\/\/gremicafe.cat\/","logo":{"@type":"ImageObject","inLanguage":"es","@id":"https:\/\/gremicafe.cat\/#\/schema\/logo\/image\/","url":"https:\/\/gremicafe.cat\/wp-content\/uploads\/2018\/03\/gremicafe-logo250.png","contentUrl":"https:\/\/gremicafe.cat\/wp-content\/uploads\/2018\/03\/gremicafe-logo250.png","width":250,"height":49,"caption":"Gremi del Caf\u00e8, Torradors de Catalunya"},"image":{"@id":"https:\/\/gremicafe.cat\/#\/schema\/logo\/image\/"},"sameAs":["https:\/\/www.facebook.com\/gremicafecat","https:\/\/x.com\/gremicafecat","https:\/\/www.instagram.com\/gremicafecat\/","https:\/\/www.pinterest.es\/gremicafecat\/","https:\/\/www.youtube.com\/channel\/UCGLo5Y35vLwLvP4FrPZrCrw\/"]},{"@type":"Person","@id":"https:\/\/gremicafe.cat\/#\/schema\/person\/dabfdbb3d0fa36260855a380f94e4733","name":"gremicafe","image":{"@type":"ImageObject","inLanguage":"es","@id":"https:\/\/gremicafe.cat\/#\/schema\/person\/image\/","url":"https:\/\/secure.gravatar.com\/avatar\/e59baa4ca8f6f97576d6375fb6d3c8f0?s=96&d=mm&r=g","contentUrl":"https:\/\/secure.gravatar.com\/avatar\/e59baa4ca8f6f97576d6375fb6d3c8f0?s=96&d=mm&r=g","caption":"gremicafe"}}]}},"_links":{"self":[{"href":"https:\/\/gremicafe.cat\/es\/wp-json\/wp\/v2\/posts\/8032"}],"collection":[{"href":"https:\/\/gremicafe.cat\/es\/wp-json\/wp\/v2\/posts"}],"about":[{"href":"https:\/\/gremicafe.cat\/es\/wp-json\/wp\/v2\/types\/post"}],"author":[{"embeddable":true,"href":"https:\/\/gremicafe.cat\/es\/wp-json\/wp\/v2\/users\/1"}],"replies":[{"embeddable":true,"href":"https:\/\/gremicafe.cat\/es\/wp-json\/wp\/v2\/comments?post=8032"}],"version-history":[{"count":0,"href":"https:\/\/gremicafe.cat\/es\/wp-json\/wp\/v2\/posts\/8032\/revisions"}],"wp:featuredmedia":[{"embeddable":true,"href":"https:\/\/gremicafe.cat\/es\/wp-json\/wp\/v2\/media\/8033"}],"wp:attachment":[{"href":"https:\/\/gremicafe.cat\/es\/wp-json\/wp\/v2\/media?parent=8032"}],"wp:term":[{"taxonomy":"category","embeddable":true,"href":"https:\/\/gremicafe.cat\/es\/wp-json\/wp\/v2\/categories?post=8032"},{"taxonomy":"post_tag","embeddable":true,"href":"https:\/\/gremicafe.cat\/es\/wp-json\/wp\/v2\/tags?post=8032"}],"curies":[{"name":"wp","href":"https:\/\/api.w.org\/{rel}","templated":true}]}}