{"id":8052,"date":"2025-12-18T11:40:19","date_gmt":"2025-12-18T10:40:19","guid":{"rendered":"https:\/\/gremicafe.cat\/?p=8052"},"modified":"2025-12-18T11:40:19","modified_gmt":"2025-12-18T10:40:19","slug":"cafes-novell-obre-la-seva-primera-botiga-emmarcada-sota-el-projecte-coffee-experience","status":"publish","type":"post","link":"https:\/\/gremicafe.cat\/es\/2025\/12\/18\/cafes-novell-obre-la-seva-primera-botiga-emmarcada-sota-el-projecte-coffee-experience\/","title":{"rendered":"Caf\u00e8s Novell abre su primera tienda, enmarcada bajo el proyecto \u201cCoffee Experience\u201d"},"content":{"rendered":"<div id=\"attachment_8055\" style=\"width: 1210px\" class=\"wp-caption aligncenter\"><img loading=\"lazy\" decoding=\"async\" aria-describedby=\"caption-attachment-8055\" class=\"size-full wp-image-8055\" src=\"https:\/\/gremicafe.cat\/wp-content\/uploads\/2025\/12\/Novell-1.jpg\" alt=\"Nova botiga de Caf\u00e8s Novell a Vilafranca del Pened\u00e8s\" width=\"1200\" height=\"800\" srcset=\"https:\/\/gremicafe.cat\/wp-content\/uploads\/2025\/12\/Novell-1.jpg 1200w, https:\/\/gremicafe.cat\/wp-content\/uploads\/2025\/12\/Novell-1-768x512.jpg 768w, https:\/\/gremicafe.cat\/wp-content\/uploads\/2025\/12\/Novell-1-18x12.jpg 18w, https:\/\/gremicafe.cat\/wp-content\/uploads\/2025\/12\/Novell-1-1080x720.jpg 1080w\" sizes=\"(max-width: 1200px) 100vw, 1200px\" \/><p id=\"caption-attachment-8055\" class=\"wp-caption-text\">Nueva tienda de Caf\u00e9s Novell en Vilafranca del Pened\u00e8s<\/p><\/div>\n<p class=\"p1\"><span class=\"s1\">Caf\u00e9s Novell ha inaugurado la <b>primera tienda propia<\/b> situada en <strong>Vilafranca del Pened\u00e8s<\/strong> en la propia f\u00e1brica de la empresa.<\/span><\/p>\n<p class=\"p1\"><span class=\"s1\">Este nuevo espacio, abierto al p\u00fablico, ofrecer\u00e1 una <b>amplia selecci\u00f3n de caf\u00e9s de origen y blends profesionales<\/b> para degustar en casa en todo tipo de formatos: paquetes de caf\u00e9 en grano, mucho, o en c\u00e1psulas compostables. Tambi\u00e9n se encontrar\u00e1 una amplia selecci\u00f3n de<b>accesorios para la preparaci\u00f3n del caf\u00e9<\/b>, as\u00ed como <b>productos complementarios<\/b> como son nuestros t\u00e9s e infusiones, matcha, chai o chocolates.<\/span><\/p>\n<p class=\"p1\"><span class=\"s1\">De forma exclusiva y s\u00f3lo en la tienda, los visitantes tambi\u00e9n podr\u00e1n adquirir<b> caf\u00e9s de especialidad de or\u00edgenes rotativos a granel<\/b>. Este formato de venta se ofrece tanto en formato de caf\u00e9 en grano como reci\u00e9n molido, personaliz\u00e1ndolo en el punto \u00f3ptimo de mucha seg\u00fan la cafetera de la que cada uno disponga en casa.<\/span><\/p>\n<p class=\"p1\"><span class=\"s1\">Esta apertura marca <b>la primera fase de un proyecto mucho m\u00e1s amplio <\/b>que ver\u00e1 la luz en mayo<b> de 2026<\/b>, con la inauguraci\u00f3n completa del espacio <b><i>Coffee Experience<\/i><\/b>. Se tratar\u00e1 de un <b>espacio \u00fanico de visita experiencial<\/b>, que permitir\u00e1 al visitante adentrarse en el mundo del caf\u00e9 a trav\u00e9s de proyecciones inmersivas, experiencias sensoriales y un recorrido que revela todo lo que se esconde detr\u00e1s de una taza de caf\u00e9.<\/span><\/p>\n<p class=\"p1\"><span class=\"s1\"><i>Con esta tienda hacemos el primer paso de un proyecto que quiere compartir nuestra pasi\u00f3n por el caf\u00e9 y acercar al p\u00fablico todo lo que hay detr\u00e1s de cada taza.<\/i><i><\/i><\/span><\/p>\n<p class=\"p1\"><span class=\"s1\">El proyecto <b><i>Coffee Experience<\/i><\/b> contar\u00e1 tambi\u00e9n con un espacio degustaci\u00f3n de or\u00edgenes singulares, abierto al p\u00fablico, en el que se podr\u00e1n degustar caf\u00e9s procedentes de diferentes partes del mundo. <\/span><span class=\"s1\">Con esta iniciativa, <b>Caf\u00e9s Novell<\/b> reafirma su compromiso con la innovaci\u00f3n y la divulgaci\u00f3n de la cultura del caf\u00e9 en el territorio.<\/span><\/p>\n<p class=\"p1\"><span class=\"s1\"><strong>Ubicaci\u00f3n:<\/strong> La tienda se encuentra en el Pol\u00edgono Mercaderies, en la rotonda del Esclat.<br \/>\n<\/span><span class=\"s1\">(concretamente, Avenida Tarragona 159)<br \/>\n<\/span><span class=\"s1\">Horario: De lunes a s\u00e1bado, de 9:00 a 21:00.<\/span><\/p>\n<div id=\"attachment_8056\" style=\"width: 1210px\" class=\"wp-caption aligncenter\"><img loading=\"lazy\" decoding=\"async\" aria-describedby=\"caption-attachment-8056\" class=\"size-full wp-image-8056\" src=\"https:\/\/gremicafe.cat\/wp-content\/uploads\/2025\/12\/Novell-2.jpg\" alt=\"Nova botiga de Caf\u00e8s Novell a Vilafranca del Pened\u00e8s\" width=\"1200\" height=\"800\" srcset=\"https:\/\/gremicafe.cat\/wp-content\/uploads\/2025\/12\/Novell-2.jpg 1200w, https:\/\/gremicafe.cat\/wp-content\/uploads\/2025\/12\/Novell-2-768x512.jpg 768w, https:\/\/gremicafe.cat\/wp-content\/uploads\/2025\/12\/Novell-2-18x12.jpg 18w, https:\/\/gremicafe.cat\/wp-content\/uploads\/2025\/12\/Novell-2-1080x720.jpg 1080w\" sizes=\"(max-width: 1200px) 100vw, 1200px\" \/><p id=\"caption-attachment-8056\" class=\"wp-caption-text\">Nueva tienda de Caf\u00e9s Novell en Vilafranca del Pened\u00e8s<\/p><\/div>\n<div id=\"attachment_8057\" style=\"width: 1210px\" class=\"wp-caption aligncenter\"><img loading=\"lazy\" decoding=\"async\" aria-describedby=\"caption-attachment-8057\" class=\"size-full wp-image-8057\" src=\"https:\/\/gremicafe.cat\/wp-content\/uploads\/2025\/12\/Novell-3.jpg\" alt=\"Nova botiga de Caf\u00e8s Novell a Vilafranca del Pened\u00e8s\" width=\"1200\" height=\"800\" srcset=\"https:\/\/gremicafe.cat\/wp-content\/uploads\/2025\/12\/Novell-3.jpg 1200w, https:\/\/gremicafe.cat\/wp-content\/uploads\/2025\/12\/Novell-3-768x512.jpg 768w, https:\/\/gremicafe.cat\/wp-content\/uploads\/2025\/12\/Novell-3-18x12.jpg 18w, https:\/\/gremicafe.cat\/wp-content\/uploads\/2025\/12\/Novell-3-1080x720.jpg 1080w\" sizes=\"(max-width: 1200px) 100vw, 1200px\" \/><p id=\"caption-attachment-8057\" class=\"wp-caption-text\">Nueva tienda de Caf\u00e9s Novell en Vilafranca del Pened\u00e8s<\/p><\/div>","protected":false},"excerpt":{"rendered":"<p>Caf\u00e8s Novell ha inaugurat la primera botiga pr\u00f2pia situada a Vilafranca del Pened\u00e8s a la mateixa f\u00e0brica de l\u2019empresa. Aquest nou espai, obert al p\u00fablic, oferir\u00e0 una \u00e0mplia selecci\u00f3 de caf\u00e8s d\u2019origen i blends professionals per a degustar a casa en tota mena de formats: paquets de caf\u00e8 en gra, molt, o en c\u00e0psules compostables. [&hellip;]<\/p>\n","protected":false},"author":1,"featured_media":8055,"comment_status":"closed","ping_status":"open","sticky":false,"template":"","format":"standard","meta":{"_acf_changed":false,"inline_featured_image":false,"footnotes":""},"categories":[1],"tags":[183,162,145],"class_list":["post-8052","post","type-post","status-publish","format-standard","has-post-thumbnail","hentry","category-noticies","tag-botiga-de-cafe","tag-cafes-novell","tag-vilafranca-del-penedes"],"acf":[],"yoast_head":"<!-- This site is optimized with the Yoast SEO plugin v25.5 - https:\/\/yoast.com\/wordpress\/plugins\/seo\/ -->\n<title>Caf\u00e8s Novell obre la seva primera botiga, emmarcada sota el projecte \u201cCoffee Experience\u201d - Gremi del Caf\u00e8, torradors de Catalunya<\/title>\n<meta name=\"description\" content=\"Caf\u00e8s Novell ha inaugurat la primera botiga pr\u00f2pia situada a Vilafranca del Pened\u00e8s a la mateixa f\u00e0brica de l\u2019empresa.\" \/>\n<meta name=\"robots\" content=\"index, follow, max-snippet:-1, max-image-preview:large, max-video-preview:-1\" \/>\n<link rel=\"canonical\" href=\"https:\/\/gremicafe.cat\/es\/2025\/12\/18\/cafes-novell-obre-la-seva-primera-botiga-emmarcada-sota-el-projecte-coffee-experience\/\" \/>\n<meta property=\"og:locale\" content=\"es_ES\" \/>\n<meta property=\"og:type\" content=\"article\" \/>\n<meta property=\"og:title\" content=\"Caf\u00e8s Novell obre la seva primera botiga, emmarcada sota el projecte \u201cCoffee Experience\u201d - Gremi del Caf\u00e8, torradors de Catalunya\" \/>\n<meta property=\"og:description\" content=\"Caf\u00e8s Novell ha inaugurat la primera botiga pr\u00f2pia situada a Vilafranca del Pened\u00e8s a la mateixa f\u00e0brica de l\u2019empresa.\" \/>\n<meta property=\"og:url\" content=\"https:\/\/gremicafe.cat\/es\/2025\/12\/18\/cafes-novell-obre-la-seva-primera-botiga-emmarcada-sota-el-projecte-coffee-experience\/\" \/>\n<meta property=\"og:site_name\" content=\"Gremi del Caf\u00e8, torradors de Catalunya\" \/>\n<meta property=\"article:publisher\" content=\"https:\/\/www.facebook.com\/gremicafecat\" \/>\n<meta property=\"article:published_time\" content=\"2025-12-18T10:40:19+00:00\" \/>\n<meta property=\"og:image\" content=\"https:\/\/gremicafe.cat\/wp-content\/uploads\/2025\/12\/Novell-1.jpg\" \/>\n\t<meta property=\"og:image:width\" content=\"1200\" \/>\n\t<meta property=\"og:image:height\" content=\"800\" \/>\n\t<meta property=\"og:image:type\" content=\"image\/jpeg\" \/>\n<meta name=\"author\" content=\"gremicafe\" \/>\n<meta name=\"twitter:card\" content=\"summary_large_image\" \/>\n<meta name=\"twitter:creator\" content=\"@gremicafecat\" \/>\n<meta name=\"twitter:site\" content=\"@gremicafecat\" \/>\n<meta name=\"twitter:label1\" content=\"Escrito por\" \/>\n\t<meta name=\"twitter:data1\" content=\"gremicafe\" \/>\n\t<meta name=\"twitter:label2\" content=\"Tiempo de lectura\" \/>\n\t<meta name=\"twitter:data2\" content=\"3 minutos\" \/>\n<script type=\"application\/ld+json\" class=\"yoast-schema-graph\">{\"@context\":\"https:\/\/schema.org\",\"@graph\":[{\"@type\":\"Article\",\"@id\":\"https:\/\/gremicafe.cat\/2025\/12\/18\/cafes-novell-obre-la-seva-primera-botiga-emmarcada-sota-el-projecte-coffee-experience\/#article\",\"isPartOf\":{\"@id\":\"https:\/\/gremicafe.cat\/2025\/12\/18\/cafes-novell-obre-la-seva-primera-botiga-emmarcada-sota-el-projecte-coffee-experience\/\"},\"author\":{\"name\":\"gremicafe\",\"@id\":\"https:\/\/gremicafe.cat\/#\/schema\/person\/dabfdbb3d0fa36260855a380f94e4733\"},\"headline\":\"Caf\u00e8s Novell obre la seva primera botiga, emmarcada sota el projecte \u201cCoffee Experience\u201d\",\"datePublished\":\"2025-12-18T10:40:19+00:00\",\"mainEntityOfPage\":{\"@id\":\"https:\/\/gremicafe.cat\/2025\/12\/18\/cafes-novell-obre-la-seva-primera-botiga-emmarcada-sota-el-projecte-coffee-experience\/\"},\"wordCount\":405,\"publisher\":{\"@id\":\"https:\/\/gremicafe.cat\/#organization\"},\"image\":{\"@id\":\"https:\/\/gremicafe.cat\/2025\/12\/18\/cafes-novell-obre-la-seva-primera-botiga-emmarcada-sota-el-projecte-coffee-experience\/#primaryimage\"},\"thumbnailUrl\":\"https:\/\/gremicafe.cat\/wp-content\/uploads\/2025\/12\/Novell-1.jpg\",\"keywords\":[\"Botiga de caf\u00e8\",\"Caf\u00e8s Novell\",\"Vilafranca del Pened\u00e8s\"],\"articleSection\":[\"Not\u00edcies\"],\"inLanguage\":\"es\"},{\"@type\":\"WebPage\",\"@id\":\"https:\/\/gremicafe.cat\/2025\/12\/18\/cafes-novell-obre-la-seva-primera-botiga-emmarcada-sota-el-projecte-coffee-experience\/\",\"url\":\"https:\/\/gremicafe.cat\/2025\/12\/18\/cafes-novell-obre-la-seva-primera-botiga-emmarcada-sota-el-projecte-coffee-experience\/\",\"name\":\"Caf\u00e8s Novell obre la seva primera botiga, emmarcada sota el projecte \u201cCoffee Experience\u201d - Gremi del Caf\u00e8, torradors de Catalunya\",\"isPartOf\":{\"@id\":\"https:\/\/gremicafe.cat\/#website\"},\"primaryImageOfPage\":{\"@id\":\"https:\/\/gremicafe.cat\/2025\/12\/18\/cafes-novell-obre-la-seva-primera-botiga-emmarcada-sota-el-projecte-coffee-experience\/#primaryimage\"},\"image\":{\"@id\":\"https:\/\/gremicafe.cat\/2025\/12\/18\/cafes-novell-obre-la-seva-primera-botiga-emmarcada-sota-el-projecte-coffee-experience\/#primaryimage\"},\"thumbnailUrl\":\"https:\/\/gremicafe.cat\/wp-content\/uploads\/2025\/12\/Novell-1.jpg\",\"datePublished\":\"2025-12-18T10:40:19+00:00\",\"description\":\"Caf\u00e8s Novell ha inaugurat la primera botiga pr\u00f2pia situada a Vilafranca del Pened\u00e8s a la mateixa f\u00e0brica de l\u2019empresa.\",\"breadcrumb\":{\"@id\":\"https:\/\/gremicafe.cat\/2025\/12\/18\/cafes-novell-obre-la-seva-primera-botiga-emmarcada-sota-el-projecte-coffee-experience\/#breadcrumb\"},\"inLanguage\":\"es\",\"potentialAction\":[{\"@type\":\"ReadAction\",\"target\":[\"https:\/\/gremicafe.cat\/2025\/12\/18\/cafes-novell-obre-la-seva-primera-botiga-emmarcada-sota-el-projecte-coffee-experience\/\"]}]},{\"@type\":\"ImageObject\",\"inLanguage\":\"es\",\"@id\":\"https:\/\/gremicafe.cat\/2025\/12\/18\/cafes-novell-obre-la-seva-primera-botiga-emmarcada-sota-el-projecte-coffee-experience\/#primaryimage\",\"url\":\"https:\/\/gremicafe.cat\/wp-content\/uploads\/2025\/12\/Novell-1.jpg\",\"contentUrl\":\"https:\/\/gremicafe.cat\/wp-content\/uploads\/2025\/12\/Novell-1.jpg\",\"width\":1200,\"height\":800,\"caption\":\"Nova botiga de Caf\u00e8s Novell a Vilafranca del Pened\u00e8s\"},{\"@type\":\"BreadcrumbList\",\"@id\":\"https:\/\/gremicafe.cat\/2025\/12\/18\/cafes-novell-obre-la-seva-primera-botiga-emmarcada-sota-el-projecte-coffee-experience\/#breadcrumb\",\"itemListElement\":[{\"@type\":\"ListItem\",\"position\":1,\"name\":\"Inici\",\"item\":\"https:\/\/gremicafe.cat\/\"},{\"@type\":\"ListItem\",\"position\":2,\"name\":\"Caf\u00e8s Novell obre la seva primera botiga, emmarcada sota el projecte \u201cCoffee Experience\u201d\"}]},{\"@type\":\"WebSite\",\"@id\":\"https:\/\/gremicafe.cat\/#website\",\"url\":\"https:\/\/gremicafe.cat\/\",\"name\":\"Gremi del Caf\u00e8, torradors de Catalunya\",\"description\":\"Web oficial del gremi de torradors de caf\u00e8 de Catalunya\",\"publisher\":{\"@id\":\"https:\/\/gremicafe.cat\/#organization\"},\"potentialAction\":[{\"@type\":\"SearchAction\",\"target\":{\"@type\":\"EntryPoint\",\"urlTemplate\":\"https:\/\/gremicafe.cat\/?s={search_term_string}\"},\"query-input\":{\"@type\":\"PropertyValueSpecification\",\"valueRequired\":true,\"valueName\":\"search_term_string\"}}],\"inLanguage\":\"es\"},{\"@type\":\"Organization\",\"@id\":\"https:\/\/gremicafe.cat\/#organization\",\"name\":\"Gremi del Caf\u00e8, Torradors de Catalunya\",\"url\":\"https:\/\/gremicafe.cat\/\",\"logo\":{\"@type\":\"ImageObject\",\"inLanguage\":\"es\",\"@id\":\"https:\/\/gremicafe.cat\/#\/schema\/logo\/image\/\",\"url\":\"https:\/\/gremicafe.cat\/wp-content\/uploads\/2018\/03\/gremicafe-logo250.png\",\"contentUrl\":\"https:\/\/gremicafe.cat\/wp-content\/uploads\/2018\/03\/gremicafe-logo250.png\",\"width\":250,\"height\":49,\"caption\":\"Gremi del Caf\u00e8, Torradors de Catalunya\"},\"image\":{\"@id\":\"https:\/\/gremicafe.cat\/#\/schema\/logo\/image\/\"},\"sameAs\":[\"https:\/\/www.facebook.com\/gremicafecat\",\"https:\/\/x.com\/gremicafecat\",\"https:\/\/www.instagram.com\/gremicafecat\/\",\"https:\/\/www.pinterest.es\/gremicafecat\/\",\"https:\/\/www.youtube.com\/channel\/UCGLo5Y35vLwLvP4FrPZrCrw\/\"]},{\"@type\":\"Person\",\"@id\":\"https:\/\/gremicafe.cat\/#\/schema\/person\/dabfdbb3d0fa36260855a380f94e4733\",\"name\":\"gremicafe\",\"image\":{\"@type\":\"ImageObject\",\"inLanguage\":\"es\",\"@id\":\"https:\/\/gremicafe.cat\/#\/schema\/person\/image\/\",\"url\":\"https:\/\/secure.gravatar.com\/avatar\/e59baa4ca8f6f97576d6375fb6d3c8f0?s=96&d=mm&r=g\",\"contentUrl\":\"https:\/\/secure.gravatar.com\/avatar\/e59baa4ca8f6f97576d6375fb6d3c8f0?s=96&d=mm&r=g\",\"caption\":\"gremicafe\"}}]}<\/script>\n<!-- \/ Yoast SEO plugin. -->","yoast_head_json":{"title":"Caf\u00e8s Novell obre la seva primera botiga, emmarcada sota el projecte \u201cCoffee Experience\u201d - Gremi del Caf\u00e8, torradors de Catalunya","description":"Caf\u00e8s Novell ha inaugurat la primera botiga pr\u00f2pia situada a Vilafranca del Pened\u00e8s a la mateixa f\u00e0brica de l\u2019empresa.","robots":{"index":"index","follow":"follow","max-snippet":"max-snippet:-1","max-image-preview":"max-image-preview:large","max-video-preview":"max-video-preview:-1"},"canonical":"https:\/\/gremicafe.cat\/es\/2025\/12\/18\/cafes-novell-obre-la-seva-primera-botiga-emmarcada-sota-el-projecte-coffee-experience\/","og_locale":"es_ES","og_type":"article","og_title":"Caf\u00e8s Novell obre la seva primera botiga, emmarcada sota el projecte \u201cCoffee Experience\u201d - Gremi del Caf\u00e8, torradors de Catalunya","og_description":"Caf\u00e8s Novell ha inaugurat la primera botiga pr\u00f2pia situada a Vilafranca del Pened\u00e8s a la mateixa f\u00e0brica de l\u2019empresa.","og_url":"https:\/\/gremicafe.cat\/es\/2025\/12\/18\/cafes-novell-obre-la-seva-primera-botiga-emmarcada-sota-el-projecte-coffee-experience\/","og_site_name":"Gremi del Caf\u00e8, torradors de Catalunya","article_publisher":"https:\/\/www.facebook.com\/gremicafecat","article_published_time":"2025-12-18T10:40:19+00:00","og_image":[{"width":1200,"height":800,"url":"https:\/\/gremicafe.cat\/wp-content\/uploads\/2025\/12\/Novell-1.jpg","type":"image\/jpeg"}],"author":"gremicafe","twitter_card":"summary_large_image","twitter_creator":"@gremicafecat","twitter_site":"@gremicafecat","twitter_misc":{"Escrito por":"gremicafe","Tiempo de lectura":"3 minutos"},"schema":{"@context":"https:\/\/schema.org","@graph":[{"@type":"Article","@id":"https:\/\/gremicafe.cat\/2025\/12\/18\/cafes-novell-obre-la-seva-primera-botiga-emmarcada-sota-el-projecte-coffee-experience\/#article","isPartOf":{"@id":"https:\/\/gremicafe.cat\/2025\/12\/18\/cafes-novell-obre-la-seva-primera-botiga-emmarcada-sota-el-projecte-coffee-experience\/"},"author":{"name":"gremicafe","@id":"https:\/\/gremicafe.cat\/#\/schema\/person\/dabfdbb3d0fa36260855a380f94e4733"},"headline":"Caf\u00e8s Novell obre la seva primera botiga, emmarcada sota el projecte \u201cCoffee Experience\u201d","datePublished":"2025-12-18T10:40:19+00:00","mainEntityOfPage":{"@id":"https:\/\/gremicafe.cat\/2025\/12\/18\/cafes-novell-obre-la-seva-primera-botiga-emmarcada-sota-el-projecte-coffee-experience\/"},"wordCount":405,"publisher":{"@id":"https:\/\/gremicafe.cat\/#organization"},"image":{"@id":"https:\/\/gremicafe.cat\/2025\/12\/18\/cafes-novell-obre-la-seva-primera-botiga-emmarcada-sota-el-projecte-coffee-experience\/#primaryimage"},"thumbnailUrl":"https:\/\/gremicafe.cat\/wp-content\/uploads\/2025\/12\/Novell-1.jpg","keywords":["Botiga de caf\u00e8","Caf\u00e8s Novell","Vilafranca del Pened\u00e8s"],"articleSection":["Not\u00edcies"],"inLanguage":"es"},{"@type":"WebPage","@id":"https:\/\/gremicafe.cat\/2025\/12\/18\/cafes-novell-obre-la-seva-primera-botiga-emmarcada-sota-el-projecte-coffee-experience\/","url":"https:\/\/gremicafe.cat\/2025\/12\/18\/cafes-novell-obre-la-seva-primera-botiga-emmarcada-sota-el-projecte-coffee-experience\/","name":"Caf\u00e8s Novell obre la seva primera botiga, emmarcada sota el projecte \u201cCoffee Experience\u201d - Gremi del Caf\u00e8, torradors de Catalunya","isPartOf":{"@id":"https:\/\/gremicafe.cat\/#website"},"primaryImageOfPage":{"@id":"https:\/\/gremicafe.cat\/2025\/12\/18\/cafes-novell-obre-la-seva-primera-botiga-emmarcada-sota-el-projecte-coffee-experience\/#primaryimage"},"image":{"@id":"https:\/\/gremicafe.cat\/2025\/12\/18\/cafes-novell-obre-la-seva-primera-botiga-emmarcada-sota-el-projecte-coffee-experience\/#primaryimage"},"thumbnailUrl":"https:\/\/gremicafe.cat\/wp-content\/uploads\/2025\/12\/Novell-1.jpg","datePublished":"2025-12-18T10:40:19+00:00","description":"Caf\u00e8s Novell ha inaugurat la primera botiga pr\u00f2pia situada a Vilafranca del Pened\u00e8s a la mateixa f\u00e0brica de l\u2019empresa.","breadcrumb":{"@id":"https:\/\/gremicafe.cat\/2025\/12\/18\/cafes-novell-obre-la-seva-primera-botiga-emmarcada-sota-el-projecte-coffee-experience\/#breadcrumb"},"inLanguage":"es","potentialAction":[{"@type":"ReadAction","target":["https:\/\/gremicafe.cat\/2025\/12\/18\/cafes-novell-obre-la-seva-primera-botiga-emmarcada-sota-el-projecte-coffee-experience\/"]}]},{"@type":"ImageObject","inLanguage":"es","@id":"https:\/\/gremicafe.cat\/2025\/12\/18\/cafes-novell-obre-la-seva-primera-botiga-emmarcada-sota-el-projecte-coffee-experience\/#primaryimage","url":"https:\/\/gremicafe.cat\/wp-content\/uploads\/2025\/12\/Novell-1.jpg","contentUrl":"https:\/\/gremicafe.cat\/wp-content\/uploads\/2025\/12\/Novell-1.jpg","width":1200,"height":800,"caption":"Nova botiga de Caf\u00e8s Novell a Vilafranca del Pened\u00e8s"},{"@type":"BreadcrumbList","@id":"https:\/\/gremicafe.cat\/2025\/12\/18\/cafes-novell-obre-la-seva-primera-botiga-emmarcada-sota-el-projecte-coffee-experience\/#breadcrumb","itemListElement":[{"@type":"ListItem","position":1,"name":"Inici","item":"https:\/\/gremicafe.cat\/"},{"@type":"ListItem","position":2,"name":"Caf\u00e8s Novell obre la seva primera botiga, emmarcada sota el projecte \u201cCoffee Experience\u201d"}]},{"@type":"WebSite","@id":"https:\/\/gremicafe.cat\/#website","url":"https:\/\/gremicafe.cat\/","name":"Gremio del Caf\u00e9, tostadores de Catalu\u00f1a","description":"Web oficial del gremio de tostadores de caf\u00e9 de Catalunya","publisher":{"@id":"https:\/\/gremicafe.cat\/#organization"},"potentialAction":[{"@type":"SearchAction","target":{"@type":"EntryPoint","urlTemplate":"https:\/\/gremicafe.cat\/?s={search_term_string}"},"query-input":{"@type":"PropertyValueSpecification","valueRequired":true,"valueName":"search_term_string"}}],"inLanguage":"es"},{"@type":"Organization","@id":"https:\/\/gremicafe.cat\/#organization","name":"Gremio del Caf\u00e9, Tostadores de Catalu\u00f1a","url":"https:\/\/gremicafe.cat\/","logo":{"@type":"ImageObject","inLanguage":"es","@id":"https:\/\/gremicafe.cat\/#\/schema\/logo\/image\/","url":"https:\/\/gremicafe.cat\/wp-content\/uploads\/2018\/03\/gremicafe-logo250.png","contentUrl":"https:\/\/gremicafe.cat\/wp-content\/uploads\/2018\/03\/gremicafe-logo250.png","width":250,"height":49,"caption":"Gremi del Caf\u00e8, Torradors de Catalunya"},"image":{"@id":"https:\/\/gremicafe.cat\/#\/schema\/logo\/image\/"},"sameAs":["https:\/\/www.facebook.com\/gremicafecat","https:\/\/x.com\/gremicafecat","https:\/\/www.instagram.com\/gremicafecat\/","https:\/\/www.pinterest.es\/gremicafecat\/","https:\/\/www.youtube.com\/channel\/UCGLo5Y35vLwLvP4FrPZrCrw\/"]},{"@type":"Person","@id":"https:\/\/gremicafe.cat\/#\/schema\/person\/dabfdbb3d0fa36260855a380f94e4733","name":"gremicafe","image":{"@type":"ImageObject","inLanguage":"es","@id":"https:\/\/gremicafe.cat\/#\/schema\/person\/image\/","url":"https:\/\/secure.gravatar.com\/avatar\/e59baa4ca8f6f97576d6375fb6d3c8f0?s=96&d=mm&r=g","contentUrl":"https:\/\/secure.gravatar.com\/avatar\/e59baa4ca8f6f97576d6375fb6d3c8f0?s=96&d=mm&r=g","caption":"gremicafe"}}]}},"_links":{"self":[{"href":"https:\/\/gremicafe.cat\/es\/wp-json\/wp\/v2\/posts\/8052"}],"collection":[{"href":"https:\/\/gremicafe.cat\/es\/wp-json\/wp\/v2\/posts"}],"about":[{"href":"https:\/\/gremicafe.cat\/es\/wp-json\/wp\/v2\/types\/post"}],"author":[{"embeddable":true,"href":"https:\/\/gremicafe.cat\/es\/wp-json\/wp\/v2\/users\/1"}],"replies":[{"embeddable":true,"href":"https:\/\/gremicafe.cat\/es\/wp-json\/wp\/v2\/comments?post=8052"}],"version-history":[{"count":0,"href":"https:\/\/gremicafe.cat\/es\/wp-json\/wp\/v2\/posts\/8052\/revisions"}],"wp:featuredmedia":[{"embeddable":true,"href":"https:\/\/gremicafe.cat\/es\/wp-json\/wp\/v2\/media\/8055"}],"wp:attachment":[{"href":"https:\/\/gremicafe.cat\/es\/wp-json\/wp\/v2\/media?parent=8052"}],"wp:term":[{"taxonomy":"category","embeddable":true,"href":"https:\/\/gremicafe.cat\/es\/wp-json\/wp\/v2\/categories?post=8052"},{"taxonomy":"post_tag","embeddable":true,"href":"https:\/\/gremicafe.cat\/es\/wp-json\/wp\/v2\/tags?post=8052"}],"curies":[{"name":"wp","href":"https:\/\/api.w.org\/{rel}","templated":true}]}}