{"id":8063,"date":"2026-01-14T15:23:02","date_gmt":"2026-01-14T14:23:02","guid":{"rendered":"https:\/\/gremicafe.cat\/?p=8063"},"modified":"2026-01-14T15:23:02","modified_gmt":"2026-01-14T14:23:02","slug":"quant-cafe-es-segur-consumir","status":"publish","type":"post","link":"https:\/\/gremicafe.cat\/es\/2026\/01\/14\/quant-cafe-es-segur-consumir\/","title":{"rendered":"\u00bfCu\u00e1nto caf\u00e9 es seguro consumir?"},"content":{"rendered":"<p class=\"p1\"><span class=\"s1\">El caf\u00e9 es una de las bebidas m\u00e1s populares en el mundo. Millones de personas recurren a su sabor y sus efectos estimulantes todos los d\u00edas. Sin embargo, a medida que se multiplican las investigaciones sobre sus beneficios y riesgos, surge una pregunta clave: \u00bfqu\u00e9 cantidad de caf\u00e9 se puede tomar al d\u00eda de forma segura?<\/span><\/p>\n<p class=\"p1\"><span class=\"s1\">Seg\u00fan el art\u00edculo de <b>Portal Cl\u00ednico<\/b>, la evidencia cient\u00edfica actual apoya que un consumo moderado de caf\u00e9, idealmente de entre\u00a0<b>2 y 3 tazas al d\u00eda<\/b>, es seguro para la mayor\u00eda de personas y puede aportar beneficios significativos para la salud. Aunque hasta\u00a0<b>4 tazas diarias<\/b>\u00a0pueden ser tolerables para algunos adultos sanos; es importante ajustar la cantidad seg\u00fan las necesidades y tolerancia individuales.<\/span><\/p>\n<p class=\"p1\"><span class=\"s1\">Le invitamos a leer el art\u00edculo publicado en <b>Portal Cl\u00ednico<\/b>, el blog de noticias sobre <b>Temas de Salud<\/b> del<b>Hospital Cl\u00ednico de Barcelona<\/b>.<\/span><\/p>\n<p class=\"p3\"><span class=\"s1\">M\u00edralo en: <\/span><\/p>\n<p class=\"p3\"><a href=\"https:\/\/www.clinicbarcelona.org\/ca\/noticies\/quant-cafe-es-segur-consumir\" target=\"_blank\" rel=\"noopener\"><span class=\"s1\">https:\/\/www.clinicbarcelona.org\/ca\/noticies\/quant-cafe-es-segur-consumir<\/span><\/a><\/p>\n<div id=\"attachment_8064\" style=\"width: 1090px\" class=\"wp-caption aligncenter\"><img loading=\"lazy\" decoding=\"async\" aria-describedby=\"caption-attachment-8064\" class=\"size-full wp-image-8064\" src=\"https:\/\/gremicafe.cat\/wp-content\/uploads\/2026\/01\/Cafe-Tasses1-26.jpg\" alt=\"Caf\u00e8 i Salut - Portal Cl\u00ednic - Gremi del Caf\u00e8 de Catalunya\" width=\"1080\" height=\"1350\" srcset=\"https:\/\/gremicafe.cat\/wp-content\/uploads\/2026\/01\/Cafe-Tasses1-26.jpg 1080w, https:\/\/gremicafe.cat\/wp-content\/uploads\/2026\/01\/Cafe-Tasses1-26-768x960.jpg 768w, https:\/\/gremicafe.cat\/wp-content\/uploads\/2026\/01\/Cafe-Tasses1-26-10x12.jpg 10w, https:\/\/gremicafe.cat\/wp-content\/uploads\/2026\/01\/Cafe-Tasses1-26-576x720.jpg 576w\" sizes=\"(max-width: 1080px) 100vw, 1080px\" \/><p id=\"caption-attachment-8064\" class=\"wp-caption-text\">Caf\u00e9 y Salud - Portal Cl\u00ednic - Gremio del Caf\u00e9 de Catalu\u00f1a<\/p><\/div>","protected":false},"excerpt":{"rendered":"<p>El caf\u00e8 \u00e9s una de les begudes m\u00e9s populars al m\u00f3n. Milions de persones recorren al seu sabor i els seus efectes estimulants cada dia. Per\u00f2, a mesura que es multipliquen les investigacions sobre els seus beneficis i riscos, sorgeix una pregunta clau: quina quantitat de caf\u00e8\u00a0es pot prendre al dia de forma segura? Segons [&hellip;]<\/p>\n","protected":false},"author":1,"featured_media":8064,"comment_status":"closed","ping_status":"open","sticky":false,"template":"","format":"standard","meta":{"_acf_changed":false,"inline_featured_image":false,"footnotes":""},"categories":[1],"tags":[171,185,184],"class_list":["post-8063","post","type-post","status-publish","format-standard","has-post-thumbnail","hentry","category-noticies","tag-cafe-i-salut","tag-hospital-clinic-de-barcelona","tag-portal-clinic"],"acf":[],"yoast_head":"<!-- This site is optimized with the Yoast SEO plugin v25.5 - https:\/\/yoast.com\/wordpress\/plugins\/seo\/ -->\n<title>Quant caf\u00e8 \u00e9s segur consumir? - Gremi del Caf\u00e8, torradors de Catalunya<\/title>\n<meta name=\"description\" content=\"El caf\u00e8 \u00e9s una de les begudes m\u00e9s populars al m\u00f3n. Milions de persones recorren al seu sabor i els seus efectes estimulants cada dia. Per\u00f2, a mesura que es multipliquen les investigacions sobre els seus beneficis i riscos, sorgeix una pregunta clau: quina quantitat de caf\u00e8\u00a0es pot prendre al dia de forma segura?\" \/>\n<meta name=\"robots\" content=\"index, follow, max-snippet:-1, max-image-preview:large, max-video-preview:-1\" \/>\n<link rel=\"canonical\" href=\"https:\/\/gremicafe.cat\/es\/2026\/01\/14\/quant-cafe-es-segur-consumir\/\" \/>\n<meta property=\"og:locale\" content=\"es_ES\" \/>\n<meta property=\"og:type\" content=\"article\" \/>\n<meta property=\"og:title\" content=\"Quant caf\u00e8 \u00e9s segur consumir? - Gremi del Caf\u00e8, torradors de Catalunya\" \/>\n<meta property=\"og:description\" content=\"El caf\u00e8 \u00e9s una de les begudes m\u00e9s populars al m\u00f3n. Milions de persones recorren al seu sabor i els seus efectes estimulants cada dia. Per\u00f2, a mesura que es multipliquen les investigacions sobre els seus beneficis i riscos, sorgeix una pregunta clau: quina quantitat de caf\u00e8\u00a0es pot prendre al dia de forma segura?\" \/>\n<meta property=\"og:url\" content=\"https:\/\/gremicafe.cat\/es\/2026\/01\/14\/quant-cafe-es-segur-consumir\/\" \/>\n<meta property=\"og:site_name\" content=\"Gremi del Caf\u00e8, torradors de Catalunya\" \/>\n<meta property=\"article:publisher\" content=\"https:\/\/www.facebook.com\/gremicafecat\" \/>\n<meta property=\"article:published_time\" content=\"2026-01-14T14:23:02+00:00\" \/>\n<meta property=\"og:image\" content=\"https:\/\/gremicafe.cat\/wp-content\/uploads\/2026\/01\/Cafe-Tasses1-26.jpg\" \/>\n\t<meta property=\"og:image:width\" content=\"1080\" \/>\n\t<meta property=\"og:image:height\" content=\"1350\" \/>\n\t<meta property=\"og:image:type\" content=\"image\/jpeg\" \/>\n<meta name=\"author\" content=\"gremicafe\" \/>\n<meta name=\"twitter:card\" content=\"summary_large_image\" \/>\n<meta name=\"twitter:creator\" content=\"@gremicafecat\" \/>\n<meta name=\"twitter:site\" content=\"@gremicafecat\" \/>\n<meta name=\"twitter:label1\" content=\"Escrito por\" \/>\n\t<meta name=\"twitter:data1\" content=\"gremicafe\" \/>\n\t<meta name=\"twitter:label2\" content=\"Tiempo de lectura\" \/>\n\t<meta name=\"twitter:data2\" content=\"2 minutos\" \/>\n<script type=\"application\/ld+json\" class=\"yoast-schema-graph\">{\"@context\":\"https:\/\/schema.org\",\"@graph\":[{\"@type\":\"Article\",\"@id\":\"https:\/\/gremicafe.cat\/2026\/01\/14\/quant-cafe-es-segur-consumir\/#article\",\"isPartOf\":{\"@id\":\"https:\/\/gremicafe.cat\/2026\/01\/14\/quant-cafe-es-segur-consumir\/\"},\"author\":{\"name\":\"gremicafe\",\"@id\":\"https:\/\/gremicafe.cat\/#\/schema\/person\/dabfdbb3d0fa36260855a380f94e4733\"},\"headline\":\"Quant caf\u00e8 \u00e9s segur consumir?\",\"datePublished\":\"2026-01-14T14:23:02+00:00\",\"mainEntityOfPage\":{\"@id\":\"https:\/\/gremicafe.cat\/2026\/01\/14\/quant-cafe-es-segur-consumir\/\"},\"wordCount\":188,\"publisher\":{\"@id\":\"https:\/\/gremicafe.cat\/#organization\"},\"image\":{\"@id\":\"https:\/\/gremicafe.cat\/2026\/01\/14\/quant-cafe-es-segur-consumir\/#primaryimage\"},\"thumbnailUrl\":\"https:\/\/gremicafe.cat\/wp-content\/uploads\/2026\/01\/Cafe-Tasses1-26.jpg\",\"keywords\":[\"Caf\u00e8 i salut\",\"Hospital Cl\u00ednic de Barcelona\",\"Portal Cl\u00ednic\"],\"articleSection\":[\"Not\u00edcies\"],\"inLanguage\":\"es\"},{\"@type\":\"WebPage\",\"@id\":\"https:\/\/gremicafe.cat\/2026\/01\/14\/quant-cafe-es-segur-consumir\/\",\"url\":\"https:\/\/gremicafe.cat\/2026\/01\/14\/quant-cafe-es-segur-consumir\/\",\"name\":\"Quant caf\u00e8 \u00e9s segur consumir? - Gremi del Caf\u00e8, torradors de Catalunya\",\"isPartOf\":{\"@id\":\"https:\/\/gremicafe.cat\/#website\"},\"primaryImageOfPage\":{\"@id\":\"https:\/\/gremicafe.cat\/2026\/01\/14\/quant-cafe-es-segur-consumir\/#primaryimage\"},\"image\":{\"@id\":\"https:\/\/gremicafe.cat\/2026\/01\/14\/quant-cafe-es-segur-consumir\/#primaryimage\"},\"thumbnailUrl\":\"https:\/\/gremicafe.cat\/wp-content\/uploads\/2026\/01\/Cafe-Tasses1-26.jpg\",\"datePublished\":\"2026-01-14T14:23:02+00:00\",\"description\":\"El caf\u00e8 \u00e9s una de les begudes m\u00e9s populars al m\u00f3n. Milions de persones recorren al seu sabor i els seus efectes estimulants cada dia. Per\u00f2, a mesura que es multipliquen les investigacions sobre els seus beneficis i riscos, sorgeix una pregunta clau: quina quantitat de caf\u00e8\u00a0es pot prendre al dia de forma segura?\",\"breadcrumb\":{\"@id\":\"https:\/\/gremicafe.cat\/2026\/01\/14\/quant-cafe-es-segur-consumir\/#breadcrumb\"},\"inLanguage\":\"es\",\"potentialAction\":[{\"@type\":\"ReadAction\",\"target\":[\"https:\/\/gremicafe.cat\/2026\/01\/14\/quant-cafe-es-segur-consumir\/\"]}]},{\"@type\":\"ImageObject\",\"inLanguage\":\"es\",\"@id\":\"https:\/\/gremicafe.cat\/2026\/01\/14\/quant-cafe-es-segur-consumir\/#primaryimage\",\"url\":\"https:\/\/gremicafe.cat\/wp-content\/uploads\/2026\/01\/Cafe-Tasses1-26.jpg\",\"contentUrl\":\"https:\/\/gremicafe.cat\/wp-content\/uploads\/2026\/01\/Cafe-Tasses1-26.jpg\",\"width\":1080,\"height\":1350,\"caption\":\"Caf\u00e8 i Salut - Portal Cl\u00ednic - Gremi del Caf\u00e8 de Catalunya\"},{\"@type\":\"BreadcrumbList\",\"@id\":\"https:\/\/gremicafe.cat\/2026\/01\/14\/quant-cafe-es-segur-consumir\/#breadcrumb\",\"itemListElement\":[{\"@type\":\"ListItem\",\"position\":1,\"name\":\"Inici\",\"item\":\"https:\/\/gremicafe.cat\/\"},{\"@type\":\"ListItem\",\"position\":2,\"name\":\"Quant caf\u00e8 \u00e9s segur consumir?\"}]},{\"@type\":\"WebSite\",\"@id\":\"https:\/\/gremicafe.cat\/#website\",\"url\":\"https:\/\/gremicafe.cat\/\",\"name\":\"Gremi del Caf\u00e8, torradors de Catalunya\",\"description\":\"Web oficial del gremi de torradors de caf\u00e8 de Catalunya\",\"publisher\":{\"@id\":\"https:\/\/gremicafe.cat\/#organization\"},\"potentialAction\":[{\"@type\":\"SearchAction\",\"target\":{\"@type\":\"EntryPoint\",\"urlTemplate\":\"https:\/\/gremicafe.cat\/?s={search_term_string}\"},\"query-input\":{\"@type\":\"PropertyValueSpecification\",\"valueRequired\":true,\"valueName\":\"search_term_string\"}}],\"inLanguage\":\"es\"},{\"@type\":\"Organization\",\"@id\":\"https:\/\/gremicafe.cat\/#organization\",\"name\":\"Gremi del Caf\u00e8, Torradors de Catalunya\",\"url\":\"https:\/\/gremicafe.cat\/\",\"logo\":{\"@type\":\"ImageObject\",\"inLanguage\":\"es\",\"@id\":\"https:\/\/gremicafe.cat\/#\/schema\/logo\/image\/\",\"url\":\"https:\/\/gremicafe.cat\/wp-content\/uploads\/2018\/03\/gremicafe-logo250.png\",\"contentUrl\":\"https:\/\/gremicafe.cat\/wp-content\/uploads\/2018\/03\/gremicafe-logo250.png\",\"width\":250,\"height\":49,\"caption\":\"Gremi del Caf\u00e8, Torradors de Catalunya\"},\"image\":{\"@id\":\"https:\/\/gremicafe.cat\/#\/schema\/logo\/image\/\"},\"sameAs\":[\"https:\/\/www.facebook.com\/gremicafecat\",\"https:\/\/x.com\/gremicafecat\",\"https:\/\/www.instagram.com\/gremicafecat\/\",\"https:\/\/www.pinterest.es\/gremicafecat\/\",\"https:\/\/www.youtube.com\/channel\/UCGLo5Y35vLwLvP4FrPZrCrw\/\"]},{\"@type\":\"Person\",\"@id\":\"https:\/\/gremicafe.cat\/#\/schema\/person\/dabfdbb3d0fa36260855a380f94e4733\",\"name\":\"gremicafe\",\"image\":{\"@type\":\"ImageObject\",\"inLanguage\":\"es\",\"@id\":\"https:\/\/gremicafe.cat\/#\/schema\/person\/image\/\",\"url\":\"https:\/\/secure.gravatar.com\/avatar\/e59baa4ca8f6f97576d6375fb6d3c8f0?s=96&d=mm&r=g\",\"contentUrl\":\"https:\/\/secure.gravatar.com\/avatar\/e59baa4ca8f6f97576d6375fb6d3c8f0?s=96&d=mm&r=g\",\"caption\":\"gremicafe\"}}]}<\/script>\n<!-- \/ Yoast SEO plugin. -->","yoast_head_json":{"title":"Quant caf\u00e8 \u00e9s segur consumir? - Gremi del Caf\u00e8, torradors de Catalunya","description":"El caf\u00e9 es una de las bebidas m\u00e1s populares en el mundo. Millones de personas recurren a su sabor y sus efectos estimulantes todos los d\u00edas. Sin embargo, a medida que se multiplican las investigaciones sobre sus beneficios y riesgos, surge una pregunta clave: \u00bfqu\u00e9 cantidad de caf\u00e9 se puede tomar al d\u00eda de forma segura?","robots":{"index":"index","follow":"follow","max-snippet":"max-snippet:-1","max-image-preview":"max-image-preview:large","max-video-preview":"max-video-preview:-1"},"canonical":"https:\/\/gremicafe.cat\/es\/2026\/01\/14\/quant-cafe-es-segur-consumir\/","og_locale":"es_ES","og_type":"article","og_title":"Quant caf\u00e8 \u00e9s segur consumir? - Gremi del Caf\u00e8, torradors de Catalunya","og_description":"El caf\u00e8 \u00e9s una de les begudes m\u00e9s populars al m\u00f3n. Milions de persones recorren al seu sabor i els seus efectes estimulants cada dia. Per\u00f2, a mesura que es multipliquen les investigacions sobre els seus beneficis i riscos, sorgeix una pregunta clau: quina quantitat de caf\u00e8\u00a0es pot prendre al dia de forma segura?","og_url":"https:\/\/gremicafe.cat\/es\/2026\/01\/14\/quant-cafe-es-segur-consumir\/","og_site_name":"Gremi del Caf\u00e8, torradors de Catalunya","article_publisher":"https:\/\/www.facebook.com\/gremicafecat","article_published_time":"2026-01-14T14:23:02+00:00","og_image":[{"width":1080,"height":1350,"url":"https:\/\/gremicafe.cat\/wp-content\/uploads\/2026\/01\/Cafe-Tasses1-26.jpg","type":"image\/jpeg"}],"author":"gremicafe","twitter_card":"summary_large_image","twitter_creator":"@gremicafecat","twitter_site":"@gremicafecat","twitter_misc":{"Escrito por":"gremicafe","Tiempo de lectura":"2 minutos"},"schema":{"@context":"https:\/\/schema.org","@graph":[{"@type":"Article","@id":"https:\/\/gremicafe.cat\/2026\/01\/14\/quant-cafe-es-segur-consumir\/#article","isPartOf":{"@id":"https:\/\/gremicafe.cat\/2026\/01\/14\/quant-cafe-es-segur-consumir\/"},"author":{"name":"gremicafe","@id":"https:\/\/gremicafe.cat\/#\/schema\/person\/dabfdbb3d0fa36260855a380f94e4733"},"headline":"Quant caf\u00e8 \u00e9s segur consumir?","datePublished":"2026-01-14T14:23:02+00:00","mainEntityOfPage":{"@id":"https:\/\/gremicafe.cat\/2026\/01\/14\/quant-cafe-es-segur-consumir\/"},"wordCount":188,"publisher":{"@id":"https:\/\/gremicafe.cat\/#organization"},"image":{"@id":"https:\/\/gremicafe.cat\/2026\/01\/14\/quant-cafe-es-segur-consumir\/#primaryimage"},"thumbnailUrl":"https:\/\/gremicafe.cat\/wp-content\/uploads\/2026\/01\/Cafe-Tasses1-26.jpg","keywords":["Caf\u00e8 i salut","Hospital Cl\u00ednic de Barcelona","Portal Cl\u00ednic"],"articleSection":["Not\u00edcies"],"inLanguage":"es"},{"@type":"WebPage","@id":"https:\/\/gremicafe.cat\/2026\/01\/14\/quant-cafe-es-segur-consumir\/","url":"https:\/\/gremicafe.cat\/2026\/01\/14\/quant-cafe-es-segur-consumir\/","name":"Quant caf\u00e8 \u00e9s segur consumir? - Gremi del Caf\u00e8, torradors de Catalunya","isPartOf":{"@id":"https:\/\/gremicafe.cat\/#website"},"primaryImageOfPage":{"@id":"https:\/\/gremicafe.cat\/2026\/01\/14\/quant-cafe-es-segur-consumir\/#primaryimage"},"image":{"@id":"https:\/\/gremicafe.cat\/2026\/01\/14\/quant-cafe-es-segur-consumir\/#primaryimage"},"thumbnailUrl":"https:\/\/gremicafe.cat\/wp-content\/uploads\/2026\/01\/Cafe-Tasses1-26.jpg","datePublished":"2026-01-14T14:23:02+00:00","description":"El caf\u00e9 es una de las bebidas m\u00e1s populares en el mundo. Millones de personas recurren a su sabor y sus efectos estimulantes todos los d\u00edas. Sin embargo, a medida que se multiplican las investigaciones sobre sus beneficios y riesgos, surge una pregunta clave: \u00bfqu\u00e9 cantidad de caf\u00e9 se puede tomar al d\u00eda de forma segura?","breadcrumb":{"@id":"https:\/\/gremicafe.cat\/2026\/01\/14\/quant-cafe-es-segur-consumir\/#breadcrumb"},"inLanguage":"es","potentialAction":[{"@type":"ReadAction","target":["https:\/\/gremicafe.cat\/2026\/01\/14\/quant-cafe-es-segur-consumir\/"]}]},{"@type":"ImageObject","inLanguage":"es","@id":"https:\/\/gremicafe.cat\/2026\/01\/14\/quant-cafe-es-segur-consumir\/#primaryimage","url":"https:\/\/gremicafe.cat\/wp-content\/uploads\/2026\/01\/Cafe-Tasses1-26.jpg","contentUrl":"https:\/\/gremicafe.cat\/wp-content\/uploads\/2026\/01\/Cafe-Tasses1-26.jpg","width":1080,"height":1350,"caption":"Caf\u00e8 i Salut - Portal Cl\u00ednic - Gremi del Caf\u00e8 de Catalunya"},{"@type":"BreadcrumbList","@id":"https:\/\/gremicafe.cat\/2026\/01\/14\/quant-cafe-es-segur-consumir\/#breadcrumb","itemListElement":[{"@type":"ListItem","position":1,"name":"Inici","item":"https:\/\/gremicafe.cat\/"},{"@type":"ListItem","position":2,"name":"Quant caf\u00e8 \u00e9s segur consumir?"}]},{"@type":"WebSite","@id":"https:\/\/gremicafe.cat\/#website","url":"https:\/\/gremicafe.cat\/","name":"Gremio del Caf\u00e9, tostadores de Catalu\u00f1a","description":"Web oficial del gremio de tostadores de caf\u00e9 de Catalunya","publisher":{"@id":"https:\/\/gremicafe.cat\/#organization"},"potentialAction":[{"@type":"SearchAction","target":{"@type":"EntryPoint","urlTemplate":"https:\/\/gremicafe.cat\/?s={search_term_string}"},"query-input":{"@type":"PropertyValueSpecification","valueRequired":true,"valueName":"search_term_string"}}],"inLanguage":"es"},{"@type":"Organization","@id":"https:\/\/gremicafe.cat\/#organization","name":"Gremio del Caf\u00e9, Tostadores de Catalu\u00f1a","url":"https:\/\/gremicafe.cat\/","logo":{"@type":"ImageObject","inLanguage":"es","@id":"https:\/\/gremicafe.cat\/#\/schema\/logo\/image\/","url":"https:\/\/gremicafe.cat\/wp-content\/uploads\/2018\/03\/gremicafe-logo250.png","contentUrl":"https:\/\/gremicafe.cat\/wp-content\/uploads\/2018\/03\/gremicafe-logo250.png","width":250,"height":49,"caption":"Gremi del Caf\u00e8, Torradors de Catalunya"},"image":{"@id":"https:\/\/gremicafe.cat\/#\/schema\/logo\/image\/"},"sameAs":["https:\/\/www.facebook.com\/gremicafecat","https:\/\/x.com\/gremicafecat","https:\/\/www.instagram.com\/gremicafecat\/","https:\/\/www.pinterest.es\/gremicafecat\/","https:\/\/www.youtube.com\/channel\/UCGLo5Y35vLwLvP4FrPZrCrw\/"]},{"@type":"Person","@id":"https:\/\/gremicafe.cat\/#\/schema\/person\/dabfdbb3d0fa36260855a380f94e4733","name":"gremicafe","image":{"@type":"ImageObject","inLanguage":"es","@id":"https:\/\/gremicafe.cat\/#\/schema\/person\/image\/","url":"https:\/\/secure.gravatar.com\/avatar\/e59baa4ca8f6f97576d6375fb6d3c8f0?s=96&d=mm&r=g","contentUrl":"https:\/\/secure.gravatar.com\/avatar\/e59baa4ca8f6f97576d6375fb6d3c8f0?s=96&d=mm&r=g","caption":"gremicafe"}}]}},"_links":{"self":[{"href":"https:\/\/gremicafe.cat\/es\/wp-json\/wp\/v2\/posts\/8063"}],"collection":[{"href":"https:\/\/gremicafe.cat\/es\/wp-json\/wp\/v2\/posts"}],"about":[{"href":"https:\/\/gremicafe.cat\/es\/wp-json\/wp\/v2\/types\/post"}],"author":[{"embeddable":true,"href":"https:\/\/gremicafe.cat\/es\/wp-json\/wp\/v2\/users\/1"}],"replies":[{"embeddable":true,"href":"https:\/\/gremicafe.cat\/es\/wp-json\/wp\/v2\/comments?post=8063"}],"version-history":[{"count":0,"href":"https:\/\/gremicafe.cat\/es\/wp-json\/wp\/v2\/posts\/8063\/revisions"}],"wp:featuredmedia":[{"embeddable":true,"href":"https:\/\/gremicafe.cat\/es\/wp-json\/wp\/v2\/media\/8064"}],"wp:attachment":[{"href":"https:\/\/gremicafe.cat\/es\/wp-json\/wp\/v2\/media?parent=8063"}],"wp:term":[{"taxonomy":"category","embeddable":true,"href":"https:\/\/gremicafe.cat\/es\/wp-json\/wp\/v2\/categories?post=8063"},{"taxonomy":"post_tag","embeddable":true,"href":"https:\/\/gremicafe.cat\/es\/wp-json\/wp\/v2\/tags?post=8063"}],"curies":[{"name":"wp","href":"https:\/\/api.w.org\/{rel}","templated":true}]}}