{"id":8088,"date":"2026-01-22T15:52:01","date_gmt":"2026-01-22T14:52:01","guid":{"rendered":"https:\/\/gremicafe.cat\/?p=8088"},"modified":"2026-01-22T15:52:44","modified_gmt":"2026-01-22T14:52:44","slug":"el-cafe-del-segle-xxi-i-els-torradors-del-gremi-del-cafe","status":"publish","type":"post","link":"https:\/\/gremicafe.cat\/es\/2026\/01\/22\/el-cafe-del-segle-xxi-i-els-torradors-del-gremi-del-cafe\/","title":{"rendered":"El caf\u00e9 del siglo XXI y los tostadores del Gremio del Caf\u00e9"},"content":{"rendered":"<p class=\"p1\">La aparici\u00f3n de las c\u00e1psulas Nespresso\u00ae en el mercado -hablamos del a\u00f1o 1996, aunque la idea se empez\u00f3 a gestar mucho antes- marc\u00f3 el inicio de una revoluci\u00f3n en la forma de tomar caf\u00e9 en casa. Y tambi\u00e9n, aunque se habla poco de ello, contribuy\u00f3 sobre todo al conocimiento de las cualidades, or\u00edgenes y sabores del caf\u00e9, identificados por or\u00edgenes o por blends sofisticados que, hasta entonces, estaban reservados a los conocedores ya las tiendas de caf\u00e9 especializadas.<\/p>\n<h3 class=\"p1\"><em><strong>\u201c&quot;El mundo del caf\u00e9 est\u00e1 con deuda con Nespresso porque populariz\u00f3 la cultura del caf\u00e9.&quot;\u201d<\/strong><\/em><\/h3>\n<p class=\"p1\">Esta nueva cultura del caf\u00e9 ha sido el detonante de un nuevo mercado dom\u00e9stico, muy incipiente hasta el momento, que despierta con su entrada en el nuevo siglo. Disponer de una buena cafetera para tomar caf\u00e9 espresso con un molinillo para moler los granos de caf\u00e9 se convirti\u00f3 en el gran deseo de los nuevos fans del mundo del caf\u00e9.<\/p>\n<p class=\"p1\">En el mundo del caf\u00e9 tradicional se abri\u00f3 un nuevo mercado que reclamaba or\u00edgenes, diversidad y sobre todo excepcionalidad. Los tostadores catalanes estuvieron dispuestos a este cambio y empezaron a ofrecer blends exclusivos, premiando la calidad por delante del precio.<\/p>\n<p class=\"p1\">Al mismo tiempo, los caf\u00e9s con alto contenido en torrefacto fue desapareciendo -todav\u00eda se encuentran en los mercados de caf\u00e9 barato- para dar paso al caf\u00e9 100% natural, de las variedades ar\u00e1biga y robusta, con mezclas muy acertadas.<\/p>\n<p class=\"p1\"><b>Los caf\u00e9s de especialidad<\/b><b><\/b><\/p>\n<p class=\"p1\">El siguiente paso fue entrar en la din\u00e1mica de los caf\u00e9s de especialidad. La mayor\u00eda de los tostadores del Gremio del Caf\u00e9 ofrecen caf\u00e9 en grano de or\u00edgenes diversos, entre los que se encuentran los mejores caf\u00e9s del mundo. Llamados gen\u00e9ricamente caf\u00e9s de especialidad, responden a una categor\u00eda de caf\u00e9s que tienen un tratamiento comercial mucho m\u00e1s exclusivo que los llamados caf\u00e9s comerciales. Los caf\u00e9s de especialidad son caf\u00e9s certificados por catadores profesionales, que determina la SCA (Specialty Coffee Association), y que superan una puntuaci\u00f3n de 80 puntos sobre 100.<\/p>\n<p class=\"p1\">De acuerdo con las tendencias del mercado, los tostadores de caf\u00e9 de Catalu\u00f1a ofrecen sus productos en el mercado profesional, a trav\u00e9s de sus canales de distribuci\u00f3n, y tambi\u00e9n en el mercado dom\u00e9stico, con las tiendas on-line, en todos los formatos posibles: en grano; molido especial por cada modelo de cafetera, incluidas las cafeteras de \u00faltima generaci\u00f3n; en c\u00e1psulas profesionales y dom\u00e9sticas; descafeinados en el agua; ecol\u00f3gicos, etc.<\/p>\n<p class=\"p1\">El <b>Gremio del Caf\u00e9 de Catalu\u00f1a<\/b> agrupa a los principales tostadores de caf\u00e9 de nuestro pa\u00eds. Empresas, algunas de ellas centenarias, est\u00e1n representadas por marcas que se han hecho populares en el mercado de hosteler\u00eda y tambi\u00e9n en los lineales de alimentaci\u00f3n. Merece la pena entrar en las tiendas de cada tostador y descubrir qu\u00e9 caf\u00e9s ofrecen.<\/p>\n<p class=\"p1\">M\u00e1s all\u00e1 del caf\u00e9 tradicional, fuerte y de sabor amargo, los nueve caf\u00e9s abren un abanico tanto apasionante como ic\u00f3nico. Entre y compruebe entre la gran variedad de caf\u00e9s que ofrecen los tostadores de caf\u00e9 de Catalu\u00f1a. El Gremio es una garant\u00eda de origen, de caf\u00e9 100% natural, y sobre todo de caf\u00e9 reci\u00e9n tostado muy cerca de ti, por un tostador profesional.<\/p>\n<p class=\"p1\">Josep M Rovira Valls<br \/>\nEnero de 2026<\/p>\n<p><img loading=\"lazy\" decoding=\"async\" class=\"aligncenter size-full wp-image-8089\" src=\"https:\/\/gremicafe.cat\/wp-content\/uploads\/2026\/01\/CafesXXI.jpg\" alt=\"\" width=\"1080\" height=\"1350\" srcset=\"https:\/\/gremicafe.cat\/wp-content\/uploads\/2026\/01\/CafesXXI.jpg 1080w, https:\/\/gremicafe.cat\/wp-content\/uploads\/2026\/01\/CafesXXI-768x960.jpg 768w, https:\/\/gremicafe.cat\/wp-content\/uploads\/2026\/01\/CafesXXI-10x12.jpg 10w, https:\/\/gremicafe.cat\/wp-content\/uploads\/2026\/01\/CafesXXI-576x720.jpg 576w\" sizes=\"(max-width: 1080px) 100vw, 1080px\" \/><\/p>","protected":false},"excerpt":{"rendered":"<p>L&#8217;aparici\u00f3 de les c\u00e0psules Nespresso\u00ae al mercat &#8211; parlem de l&#8217;any 1996, tot i que la idea es va comen\u00e7ar a gestar molt abans- va marcar l&#8217;inici d&#8217;una revoluci\u00f3 en la manera de prendre caf\u00e8 a casa. I tamb\u00e9, tot i que se&#8217;n parla poc, va contribuir sobre manera en el coneixement de les qualitats, [&hellip;]<\/p>\n","protected":false},"author":1,"featured_media":8089,"comment_status":"closed","ping_status":"open","sticky":false,"template":"","format":"standard","meta":{"_acf_changed":false,"inline_featured_image":false,"footnotes":""},"categories":[1],"tags":[187,136,186,97],"class_list":["post-8088","post","type-post","status-publish","format-standard","has-post-thumbnail","hentry","category-noticies","tag-cafe-acabat-de-torrar","tag-cafe-despecialitat","tag-cafe-del-segle-xxi","tag-gremi-del-cafe"],"acf":[],"yoast_head":"<!-- This site is optimized with the Yoast SEO plugin v25.5 - https:\/\/yoast.com\/wordpress\/plugins\/seo\/ -->\n<title>El caf\u00e8 del segle XXI i els torradors del Gremi del Caf\u00e8 - Gremi del Caf\u00e8, torradors de Catalunya<\/title>\n<meta name=\"description\" content=\"L&#039;aparici\u00f3 de les c\u00e0psules Nespresso\u00ae al mercat - parlem de l&#039;any 1996, tot i que la idea es va comen\u00e7ar a gestar molt abans- va marcar l&#039;inici d&#039;una revoluci\u00f3 en la manera de prendre caf\u00e8 a casa.\" \/>\n<meta name=\"robots\" content=\"index, follow, max-snippet:-1, max-image-preview:large, max-video-preview:-1\" \/>\n<link rel=\"canonical\" href=\"https:\/\/gremicafe.cat\/es\/2026\/01\/22\/el-cafe-del-segle-xxi-i-els-torradors-del-gremi-del-cafe\/\" \/>\n<meta property=\"og:locale\" content=\"es_ES\" \/>\n<meta property=\"og:type\" content=\"article\" \/>\n<meta property=\"og:title\" content=\"El caf\u00e8 del segle XXI i els torradors del Gremi del Caf\u00e8 - Gremi del Caf\u00e8, torradors de Catalunya\" \/>\n<meta property=\"og:description\" content=\"L&#039;aparici\u00f3 de les c\u00e0psules Nespresso\u00ae al mercat - parlem de l&#039;any 1996, tot i que la idea es va comen\u00e7ar a gestar molt abans- va marcar l&#039;inici d&#039;una revoluci\u00f3 en la manera de prendre caf\u00e8 a casa.\" \/>\n<meta property=\"og:url\" content=\"https:\/\/gremicafe.cat\/es\/2026\/01\/22\/el-cafe-del-segle-xxi-i-els-torradors-del-gremi-del-cafe\/\" \/>\n<meta property=\"og:site_name\" content=\"Gremi del Caf\u00e8, torradors de Catalunya\" \/>\n<meta property=\"article:publisher\" content=\"https:\/\/www.facebook.com\/gremicafecat\" \/>\n<meta property=\"article:published_time\" content=\"2026-01-22T14:52:01+00:00\" \/>\n<meta property=\"article:modified_time\" content=\"2026-01-22T14:52:44+00:00\" \/>\n<meta property=\"og:image\" content=\"https:\/\/gremicafe.cat\/wp-content\/uploads\/2026\/01\/CafesXXI.jpg\" \/>\n\t<meta property=\"og:image:width\" content=\"1080\" \/>\n\t<meta property=\"og:image:height\" content=\"1350\" \/>\n\t<meta property=\"og:image:type\" content=\"image\/jpeg\" \/>\n<meta name=\"author\" content=\"gremicafe\" \/>\n<meta name=\"twitter:card\" content=\"summary_large_image\" \/>\n<meta name=\"twitter:creator\" content=\"@gremicafecat\" \/>\n<meta name=\"twitter:site\" content=\"@gremicafecat\" \/>\n<meta name=\"twitter:label1\" content=\"Escrito por\" \/>\n\t<meta name=\"twitter:data1\" content=\"gremicafe\" \/>\n\t<meta name=\"twitter:label2\" content=\"Tiempo de lectura\" \/>\n\t<meta name=\"twitter:data2\" content=\"4 minutos\" \/>\n<script type=\"application\/ld+json\" class=\"yoast-schema-graph\">{\"@context\":\"https:\/\/schema.org\",\"@graph\":[{\"@type\":\"Article\",\"@id\":\"https:\/\/gremicafe.cat\/2026\/01\/22\/el-cafe-del-segle-xxi-i-els-torradors-del-gremi-del-cafe\/#article\",\"isPartOf\":{\"@id\":\"https:\/\/gremicafe.cat\/2026\/01\/22\/el-cafe-del-segle-xxi-i-els-torradors-del-gremi-del-cafe\/\"},\"author\":{\"name\":\"gremicafe\",\"@id\":\"https:\/\/gremicafe.cat\/#\/schema\/person\/dabfdbb3d0fa36260855a380f94e4733\"},\"headline\":\"El caf\u00e8 del segle XXI i els torradors del Gremi del Caf\u00e8\",\"datePublished\":\"2026-01-22T14:52:01+00:00\",\"dateModified\":\"2026-01-22T14:52:44+00:00\",\"mainEntityOfPage\":{\"@id\":\"https:\/\/gremicafe.cat\/2026\/01\/22\/el-cafe-del-segle-xxi-i-els-torradors-del-gremi-del-cafe\/\"},\"wordCount\":555,\"publisher\":{\"@id\":\"https:\/\/gremicafe.cat\/#organization\"},\"image\":{\"@id\":\"https:\/\/gremicafe.cat\/2026\/01\/22\/el-cafe-del-segle-xxi-i-els-torradors-del-gremi-del-cafe\/#primaryimage\"},\"thumbnailUrl\":\"https:\/\/gremicafe.cat\/wp-content\/uploads\/2026\/01\/CafesXXI.jpg\",\"keywords\":[\"Caf\u00e8 acabat de torrar\",\"Caf\u00e8 d'especialitat\",\"Caf\u00e8 del segle XXI\",\"Gremi del Caf\u00e8\"],\"articleSection\":[\"Not\u00edcies\"],\"inLanguage\":\"es\"},{\"@type\":\"WebPage\",\"@id\":\"https:\/\/gremicafe.cat\/2026\/01\/22\/el-cafe-del-segle-xxi-i-els-torradors-del-gremi-del-cafe\/\",\"url\":\"https:\/\/gremicafe.cat\/2026\/01\/22\/el-cafe-del-segle-xxi-i-els-torradors-del-gremi-del-cafe\/\",\"name\":\"El caf\u00e8 del segle XXI i els torradors del Gremi del Caf\u00e8 - Gremi del Caf\u00e8, torradors de Catalunya\",\"isPartOf\":{\"@id\":\"https:\/\/gremicafe.cat\/#website\"},\"primaryImageOfPage\":{\"@id\":\"https:\/\/gremicafe.cat\/2026\/01\/22\/el-cafe-del-segle-xxi-i-els-torradors-del-gremi-del-cafe\/#primaryimage\"},\"image\":{\"@id\":\"https:\/\/gremicafe.cat\/2026\/01\/22\/el-cafe-del-segle-xxi-i-els-torradors-del-gremi-del-cafe\/#primaryimage\"},\"thumbnailUrl\":\"https:\/\/gremicafe.cat\/wp-content\/uploads\/2026\/01\/CafesXXI.jpg\",\"datePublished\":\"2026-01-22T14:52:01+00:00\",\"dateModified\":\"2026-01-22T14:52:44+00:00\",\"description\":\"L'aparici\u00f3 de les c\u00e0psules Nespresso\u00ae al mercat - parlem de l'any 1996, tot i que la idea es va comen\u00e7ar a gestar molt abans- va marcar l'inici d'una revoluci\u00f3 en la manera de prendre caf\u00e8 a casa.\",\"breadcrumb\":{\"@id\":\"https:\/\/gremicafe.cat\/2026\/01\/22\/el-cafe-del-segle-xxi-i-els-torradors-del-gremi-del-cafe\/#breadcrumb\"},\"inLanguage\":\"es\",\"potentialAction\":[{\"@type\":\"ReadAction\",\"target\":[\"https:\/\/gremicafe.cat\/2026\/01\/22\/el-cafe-del-segle-xxi-i-els-torradors-del-gremi-del-cafe\/\"]}]},{\"@type\":\"ImageObject\",\"inLanguage\":\"es\",\"@id\":\"https:\/\/gremicafe.cat\/2026\/01\/22\/el-cafe-del-segle-xxi-i-els-torradors-del-gremi-del-cafe\/#primaryimage\",\"url\":\"https:\/\/gremicafe.cat\/wp-content\/uploads\/2026\/01\/CafesXXI.jpg\",\"contentUrl\":\"https:\/\/gremicafe.cat\/wp-content\/uploads\/2026\/01\/CafesXXI.jpg\",\"width\":1080,\"height\":1350},{\"@type\":\"BreadcrumbList\",\"@id\":\"https:\/\/gremicafe.cat\/2026\/01\/22\/el-cafe-del-segle-xxi-i-els-torradors-del-gremi-del-cafe\/#breadcrumb\",\"itemListElement\":[{\"@type\":\"ListItem\",\"position\":1,\"name\":\"Inici\",\"item\":\"https:\/\/gremicafe.cat\/\"},{\"@type\":\"ListItem\",\"position\":2,\"name\":\"El caf\u00e8 del segle XXI i els torradors del Gremi del Caf\u00e8\"}]},{\"@type\":\"WebSite\",\"@id\":\"https:\/\/gremicafe.cat\/#website\",\"url\":\"https:\/\/gremicafe.cat\/\",\"name\":\"Gremi del Caf\u00e8, torradors de Catalunya\",\"description\":\"Web oficial del gremi de torradors de caf\u00e8 de Catalunya\",\"publisher\":{\"@id\":\"https:\/\/gremicafe.cat\/#organization\"},\"potentialAction\":[{\"@type\":\"SearchAction\",\"target\":{\"@type\":\"EntryPoint\",\"urlTemplate\":\"https:\/\/gremicafe.cat\/?s={search_term_string}\"},\"query-input\":{\"@type\":\"PropertyValueSpecification\",\"valueRequired\":true,\"valueName\":\"search_term_string\"}}],\"inLanguage\":\"es\"},{\"@type\":\"Organization\",\"@id\":\"https:\/\/gremicafe.cat\/#organization\",\"name\":\"Gremi del Caf\u00e8, Torradors de Catalunya\",\"url\":\"https:\/\/gremicafe.cat\/\",\"logo\":{\"@type\":\"ImageObject\",\"inLanguage\":\"es\",\"@id\":\"https:\/\/gremicafe.cat\/#\/schema\/logo\/image\/\",\"url\":\"https:\/\/gremicafe.cat\/wp-content\/uploads\/2018\/03\/gremicafe-logo250.png\",\"contentUrl\":\"https:\/\/gremicafe.cat\/wp-content\/uploads\/2018\/03\/gremicafe-logo250.png\",\"width\":250,\"height\":49,\"caption\":\"Gremi del Caf\u00e8, Torradors de Catalunya\"},\"image\":{\"@id\":\"https:\/\/gremicafe.cat\/#\/schema\/logo\/image\/\"},\"sameAs\":[\"https:\/\/www.facebook.com\/gremicafecat\",\"https:\/\/x.com\/gremicafecat\",\"https:\/\/www.instagram.com\/gremicafecat\/\",\"https:\/\/www.pinterest.es\/gremicafecat\/\",\"https:\/\/www.youtube.com\/channel\/UCGLo5Y35vLwLvP4FrPZrCrw\/\"]},{\"@type\":\"Person\",\"@id\":\"https:\/\/gremicafe.cat\/#\/schema\/person\/dabfdbb3d0fa36260855a380f94e4733\",\"name\":\"gremicafe\",\"image\":{\"@type\":\"ImageObject\",\"inLanguage\":\"es\",\"@id\":\"https:\/\/gremicafe.cat\/#\/schema\/person\/image\/\",\"url\":\"https:\/\/secure.gravatar.com\/avatar\/e59baa4ca8f6f97576d6375fb6d3c8f0?s=96&d=mm&r=g\",\"contentUrl\":\"https:\/\/secure.gravatar.com\/avatar\/e59baa4ca8f6f97576d6375fb6d3c8f0?s=96&d=mm&r=g\",\"caption\":\"gremicafe\"}}]}<\/script>\n<!-- \/ Yoast SEO plugin. -->","yoast_head_json":{"title":"El caf\u00e8 del segle XXI i els torradors del Gremi del Caf\u00e8 - Gremi del Caf\u00e8, torradors de Catalunya","description":"L'aparici\u00f3 de les c\u00e0psules Nespresso\u00ae al mercat - parlem de l'any 1996, tot i que la idea es va comen\u00e7ar a gestar molt abans- va marcar l'inici d'una revoluci\u00f3 en la manera de prendre caf\u00e8 a casa.","robots":{"index":"index","follow":"follow","max-snippet":"max-snippet:-1","max-image-preview":"max-image-preview:large","max-video-preview":"max-video-preview:-1"},"canonical":"https:\/\/gremicafe.cat\/es\/2026\/01\/22\/el-cafe-del-segle-xxi-i-els-torradors-del-gremi-del-cafe\/","og_locale":"es_ES","og_type":"article","og_title":"El caf\u00e8 del segle XXI i els torradors del Gremi del Caf\u00e8 - Gremi del Caf\u00e8, torradors de Catalunya","og_description":"L'aparici\u00f3 de les c\u00e0psules Nespresso\u00ae al mercat - parlem de l'any 1996, tot i que la idea es va comen\u00e7ar a gestar molt abans- va marcar l'inici d'una revoluci\u00f3 en la manera de prendre caf\u00e8 a casa.","og_url":"https:\/\/gremicafe.cat\/es\/2026\/01\/22\/el-cafe-del-segle-xxi-i-els-torradors-del-gremi-del-cafe\/","og_site_name":"Gremi del Caf\u00e8, torradors de Catalunya","article_publisher":"https:\/\/www.facebook.com\/gremicafecat","article_published_time":"2026-01-22T14:52:01+00:00","article_modified_time":"2026-01-22T14:52:44+00:00","og_image":[{"width":1080,"height":1350,"url":"https:\/\/gremicafe.cat\/wp-content\/uploads\/2026\/01\/CafesXXI.jpg","type":"image\/jpeg"}],"author":"gremicafe","twitter_card":"summary_large_image","twitter_creator":"@gremicafecat","twitter_site":"@gremicafecat","twitter_misc":{"Escrito por":"gremicafe","Tiempo de lectura":"4 minutos"},"schema":{"@context":"https:\/\/schema.org","@graph":[{"@type":"Article","@id":"https:\/\/gremicafe.cat\/2026\/01\/22\/el-cafe-del-segle-xxi-i-els-torradors-del-gremi-del-cafe\/#article","isPartOf":{"@id":"https:\/\/gremicafe.cat\/2026\/01\/22\/el-cafe-del-segle-xxi-i-els-torradors-del-gremi-del-cafe\/"},"author":{"name":"gremicafe","@id":"https:\/\/gremicafe.cat\/#\/schema\/person\/dabfdbb3d0fa36260855a380f94e4733"},"headline":"El caf\u00e8 del segle XXI i els torradors del Gremi del Caf\u00e8","datePublished":"2026-01-22T14:52:01+00:00","dateModified":"2026-01-22T14:52:44+00:00","mainEntityOfPage":{"@id":"https:\/\/gremicafe.cat\/2026\/01\/22\/el-cafe-del-segle-xxi-i-els-torradors-del-gremi-del-cafe\/"},"wordCount":555,"publisher":{"@id":"https:\/\/gremicafe.cat\/#organization"},"image":{"@id":"https:\/\/gremicafe.cat\/2026\/01\/22\/el-cafe-del-segle-xxi-i-els-torradors-del-gremi-del-cafe\/#primaryimage"},"thumbnailUrl":"https:\/\/gremicafe.cat\/wp-content\/uploads\/2026\/01\/CafesXXI.jpg","keywords":["Caf\u00e8 acabat de torrar","Caf\u00e8 d'especialitat","Caf\u00e8 del segle XXI","Gremi del Caf\u00e8"],"articleSection":["Not\u00edcies"],"inLanguage":"es"},{"@type":"WebPage","@id":"https:\/\/gremicafe.cat\/2026\/01\/22\/el-cafe-del-segle-xxi-i-els-torradors-del-gremi-del-cafe\/","url":"https:\/\/gremicafe.cat\/2026\/01\/22\/el-cafe-del-segle-xxi-i-els-torradors-del-gremi-del-cafe\/","name":"El caf\u00e8 del segle XXI i els torradors del Gremi del Caf\u00e8 - Gremi del Caf\u00e8, torradors de Catalunya","isPartOf":{"@id":"https:\/\/gremicafe.cat\/#website"},"primaryImageOfPage":{"@id":"https:\/\/gremicafe.cat\/2026\/01\/22\/el-cafe-del-segle-xxi-i-els-torradors-del-gremi-del-cafe\/#primaryimage"},"image":{"@id":"https:\/\/gremicafe.cat\/2026\/01\/22\/el-cafe-del-segle-xxi-i-els-torradors-del-gremi-del-cafe\/#primaryimage"},"thumbnailUrl":"https:\/\/gremicafe.cat\/wp-content\/uploads\/2026\/01\/CafesXXI.jpg","datePublished":"2026-01-22T14:52:01+00:00","dateModified":"2026-01-22T14:52:44+00:00","description":"L'aparici\u00f3 de les c\u00e0psules Nespresso\u00ae al mercat - parlem de l'any 1996, tot i que la idea es va comen\u00e7ar a gestar molt abans- va marcar l'inici d'una revoluci\u00f3 en la manera de prendre caf\u00e8 a casa.","breadcrumb":{"@id":"https:\/\/gremicafe.cat\/2026\/01\/22\/el-cafe-del-segle-xxi-i-els-torradors-del-gremi-del-cafe\/#breadcrumb"},"inLanguage":"es","potentialAction":[{"@type":"ReadAction","target":["https:\/\/gremicafe.cat\/2026\/01\/22\/el-cafe-del-segle-xxi-i-els-torradors-del-gremi-del-cafe\/"]}]},{"@type":"ImageObject","inLanguage":"es","@id":"https:\/\/gremicafe.cat\/2026\/01\/22\/el-cafe-del-segle-xxi-i-els-torradors-del-gremi-del-cafe\/#primaryimage","url":"https:\/\/gremicafe.cat\/wp-content\/uploads\/2026\/01\/CafesXXI.jpg","contentUrl":"https:\/\/gremicafe.cat\/wp-content\/uploads\/2026\/01\/CafesXXI.jpg","width":1080,"height":1350},{"@type":"BreadcrumbList","@id":"https:\/\/gremicafe.cat\/2026\/01\/22\/el-cafe-del-segle-xxi-i-els-torradors-del-gremi-del-cafe\/#breadcrumb","itemListElement":[{"@type":"ListItem","position":1,"name":"Inici","item":"https:\/\/gremicafe.cat\/"},{"@type":"ListItem","position":2,"name":"El caf\u00e8 del segle XXI i els torradors del Gremi del Caf\u00e8"}]},{"@type":"WebSite","@id":"https:\/\/gremicafe.cat\/#website","url":"https:\/\/gremicafe.cat\/","name":"Gremio del Caf\u00e9, tostadores de Catalu\u00f1a","description":"Web oficial del gremio de tostadores de caf\u00e9 de Catalunya","publisher":{"@id":"https:\/\/gremicafe.cat\/#organization"},"potentialAction":[{"@type":"SearchAction","target":{"@type":"EntryPoint","urlTemplate":"https:\/\/gremicafe.cat\/?s={search_term_string}"},"query-input":{"@type":"PropertyValueSpecification","valueRequired":true,"valueName":"search_term_string"}}],"inLanguage":"es"},{"@type":"Organization","@id":"https:\/\/gremicafe.cat\/#organization","name":"Gremio del Caf\u00e9, Tostadores de Catalu\u00f1a","url":"https:\/\/gremicafe.cat\/","logo":{"@type":"ImageObject","inLanguage":"es","@id":"https:\/\/gremicafe.cat\/#\/schema\/logo\/image\/","url":"https:\/\/gremicafe.cat\/wp-content\/uploads\/2018\/03\/gremicafe-logo250.png","contentUrl":"https:\/\/gremicafe.cat\/wp-content\/uploads\/2018\/03\/gremicafe-logo250.png","width":250,"height":49,"caption":"Gremi del Caf\u00e8, Torradors de Catalunya"},"image":{"@id":"https:\/\/gremicafe.cat\/#\/schema\/logo\/image\/"},"sameAs":["https:\/\/www.facebook.com\/gremicafecat","https:\/\/x.com\/gremicafecat","https:\/\/www.instagram.com\/gremicafecat\/","https:\/\/www.pinterest.es\/gremicafecat\/","https:\/\/www.youtube.com\/channel\/UCGLo5Y35vLwLvP4FrPZrCrw\/"]},{"@type":"Person","@id":"https:\/\/gremicafe.cat\/#\/schema\/person\/dabfdbb3d0fa36260855a380f94e4733","name":"gremicafe","image":{"@type":"ImageObject","inLanguage":"es","@id":"https:\/\/gremicafe.cat\/#\/schema\/person\/image\/","url":"https:\/\/secure.gravatar.com\/avatar\/e59baa4ca8f6f97576d6375fb6d3c8f0?s=96&d=mm&r=g","contentUrl":"https:\/\/secure.gravatar.com\/avatar\/e59baa4ca8f6f97576d6375fb6d3c8f0?s=96&d=mm&r=g","caption":"gremicafe"}}]}},"_links":{"self":[{"href":"https:\/\/gremicafe.cat\/es\/wp-json\/wp\/v2\/posts\/8088"}],"collection":[{"href":"https:\/\/gremicafe.cat\/es\/wp-json\/wp\/v2\/posts"}],"about":[{"href":"https:\/\/gremicafe.cat\/es\/wp-json\/wp\/v2\/types\/post"}],"author":[{"embeddable":true,"href":"https:\/\/gremicafe.cat\/es\/wp-json\/wp\/v2\/users\/1"}],"replies":[{"embeddable":true,"href":"https:\/\/gremicafe.cat\/es\/wp-json\/wp\/v2\/comments?post=8088"}],"version-history":[{"count":0,"href":"https:\/\/gremicafe.cat\/es\/wp-json\/wp\/v2\/posts\/8088\/revisions"}],"wp:featuredmedia":[{"embeddable":true,"href":"https:\/\/gremicafe.cat\/es\/wp-json\/wp\/v2\/media\/8089"}],"wp:attachment":[{"href":"https:\/\/gremicafe.cat\/es\/wp-json\/wp\/v2\/media?parent=8088"}],"wp:term":[{"taxonomy":"category","embeddable":true,"href":"https:\/\/gremicafe.cat\/es\/wp-json\/wp\/v2\/categories?post=8088"},{"taxonomy":"post_tag","embeddable":true,"href":"https:\/\/gremicafe.cat\/es\/wp-json\/wp\/v2\/tags?post=8088"}],"curies":[{"name":"wp","href":"https:\/\/api.w.org\/{rel}","templated":true}]}}