{"id":8095,"date":"2026-01-26T18:39:50","date_gmt":"2026-01-26T17:39:50","guid":{"rendered":"https:\/\/gremicafe.cat\/?p=8095"},"modified":"2026-01-26T18:40:17","modified_gmt":"2026-01-26T17:40:17","slug":"el-primer-campeonato-de-escuelas-forum-cafe-ja-esta-en-marxa","status":"publish","type":"post","link":"https:\/\/gremicafe.cat\/es\/2026\/01\/26\/el-primer-campeonato-de-escuelas-forum-cafe-ja-esta-en-marxa\/","title":{"rendered":"El primer Campeonato de Escuelas F\u00f3rum Caf\u00e9 ya est\u00e1 en marcha."},"content":{"rendered":"<p class=\"p1\"><span class=\"s1\"><img loading=\"lazy\" decoding=\"async\" class=\"aligncenter size-full wp-image-8096\" src=\"https:\/\/gremicafe.cat\/wp-content\/uploads\/2026\/01\/Campionbat-Forum-Cafe.jpg\" alt=\"\" width=\"1080\" height=\"1347\" srcset=\"https:\/\/gremicafe.cat\/wp-content\/uploads\/2026\/01\/Campionbat-Forum-Cafe.jpg 1080w, https:\/\/gremicafe.cat\/wp-content\/uploads\/2026\/01\/Campionbat-Forum-Cafe-768x958.jpg 768w, https:\/\/gremicafe.cat\/wp-content\/uploads\/2026\/01\/Campionbat-Forum-Cafe-10x12.jpg 10w, https:\/\/gremicafe.cat\/wp-content\/uploads\/2026\/01\/Campionbat-Forum-Cafe-577x720.jpg 577w\" sizes=\"(max-width: 1080px) 100vw, 1080px\" \/><\/span><\/p>\n<p>&nbsp;<\/p>\n<p class=\"p1\"><span class=\"s1\">Este campeonato, organizado por <strong>F\u00f3rum Cultural del Caf\u00e9<\/strong>, combina formaci\u00f3n, teor\u00eda y pr\u00e1ctica con un objetivo claro: acercar la cultura del caf\u00e9 a las escuelas de hosteler\u00eda y acompa\u00f1ar a los futuros profesionales en un aprendizaje conectado con el producto, su origen y su correcta preparaci\u00f3n.<\/span><\/p>\n<p class=\"p1\"><span class=\"s1\">Los mejores clasificados de cada centro representar\u00e1n a su escuela en la final nacional, que se celebrar\u00e1 en el marco de\u2019<strong>Alimentaria + Hostelco<\/strong> 2026, del 23 al 26 de marzo en Barcelona.<\/span><\/p>\n<p class=\"p1\"><span class=\"s1\"><b>Escuelas participantes en esta primera edici\u00f3n<\/b><\/span><\/p>\n<p class=\"p1\"><span class=\"s1\">En esta edici\u00f3n inaugural participan los siguientes centros formativos, junto a las empresas patrocinadoras que les acompa\u00f1an, algunas de las cuales son miembros del <strong>Gremio del Caf\u00e9 de Catalu\u00f1a<\/strong>.<\/span><\/p>\n<p class=\"p1\"><span class=\"s1\">Escuela de Hosteler\u00eda Casa de Campo y la Escuela Sim\u00f3n Ortega, patrocinadas por Caf\u00e9 Templo.<br \/>\n<\/span><span class=\"s1\"><b>Escuela de Hosteler\u00eda Osona y FP Sant Cugat, con el apoyo de Caf\u00e9s Pont<\/b>.<br \/>\n<\/span><span class=\"s1\">Escuela de Hosteler\u00eda de Gerona, patrocinada por Coffee Center.<br \/>\n<\/span><span class=\"s1\">Escuela de Foz y el Instituto de Gastronom\u00eda de Barcelona, con el patrocinio de Caf\u00e9s Candelas.<br \/>\n<\/span><span class=\"s1\"><b>Escuela de Hosteler\u00eda y Turismo de Barcelona<\/b>, <b>con el apoyo de<\/b> <b>Quality Espresso.<br \/>\n<\/b><b><\/b><\/span><span class=\"s1\">OTEA, Hosteler\u00eda y Turismo en Asturias, patrocinada por Caf\u00e9s Oquendo.<br \/>\n<\/span><span class=\"s1\">Zonas Incom SL, con el respaldo de Origen Colombia.<\/span><\/p>\n<p class=\"p1\"><span class=\"s1\">Si quieres conocer el desarrollo completo del campeonato, las escuelas participantes y el detalle de cada fase, puedes leer el art\u00edculo completo <a href=\"https:\/\/forumdelcafe.com\/forum-cafe-pone-en-marcha-el-primer-campeonato-de-escuelas-de-hosteleria-especializadas-en-cafe\/?ct=t(EMAIL_CAMPAIGN_1_24_2024_15_3_COPY_01)&amp;mc_cid=90a8f8267c&amp;mc_eid=c217e69589\" target=\"_blank\" rel=\"noopener\"><b>entrando en este enlace<\/b>.<\/a><\/span><\/p>\n<p>&nbsp;<\/p>","protected":false},"excerpt":{"rendered":"<p>&nbsp; Aquest campionat, organitzat per F\u00f3rum Cultural del Caf\u00e9, combina formaci\u00f3, teoria i pr\u00e0ctica amb un objectiu clar: acostar la cultura del caf\u00e8 a les escoles d&#8217;hostaleria i acompanyar als futurs professionals en un aprenentatge connectat amb el producte, el seu origen i la seva correcta preparaci\u00f3. Els millors classificats de cada centre representaran a [&hellip;]<\/p>\n","protected":false},"author":1,"featured_media":8096,"comment_status":"closed","ping_status":"open","sticky":false,"template":"","format":"standard","meta":{"_acf_changed":false,"inline_featured_image":false,"footnotes":""},"categories":[1],"tags":[96,163,188],"class_list":["post-8095","post","type-post","status-publish","format-standard","has-post-thumbnail","hentry","category-noticies","tag-cafes-pont","tag-forum-cafe","tag-quality-espresso"],"acf":[],"yoast_head":"<!-- This site is optimized with the Yoast SEO plugin v25.5 - https:\/\/yoast.com\/wordpress\/plugins\/seo\/ -->\n<title>El primer Campeonato de Escuelas F\u00f3rum Caf\u00e9 ja est\u00e0 en marxa. - Gremi del Caf\u00e8, torradors de Catalunya<\/title>\n<meta name=\"description\" content=\"Aquest campionat, organitzat per F\u00f3rum Cultural del Caf\u00e9, combina formaci\u00f3, teoria i pr\u00e0ctica amb un objectiu clar: acostar la cultura del caf\u00e8 a les escoles d&#039;hostaleria i acompanyar als futurs professionals en un aprenentatge connectat amb el producte, el seu origen i la seva correcta preparaci\u00f3.\" \/>\n<meta name=\"robots\" content=\"index, follow, max-snippet:-1, max-image-preview:large, max-video-preview:-1\" \/>\n<link rel=\"canonical\" href=\"https:\/\/gremicafe.cat\/es\/2026\/01\/26\/el-primer-campeonato-de-escuelas-forum-cafe-ja-esta-en-marxa\/\" \/>\n<meta property=\"og:locale\" content=\"es_ES\" \/>\n<meta property=\"og:type\" content=\"article\" \/>\n<meta property=\"og:title\" content=\"El primer Campeonato de Escuelas F\u00f3rum Caf\u00e9 ja est\u00e0 en marxa. - Gremi del Caf\u00e8, torradors de Catalunya\" \/>\n<meta property=\"og:description\" content=\"Aquest campionat, organitzat per F\u00f3rum Cultural del Caf\u00e9, combina formaci\u00f3, teoria i pr\u00e0ctica amb un objectiu clar: acostar la cultura del caf\u00e8 a les escoles d&#039;hostaleria i acompanyar als futurs professionals en un aprenentatge connectat amb el producte, el seu origen i la seva correcta preparaci\u00f3.\" \/>\n<meta property=\"og:url\" content=\"https:\/\/gremicafe.cat\/es\/2026\/01\/26\/el-primer-campeonato-de-escuelas-forum-cafe-ja-esta-en-marxa\/\" \/>\n<meta property=\"og:site_name\" content=\"Gremi del Caf\u00e8, torradors de Catalunya\" \/>\n<meta property=\"article:publisher\" content=\"https:\/\/www.facebook.com\/gremicafecat\" \/>\n<meta property=\"article:published_time\" content=\"2026-01-26T17:39:50+00:00\" \/>\n<meta property=\"article:modified_time\" content=\"2026-01-26T17:40:17+00:00\" \/>\n<meta property=\"og:image\" content=\"https:\/\/gremicafe.cat\/wp-content\/uploads\/2026\/01\/Campionbat-Forum-Cafe.jpg\" \/>\n\t<meta property=\"og:image:width\" content=\"1080\" \/>\n\t<meta property=\"og:image:height\" content=\"1347\" \/>\n\t<meta property=\"og:image:type\" content=\"image\/jpeg\" \/>\n<meta name=\"author\" content=\"gremicafe\" \/>\n<meta name=\"twitter:card\" content=\"summary_large_image\" \/>\n<meta name=\"twitter:creator\" content=\"@gremicafecat\" \/>\n<meta name=\"twitter:site\" content=\"@gremicafecat\" \/>\n<meta name=\"twitter:label1\" content=\"Escrito por\" \/>\n\t<meta name=\"twitter:data1\" content=\"gremicafe\" \/>\n\t<meta name=\"twitter:label2\" content=\"Tiempo de lectura\" \/>\n\t<meta name=\"twitter:data2\" content=\"2 minutos\" \/>\n<script type=\"application\/ld+json\" class=\"yoast-schema-graph\">{\"@context\":\"https:\/\/schema.org\",\"@graph\":[{\"@type\":\"Article\",\"@id\":\"https:\/\/gremicafe.cat\/2026\/01\/26\/el-primer-campeonato-de-escuelas-forum-cafe-ja-esta-en-marxa\/#article\",\"isPartOf\":{\"@id\":\"https:\/\/gremicafe.cat\/2026\/01\/26\/el-primer-campeonato-de-escuelas-forum-cafe-ja-esta-en-marxa\/\"},\"author\":{\"name\":\"gremicafe\",\"@id\":\"https:\/\/gremicafe.cat\/#\/schema\/person\/dabfdbb3d0fa36260855a380f94e4733\"},\"headline\":\"El primer Campeonato de Escuelas F\u00f3rum Caf\u00e9 ja est\u00e0 en marxa.\",\"datePublished\":\"2026-01-26T17:39:50+00:00\",\"dateModified\":\"2026-01-26T17:40:17+00:00\",\"mainEntityOfPage\":{\"@id\":\"https:\/\/gremicafe.cat\/2026\/01\/26\/el-primer-campeonato-de-escuelas-forum-cafe-ja-esta-en-marxa\/\"},\"wordCount\":249,\"publisher\":{\"@id\":\"https:\/\/gremicafe.cat\/#organization\"},\"image\":{\"@id\":\"https:\/\/gremicafe.cat\/2026\/01\/26\/el-primer-campeonato-de-escuelas-forum-cafe-ja-esta-en-marxa\/#primaryimage\"},\"thumbnailUrl\":\"https:\/\/gremicafe.cat\/wp-content\/uploads\/2026\/01\/Campionbat-Forum-Cafe.jpg\",\"keywords\":[\"Caf\u00e8s Pont\",\"F\u00f3rum Caf\u00e9\",\"Quality Espresso\"],\"articleSection\":[\"Not\u00edcies\"],\"inLanguage\":\"es\"},{\"@type\":\"WebPage\",\"@id\":\"https:\/\/gremicafe.cat\/2026\/01\/26\/el-primer-campeonato-de-escuelas-forum-cafe-ja-esta-en-marxa\/\",\"url\":\"https:\/\/gremicafe.cat\/2026\/01\/26\/el-primer-campeonato-de-escuelas-forum-cafe-ja-esta-en-marxa\/\",\"name\":\"El primer Campeonato de Escuelas F\u00f3rum Caf\u00e9 ja est\u00e0 en marxa. - Gremi del Caf\u00e8, torradors de Catalunya\",\"isPartOf\":{\"@id\":\"https:\/\/gremicafe.cat\/#website\"},\"primaryImageOfPage\":{\"@id\":\"https:\/\/gremicafe.cat\/2026\/01\/26\/el-primer-campeonato-de-escuelas-forum-cafe-ja-esta-en-marxa\/#primaryimage\"},\"image\":{\"@id\":\"https:\/\/gremicafe.cat\/2026\/01\/26\/el-primer-campeonato-de-escuelas-forum-cafe-ja-esta-en-marxa\/#primaryimage\"},\"thumbnailUrl\":\"https:\/\/gremicafe.cat\/wp-content\/uploads\/2026\/01\/Campionbat-Forum-Cafe.jpg\",\"datePublished\":\"2026-01-26T17:39:50+00:00\",\"dateModified\":\"2026-01-26T17:40:17+00:00\",\"description\":\"Aquest campionat, organitzat per F\u00f3rum Cultural del Caf\u00e9, combina formaci\u00f3, teoria i pr\u00e0ctica amb un objectiu clar: acostar la cultura del caf\u00e8 a les escoles d'hostaleria i acompanyar als futurs professionals en un aprenentatge connectat amb el producte, el seu origen i la seva correcta preparaci\u00f3.\",\"breadcrumb\":{\"@id\":\"https:\/\/gremicafe.cat\/2026\/01\/26\/el-primer-campeonato-de-escuelas-forum-cafe-ja-esta-en-marxa\/#breadcrumb\"},\"inLanguage\":\"es\",\"potentialAction\":[{\"@type\":\"ReadAction\",\"target\":[\"https:\/\/gremicafe.cat\/2026\/01\/26\/el-primer-campeonato-de-escuelas-forum-cafe-ja-esta-en-marxa\/\"]}]},{\"@type\":\"ImageObject\",\"inLanguage\":\"es\",\"@id\":\"https:\/\/gremicafe.cat\/2026\/01\/26\/el-primer-campeonato-de-escuelas-forum-cafe-ja-esta-en-marxa\/#primaryimage\",\"url\":\"https:\/\/gremicafe.cat\/wp-content\/uploads\/2026\/01\/Campionbat-Forum-Cafe.jpg\",\"contentUrl\":\"https:\/\/gremicafe.cat\/wp-content\/uploads\/2026\/01\/Campionbat-Forum-Cafe.jpg\",\"width\":1080,\"height\":1347},{\"@type\":\"BreadcrumbList\",\"@id\":\"https:\/\/gremicafe.cat\/2026\/01\/26\/el-primer-campeonato-de-escuelas-forum-cafe-ja-esta-en-marxa\/#breadcrumb\",\"itemListElement\":[{\"@type\":\"ListItem\",\"position\":1,\"name\":\"Inici\",\"item\":\"https:\/\/gremicafe.cat\/\"},{\"@type\":\"ListItem\",\"position\":2,\"name\":\"El primer Campeonato de Escuelas F\u00f3rum Caf\u00e9 ja est\u00e0 en marxa.\"}]},{\"@type\":\"WebSite\",\"@id\":\"https:\/\/gremicafe.cat\/#website\",\"url\":\"https:\/\/gremicafe.cat\/\",\"name\":\"Gremi del Caf\u00e8, torradors de Catalunya\",\"description\":\"Web oficial del gremi de torradors de caf\u00e8 de Catalunya\",\"publisher\":{\"@id\":\"https:\/\/gremicafe.cat\/#organization\"},\"potentialAction\":[{\"@type\":\"SearchAction\",\"target\":{\"@type\":\"EntryPoint\",\"urlTemplate\":\"https:\/\/gremicafe.cat\/?s={search_term_string}\"},\"query-input\":{\"@type\":\"PropertyValueSpecification\",\"valueRequired\":true,\"valueName\":\"search_term_string\"}}],\"inLanguage\":\"es\"},{\"@type\":\"Organization\",\"@id\":\"https:\/\/gremicafe.cat\/#organization\",\"name\":\"Gremi del Caf\u00e8, Torradors de Catalunya\",\"url\":\"https:\/\/gremicafe.cat\/\",\"logo\":{\"@type\":\"ImageObject\",\"inLanguage\":\"es\",\"@id\":\"https:\/\/gremicafe.cat\/#\/schema\/logo\/image\/\",\"url\":\"https:\/\/gremicafe.cat\/wp-content\/uploads\/2018\/03\/gremicafe-logo250.png\",\"contentUrl\":\"https:\/\/gremicafe.cat\/wp-content\/uploads\/2018\/03\/gremicafe-logo250.png\",\"width\":250,\"height\":49,\"caption\":\"Gremi del Caf\u00e8, Torradors de Catalunya\"},\"image\":{\"@id\":\"https:\/\/gremicafe.cat\/#\/schema\/logo\/image\/\"},\"sameAs\":[\"https:\/\/www.facebook.com\/gremicafecat\",\"https:\/\/x.com\/gremicafecat\",\"https:\/\/www.instagram.com\/gremicafecat\/\",\"https:\/\/www.pinterest.es\/gremicafecat\/\",\"https:\/\/www.youtube.com\/channel\/UCGLo5Y35vLwLvP4FrPZrCrw\/\"]},{\"@type\":\"Person\",\"@id\":\"https:\/\/gremicafe.cat\/#\/schema\/person\/dabfdbb3d0fa36260855a380f94e4733\",\"name\":\"gremicafe\",\"image\":{\"@type\":\"ImageObject\",\"inLanguage\":\"es\",\"@id\":\"https:\/\/gremicafe.cat\/#\/schema\/person\/image\/\",\"url\":\"https:\/\/secure.gravatar.com\/avatar\/e59baa4ca8f6f97576d6375fb6d3c8f0?s=96&d=mm&r=g\",\"contentUrl\":\"https:\/\/secure.gravatar.com\/avatar\/e59baa4ca8f6f97576d6375fb6d3c8f0?s=96&d=mm&r=g\",\"caption\":\"gremicafe\"}}]}<\/script>\n<!-- \/ Yoast SEO plugin. -->","yoast_head_json":{"title":"El primer Campeonato de Escuelas F\u00f3rum Caf\u00e9 ja est\u00e0 en marxa. - Gremi del Caf\u00e8, torradors de Catalunya","description":"Aquest campionat, organitzat per F\u00f3rum Cultural del Caf\u00e9, combina formaci\u00f3, teoria i pr\u00e0ctica amb un objectiu clar: acostar la cultura del caf\u00e8 a les escoles d'hostaleria i acompanyar als futurs professionals en un aprenentatge connectat amb el producte, el seu origen i la seva correcta preparaci\u00f3.","robots":{"index":"index","follow":"follow","max-snippet":"max-snippet:-1","max-image-preview":"max-image-preview:large","max-video-preview":"max-video-preview:-1"},"canonical":"https:\/\/gremicafe.cat\/es\/2026\/01\/26\/el-primer-campeonato-de-escuelas-forum-cafe-ja-esta-en-marxa\/","og_locale":"es_ES","og_type":"article","og_title":"El primer Campeonato de Escuelas F\u00f3rum Caf\u00e9 ja est\u00e0 en marxa. - Gremi del Caf\u00e8, torradors de Catalunya","og_description":"Aquest campionat, organitzat per F\u00f3rum Cultural del Caf\u00e9, combina formaci\u00f3, teoria i pr\u00e0ctica amb un objectiu clar: acostar la cultura del caf\u00e8 a les escoles d'hostaleria i acompanyar als futurs professionals en un aprenentatge connectat amb el producte, el seu origen i la seva correcta preparaci\u00f3.","og_url":"https:\/\/gremicafe.cat\/es\/2026\/01\/26\/el-primer-campeonato-de-escuelas-forum-cafe-ja-esta-en-marxa\/","og_site_name":"Gremi del Caf\u00e8, torradors de Catalunya","article_publisher":"https:\/\/www.facebook.com\/gremicafecat","article_published_time":"2026-01-26T17:39:50+00:00","article_modified_time":"2026-01-26T17:40:17+00:00","og_image":[{"width":1080,"height":1347,"url":"https:\/\/gremicafe.cat\/wp-content\/uploads\/2026\/01\/Campionbat-Forum-Cafe.jpg","type":"image\/jpeg"}],"author":"gremicafe","twitter_card":"summary_large_image","twitter_creator":"@gremicafecat","twitter_site":"@gremicafecat","twitter_misc":{"Escrito por":"gremicafe","Tiempo de lectura":"2 minutos"},"schema":{"@context":"https:\/\/schema.org","@graph":[{"@type":"Article","@id":"https:\/\/gremicafe.cat\/2026\/01\/26\/el-primer-campeonato-de-escuelas-forum-cafe-ja-esta-en-marxa\/#article","isPartOf":{"@id":"https:\/\/gremicafe.cat\/2026\/01\/26\/el-primer-campeonato-de-escuelas-forum-cafe-ja-esta-en-marxa\/"},"author":{"name":"gremicafe","@id":"https:\/\/gremicafe.cat\/#\/schema\/person\/dabfdbb3d0fa36260855a380f94e4733"},"headline":"El primer Campeonato de Escuelas F\u00f3rum Caf\u00e9 ja est\u00e0 en marxa.","datePublished":"2026-01-26T17:39:50+00:00","dateModified":"2026-01-26T17:40:17+00:00","mainEntityOfPage":{"@id":"https:\/\/gremicafe.cat\/2026\/01\/26\/el-primer-campeonato-de-escuelas-forum-cafe-ja-esta-en-marxa\/"},"wordCount":249,"publisher":{"@id":"https:\/\/gremicafe.cat\/#organization"},"image":{"@id":"https:\/\/gremicafe.cat\/2026\/01\/26\/el-primer-campeonato-de-escuelas-forum-cafe-ja-esta-en-marxa\/#primaryimage"},"thumbnailUrl":"https:\/\/gremicafe.cat\/wp-content\/uploads\/2026\/01\/Campionbat-Forum-Cafe.jpg","keywords":["Caf\u00e8s Pont","F\u00f3rum Caf\u00e9","Quality Espresso"],"articleSection":["Not\u00edcies"],"inLanguage":"es"},{"@type":"WebPage","@id":"https:\/\/gremicafe.cat\/2026\/01\/26\/el-primer-campeonato-de-escuelas-forum-cafe-ja-esta-en-marxa\/","url":"https:\/\/gremicafe.cat\/2026\/01\/26\/el-primer-campeonato-de-escuelas-forum-cafe-ja-esta-en-marxa\/","name":"El primer Campeonato de Escuelas F\u00f3rum Caf\u00e9 ja est\u00e0 en marxa. - Gremi del Caf\u00e8, torradors de Catalunya","isPartOf":{"@id":"https:\/\/gremicafe.cat\/#website"},"primaryImageOfPage":{"@id":"https:\/\/gremicafe.cat\/2026\/01\/26\/el-primer-campeonato-de-escuelas-forum-cafe-ja-esta-en-marxa\/#primaryimage"},"image":{"@id":"https:\/\/gremicafe.cat\/2026\/01\/26\/el-primer-campeonato-de-escuelas-forum-cafe-ja-esta-en-marxa\/#primaryimage"},"thumbnailUrl":"https:\/\/gremicafe.cat\/wp-content\/uploads\/2026\/01\/Campionbat-Forum-Cafe.jpg","datePublished":"2026-01-26T17:39:50+00:00","dateModified":"2026-01-26T17:40:17+00:00","description":"Aquest campionat, organitzat per F\u00f3rum Cultural del Caf\u00e9, combina formaci\u00f3, teoria i pr\u00e0ctica amb un objectiu clar: acostar la cultura del caf\u00e8 a les escoles d'hostaleria i acompanyar als futurs professionals en un aprenentatge connectat amb el producte, el seu origen i la seva correcta preparaci\u00f3.","breadcrumb":{"@id":"https:\/\/gremicafe.cat\/2026\/01\/26\/el-primer-campeonato-de-escuelas-forum-cafe-ja-esta-en-marxa\/#breadcrumb"},"inLanguage":"es","potentialAction":[{"@type":"ReadAction","target":["https:\/\/gremicafe.cat\/2026\/01\/26\/el-primer-campeonato-de-escuelas-forum-cafe-ja-esta-en-marxa\/"]}]},{"@type":"ImageObject","inLanguage":"es","@id":"https:\/\/gremicafe.cat\/2026\/01\/26\/el-primer-campeonato-de-escuelas-forum-cafe-ja-esta-en-marxa\/#primaryimage","url":"https:\/\/gremicafe.cat\/wp-content\/uploads\/2026\/01\/Campionbat-Forum-Cafe.jpg","contentUrl":"https:\/\/gremicafe.cat\/wp-content\/uploads\/2026\/01\/Campionbat-Forum-Cafe.jpg","width":1080,"height":1347},{"@type":"BreadcrumbList","@id":"https:\/\/gremicafe.cat\/2026\/01\/26\/el-primer-campeonato-de-escuelas-forum-cafe-ja-esta-en-marxa\/#breadcrumb","itemListElement":[{"@type":"ListItem","position":1,"name":"Inici","item":"https:\/\/gremicafe.cat\/"},{"@type":"ListItem","position":2,"name":"El primer Campeonato de Escuelas F\u00f3rum Caf\u00e9 ja est\u00e0 en marxa."}]},{"@type":"WebSite","@id":"https:\/\/gremicafe.cat\/#website","url":"https:\/\/gremicafe.cat\/","name":"Gremio del Caf\u00e9, tostadores de Catalu\u00f1a","description":"Web oficial del gremio de tostadores de caf\u00e9 de Catalunya","publisher":{"@id":"https:\/\/gremicafe.cat\/#organization"},"potentialAction":[{"@type":"SearchAction","target":{"@type":"EntryPoint","urlTemplate":"https:\/\/gremicafe.cat\/?s={search_term_string}"},"query-input":{"@type":"PropertyValueSpecification","valueRequired":true,"valueName":"search_term_string"}}],"inLanguage":"es"},{"@type":"Organization","@id":"https:\/\/gremicafe.cat\/#organization","name":"Gremio del Caf\u00e9, Tostadores de Catalu\u00f1a","url":"https:\/\/gremicafe.cat\/","logo":{"@type":"ImageObject","inLanguage":"es","@id":"https:\/\/gremicafe.cat\/#\/schema\/logo\/image\/","url":"https:\/\/gremicafe.cat\/wp-content\/uploads\/2018\/03\/gremicafe-logo250.png","contentUrl":"https:\/\/gremicafe.cat\/wp-content\/uploads\/2018\/03\/gremicafe-logo250.png","width":250,"height":49,"caption":"Gremi del Caf\u00e8, Torradors de Catalunya"},"image":{"@id":"https:\/\/gremicafe.cat\/#\/schema\/logo\/image\/"},"sameAs":["https:\/\/www.facebook.com\/gremicafecat","https:\/\/x.com\/gremicafecat","https:\/\/www.instagram.com\/gremicafecat\/","https:\/\/www.pinterest.es\/gremicafecat\/","https:\/\/www.youtube.com\/channel\/UCGLo5Y35vLwLvP4FrPZrCrw\/"]},{"@type":"Person","@id":"https:\/\/gremicafe.cat\/#\/schema\/person\/dabfdbb3d0fa36260855a380f94e4733","name":"gremicafe","image":{"@type":"ImageObject","inLanguage":"es","@id":"https:\/\/gremicafe.cat\/#\/schema\/person\/image\/","url":"https:\/\/secure.gravatar.com\/avatar\/e59baa4ca8f6f97576d6375fb6d3c8f0?s=96&d=mm&r=g","contentUrl":"https:\/\/secure.gravatar.com\/avatar\/e59baa4ca8f6f97576d6375fb6d3c8f0?s=96&d=mm&r=g","caption":"gremicafe"}}]}},"_links":{"self":[{"href":"https:\/\/gremicafe.cat\/es\/wp-json\/wp\/v2\/posts\/8095"}],"collection":[{"href":"https:\/\/gremicafe.cat\/es\/wp-json\/wp\/v2\/posts"}],"about":[{"href":"https:\/\/gremicafe.cat\/es\/wp-json\/wp\/v2\/types\/post"}],"author":[{"embeddable":true,"href":"https:\/\/gremicafe.cat\/es\/wp-json\/wp\/v2\/users\/1"}],"replies":[{"embeddable":true,"href":"https:\/\/gremicafe.cat\/es\/wp-json\/wp\/v2\/comments?post=8095"}],"version-history":[{"count":0,"href":"https:\/\/gremicafe.cat\/es\/wp-json\/wp\/v2\/posts\/8095\/revisions"}],"wp:featuredmedia":[{"embeddable":true,"href":"https:\/\/gremicafe.cat\/es\/wp-json\/wp\/v2\/media\/8096"}],"wp:attachment":[{"href":"https:\/\/gremicafe.cat\/es\/wp-json\/wp\/v2\/media?parent=8095"}],"wp:term":[{"taxonomy":"category","embeddable":true,"href":"https:\/\/gremicafe.cat\/es\/wp-json\/wp\/v2\/categories?post=8095"},{"taxonomy":"post_tag","embeddable":true,"href":"https:\/\/gremicafe.cat\/es\/wp-json\/wp\/v2\/tags?post=8095"}],"curies":[{"name":"wp","href":"https:\/\/api.w.org\/{rel}","templated":true}]}}