{"id":8102,"date":"2026-02-05T12:27:12","date_gmt":"2026-02-05T11:27:12","guid":{"rendered":"https:\/\/gremicafe.cat\/?p=8102"},"modified":"2026-02-05T13:10:12","modified_gmt":"2026-02-05T12:10:12","slug":"batallas-latte-art-by-forum-cafe","status":"publish","type":"post","link":"https:\/\/gremicafe.cat\/es\/2026\/02\/05\/batallas-latte-art-by-forum-cafe\/","title":{"rendered":"BATALLAS LATTE ART by F\u00f3rum Caf\u00e9"},"content":{"rendered":"<p class=\"p1\">Desde <b>Foro Caf\u00e9<\/b>, entendemos el latte art como parte esencial del oficio barista: t\u00e9cnica, criterio y ejecuci\u00f3n. Por este motivo, en el marco del <b>Coffee Fest Madrid<\/b>, organizamos <b>BATALLAS LATTE ARTE<\/b>, una competici\u00f3n de <b>latte arte <\/b>abierta al p\u00fablico, en colaboraci\u00f3n con <b>LAGS Espa\u00f1a<\/b>.<\/p>\n<p class=\"p1\">Las competiciones se celebrar\u00e1n el s\u00e1bado 14 y el domingo 15 por la ma\u00f1ana, en formato de duelos eliminatorios entre baristas, siguiendo el sistema <b>Latte Art Grading System<\/b>. Un espacio pensado para la pr\u00e1ctica real, el aprendizaje compartido y la visibilidad del trabajo barista en directo.<\/p>\n<p class=\"p1\">Cada jornada contar\u00e1 con 8 participantes. El ganador de cada d\u00eda recibir\u00e1 una cafetera <b>Philips<\/b> valorada en m\u00e1s de 500\u20ac, y todos los participantes obtendr\u00e1n un detalle de los patrocinadores.<\/p>\n<p class=\"p1\">La inscripci\u00f3n es gratuita y puede realizarse a trav\u00e9s del <strong><a href=\"https:\/\/docs.google.com\/forms\/d\/e\/1FAIpQLSeh-fEuHu-lghJPT-UobTX3Fg4Jg4Do_Nih6dhSex_2cMyCew\/closedform\">formulario de LAGS<\/a> <\/strong>o directamente en nuestro stand de F\u00f3rum Caf\u00e9: Coffe Fest Madrid. IFEMA Madrid (C-71 y C-72), 14, 15 y 16 de febrero de 2026.<\/p>\n<p><img loading=\"lazy\" decoding=\"async\" class=\"aligncenter size-full wp-image-8103\" src=\"https:\/\/gremicafe.cat\/wp-content\/uploads\/2026\/02\/BatallaLatteArtForum.jpg\" alt=\"\" width=\"1080\" height=\"1350\" srcset=\"https:\/\/gremicafe.cat\/wp-content\/uploads\/2026\/02\/BatallaLatteArtForum.jpg 1080w, https:\/\/gremicafe.cat\/wp-content\/uploads\/2026\/02\/BatallaLatteArtForum-768x960.jpg 768w, https:\/\/gremicafe.cat\/wp-content\/uploads\/2026\/02\/BatallaLatteArtForum-10x12.jpg 10w, https:\/\/gremicafe.cat\/wp-content\/uploads\/2026\/02\/BatallaLatteArtForum-576x720.jpg 576w\" sizes=\"(max-width: 1080px) 100vw, 1080px\" \/><\/p>","protected":false},"excerpt":{"rendered":"<p>Des de F\u00f2rum Caf\u00e8, entenem el latte art com a part essencial de l&#8217;ofici barista: t\u00e8cnica, criteri i execuci\u00f3. \u00c9s per aquest motiu que, en el marc del Coffee Fest Madrid, organitzem BATALLAS LATTE ART, una competici\u00f3 de latte art oberta al p\u00fablic, en col\u00b7laboraci\u00f3 amb LAGS Espa\u00f1a. Les competicions se celebraran el dissabte 14 [&hellip;]<\/p>\n","protected":false},"author":1,"featured_media":8103,"comment_status":"closed","ping_status":"open","sticky":false,"template":"","format":"standard","meta":{"_acf_changed":false,"inline_featured_image":false,"footnotes":""},"categories":[1],"tags":[189,163,190],"class_list":["post-8102","post","type-post","status-publish","format-standard","has-post-thumbnail","hentry","category-noticies","tag-coffeefest-madrid","tag-forum-cafe","tag-latte-art"],"acf":[],"yoast_head":"<!-- This site is optimized with the Yoast SEO plugin v25.5 - https:\/\/yoast.com\/wordpress\/plugins\/seo\/ -->\n<title>BATALLAS LATTE ART by F\u00f3rum Caf\u00e9 - Gremi del Caf\u00e8, torradors de Catalunya<\/title>\n<meta name=\"description\" content=\"Des de F\u00f2rum Caf\u00e8, entenem el latte art com a part essencial de l&#039;ofici barista: t\u00e8cnica, criteri i execuci\u00f3. \u00c9s per aquest motiu que, en el marc del Coffee Fest Madrid, organitzem BATALLAS LATTE ART, una competici\u00f3 de latte art oberta al p\u00fablic, en col\u00b7laboraci\u00f3 amb LAGS Espa\u00f1a.\" \/>\n<meta name=\"robots\" content=\"index, follow, max-snippet:-1, max-image-preview:large, max-video-preview:-1\" \/>\n<link rel=\"canonical\" href=\"https:\/\/gremicafe.cat\/es\/2026\/02\/05\/batallas-latte-art-by-forum-cafe\/\" \/>\n<meta property=\"og:locale\" content=\"es_ES\" \/>\n<meta property=\"og:type\" content=\"article\" \/>\n<meta property=\"og:title\" content=\"BATALLAS LATTE ART by F\u00f3rum Caf\u00e9 - Gremi del Caf\u00e8, torradors de Catalunya\" \/>\n<meta property=\"og:description\" content=\"Des de F\u00f2rum Caf\u00e8, entenem el latte art com a part essencial de l&#039;ofici barista: t\u00e8cnica, criteri i execuci\u00f3. \u00c9s per aquest motiu que, en el marc del Coffee Fest Madrid, organitzem BATALLAS LATTE ART, una competici\u00f3 de latte art oberta al p\u00fablic, en col\u00b7laboraci\u00f3 amb LAGS Espa\u00f1a.\" \/>\n<meta property=\"og:url\" content=\"https:\/\/gremicafe.cat\/es\/2026\/02\/05\/batallas-latte-art-by-forum-cafe\/\" \/>\n<meta property=\"og:site_name\" content=\"Gremi del Caf\u00e8, torradors de Catalunya\" \/>\n<meta property=\"article:publisher\" content=\"https:\/\/www.facebook.com\/gremicafecat\" \/>\n<meta property=\"article:published_time\" content=\"2026-02-05T11:27:12+00:00\" \/>\n<meta property=\"article:modified_time\" content=\"2026-02-05T12:10:12+00:00\" \/>\n<meta property=\"og:image\" content=\"https:\/\/gremicafe.cat\/wp-content\/uploads\/2026\/02\/BatallaLatteArtForum.jpg\" \/>\n\t<meta property=\"og:image:width\" content=\"1080\" \/>\n\t<meta property=\"og:image:height\" content=\"1350\" \/>\n\t<meta property=\"og:image:type\" content=\"image\/jpeg\" \/>\n<meta name=\"author\" content=\"gremicafe\" \/>\n<meta name=\"twitter:card\" content=\"summary_large_image\" \/>\n<meta name=\"twitter:creator\" content=\"@gremicafecat\" \/>\n<meta name=\"twitter:site\" content=\"@gremicafecat\" \/>\n<meta name=\"twitter:label1\" content=\"Escrito por\" \/>\n\t<meta name=\"twitter:data1\" content=\"gremicafe\" \/>\n\t<meta name=\"twitter:label2\" content=\"Tiempo de lectura\" \/>\n\t<meta name=\"twitter:data2\" content=\"2 minutos\" \/>\n<script type=\"application\/ld+json\" class=\"yoast-schema-graph\">{\"@context\":\"https:\/\/schema.org\",\"@graph\":[{\"@type\":\"Article\",\"@id\":\"https:\/\/gremicafe.cat\/2026\/02\/05\/batallas-latte-art-by-forum-cafe\/#article\",\"isPartOf\":{\"@id\":\"https:\/\/gremicafe.cat\/2026\/02\/05\/batallas-latte-art-by-forum-cafe\/\"},\"author\":{\"name\":\"gremicafe\",\"@id\":\"https:\/\/gremicafe.cat\/#\/schema\/person\/dabfdbb3d0fa36260855a380f94e4733\"},\"headline\":\"BATALLAS LATTE ART by F\u00f3rum Caf\u00e9\",\"datePublished\":\"2026-02-05T11:27:12+00:00\",\"dateModified\":\"2026-02-05T12:10:12+00:00\",\"mainEntityOfPage\":{\"@id\":\"https:\/\/gremicafe.cat\/2026\/02\/05\/batallas-latte-art-by-forum-cafe\/\"},\"wordCount\":169,\"publisher\":{\"@id\":\"https:\/\/gremicafe.cat\/#organization\"},\"image\":{\"@id\":\"https:\/\/gremicafe.cat\/2026\/02\/05\/batallas-latte-art-by-forum-cafe\/#primaryimage\"},\"thumbnailUrl\":\"https:\/\/gremicafe.cat\/wp-content\/uploads\/2026\/02\/BatallaLatteArtForum.jpg\",\"keywords\":[\"CoffeeFest Madrid\",\"F\u00f3rum Caf\u00e9\",\"Latte Art\"],\"articleSection\":[\"Not\u00edcies\"],\"inLanguage\":\"es\"},{\"@type\":\"WebPage\",\"@id\":\"https:\/\/gremicafe.cat\/2026\/02\/05\/batallas-latte-art-by-forum-cafe\/\",\"url\":\"https:\/\/gremicafe.cat\/2026\/02\/05\/batallas-latte-art-by-forum-cafe\/\",\"name\":\"BATALLAS LATTE ART by F\u00f3rum Caf\u00e9 - Gremi del Caf\u00e8, torradors de Catalunya\",\"isPartOf\":{\"@id\":\"https:\/\/gremicafe.cat\/#website\"},\"primaryImageOfPage\":{\"@id\":\"https:\/\/gremicafe.cat\/2026\/02\/05\/batallas-latte-art-by-forum-cafe\/#primaryimage\"},\"image\":{\"@id\":\"https:\/\/gremicafe.cat\/2026\/02\/05\/batallas-latte-art-by-forum-cafe\/#primaryimage\"},\"thumbnailUrl\":\"https:\/\/gremicafe.cat\/wp-content\/uploads\/2026\/02\/BatallaLatteArtForum.jpg\",\"datePublished\":\"2026-02-05T11:27:12+00:00\",\"dateModified\":\"2026-02-05T12:10:12+00:00\",\"description\":\"Des de F\u00f2rum Caf\u00e8, entenem el latte art com a part essencial de l'ofici barista: t\u00e8cnica, criteri i execuci\u00f3. \u00c9s per aquest motiu que, en el marc del Coffee Fest Madrid, organitzem BATALLAS LATTE ART, una competici\u00f3 de latte art oberta al p\u00fablic, en col\u00b7laboraci\u00f3 amb LAGS Espa\u00f1a.\",\"breadcrumb\":{\"@id\":\"https:\/\/gremicafe.cat\/2026\/02\/05\/batallas-latte-art-by-forum-cafe\/#breadcrumb\"},\"inLanguage\":\"es\",\"potentialAction\":[{\"@type\":\"ReadAction\",\"target\":[\"https:\/\/gremicafe.cat\/2026\/02\/05\/batallas-latte-art-by-forum-cafe\/\"]}]},{\"@type\":\"ImageObject\",\"inLanguage\":\"es\",\"@id\":\"https:\/\/gremicafe.cat\/2026\/02\/05\/batallas-latte-art-by-forum-cafe\/#primaryimage\",\"url\":\"https:\/\/gremicafe.cat\/wp-content\/uploads\/2026\/02\/BatallaLatteArtForum.jpg\",\"contentUrl\":\"https:\/\/gremicafe.cat\/wp-content\/uploads\/2026\/02\/BatallaLatteArtForum.jpg\",\"width\":1080,\"height\":1350},{\"@type\":\"BreadcrumbList\",\"@id\":\"https:\/\/gremicafe.cat\/2026\/02\/05\/batallas-latte-art-by-forum-cafe\/#breadcrumb\",\"itemListElement\":[{\"@type\":\"ListItem\",\"position\":1,\"name\":\"Inici\",\"item\":\"https:\/\/gremicafe.cat\/\"},{\"@type\":\"ListItem\",\"position\":2,\"name\":\"BATALLAS LATTE ART by F\u00f3rum Caf\u00e9\"}]},{\"@type\":\"WebSite\",\"@id\":\"https:\/\/gremicafe.cat\/#website\",\"url\":\"https:\/\/gremicafe.cat\/\",\"name\":\"Gremi del Caf\u00e8, torradors de Catalunya\",\"description\":\"Web oficial del gremi de torradors de caf\u00e8 de Catalunya\",\"publisher\":{\"@id\":\"https:\/\/gremicafe.cat\/#organization\"},\"potentialAction\":[{\"@type\":\"SearchAction\",\"target\":{\"@type\":\"EntryPoint\",\"urlTemplate\":\"https:\/\/gremicafe.cat\/?s={search_term_string}\"},\"query-input\":{\"@type\":\"PropertyValueSpecification\",\"valueRequired\":true,\"valueName\":\"search_term_string\"}}],\"inLanguage\":\"es\"},{\"@type\":\"Organization\",\"@id\":\"https:\/\/gremicafe.cat\/#organization\",\"name\":\"Gremi del Caf\u00e8, Torradors de Catalunya\",\"url\":\"https:\/\/gremicafe.cat\/\",\"logo\":{\"@type\":\"ImageObject\",\"inLanguage\":\"es\",\"@id\":\"https:\/\/gremicafe.cat\/#\/schema\/logo\/image\/\",\"url\":\"https:\/\/gremicafe.cat\/wp-content\/uploads\/2018\/03\/gremicafe-logo250.png\",\"contentUrl\":\"https:\/\/gremicafe.cat\/wp-content\/uploads\/2018\/03\/gremicafe-logo250.png\",\"width\":250,\"height\":49,\"caption\":\"Gremi del Caf\u00e8, Torradors de Catalunya\"},\"image\":{\"@id\":\"https:\/\/gremicafe.cat\/#\/schema\/logo\/image\/\"},\"sameAs\":[\"https:\/\/www.facebook.com\/gremicafecat\",\"https:\/\/x.com\/gremicafecat\",\"https:\/\/www.instagram.com\/gremicafecat\/\",\"https:\/\/www.pinterest.es\/gremicafecat\/\",\"https:\/\/www.youtube.com\/channel\/UCGLo5Y35vLwLvP4FrPZrCrw\/\"]},{\"@type\":\"Person\",\"@id\":\"https:\/\/gremicafe.cat\/#\/schema\/person\/dabfdbb3d0fa36260855a380f94e4733\",\"name\":\"gremicafe\",\"image\":{\"@type\":\"ImageObject\",\"inLanguage\":\"es\",\"@id\":\"https:\/\/gremicafe.cat\/#\/schema\/person\/image\/\",\"url\":\"https:\/\/secure.gravatar.com\/avatar\/e59baa4ca8f6f97576d6375fb6d3c8f0?s=96&d=mm&r=g\",\"contentUrl\":\"https:\/\/secure.gravatar.com\/avatar\/e59baa4ca8f6f97576d6375fb6d3c8f0?s=96&d=mm&r=g\",\"caption\":\"gremicafe\"}}]}<\/script>\n<!-- \/ Yoast SEO plugin. -->","yoast_head_json":{"title":"BATALLAS LATTE ART by F\u00f3rum Caf\u00e9 - Gremi del Caf\u00e8, torradors de Catalunya","description":"Des de F\u00f2rum Caf\u00e8, entenem el latte art com a part essencial de l'ofici barista: t\u00e8cnica, criteri i execuci\u00f3. \u00c9s per aquest motiu que, en el marc del Coffee Fest Madrid, organitzem BATALLAS LATTE ART, una competici\u00f3 de latte art oberta al p\u00fablic, en col\u00b7laboraci\u00f3 amb LAGS Espa\u00f1a.","robots":{"index":"index","follow":"follow","max-snippet":"max-snippet:-1","max-image-preview":"max-image-preview:large","max-video-preview":"max-video-preview:-1"},"canonical":"https:\/\/gremicafe.cat\/es\/2026\/02\/05\/batallas-latte-art-by-forum-cafe\/","og_locale":"es_ES","og_type":"article","og_title":"BATALLAS LATTE ART by F\u00f3rum Caf\u00e9 - Gremi del Caf\u00e8, torradors de Catalunya","og_description":"Des de F\u00f2rum Caf\u00e8, entenem el latte art com a part essencial de l'ofici barista: t\u00e8cnica, criteri i execuci\u00f3. \u00c9s per aquest motiu que, en el marc del Coffee Fest Madrid, organitzem BATALLAS LATTE ART, una competici\u00f3 de latte art oberta al p\u00fablic, en col\u00b7laboraci\u00f3 amb LAGS Espa\u00f1a.","og_url":"https:\/\/gremicafe.cat\/es\/2026\/02\/05\/batallas-latte-art-by-forum-cafe\/","og_site_name":"Gremi del Caf\u00e8, torradors de Catalunya","article_publisher":"https:\/\/www.facebook.com\/gremicafecat","article_published_time":"2026-02-05T11:27:12+00:00","article_modified_time":"2026-02-05T12:10:12+00:00","og_image":[{"width":1080,"height":1350,"url":"https:\/\/gremicafe.cat\/wp-content\/uploads\/2026\/02\/BatallaLatteArtForum.jpg","type":"image\/jpeg"}],"author":"gremicafe","twitter_card":"summary_large_image","twitter_creator":"@gremicafecat","twitter_site":"@gremicafecat","twitter_misc":{"Escrito por":"gremicafe","Tiempo de lectura":"2 minutos"},"schema":{"@context":"https:\/\/schema.org","@graph":[{"@type":"Article","@id":"https:\/\/gremicafe.cat\/2026\/02\/05\/batallas-latte-art-by-forum-cafe\/#article","isPartOf":{"@id":"https:\/\/gremicafe.cat\/2026\/02\/05\/batallas-latte-art-by-forum-cafe\/"},"author":{"name":"gremicafe","@id":"https:\/\/gremicafe.cat\/#\/schema\/person\/dabfdbb3d0fa36260855a380f94e4733"},"headline":"BATALLAS LATTE ART by F\u00f3rum Caf\u00e9","datePublished":"2026-02-05T11:27:12+00:00","dateModified":"2026-02-05T12:10:12+00:00","mainEntityOfPage":{"@id":"https:\/\/gremicafe.cat\/2026\/02\/05\/batallas-latte-art-by-forum-cafe\/"},"wordCount":169,"publisher":{"@id":"https:\/\/gremicafe.cat\/#organization"},"image":{"@id":"https:\/\/gremicafe.cat\/2026\/02\/05\/batallas-latte-art-by-forum-cafe\/#primaryimage"},"thumbnailUrl":"https:\/\/gremicafe.cat\/wp-content\/uploads\/2026\/02\/BatallaLatteArtForum.jpg","keywords":["CoffeeFest Madrid","F\u00f3rum Caf\u00e9","Latte Art"],"articleSection":["Not\u00edcies"],"inLanguage":"es"},{"@type":"WebPage","@id":"https:\/\/gremicafe.cat\/2026\/02\/05\/batallas-latte-art-by-forum-cafe\/","url":"https:\/\/gremicafe.cat\/2026\/02\/05\/batallas-latte-art-by-forum-cafe\/","name":"BATALLAS LATTE ART by F\u00f3rum Caf\u00e9 - Gremi del Caf\u00e8, torradors de Catalunya","isPartOf":{"@id":"https:\/\/gremicafe.cat\/#website"},"primaryImageOfPage":{"@id":"https:\/\/gremicafe.cat\/2026\/02\/05\/batallas-latte-art-by-forum-cafe\/#primaryimage"},"image":{"@id":"https:\/\/gremicafe.cat\/2026\/02\/05\/batallas-latte-art-by-forum-cafe\/#primaryimage"},"thumbnailUrl":"https:\/\/gremicafe.cat\/wp-content\/uploads\/2026\/02\/BatallaLatteArtForum.jpg","datePublished":"2026-02-05T11:27:12+00:00","dateModified":"2026-02-05T12:10:12+00:00","description":"Des de F\u00f2rum Caf\u00e8, entenem el latte art com a part essencial de l'ofici barista: t\u00e8cnica, criteri i execuci\u00f3. \u00c9s per aquest motiu que, en el marc del Coffee Fest Madrid, organitzem BATALLAS LATTE ART, una competici\u00f3 de latte art oberta al p\u00fablic, en col\u00b7laboraci\u00f3 amb LAGS Espa\u00f1a.","breadcrumb":{"@id":"https:\/\/gremicafe.cat\/2026\/02\/05\/batallas-latte-art-by-forum-cafe\/#breadcrumb"},"inLanguage":"es","potentialAction":[{"@type":"ReadAction","target":["https:\/\/gremicafe.cat\/2026\/02\/05\/batallas-latte-art-by-forum-cafe\/"]}]},{"@type":"ImageObject","inLanguage":"es","@id":"https:\/\/gremicafe.cat\/2026\/02\/05\/batallas-latte-art-by-forum-cafe\/#primaryimage","url":"https:\/\/gremicafe.cat\/wp-content\/uploads\/2026\/02\/BatallaLatteArtForum.jpg","contentUrl":"https:\/\/gremicafe.cat\/wp-content\/uploads\/2026\/02\/BatallaLatteArtForum.jpg","width":1080,"height":1350},{"@type":"BreadcrumbList","@id":"https:\/\/gremicafe.cat\/2026\/02\/05\/batallas-latte-art-by-forum-cafe\/#breadcrumb","itemListElement":[{"@type":"ListItem","position":1,"name":"Inici","item":"https:\/\/gremicafe.cat\/"},{"@type":"ListItem","position":2,"name":"BATALLAS LATTE ART by F\u00f3rum Caf\u00e9"}]},{"@type":"WebSite","@id":"https:\/\/gremicafe.cat\/#website","url":"https:\/\/gremicafe.cat\/","name":"Gremio del Caf\u00e9, tostadores de Catalu\u00f1a","description":"Web oficial del gremio de tostadores de caf\u00e9 de Catalunya","publisher":{"@id":"https:\/\/gremicafe.cat\/#organization"},"potentialAction":[{"@type":"SearchAction","target":{"@type":"EntryPoint","urlTemplate":"https:\/\/gremicafe.cat\/?s={search_term_string}"},"query-input":{"@type":"PropertyValueSpecification","valueRequired":true,"valueName":"search_term_string"}}],"inLanguage":"es"},{"@type":"Organization","@id":"https:\/\/gremicafe.cat\/#organization","name":"Gremio del Caf\u00e9, Tostadores de Catalu\u00f1a","url":"https:\/\/gremicafe.cat\/","logo":{"@type":"ImageObject","inLanguage":"es","@id":"https:\/\/gremicafe.cat\/#\/schema\/logo\/image\/","url":"https:\/\/gremicafe.cat\/wp-content\/uploads\/2018\/03\/gremicafe-logo250.png","contentUrl":"https:\/\/gremicafe.cat\/wp-content\/uploads\/2018\/03\/gremicafe-logo250.png","width":250,"height":49,"caption":"Gremi del Caf\u00e8, Torradors de Catalunya"},"image":{"@id":"https:\/\/gremicafe.cat\/#\/schema\/logo\/image\/"},"sameAs":["https:\/\/www.facebook.com\/gremicafecat","https:\/\/x.com\/gremicafecat","https:\/\/www.instagram.com\/gremicafecat\/","https:\/\/www.pinterest.es\/gremicafecat\/","https:\/\/www.youtube.com\/channel\/UCGLo5Y35vLwLvP4FrPZrCrw\/"]},{"@type":"Person","@id":"https:\/\/gremicafe.cat\/#\/schema\/person\/dabfdbb3d0fa36260855a380f94e4733","name":"gremicafe","image":{"@type":"ImageObject","inLanguage":"es","@id":"https:\/\/gremicafe.cat\/#\/schema\/person\/image\/","url":"https:\/\/secure.gravatar.com\/avatar\/e59baa4ca8f6f97576d6375fb6d3c8f0?s=96&d=mm&r=g","contentUrl":"https:\/\/secure.gravatar.com\/avatar\/e59baa4ca8f6f97576d6375fb6d3c8f0?s=96&d=mm&r=g","caption":"gremicafe"}}]}},"_links":{"self":[{"href":"https:\/\/gremicafe.cat\/es\/wp-json\/wp\/v2\/posts\/8102"}],"collection":[{"href":"https:\/\/gremicafe.cat\/es\/wp-json\/wp\/v2\/posts"}],"about":[{"href":"https:\/\/gremicafe.cat\/es\/wp-json\/wp\/v2\/types\/post"}],"author":[{"embeddable":true,"href":"https:\/\/gremicafe.cat\/es\/wp-json\/wp\/v2\/users\/1"}],"replies":[{"embeddable":true,"href":"https:\/\/gremicafe.cat\/es\/wp-json\/wp\/v2\/comments?post=8102"}],"version-history":[{"count":0,"href":"https:\/\/gremicafe.cat\/es\/wp-json\/wp\/v2\/posts\/8102\/revisions"}],"wp:featuredmedia":[{"embeddable":true,"href":"https:\/\/gremicafe.cat\/es\/wp-json\/wp\/v2\/media\/8103"}],"wp:attachment":[{"href":"https:\/\/gremicafe.cat\/es\/wp-json\/wp\/v2\/media?parent=8102"}],"wp:term":[{"taxonomy":"category","embeddable":true,"href":"https:\/\/gremicafe.cat\/es\/wp-json\/wp\/v2\/categories?post=8102"},{"taxonomy":"post_tag","embeddable":true,"href":"https:\/\/gremicafe.cat\/es\/wp-json\/wp\/v2\/tags?post=8102"}],"curies":[{"name":"wp","href":"https:\/\/api.w.org\/{rel}","templated":true}]}}