{"id":8163,"date":"2026-03-09T11:13:43","date_gmt":"2026-03-09T10:13:43","guid":{"rendered":"https:\/\/gremicafe.cat\/?p=8163"},"modified":"2026-03-09T11:13:43","modified_gmt":"2026-03-09T10:13:43","slug":"alimentaria-2026-el-mon-del-cafe-al-pavello-7","status":"publish","type":"post","link":"https:\/\/gremicafe.cat\/es\/2026\/03\/09\/alimentaria-2026-el-mon-del-cafe-al-pavello-7\/","title":{"rendered":"Alimentaria 2026: el mundo del caf\u00e9, en el Pabell\u00f3n 7"},"content":{"rendered":"<h2 class=\"p2\"><strong><img loading=\"lazy\" decoding=\"async\" class=\"aligncenter size-full wp-image-8165\" src=\"https:\/\/gremicafe.cat\/wp-content\/uploads\/2026\/03\/ALIMENTARIA_2026_Key_Visual_ES.jpg\" alt=\"\" width=\"900\" height=\"1273\" srcset=\"https:\/\/gremicafe.cat\/wp-content\/uploads\/2026\/03\/ALIMENTARIA_2026_Key_Visual_ES.jpg 900w, https:\/\/gremicafe.cat\/wp-content\/uploads\/2026\/03\/ALIMENTARIA_2026_Key_Visual_ES-768x1086.jpg 768w, https:\/\/gremicafe.cat\/wp-content\/uploads\/2026\/03\/ALIMENTARIA_2026_Key_Visual_ES-8x12.jpg 8w, https:\/\/gremicafe.cat\/wp-content\/uploads\/2026\/03\/ALIMENTARIA_2026_Key_Visual_ES-509x720.jpg 509w\" sizes=\"(max-width: 900px) 100vw, 900px\" \/><\/strong><\/h2>\n<h2><\/h2>\n<h2 class=\"p2\"><strong>Alimentaria 2026: el mundo del caf\u00e9, en el Pabell\u00f3n 7<\/strong><\/h2>\n<p class=\"p2\"><b>Del 23 al 26 de marzo en el recinto Gran V\u00eda de Fira de Barcelona<\/b><\/p>\n<p class=\"p2\">Un a\u00f1o m\u00e1s, el sector del caf\u00e9 estar\u00e1 presente en Alimentaria, en el <b>pabell\u00f3n 7<\/b>, <b>Coffee, Bakery &amp; Pastry<\/b>, en un espacio llamado La Ruta del Caf\u00e9 que promociona y da visibilidad a todo el ecosistema del caf\u00e9 presente en el Pabell\u00f3n 7.<\/p>\n<p class=\"p2\">Entre los expositores cafeteros, destacamos las empresas, <b>Batalla <\/b>Caf\u00e9s, Caf\u00e9s <b>Cornell\u00e0<\/b>, Caf\u00e9s <b>Novel<\/b> y Caf\u00e9s <b>Puente<\/b>, tostadores del <b>Gremio del Caf\u00e9 de Catalu\u00f1a<\/b>.<\/p>\n<p class=\"p2\">Desde el Gremio le invitamos a visitar su stand.<\/p>\n<p class=\"p2\"><a href=\"https:\/\/www.alimentaria.com\/ca\/activitats\/la-ruta-del-cafe-i-del-te\/\" target=\"_blank\" rel=\"noopener\">https:\/\/www.alimentaria.com\/ca\/activitats\/la-ruta-del-cafe-i-del-te\/<\/a><\/p>\n<h3 class=\"p2\"><b>Alimentaria. Una feria, m\u00faltiples oportunidades.<\/b><\/h3>\n<p class=\"p2\">Alimentar\u00eda hace 50 a\u00f1os. En 1976 naci\u00f3 como sal\u00f3n preparado para impulsar la industria de la alimentaci\u00f3n, con todos los sectores implicados. Actualmente, se ha convertido en un referente para todo el \u00e1mbito ferial, a nivel mundial.<\/p>\n<p class=\"p2\">Alimentaria es el punto de encuentro internacional de referencia para todos los profesionales de la industria de la alimentaci\u00f3n, bebidas y food service, gracias a su atractiva oferta, basada en los mercados clave del sector y sus tendencias de consumo.<\/p>\n<p class=\"p2\"><a href=\"https:\/\/www.alimentaria.com\/ca\/alimentaria\/\" target=\"_blank\" rel=\"noopener\">https:\/\/www.alimentaria.com\/ca\/alimentaria\/<\/a><\/p>\n<h3 class=\"p2\"><b>Alimentaria + Hostelco, la plataforma m\u00e1s transversal y completa<\/b><\/h3>\n<p class=\"p2\">Alimentaria y Hostelco dan un paso m\u00e1s all\u00e1 con sus propuestas para dejar de ser dos eventos que se celebran conjuntamente y convertirse en una \u00fanica y aut\u00e9ntica plataforma para toda la cadena de valor del Retail y el Foodservice.<\/p>\n<p class=\"p2\"><a href=\"https:\/\/www.alimentaria.com\/ca\/alimentaria\/alimentaria-and-hostelco\/\" target=\"_blank\" rel=\"noopener\">https:\/\/www.alimentaria.com\/ca\/alimentaria\/alimentaria-and-hostelco\/<\/a><\/p>\n<p>&nbsp;<\/p>\n<p><img loading=\"lazy\" decoding=\"async\" class=\"aligncenter size-full wp-image-8166\" src=\"https:\/\/gremicafe.cat\/wp-content\/uploads\/2026\/03\/Alimentaria2026-gremi.jpg\" alt=\"\" width=\"900\" height=\"822\" srcset=\"https:\/\/gremicafe.cat\/wp-content\/uploads\/2026\/03\/Alimentaria2026-gremi.jpg 900w, https:\/\/gremicafe.cat\/wp-content\/uploads\/2026\/03\/Alimentaria2026-gremi-768x701.jpg 768w, https:\/\/gremicafe.cat\/wp-content\/uploads\/2026\/03\/Alimentaria2026-gremi-13x12.jpg 13w, https:\/\/gremicafe.cat\/wp-content\/uploads\/2026\/03\/Alimentaria2026-gremi-788x720.jpg 788w\" sizes=\"(max-width: 900px) 100vw, 900px\" \/><\/p>","protected":false},"excerpt":{"rendered":"<p>Aliment\u00e0ria 2026: el m\u00f3n del caf\u00e8, al Pavell\u00f3 7 Del 23 al 26 de mar\u00e7 al recinte Gran Via de Fira de Barcelona Un any m\u00e9s, el sector del caf\u00e8 ser\u00e0 present a Aliment\u00e0ria, al pavell\u00f3 7, Coffee, Bakery &amp; Pastry, en un espai anomenat La Ruta del Caf\u00e8 que promociona i dona visibilitat a [&hellip;]<\/p>\n","protected":false},"author":1,"featured_media":8165,"comment_status":"closed","ping_status":"open","sticky":false,"template":"","format":"standard","meta":{"_acf_changed":false,"inline_featured_image":false,"footnotes":""},"categories":[1],"tags":[192,193],"class_list":["post-8163","post","type-post","status-publish","format-standard","has-post-thumbnail","hentry","category-noticies","tag-alimentaria","tag-fira-de-barcelona"],"acf":[],"yoast_head":"<!-- This site is optimized with the Yoast SEO plugin v25.5 - https:\/\/yoast.com\/wordpress\/plugins\/seo\/ -->\n<title>Aliment\u00e0ria 2026: el m\u00f3n del caf\u00e8, al Pavell\u00f3 7 - Gremi del Caf\u00e8, torradors de Catalunya<\/title>\n<meta name=\"description\" content=\"Un any m\u00e9s, el sector del caf\u00e8 ser\u00e0 present a Aliment\u00e0ria, al pavell\u00f3 7, Coffee, Bakery &amp; Pastry, en un espai anomenat La Ruta del Caf\u00e8 que promociona i dona visibilitat a tot l\u2019ecosistema del caf\u00e8 present al Pavell\u00f3 7.Entre els expositors cafeters, destaquem les empreses, Batalla Caf\u00e8s, Caf\u00e8s Cornell\u00e0, Caf\u00e8s Novell i Caf\u00e8s Pont, torradors del Gremi del Caf\u00e8 de Catalunya.\" \/>\n<meta name=\"robots\" content=\"index, follow, max-snippet:-1, max-image-preview:large, max-video-preview:-1\" \/>\n<link rel=\"canonical\" href=\"https:\/\/gremicafe.cat\/es\/2026\/03\/09\/alimentaria-2026-el-mon-del-cafe-al-pavello-7\/\" \/>\n<meta property=\"og:locale\" content=\"es_ES\" \/>\n<meta property=\"og:type\" content=\"article\" \/>\n<meta property=\"og:title\" content=\"Aliment\u00e0ria 2026: el m\u00f3n del caf\u00e8, al Pavell\u00f3 7 - Gremi del Caf\u00e8, torradors de Catalunya\" \/>\n<meta property=\"og:description\" content=\"Un any m\u00e9s, el sector del caf\u00e8 ser\u00e0 present a Aliment\u00e0ria, al pavell\u00f3 7, Coffee, Bakery &amp; Pastry, en un espai anomenat La Ruta del Caf\u00e8 que promociona i dona visibilitat a tot l\u2019ecosistema del caf\u00e8 present al Pavell\u00f3 7.Entre els expositors cafeters, destaquem les empreses, Batalla Caf\u00e8s, Caf\u00e8s Cornell\u00e0, Caf\u00e8s Novell i Caf\u00e8s Pont, torradors del Gremi del Caf\u00e8 de Catalunya.\" \/>\n<meta property=\"og:url\" content=\"https:\/\/gremicafe.cat\/es\/2026\/03\/09\/alimentaria-2026-el-mon-del-cafe-al-pavello-7\/\" \/>\n<meta property=\"og:site_name\" content=\"Gremi del Caf\u00e8, torradors de Catalunya\" \/>\n<meta property=\"article:publisher\" content=\"https:\/\/www.facebook.com\/gremicafecat\" \/>\n<meta property=\"article:published_time\" content=\"2026-03-09T10:13:43+00:00\" \/>\n<meta property=\"og:image\" content=\"https:\/\/gremicafe.cat\/wp-content\/uploads\/2026\/03\/ALIMENTARIA_2026_Key_Visual_ES.jpg\" \/>\n\t<meta property=\"og:image:width\" content=\"900\" \/>\n\t<meta property=\"og:image:height\" content=\"1273\" \/>\n\t<meta property=\"og:image:type\" content=\"image\/jpeg\" \/>\n<meta name=\"author\" content=\"gremicafe\" \/>\n<meta name=\"twitter:card\" content=\"summary_large_image\" \/>\n<meta name=\"twitter:creator\" content=\"@gremicafecat\" \/>\n<meta name=\"twitter:site\" content=\"@gremicafecat\" \/>\n<meta name=\"twitter:label1\" content=\"Escrito por\" \/>\n\t<meta name=\"twitter:data1\" content=\"gremicafe\" \/>\n\t<meta name=\"twitter:label2\" content=\"Tiempo de lectura\" \/>\n\t<meta name=\"twitter:data2\" content=\"2 minutos\" \/>\n<script type=\"application\/ld+json\" class=\"yoast-schema-graph\">{\"@context\":\"https:\/\/schema.org\",\"@graph\":[{\"@type\":\"Article\",\"@id\":\"https:\/\/gremicafe.cat\/2026\/03\/09\/alimentaria-2026-el-mon-del-cafe-al-pavello-7\/#article\",\"isPartOf\":{\"@id\":\"https:\/\/gremicafe.cat\/2026\/03\/09\/alimentaria-2026-el-mon-del-cafe-al-pavello-7\/\"},\"author\":{\"name\":\"gremicafe\",\"@id\":\"https:\/\/gremicafe.cat\/#\/schema\/person\/dabfdbb3d0fa36260855a380f94e4733\"},\"headline\":\"Aliment\u00e0ria 2026: el m\u00f3n del caf\u00e8, al Pavell\u00f3 7\",\"datePublished\":\"2026-03-09T10:13:43+00:00\",\"mainEntityOfPage\":{\"@id\":\"https:\/\/gremicafe.cat\/2026\/03\/09\/alimentaria-2026-el-mon-del-cafe-al-pavello-7\/\"},\"wordCount\":278,\"publisher\":{\"@id\":\"https:\/\/gremicafe.cat\/#organization\"},\"image\":{\"@id\":\"https:\/\/gremicafe.cat\/2026\/03\/09\/alimentaria-2026-el-mon-del-cafe-al-pavello-7\/#primaryimage\"},\"thumbnailUrl\":\"https:\/\/gremicafe.cat\/wp-content\/uploads\/2026\/03\/ALIMENTARIA_2026_Key_Visual_ES.jpg\",\"keywords\":[\"Aliment\u00e0ria\",\"Fira de Barcelona\"],\"articleSection\":[\"Not\u00edcies\"],\"inLanguage\":\"es\"},{\"@type\":\"WebPage\",\"@id\":\"https:\/\/gremicafe.cat\/2026\/03\/09\/alimentaria-2026-el-mon-del-cafe-al-pavello-7\/\",\"url\":\"https:\/\/gremicafe.cat\/2026\/03\/09\/alimentaria-2026-el-mon-del-cafe-al-pavello-7\/\",\"name\":\"Aliment\u00e0ria 2026: el m\u00f3n del caf\u00e8, al Pavell\u00f3 7 - Gremi del Caf\u00e8, torradors de Catalunya\",\"isPartOf\":{\"@id\":\"https:\/\/gremicafe.cat\/#website\"},\"primaryImageOfPage\":{\"@id\":\"https:\/\/gremicafe.cat\/2026\/03\/09\/alimentaria-2026-el-mon-del-cafe-al-pavello-7\/#primaryimage\"},\"image\":{\"@id\":\"https:\/\/gremicafe.cat\/2026\/03\/09\/alimentaria-2026-el-mon-del-cafe-al-pavello-7\/#primaryimage\"},\"thumbnailUrl\":\"https:\/\/gremicafe.cat\/wp-content\/uploads\/2026\/03\/ALIMENTARIA_2026_Key_Visual_ES.jpg\",\"datePublished\":\"2026-03-09T10:13:43+00:00\",\"description\":\"Un any m\u00e9s, el sector del caf\u00e8 ser\u00e0 present a Aliment\u00e0ria, al pavell\u00f3 7, Coffee, Bakery & Pastry, en un espai anomenat La Ruta del Caf\u00e8 que promociona i dona visibilitat a tot l\u2019ecosistema del caf\u00e8 present al Pavell\u00f3 7.Entre els expositors cafeters, destaquem les empreses, Batalla Caf\u00e8s, Caf\u00e8s Cornell\u00e0, Caf\u00e8s Novell i Caf\u00e8s Pont, torradors del Gremi del Caf\u00e8 de Catalunya.\",\"breadcrumb\":{\"@id\":\"https:\/\/gremicafe.cat\/2026\/03\/09\/alimentaria-2026-el-mon-del-cafe-al-pavello-7\/#breadcrumb\"},\"inLanguage\":\"es\",\"potentialAction\":[{\"@type\":\"ReadAction\",\"target\":[\"https:\/\/gremicafe.cat\/2026\/03\/09\/alimentaria-2026-el-mon-del-cafe-al-pavello-7\/\"]}]},{\"@type\":\"ImageObject\",\"inLanguage\":\"es\",\"@id\":\"https:\/\/gremicafe.cat\/2026\/03\/09\/alimentaria-2026-el-mon-del-cafe-al-pavello-7\/#primaryimage\",\"url\":\"https:\/\/gremicafe.cat\/wp-content\/uploads\/2026\/03\/ALIMENTARIA_2026_Key_Visual_ES.jpg\",\"contentUrl\":\"https:\/\/gremicafe.cat\/wp-content\/uploads\/2026\/03\/ALIMENTARIA_2026_Key_Visual_ES.jpg\",\"width\":900,\"height\":1273},{\"@type\":\"BreadcrumbList\",\"@id\":\"https:\/\/gremicafe.cat\/2026\/03\/09\/alimentaria-2026-el-mon-del-cafe-al-pavello-7\/#breadcrumb\",\"itemListElement\":[{\"@type\":\"ListItem\",\"position\":1,\"name\":\"Inici\",\"item\":\"https:\/\/gremicafe.cat\/\"},{\"@type\":\"ListItem\",\"position\":2,\"name\":\"Aliment\u00e0ria 2026: el m\u00f3n del caf\u00e8, al Pavell\u00f3 7\"}]},{\"@type\":\"WebSite\",\"@id\":\"https:\/\/gremicafe.cat\/#website\",\"url\":\"https:\/\/gremicafe.cat\/\",\"name\":\"Gremi del Caf\u00e8, torradors de Catalunya\",\"description\":\"Web oficial del gremi de torradors de caf\u00e8 de Catalunya\",\"publisher\":{\"@id\":\"https:\/\/gremicafe.cat\/#organization\"},\"potentialAction\":[{\"@type\":\"SearchAction\",\"target\":{\"@type\":\"EntryPoint\",\"urlTemplate\":\"https:\/\/gremicafe.cat\/?s={search_term_string}\"},\"query-input\":{\"@type\":\"PropertyValueSpecification\",\"valueRequired\":true,\"valueName\":\"search_term_string\"}}],\"inLanguage\":\"es\"},{\"@type\":\"Organization\",\"@id\":\"https:\/\/gremicafe.cat\/#organization\",\"name\":\"Gremi del Caf\u00e8, Torradors de Catalunya\",\"url\":\"https:\/\/gremicafe.cat\/\",\"logo\":{\"@type\":\"ImageObject\",\"inLanguage\":\"es\",\"@id\":\"https:\/\/gremicafe.cat\/#\/schema\/logo\/image\/\",\"url\":\"https:\/\/gremicafe.cat\/wp-content\/uploads\/2018\/03\/gremicafe-logo250.png\",\"contentUrl\":\"https:\/\/gremicafe.cat\/wp-content\/uploads\/2018\/03\/gremicafe-logo250.png\",\"width\":250,\"height\":49,\"caption\":\"Gremi del Caf\u00e8, Torradors de Catalunya\"},\"image\":{\"@id\":\"https:\/\/gremicafe.cat\/#\/schema\/logo\/image\/\"},\"sameAs\":[\"https:\/\/www.facebook.com\/gremicafecat\",\"https:\/\/x.com\/gremicafecat\",\"https:\/\/www.instagram.com\/gremicafecat\/\",\"https:\/\/www.pinterest.es\/gremicafecat\/\",\"https:\/\/www.youtube.com\/channel\/UCGLo5Y35vLwLvP4FrPZrCrw\/\"]},{\"@type\":\"Person\",\"@id\":\"https:\/\/gremicafe.cat\/#\/schema\/person\/dabfdbb3d0fa36260855a380f94e4733\",\"name\":\"gremicafe\",\"image\":{\"@type\":\"ImageObject\",\"inLanguage\":\"es\",\"@id\":\"https:\/\/gremicafe.cat\/#\/schema\/person\/image\/\",\"url\":\"https:\/\/secure.gravatar.com\/avatar\/e59baa4ca8f6f97576d6375fb6d3c8f0?s=96&d=mm&r=g\",\"contentUrl\":\"https:\/\/secure.gravatar.com\/avatar\/e59baa4ca8f6f97576d6375fb6d3c8f0?s=96&d=mm&r=g\",\"caption\":\"gremicafe\"}}]}<\/script>\n<!-- \/ Yoast SEO plugin. -->","yoast_head_json":{"title":"Aliment\u00e0ria 2026: el m\u00f3n del caf\u00e8, al Pavell\u00f3 7 - Gremi del Caf\u00e8, torradors de Catalunya","description":"Un any m\u00e9s, el sector del caf\u00e8 ser\u00e0 present a Aliment\u00e0ria, al pavell\u00f3 7, Coffee, Bakery & Pastry, en un espai anomenat La Ruta del Caf\u00e8 que promociona i dona visibilitat a tot l\u2019ecosistema del caf\u00e8 present al Pavell\u00f3 7.Entre els expositors cafeters, destaquem les empreses, Batalla Caf\u00e8s, Caf\u00e8s Cornell\u00e0, Caf\u00e8s Novell i Caf\u00e8s Pont, torradors del Gremi del Caf\u00e8 de Catalunya.","robots":{"index":"index","follow":"follow","max-snippet":"max-snippet:-1","max-image-preview":"max-image-preview:large","max-video-preview":"max-video-preview:-1"},"canonical":"https:\/\/gremicafe.cat\/es\/2026\/03\/09\/alimentaria-2026-el-mon-del-cafe-al-pavello-7\/","og_locale":"es_ES","og_type":"article","og_title":"Aliment\u00e0ria 2026: el m\u00f3n del caf\u00e8, al Pavell\u00f3 7 - Gremi del Caf\u00e8, torradors de Catalunya","og_description":"Un any m\u00e9s, el sector del caf\u00e8 ser\u00e0 present a Aliment\u00e0ria, al pavell\u00f3 7, Coffee, Bakery & Pastry, en un espai anomenat La Ruta del Caf\u00e8 que promociona i dona visibilitat a tot l\u2019ecosistema del caf\u00e8 present al Pavell\u00f3 7.Entre els expositors cafeters, destaquem les empreses, Batalla Caf\u00e8s, Caf\u00e8s Cornell\u00e0, Caf\u00e8s Novell i Caf\u00e8s Pont, torradors del Gremi del Caf\u00e8 de Catalunya.","og_url":"https:\/\/gremicafe.cat\/es\/2026\/03\/09\/alimentaria-2026-el-mon-del-cafe-al-pavello-7\/","og_site_name":"Gremi del Caf\u00e8, torradors de Catalunya","article_publisher":"https:\/\/www.facebook.com\/gremicafecat","article_published_time":"2026-03-09T10:13:43+00:00","og_image":[{"width":900,"height":1273,"url":"https:\/\/gremicafe.cat\/wp-content\/uploads\/2026\/03\/ALIMENTARIA_2026_Key_Visual_ES.jpg","type":"image\/jpeg"}],"author":"gremicafe","twitter_card":"summary_large_image","twitter_creator":"@gremicafecat","twitter_site":"@gremicafecat","twitter_misc":{"Escrito por":"gremicafe","Tiempo de lectura":"2 minutos"},"schema":{"@context":"https:\/\/schema.org","@graph":[{"@type":"Article","@id":"https:\/\/gremicafe.cat\/2026\/03\/09\/alimentaria-2026-el-mon-del-cafe-al-pavello-7\/#article","isPartOf":{"@id":"https:\/\/gremicafe.cat\/2026\/03\/09\/alimentaria-2026-el-mon-del-cafe-al-pavello-7\/"},"author":{"name":"gremicafe","@id":"https:\/\/gremicafe.cat\/#\/schema\/person\/dabfdbb3d0fa36260855a380f94e4733"},"headline":"Aliment\u00e0ria 2026: el m\u00f3n del caf\u00e8, al Pavell\u00f3 7","datePublished":"2026-03-09T10:13:43+00:00","mainEntityOfPage":{"@id":"https:\/\/gremicafe.cat\/2026\/03\/09\/alimentaria-2026-el-mon-del-cafe-al-pavello-7\/"},"wordCount":278,"publisher":{"@id":"https:\/\/gremicafe.cat\/#organization"},"image":{"@id":"https:\/\/gremicafe.cat\/2026\/03\/09\/alimentaria-2026-el-mon-del-cafe-al-pavello-7\/#primaryimage"},"thumbnailUrl":"https:\/\/gremicafe.cat\/wp-content\/uploads\/2026\/03\/ALIMENTARIA_2026_Key_Visual_ES.jpg","keywords":["Aliment\u00e0ria","Fira de Barcelona"],"articleSection":["Not\u00edcies"],"inLanguage":"es"},{"@type":"WebPage","@id":"https:\/\/gremicafe.cat\/2026\/03\/09\/alimentaria-2026-el-mon-del-cafe-al-pavello-7\/","url":"https:\/\/gremicafe.cat\/2026\/03\/09\/alimentaria-2026-el-mon-del-cafe-al-pavello-7\/","name":"Aliment\u00e0ria 2026: el m\u00f3n del caf\u00e8, al Pavell\u00f3 7 - Gremi del Caf\u00e8, torradors de Catalunya","isPartOf":{"@id":"https:\/\/gremicafe.cat\/#website"},"primaryImageOfPage":{"@id":"https:\/\/gremicafe.cat\/2026\/03\/09\/alimentaria-2026-el-mon-del-cafe-al-pavello-7\/#primaryimage"},"image":{"@id":"https:\/\/gremicafe.cat\/2026\/03\/09\/alimentaria-2026-el-mon-del-cafe-al-pavello-7\/#primaryimage"},"thumbnailUrl":"https:\/\/gremicafe.cat\/wp-content\/uploads\/2026\/03\/ALIMENTARIA_2026_Key_Visual_ES.jpg","datePublished":"2026-03-09T10:13:43+00:00","description":"Un any m\u00e9s, el sector del caf\u00e8 ser\u00e0 present a Aliment\u00e0ria, al pavell\u00f3 7, Coffee, Bakery & Pastry, en un espai anomenat La Ruta del Caf\u00e8 que promociona i dona visibilitat a tot l\u2019ecosistema del caf\u00e8 present al Pavell\u00f3 7.Entre els expositors cafeters, destaquem les empreses, Batalla Caf\u00e8s, Caf\u00e8s Cornell\u00e0, Caf\u00e8s Novell i Caf\u00e8s Pont, torradors del Gremi del Caf\u00e8 de Catalunya.","breadcrumb":{"@id":"https:\/\/gremicafe.cat\/2026\/03\/09\/alimentaria-2026-el-mon-del-cafe-al-pavello-7\/#breadcrumb"},"inLanguage":"es","potentialAction":[{"@type":"ReadAction","target":["https:\/\/gremicafe.cat\/2026\/03\/09\/alimentaria-2026-el-mon-del-cafe-al-pavello-7\/"]}]},{"@type":"ImageObject","inLanguage":"es","@id":"https:\/\/gremicafe.cat\/2026\/03\/09\/alimentaria-2026-el-mon-del-cafe-al-pavello-7\/#primaryimage","url":"https:\/\/gremicafe.cat\/wp-content\/uploads\/2026\/03\/ALIMENTARIA_2026_Key_Visual_ES.jpg","contentUrl":"https:\/\/gremicafe.cat\/wp-content\/uploads\/2026\/03\/ALIMENTARIA_2026_Key_Visual_ES.jpg","width":900,"height":1273},{"@type":"BreadcrumbList","@id":"https:\/\/gremicafe.cat\/2026\/03\/09\/alimentaria-2026-el-mon-del-cafe-al-pavello-7\/#breadcrumb","itemListElement":[{"@type":"ListItem","position":1,"name":"Inici","item":"https:\/\/gremicafe.cat\/"},{"@type":"ListItem","position":2,"name":"Aliment\u00e0ria 2026: el m\u00f3n del caf\u00e8, al Pavell\u00f3 7"}]},{"@type":"WebSite","@id":"https:\/\/gremicafe.cat\/#website","url":"https:\/\/gremicafe.cat\/","name":"Gremio del Caf\u00e9, tostadores de Catalu\u00f1a","description":"Web oficial del gremio de tostadores de caf\u00e9 de Catalunya","publisher":{"@id":"https:\/\/gremicafe.cat\/#organization"},"potentialAction":[{"@type":"SearchAction","target":{"@type":"EntryPoint","urlTemplate":"https:\/\/gremicafe.cat\/?s={search_term_string}"},"query-input":{"@type":"PropertyValueSpecification","valueRequired":true,"valueName":"search_term_string"}}],"inLanguage":"es"},{"@type":"Organization","@id":"https:\/\/gremicafe.cat\/#organization","name":"Gremio del Caf\u00e9, Tostadores de Catalu\u00f1a","url":"https:\/\/gremicafe.cat\/","logo":{"@type":"ImageObject","inLanguage":"es","@id":"https:\/\/gremicafe.cat\/#\/schema\/logo\/image\/","url":"https:\/\/gremicafe.cat\/wp-content\/uploads\/2018\/03\/gremicafe-logo250.png","contentUrl":"https:\/\/gremicafe.cat\/wp-content\/uploads\/2018\/03\/gremicafe-logo250.png","width":250,"height":49,"caption":"Gremi del Caf\u00e8, Torradors de Catalunya"},"image":{"@id":"https:\/\/gremicafe.cat\/#\/schema\/logo\/image\/"},"sameAs":["https:\/\/www.facebook.com\/gremicafecat","https:\/\/x.com\/gremicafecat","https:\/\/www.instagram.com\/gremicafecat\/","https:\/\/www.pinterest.es\/gremicafecat\/","https:\/\/www.youtube.com\/channel\/UCGLo5Y35vLwLvP4FrPZrCrw\/"]},{"@type":"Person","@id":"https:\/\/gremicafe.cat\/#\/schema\/person\/dabfdbb3d0fa36260855a380f94e4733","name":"gremicafe","image":{"@type":"ImageObject","inLanguage":"es","@id":"https:\/\/gremicafe.cat\/#\/schema\/person\/image\/","url":"https:\/\/secure.gravatar.com\/avatar\/e59baa4ca8f6f97576d6375fb6d3c8f0?s=96&d=mm&r=g","contentUrl":"https:\/\/secure.gravatar.com\/avatar\/e59baa4ca8f6f97576d6375fb6d3c8f0?s=96&d=mm&r=g","caption":"gremicafe"}}]}},"_links":{"self":[{"href":"https:\/\/gremicafe.cat\/es\/wp-json\/wp\/v2\/posts\/8163"}],"collection":[{"href":"https:\/\/gremicafe.cat\/es\/wp-json\/wp\/v2\/posts"}],"about":[{"href":"https:\/\/gremicafe.cat\/es\/wp-json\/wp\/v2\/types\/post"}],"author":[{"embeddable":true,"href":"https:\/\/gremicafe.cat\/es\/wp-json\/wp\/v2\/users\/1"}],"replies":[{"embeddable":true,"href":"https:\/\/gremicafe.cat\/es\/wp-json\/wp\/v2\/comments?post=8163"}],"version-history":[{"count":0,"href":"https:\/\/gremicafe.cat\/es\/wp-json\/wp\/v2\/posts\/8163\/revisions"}],"wp:featuredmedia":[{"embeddable":true,"href":"https:\/\/gremicafe.cat\/es\/wp-json\/wp\/v2\/media\/8165"}],"wp:attachment":[{"href":"https:\/\/gremicafe.cat\/es\/wp-json\/wp\/v2\/media?parent=8163"}],"wp:term":[{"taxonomy":"category","embeddable":true,"href":"https:\/\/gremicafe.cat\/es\/wp-json\/wp\/v2\/categories?post=8163"},{"taxonomy":"post_tag","embeddable":true,"href":"https:\/\/gremicafe.cat\/es\/wp-json\/wp\/v2\/tags?post=8163"}],"curies":[{"name":"wp","href":"https:\/\/api.w.org\/{rel}","templated":true}]}}