{"id":8338,"date":"2026-04-27T15:54:49","date_gmt":"2026-04-27T13:54:49","guid":{"rendered":"https:\/\/gremicafe.cat\/?p=8338"},"modified":"2026-04-27T15:55:12","modified_gmt":"2026-04-27T13:55:12","slug":"la-marzocco-trasllada-la-seva-seu-espanyola-al-centre-de-barcelona","status":"publish","type":"post","link":"https:\/\/gremicafe.cat\/es\/2026\/04\/27\/la-marzocco-trasllada-la-seva-seu-espanyola-al-centre-de-barcelona\/","title":{"rendered":"Marzocco traslada su sede espa\u00f1ola al centro de Barcelona"},"content":{"rendered":"<p class=\"p1\"><span class=\"s1\">El boom del caf\u00e9 de especialidad sigue creciendo en Barcelona. Una de las marcas m\u00e1s ic\u00f3nicas, la italiana <b>La Marzocco<\/b>, est\u00e1 a punto de mudarse a unas nuevas oficinas en la capital catalana, donde tambi\u00e9n contar\u00e1 con un showroom para mostrar y probar sus m\u00e1quinas de expreso de alta gama. La marca se traslada desde el barrio de Gr\u00e0cia, donde ten\u00eda hasta ahora su sede espa\u00f1ola, a un espacio mucho mayor y visible en el Eixample. Se trata de un local de 450 m\u00b2 en la calle Consell de Cent, en plena supermanzana. En Barcelona, la compa\u00f1\u00eda centraliza sus servicios de ventas, distribuci\u00f3n y servicio t\u00e9cnico para Espa\u00f1a.\u00a0<\/span><\/p>\n<p class=\"p1\"><span class=\"s1\">Fundada en 1927 en Florencia por los hermanos Giuseppe y Bruno Bambi, <b>La Marzocco <\/b>est\u00e1 especializada en la fabricaci\u00f3n y distribuci\u00f3n de m\u00e1quinas de expreso, tanto para cafeter\u00edas de especialidad como para el segmento dom\u00e9stico premium. Desde 2024, el fabricante italiano de cafeteras <b>De&#039;Longhi<\/b> es el accionista mayoritario de la marca.<\/span><\/p>\n<p class=\"p1\"><span class=\"s1\"><b>Paula Solanas Alfaro<br \/>\n<\/b><\/span><b>La Vanguardia<br \/>\n<\/b>27\/04\/2026<\/p>\n<p class=\"p1\"><span class=\"s1\">Ampl\u00ede la moticia de <a href=\"https:\/\/www.lavanguardia.com\/dinero\/20260427\/11523195\/ferrari-expreso.html\" target=\"_blank\" rel=\"noopener\">La Vanguardia, aqu\u00ed<\/a><\/span><\/p>\n<p>&nbsp;<\/p>\n<div id=\"attachment_8339\" style=\"width: 1090px\" class=\"wp-caption aligncenter\"><img loading=\"lazy\" decoding=\"async\" aria-describedby=\"caption-attachment-8339\" class=\"size-full wp-image-8339\" src=\"https:\/\/gremicafe.cat\/wp-content\/uploads\/2026\/04\/Marzoco-Gremi.jpg\" alt=\"Fotografia \u00a9 La Marzocco\" width=\"1080\" height=\"1350\" srcset=\"https:\/\/gremicafe.cat\/wp-content\/uploads\/2026\/04\/Marzoco-Gremi.jpg 1080w, https:\/\/gremicafe.cat\/wp-content\/uploads\/2026\/04\/Marzoco-Gremi-768x960.jpg 768w, https:\/\/gremicafe.cat\/wp-content\/uploads\/2026\/04\/Marzoco-Gremi-10x12.jpg 10w, https:\/\/gremicafe.cat\/wp-content\/uploads\/2026\/04\/Marzoco-Gremi-576x720.jpg 576w\" sizes=\"(max-width: 1080px) 100vw, 1080px\" \/><p id=\"caption-attachment-8339\" class=\"wp-caption-text\">Fotograf\u00eda \u00a9 La Marzocco<\/p><\/div>","protected":false},"excerpt":{"rendered":"<p>El boom del caf\u00e8 d&#8217;especialitat continua creixent a Barcelona. Una de les marques m\u00e9s ic\u00f2niques, la italiana La Marzocco, est\u00e0 a punt de mudar-se a unes noves oficines en la capital catalana, on tamb\u00e9 comptar\u00e0 amb un showroom per a mostrar i provar les seves m\u00e0quines d&#8217;expr\u00e9s d&#8217;alta gamma. La marca es trasllada des del [&hellip;]<\/p>\n","protected":false},"author":1,"featured_media":8339,"comment_status":"closed","ping_status":"open","sticky":false,"template":"","format":"standard","meta":{"_acf_changed":false,"inline_featured_image":false,"footnotes":""},"categories":[1],"tags":[136,198,197,196],"class_list":["post-8338","post","type-post","status-publish","format-standard","has-post-thumbnail","hentry","category-noticies","tag-cafe-despecialitat","tag-cafetera-expres","tag-delonghi","tag-marzocco"],"acf":[],"yoast_head":"<!-- This site is optimized with the Yoast SEO plugin v25.5 - https:\/\/yoast.com\/wordpress\/plugins\/seo\/ -->\n<title>La Marzocco trasllada la seva seu espanyola al centre de Barcelona - Gremi del Caf\u00e8, torradors de Catalunya<\/title>\n<meta name=\"description\" content=\"La marca es trasllada a un espai molt m\u00e9s gran i visible a l&#039;Eixample. Es tracta d&#039;un local de 450 m\u00b2 en el carrer Consell de Cent, en plena superilla. A Barcelona, la companyia centralitza els serveis de vendes, distribuci\u00f3 i servei t\u00e8cnic per a Espanya.\" \/>\n<meta name=\"robots\" content=\"index, follow, max-snippet:-1, max-image-preview:large, max-video-preview:-1\" \/>\n<link rel=\"canonical\" href=\"https:\/\/gremicafe.cat\/es\/2026\/04\/27\/la-marzocco-trasllada-la-seva-seu-espanyola-al-centre-de-barcelona\/\" \/>\n<meta property=\"og:locale\" content=\"es_ES\" \/>\n<meta property=\"og:type\" content=\"article\" \/>\n<meta property=\"og:title\" content=\"La Marzocco trasllada la seva seu espanyola al centre de Barcelona - Gremi del Caf\u00e8, torradors de Catalunya\" \/>\n<meta property=\"og:description\" content=\"La marca es trasllada a un espai molt m\u00e9s gran i visible a l&#039;Eixample. Es tracta d&#039;un local de 450 m\u00b2 en el carrer Consell de Cent, en plena superilla. A Barcelona, la companyia centralitza els serveis de vendes, distribuci\u00f3 i servei t\u00e8cnic per a Espanya.\" \/>\n<meta property=\"og:url\" content=\"https:\/\/gremicafe.cat\/es\/2026\/04\/27\/la-marzocco-trasllada-la-seva-seu-espanyola-al-centre-de-barcelona\/\" \/>\n<meta property=\"og:site_name\" content=\"Gremi del Caf\u00e8, torradors de Catalunya\" \/>\n<meta property=\"article:publisher\" content=\"https:\/\/www.facebook.com\/gremicafecat\" \/>\n<meta property=\"article:published_time\" content=\"2026-04-27T13:54:49+00:00\" \/>\n<meta property=\"article:modified_time\" content=\"2026-04-27T13:55:12+00:00\" \/>\n<meta property=\"og:image\" content=\"https:\/\/gremicafe.cat\/wp-content\/uploads\/2026\/04\/Marzoco-Gremi.jpg\" \/>\n\t<meta property=\"og:image:width\" content=\"1080\" \/>\n\t<meta property=\"og:image:height\" content=\"1350\" \/>\n\t<meta property=\"og:image:type\" content=\"image\/jpeg\" \/>\n<meta name=\"author\" content=\"gremicafe\" \/>\n<meta name=\"twitter:card\" content=\"summary_large_image\" \/>\n<meta name=\"twitter:creator\" content=\"@gremicafecat\" \/>\n<meta name=\"twitter:site\" content=\"@gremicafecat\" \/>\n<meta name=\"twitter:label1\" content=\"Escrito por\" \/>\n\t<meta name=\"twitter:data1\" content=\"gremicafe\" \/>\n\t<meta name=\"twitter:label2\" content=\"Tiempo de lectura\" \/>\n\t<meta name=\"twitter:data2\" content=\"2 minutos\" \/>\n<script type=\"application\/ld+json\" class=\"yoast-schema-graph\">{\"@context\":\"https:\/\/schema.org\",\"@graph\":[{\"@type\":\"Article\",\"@id\":\"https:\/\/gremicafe.cat\/2026\/04\/27\/la-marzocco-trasllada-la-seva-seu-espanyola-al-centre-de-barcelona\/#article\",\"isPartOf\":{\"@id\":\"https:\/\/gremicafe.cat\/2026\/04\/27\/la-marzocco-trasllada-la-seva-seu-espanyola-al-centre-de-barcelona\/\"},\"author\":{\"name\":\"gremicafe\",\"@id\":\"https:\/\/gremicafe.cat\/#\/schema\/person\/dabfdbb3d0fa36260855a380f94e4733\"},\"headline\":\"La Marzocco trasllada la seva seu espanyola al centre de Barcelona\",\"datePublished\":\"2026-04-27T13:54:49+00:00\",\"dateModified\":\"2026-04-27T13:55:12+00:00\",\"mainEntityOfPage\":{\"@id\":\"https:\/\/gremicafe.cat\/2026\/04\/27\/la-marzocco-trasllada-la-seva-seu-espanyola-al-centre-de-barcelona\/\"},\"wordCount\":202,\"publisher\":{\"@id\":\"https:\/\/gremicafe.cat\/#organization\"},\"image\":{\"@id\":\"https:\/\/gremicafe.cat\/2026\/04\/27\/la-marzocco-trasllada-la-seva-seu-espanyola-al-centre-de-barcelona\/#primaryimage\"},\"thumbnailUrl\":\"https:\/\/gremicafe.cat\/wp-content\/uploads\/2026\/04\/Marzoco-Gremi.jpg\",\"keywords\":[\"Caf\u00e8 d'especialitat\",\"cafetera expr\u00e9s\",\"De'Longhi\",\"Marzocco\"],\"articleSection\":[\"Not\u00edcies\"],\"inLanguage\":\"es\"},{\"@type\":\"WebPage\",\"@id\":\"https:\/\/gremicafe.cat\/2026\/04\/27\/la-marzocco-trasllada-la-seva-seu-espanyola-al-centre-de-barcelona\/\",\"url\":\"https:\/\/gremicafe.cat\/2026\/04\/27\/la-marzocco-trasllada-la-seva-seu-espanyola-al-centre-de-barcelona\/\",\"name\":\"La Marzocco trasllada la seva seu espanyola al centre de Barcelona - Gremi del Caf\u00e8, torradors de Catalunya\",\"isPartOf\":{\"@id\":\"https:\/\/gremicafe.cat\/#website\"},\"primaryImageOfPage\":{\"@id\":\"https:\/\/gremicafe.cat\/2026\/04\/27\/la-marzocco-trasllada-la-seva-seu-espanyola-al-centre-de-barcelona\/#primaryimage\"},\"image\":{\"@id\":\"https:\/\/gremicafe.cat\/2026\/04\/27\/la-marzocco-trasllada-la-seva-seu-espanyola-al-centre-de-barcelona\/#primaryimage\"},\"thumbnailUrl\":\"https:\/\/gremicafe.cat\/wp-content\/uploads\/2026\/04\/Marzoco-Gremi.jpg\",\"datePublished\":\"2026-04-27T13:54:49+00:00\",\"dateModified\":\"2026-04-27T13:55:12+00:00\",\"description\":\"La marca es trasllada a un espai molt m\u00e9s gran i visible a l'Eixample. Es tracta d'un local de 450 m\u00b2 en el carrer Consell de Cent, en plena superilla. A Barcelona, la companyia centralitza els serveis de vendes, distribuci\u00f3 i servei t\u00e8cnic per a Espanya.\",\"breadcrumb\":{\"@id\":\"https:\/\/gremicafe.cat\/2026\/04\/27\/la-marzocco-trasllada-la-seva-seu-espanyola-al-centre-de-barcelona\/#breadcrumb\"},\"inLanguage\":\"es\",\"potentialAction\":[{\"@type\":\"ReadAction\",\"target\":[\"https:\/\/gremicafe.cat\/2026\/04\/27\/la-marzocco-trasllada-la-seva-seu-espanyola-al-centre-de-barcelona\/\"]}]},{\"@type\":\"ImageObject\",\"inLanguage\":\"es\",\"@id\":\"https:\/\/gremicafe.cat\/2026\/04\/27\/la-marzocco-trasllada-la-seva-seu-espanyola-al-centre-de-barcelona\/#primaryimage\",\"url\":\"https:\/\/gremicafe.cat\/wp-content\/uploads\/2026\/04\/Marzoco-Gremi.jpg\",\"contentUrl\":\"https:\/\/gremicafe.cat\/wp-content\/uploads\/2026\/04\/Marzoco-Gremi.jpg\",\"width\":1080,\"height\":1350,\"caption\":\"Fotografia \u00a9 La Marzocco\"},{\"@type\":\"BreadcrumbList\",\"@id\":\"https:\/\/gremicafe.cat\/2026\/04\/27\/la-marzocco-trasllada-la-seva-seu-espanyola-al-centre-de-barcelona\/#breadcrumb\",\"itemListElement\":[{\"@type\":\"ListItem\",\"position\":1,\"name\":\"Inici\",\"item\":\"https:\/\/gremicafe.cat\/\"},{\"@type\":\"ListItem\",\"position\":2,\"name\":\"La Marzocco trasllada la seva seu espanyola al centre de Barcelona\"}]},{\"@type\":\"WebSite\",\"@id\":\"https:\/\/gremicafe.cat\/#website\",\"url\":\"https:\/\/gremicafe.cat\/\",\"name\":\"Gremi del Caf\u00e8, torradors de Catalunya\",\"description\":\"Web oficial del gremi de torradors de caf\u00e8 de Catalunya\",\"publisher\":{\"@id\":\"https:\/\/gremicafe.cat\/#organization\"},\"potentialAction\":[{\"@type\":\"SearchAction\",\"target\":{\"@type\":\"EntryPoint\",\"urlTemplate\":\"https:\/\/gremicafe.cat\/?s={search_term_string}\"},\"query-input\":{\"@type\":\"PropertyValueSpecification\",\"valueRequired\":true,\"valueName\":\"search_term_string\"}}],\"inLanguage\":\"es\"},{\"@type\":\"Organization\",\"@id\":\"https:\/\/gremicafe.cat\/#organization\",\"name\":\"Gremi del Caf\u00e8, Torradors de Catalunya\",\"url\":\"https:\/\/gremicafe.cat\/\",\"logo\":{\"@type\":\"ImageObject\",\"inLanguage\":\"es\",\"@id\":\"https:\/\/gremicafe.cat\/#\/schema\/logo\/image\/\",\"url\":\"https:\/\/gremicafe.cat\/wp-content\/uploads\/2018\/03\/gremicafe-logo250.png\",\"contentUrl\":\"https:\/\/gremicafe.cat\/wp-content\/uploads\/2018\/03\/gremicafe-logo250.png\",\"width\":250,\"height\":49,\"caption\":\"Gremi del Caf\u00e8, Torradors de Catalunya\"},\"image\":{\"@id\":\"https:\/\/gremicafe.cat\/#\/schema\/logo\/image\/\"},\"sameAs\":[\"https:\/\/www.facebook.com\/gremicafecat\",\"https:\/\/x.com\/gremicafecat\",\"https:\/\/www.instagram.com\/gremicafecat\/\",\"https:\/\/www.pinterest.es\/gremicafecat\/\",\"https:\/\/www.youtube.com\/channel\/UCGLo5Y35vLwLvP4FrPZrCrw\/\"]},{\"@type\":\"Person\",\"@id\":\"https:\/\/gremicafe.cat\/#\/schema\/person\/dabfdbb3d0fa36260855a380f94e4733\",\"name\":\"gremicafe\",\"image\":{\"@type\":\"ImageObject\",\"inLanguage\":\"es\",\"@id\":\"https:\/\/gremicafe.cat\/#\/schema\/person\/image\/\",\"url\":\"https:\/\/secure.gravatar.com\/avatar\/e59baa4ca8f6f97576d6375fb6d3c8f0?s=96&d=mm&r=g\",\"contentUrl\":\"https:\/\/secure.gravatar.com\/avatar\/e59baa4ca8f6f97576d6375fb6d3c8f0?s=96&d=mm&r=g\",\"caption\":\"gremicafe\"}}]}<\/script>\n<!-- \/ Yoast SEO plugin. -->","yoast_head_json":{"title":"La Marzocco trasllada la seva seu espanyola al centre de Barcelona - Gremi del Caf\u00e8, torradors de Catalunya","description":"La marca es trasllada a un espai molt m\u00e9s gran i visible a l'Eixample. Es tracta d'un local de 450 m\u00b2 en el carrer Consell de Cent, en plena superilla. A Barcelona, la companyia centralitza els serveis de vendes, distribuci\u00f3 i servei t\u00e8cnic per a Espanya.","robots":{"index":"index","follow":"follow","max-snippet":"max-snippet:-1","max-image-preview":"max-image-preview:large","max-video-preview":"max-video-preview:-1"},"canonical":"https:\/\/gremicafe.cat\/es\/2026\/04\/27\/la-marzocco-trasllada-la-seva-seu-espanyola-al-centre-de-barcelona\/","og_locale":"es_ES","og_type":"article","og_title":"La Marzocco trasllada la seva seu espanyola al centre de Barcelona - Gremi del Caf\u00e8, torradors de Catalunya","og_description":"La marca es trasllada a un espai molt m\u00e9s gran i visible a l'Eixample. Es tracta d'un local de 450 m\u00b2 en el carrer Consell de Cent, en plena superilla. A Barcelona, la companyia centralitza els serveis de vendes, distribuci\u00f3 i servei t\u00e8cnic per a Espanya.","og_url":"https:\/\/gremicafe.cat\/es\/2026\/04\/27\/la-marzocco-trasllada-la-seva-seu-espanyola-al-centre-de-barcelona\/","og_site_name":"Gremi del Caf\u00e8, torradors de Catalunya","article_publisher":"https:\/\/www.facebook.com\/gremicafecat","article_published_time":"2026-04-27T13:54:49+00:00","article_modified_time":"2026-04-27T13:55:12+00:00","og_image":[{"width":1080,"height":1350,"url":"https:\/\/gremicafe.cat\/wp-content\/uploads\/2026\/04\/Marzoco-Gremi.jpg","type":"image\/jpeg"}],"author":"gremicafe","twitter_card":"summary_large_image","twitter_creator":"@gremicafecat","twitter_site":"@gremicafecat","twitter_misc":{"Escrito por":"gremicafe","Tiempo de lectura":"2 minutos"},"schema":{"@context":"https:\/\/schema.org","@graph":[{"@type":"Article","@id":"https:\/\/gremicafe.cat\/2026\/04\/27\/la-marzocco-trasllada-la-seva-seu-espanyola-al-centre-de-barcelona\/#article","isPartOf":{"@id":"https:\/\/gremicafe.cat\/2026\/04\/27\/la-marzocco-trasllada-la-seva-seu-espanyola-al-centre-de-barcelona\/"},"author":{"name":"gremicafe","@id":"https:\/\/gremicafe.cat\/#\/schema\/person\/dabfdbb3d0fa36260855a380f94e4733"},"headline":"La Marzocco trasllada la seva seu espanyola al centre de Barcelona","datePublished":"2026-04-27T13:54:49+00:00","dateModified":"2026-04-27T13:55:12+00:00","mainEntityOfPage":{"@id":"https:\/\/gremicafe.cat\/2026\/04\/27\/la-marzocco-trasllada-la-seva-seu-espanyola-al-centre-de-barcelona\/"},"wordCount":202,"publisher":{"@id":"https:\/\/gremicafe.cat\/#organization"},"image":{"@id":"https:\/\/gremicafe.cat\/2026\/04\/27\/la-marzocco-trasllada-la-seva-seu-espanyola-al-centre-de-barcelona\/#primaryimage"},"thumbnailUrl":"https:\/\/gremicafe.cat\/wp-content\/uploads\/2026\/04\/Marzoco-Gremi.jpg","keywords":["Caf\u00e8 d'especialitat","cafetera expr\u00e9s","De'Longhi","Marzocco"],"articleSection":["Not\u00edcies"],"inLanguage":"es"},{"@type":"WebPage","@id":"https:\/\/gremicafe.cat\/2026\/04\/27\/la-marzocco-trasllada-la-seva-seu-espanyola-al-centre-de-barcelona\/","url":"https:\/\/gremicafe.cat\/2026\/04\/27\/la-marzocco-trasllada-la-seva-seu-espanyola-al-centre-de-barcelona\/","name":"La Marzocco trasllada la seva seu espanyola al centre de Barcelona - Gremi del Caf\u00e8, torradors de Catalunya","isPartOf":{"@id":"https:\/\/gremicafe.cat\/#website"},"primaryImageOfPage":{"@id":"https:\/\/gremicafe.cat\/2026\/04\/27\/la-marzocco-trasllada-la-seva-seu-espanyola-al-centre-de-barcelona\/#primaryimage"},"image":{"@id":"https:\/\/gremicafe.cat\/2026\/04\/27\/la-marzocco-trasllada-la-seva-seu-espanyola-al-centre-de-barcelona\/#primaryimage"},"thumbnailUrl":"https:\/\/gremicafe.cat\/wp-content\/uploads\/2026\/04\/Marzoco-Gremi.jpg","datePublished":"2026-04-27T13:54:49+00:00","dateModified":"2026-04-27T13:55:12+00:00","description":"La marca es trasllada a un espai molt m\u00e9s gran i visible a l'Eixample. Es tracta d'un local de 450 m\u00b2 en el carrer Consell de Cent, en plena superilla. A Barcelona, la companyia centralitza els serveis de vendes, distribuci\u00f3 i servei t\u00e8cnic per a Espanya.","breadcrumb":{"@id":"https:\/\/gremicafe.cat\/2026\/04\/27\/la-marzocco-trasllada-la-seva-seu-espanyola-al-centre-de-barcelona\/#breadcrumb"},"inLanguage":"es","potentialAction":[{"@type":"ReadAction","target":["https:\/\/gremicafe.cat\/2026\/04\/27\/la-marzocco-trasllada-la-seva-seu-espanyola-al-centre-de-barcelona\/"]}]},{"@type":"ImageObject","inLanguage":"es","@id":"https:\/\/gremicafe.cat\/2026\/04\/27\/la-marzocco-trasllada-la-seva-seu-espanyola-al-centre-de-barcelona\/#primaryimage","url":"https:\/\/gremicafe.cat\/wp-content\/uploads\/2026\/04\/Marzoco-Gremi.jpg","contentUrl":"https:\/\/gremicafe.cat\/wp-content\/uploads\/2026\/04\/Marzoco-Gremi.jpg","width":1080,"height":1350,"caption":"Fotografia \u00a9 La Marzocco"},{"@type":"BreadcrumbList","@id":"https:\/\/gremicafe.cat\/2026\/04\/27\/la-marzocco-trasllada-la-seva-seu-espanyola-al-centre-de-barcelona\/#breadcrumb","itemListElement":[{"@type":"ListItem","position":1,"name":"Inici","item":"https:\/\/gremicafe.cat\/"},{"@type":"ListItem","position":2,"name":"La Marzocco trasllada la seva seu espanyola al centre de Barcelona"}]},{"@type":"WebSite","@id":"https:\/\/gremicafe.cat\/#website","url":"https:\/\/gremicafe.cat\/","name":"Gremio del Caf\u00e9, tostadores de Catalu\u00f1a","description":"Web oficial del gremio de tostadores de caf\u00e9 de Catalunya","publisher":{"@id":"https:\/\/gremicafe.cat\/#organization"},"potentialAction":[{"@type":"SearchAction","target":{"@type":"EntryPoint","urlTemplate":"https:\/\/gremicafe.cat\/?s={search_term_string}"},"query-input":{"@type":"PropertyValueSpecification","valueRequired":true,"valueName":"search_term_string"}}],"inLanguage":"es"},{"@type":"Organization","@id":"https:\/\/gremicafe.cat\/#organization","name":"Gremio del Caf\u00e9, Tostadores de Catalu\u00f1a","url":"https:\/\/gremicafe.cat\/","logo":{"@type":"ImageObject","inLanguage":"es","@id":"https:\/\/gremicafe.cat\/#\/schema\/logo\/image\/","url":"https:\/\/gremicafe.cat\/wp-content\/uploads\/2018\/03\/gremicafe-logo250.png","contentUrl":"https:\/\/gremicafe.cat\/wp-content\/uploads\/2018\/03\/gremicafe-logo250.png","width":250,"height":49,"caption":"Gremi del Caf\u00e8, Torradors de Catalunya"},"image":{"@id":"https:\/\/gremicafe.cat\/#\/schema\/logo\/image\/"},"sameAs":["https:\/\/www.facebook.com\/gremicafecat","https:\/\/x.com\/gremicafecat","https:\/\/www.instagram.com\/gremicafecat\/","https:\/\/www.pinterest.es\/gremicafecat\/","https:\/\/www.youtube.com\/channel\/UCGLo5Y35vLwLvP4FrPZrCrw\/"]},{"@type":"Person","@id":"https:\/\/gremicafe.cat\/#\/schema\/person\/dabfdbb3d0fa36260855a380f94e4733","name":"gremicafe","image":{"@type":"ImageObject","inLanguage":"es","@id":"https:\/\/gremicafe.cat\/#\/schema\/person\/image\/","url":"https:\/\/secure.gravatar.com\/avatar\/e59baa4ca8f6f97576d6375fb6d3c8f0?s=96&d=mm&r=g","contentUrl":"https:\/\/secure.gravatar.com\/avatar\/e59baa4ca8f6f97576d6375fb6d3c8f0?s=96&d=mm&r=g","caption":"gremicafe"}}]}},"_links":{"self":[{"href":"https:\/\/gremicafe.cat\/es\/wp-json\/wp\/v2\/posts\/8338"}],"collection":[{"href":"https:\/\/gremicafe.cat\/es\/wp-json\/wp\/v2\/posts"}],"about":[{"href":"https:\/\/gremicafe.cat\/es\/wp-json\/wp\/v2\/types\/post"}],"author":[{"embeddable":true,"href":"https:\/\/gremicafe.cat\/es\/wp-json\/wp\/v2\/users\/1"}],"replies":[{"embeddable":true,"href":"https:\/\/gremicafe.cat\/es\/wp-json\/wp\/v2\/comments?post=8338"}],"version-history":[{"count":0,"href":"https:\/\/gremicafe.cat\/es\/wp-json\/wp\/v2\/posts\/8338\/revisions"}],"wp:featuredmedia":[{"embeddable":true,"href":"https:\/\/gremicafe.cat\/es\/wp-json\/wp\/v2\/media\/8339"}],"wp:attachment":[{"href":"https:\/\/gremicafe.cat\/es\/wp-json\/wp\/v2\/media?parent=8338"}],"wp:term":[{"taxonomy":"category","embeddable":true,"href":"https:\/\/gremicafe.cat\/es\/wp-json\/wp\/v2\/categories?post=8338"},{"taxonomy":"post_tag","embeddable":true,"href":"https:\/\/gremicafe.cat\/es\/wp-json\/wp\/v2\/tags?post=8338"}],"curies":[{"name":"wp","href":"https:\/\/api.w.org\/{rel}","templated":true}]}}