{"id":8342,"date":"2026-04-20T16:43:20","date_gmt":"2026-04-20T14:43:20","guid":{"rendered":"https:\/\/gremicafe.cat\/?p=8342"},"modified":"2026-04-27T16:44:22","modified_gmt":"2026-04-27T14:44:22","slug":"lassemblea-del-gremi-de-torradors-de-cafe-se-celebrara-a-lleida","status":"publish","type":"post","link":"https:\/\/gremicafe.cat\/es\/2026\/04\/20\/lassemblea-del-gremi-de-torradors-de-cafe-se-celebrara-a-lleida\/","title":{"rendered":"La Asamblea del Gremio de Tostadores de Caf\u00e9 se celebrar\u00e1 en Lleida"},"content":{"rendered":"<p class=\"p3\"><span class=\"s2\">El <strong>Gremio de Tostadores de Caf\u00e9 de Catalu\u00f1a<\/strong> convoca a todos sus socios al\u2019<b>Asamblea General,<\/b> correspondiente al a\u00f1o 2026, que tendr\u00e1 lugar el pr\u00f3ximo\u00a0<b>mi\u00e9rcoles 20 de mayo de 2026, a las 10:00 h<\/b>, <b>a Ley<\/b><strong>da<\/strong>, en un espacio cercano a la <b>Seu Vella de Lleida<\/b>, de la capital de poniente.<\/span><\/p>\n<p class=\"p3\"><span class=\"s2\">Tras la celebraci\u00f3n de la asamblea, los asistentes podr\u00e1n disfrutar de una\u00a0<b>visita guiada a la Seu Vella, uno de los monumentos m\u00e1s importantes de Catalu\u00f1a, <\/b>seguida de uno\u00a0<b>almuerzo de hermandad<\/b> en un restaurante cercano a la Seu Vella. El lugar de encuentro, los detalles de la Asamblea as\u00ed como el restaurante, se comunicar\u00e1n personalmente a los socios del Gremi.<b><\/b><\/span><\/p>\n<p class=\"p3\"><span class=\"s2\">Animamos a todos los socios a participar en esta jornada que combina el encuentro institucional con la gastronom\u00eda leridana. Su presencia es muy importante para seguir haciendo crecer nuestro Gremio.<\/span><\/p>\n<p class=\"p4\"><span class=\"s1\"><b>\u00a1Os esperamos!<\/b><\/span><\/p>\n<p><img loading=\"lazy\" decoding=\"async\" class=\"aligncenter size-full wp-image-8343\" src=\"https:\/\/gremicafe.cat\/wp-content\/uploads\/2026\/04\/AssembleaLleida.jpg\" alt=\"\" width=\"1080\" height=\"1350\" srcset=\"https:\/\/gremicafe.cat\/wp-content\/uploads\/2026\/04\/AssembleaLleida.jpg 1080w, https:\/\/gremicafe.cat\/wp-content\/uploads\/2026\/04\/AssembleaLleida-768x960.jpg 768w, https:\/\/gremicafe.cat\/wp-content\/uploads\/2026\/04\/AssembleaLleida-10x12.jpg 10w, https:\/\/gremicafe.cat\/wp-content\/uploads\/2026\/04\/AssembleaLleida-576x720.jpg 576w\" sizes=\"(max-width: 1080px) 100vw, 1080px\" \/><\/p>","protected":false},"excerpt":{"rendered":"<p>El Gremi de Torradors de Caf\u00e8 de Catalunya convoca tots els seus socis a l\u2019Assemblea General, corresponent a l&#8217;any 2026, \u00a0que tindr\u00e0 lloc el pr\u00f2xim\u00a0dimecres 20 de maig de 2026, a les 10:00 h, a Lleida, en un espai proper a la Seu Vella de Lleida, de la capital de ponent. Despr\u00e9s de la celebraci\u00f3 [&hellip;]<\/p>\n","protected":false},"author":1,"featured_media":8343,"comment_status":"closed","ping_status":"open","sticky":false,"template":"","format":"standard","meta":{"_acf_changed":false,"inline_featured_image":false,"footnotes":""},"categories":[1],"tags":[150,177],"class_list":["post-8342","post","type-post","status-publish","format-standard","has-post-thumbnail","hentry","category-noticies","tag-assemblea-gremi","tag-lleida"],"acf":[],"yoast_head":"<!-- This site is optimized with the Yoast SEO plugin v25.5 - https:\/\/yoast.com\/wordpress\/plugins\/seo\/ -->\n<title>L&#039;Assemblea del Gremi de Torradors de Caf\u00e8 se celebrar\u00e0 a Lleida - Gremi del Caf\u00e8, torradors de Catalunya<\/title>\n<meta name=\"description\" content=\"El Gremi de Torradors de Caf\u00e8 de Catalunya convoca tots els seus socis a l\u2019Assemblea General, corresponent a l&#039;any 2026, \u00a0que tindr\u00e0 lloc el pr\u00f2xim\u00a0dimecres 20 de maig de 2026, a les 10:00 h, a Lleida, en un espai proper a la Seu Vella de Lleida, de la capital de ponent.\" \/>\n<meta name=\"robots\" content=\"index, follow, max-snippet:-1, max-image-preview:large, max-video-preview:-1\" \/>\n<link rel=\"canonical\" href=\"https:\/\/gremicafe.cat\/es\/2026\/04\/20\/lassemblea-del-gremi-de-torradors-de-cafe-se-celebrara-a-lleida\/\" \/>\n<meta property=\"og:locale\" content=\"es_ES\" \/>\n<meta property=\"og:type\" content=\"article\" \/>\n<meta property=\"og:title\" content=\"L&#039;Assemblea del Gremi de Torradors de Caf\u00e8 se celebrar\u00e0 a Lleida - Gremi del Caf\u00e8, torradors de Catalunya\" \/>\n<meta property=\"og:description\" content=\"El Gremi de Torradors de Caf\u00e8 de Catalunya convoca tots els seus socis a l\u2019Assemblea General, corresponent a l&#039;any 2026, \u00a0que tindr\u00e0 lloc el pr\u00f2xim\u00a0dimecres 20 de maig de 2026, a les 10:00 h, a Lleida, en un espai proper a la Seu Vella de Lleida, de la capital de ponent.\" \/>\n<meta property=\"og:url\" content=\"https:\/\/gremicafe.cat\/es\/2026\/04\/20\/lassemblea-del-gremi-de-torradors-de-cafe-se-celebrara-a-lleida\/\" \/>\n<meta property=\"og:site_name\" content=\"Gremi del Caf\u00e8, torradors de Catalunya\" \/>\n<meta property=\"article:publisher\" content=\"https:\/\/www.facebook.com\/gremicafecat\" \/>\n<meta property=\"article:published_time\" content=\"2026-04-20T14:43:20+00:00\" \/>\n<meta property=\"article:modified_time\" content=\"2026-04-27T14:44:22+00:00\" \/>\n<meta property=\"og:image\" content=\"https:\/\/gremicafe.cat\/wp-content\/uploads\/2026\/04\/AssembleaLleida.jpg\" \/>\n\t<meta property=\"og:image:width\" content=\"1080\" \/>\n\t<meta property=\"og:image:height\" content=\"1350\" \/>\n\t<meta property=\"og:image:type\" content=\"image\/jpeg\" \/>\n<meta name=\"author\" content=\"gremicafe\" \/>\n<meta name=\"twitter:card\" content=\"summary_large_image\" \/>\n<meta name=\"twitter:creator\" content=\"@gremicafecat\" \/>\n<meta name=\"twitter:site\" content=\"@gremicafecat\" \/>\n<meta name=\"twitter:label1\" content=\"Escrito por\" \/>\n\t<meta name=\"twitter:data1\" content=\"gremicafe\" \/>\n\t<meta name=\"twitter:label2\" content=\"Tiempo de lectura\" \/>\n\t<meta name=\"twitter:data2\" content=\"2 minutos\" \/>\n<script type=\"application\/ld+json\" class=\"yoast-schema-graph\">{\"@context\":\"https:\/\/schema.org\",\"@graph\":[{\"@type\":\"Article\",\"@id\":\"https:\/\/gremicafe.cat\/2026\/04\/20\/lassemblea-del-gremi-de-torradors-de-cafe-se-celebrara-a-lleida\/#article\",\"isPartOf\":{\"@id\":\"https:\/\/gremicafe.cat\/2026\/04\/20\/lassemblea-del-gremi-de-torradors-de-cafe-se-celebrara-a-lleida\/\"},\"author\":{\"name\":\"gremicafe\",\"@id\":\"https:\/\/gremicafe.cat\/#\/schema\/person\/dabfdbb3d0fa36260855a380f94e4733\"},\"headline\":\"L&#8217;Assemblea del Gremi de Torradors de Caf\u00e8 se celebrar\u00e0 a Lleida\",\"datePublished\":\"2026-04-20T14:43:20+00:00\",\"dateModified\":\"2026-04-27T14:44:22+00:00\",\"mainEntityOfPage\":{\"@id\":\"https:\/\/gremicafe.cat\/2026\/04\/20\/lassemblea-del-gremi-de-torradors-de-cafe-se-celebrara-a-lleida\/\"},\"wordCount\":160,\"publisher\":{\"@id\":\"https:\/\/gremicafe.cat\/#organization\"},\"image\":{\"@id\":\"https:\/\/gremicafe.cat\/2026\/04\/20\/lassemblea-del-gremi-de-torradors-de-cafe-se-celebrara-a-lleida\/#primaryimage\"},\"thumbnailUrl\":\"https:\/\/gremicafe.cat\/wp-content\/uploads\/2026\/04\/AssembleaLleida.jpg\",\"keywords\":[\"Assemblea Gremi\",\"LLeida\"],\"articleSection\":[\"Not\u00edcies\"],\"inLanguage\":\"es\"},{\"@type\":\"WebPage\",\"@id\":\"https:\/\/gremicafe.cat\/2026\/04\/20\/lassemblea-del-gremi-de-torradors-de-cafe-se-celebrara-a-lleida\/\",\"url\":\"https:\/\/gremicafe.cat\/2026\/04\/20\/lassemblea-del-gremi-de-torradors-de-cafe-se-celebrara-a-lleida\/\",\"name\":\"L'Assemblea del Gremi de Torradors de Caf\u00e8 se celebrar\u00e0 a Lleida - Gremi del Caf\u00e8, torradors de Catalunya\",\"isPartOf\":{\"@id\":\"https:\/\/gremicafe.cat\/#website\"},\"primaryImageOfPage\":{\"@id\":\"https:\/\/gremicafe.cat\/2026\/04\/20\/lassemblea-del-gremi-de-torradors-de-cafe-se-celebrara-a-lleida\/#primaryimage\"},\"image\":{\"@id\":\"https:\/\/gremicafe.cat\/2026\/04\/20\/lassemblea-del-gremi-de-torradors-de-cafe-se-celebrara-a-lleida\/#primaryimage\"},\"thumbnailUrl\":\"https:\/\/gremicafe.cat\/wp-content\/uploads\/2026\/04\/AssembleaLleida.jpg\",\"datePublished\":\"2026-04-20T14:43:20+00:00\",\"dateModified\":\"2026-04-27T14:44:22+00:00\",\"description\":\"El Gremi de Torradors de Caf\u00e8 de Catalunya convoca tots els seus socis a l\u2019Assemblea General, corresponent a l'any 2026, \u00a0que tindr\u00e0 lloc el pr\u00f2xim\u00a0dimecres 20 de maig de 2026, a les 10:00 h, a Lleida, en un espai proper a la Seu Vella de Lleida, de la capital de ponent.\",\"breadcrumb\":{\"@id\":\"https:\/\/gremicafe.cat\/2026\/04\/20\/lassemblea-del-gremi-de-torradors-de-cafe-se-celebrara-a-lleida\/#breadcrumb\"},\"inLanguage\":\"es\",\"potentialAction\":[{\"@type\":\"ReadAction\",\"target\":[\"https:\/\/gremicafe.cat\/2026\/04\/20\/lassemblea-del-gremi-de-torradors-de-cafe-se-celebrara-a-lleida\/\"]}]},{\"@type\":\"ImageObject\",\"inLanguage\":\"es\",\"@id\":\"https:\/\/gremicafe.cat\/2026\/04\/20\/lassemblea-del-gremi-de-torradors-de-cafe-se-celebrara-a-lleida\/#primaryimage\",\"url\":\"https:\/\/gremicafe.cat\/wp-content\/uploads\/2026\/04\/AssembleaLleida.jpg\",\"contentUrl\":\"https:\/\/gremicafe.cat\/wp-content\/uploads\/2026\/04\/AssembleaLleida.jpg\",\"width\":1080,\"height\":1350},{\"@type\":\"BreadcrumbList\",\"@id\":\"https:\/\/gremicafe.cat\/2026\/04\/20\/lassemblea-del-gremi-de-torradors-de-cafe-se-celebrara-a-lleida\/#breadcrumb\",\"itemListElement\":[{\"@type\":\"ListItem\",\"position\":1,\"name\":\"Inici\",\"item\":\"https:\/\/gremicafe.cat\/\"},{\"@type\":\"ListItem\",\"position\":2,\"name\":\"L&#8217;Assemblea del Gremi de Torradors de Caf\u00e8 se celebrar\u00e0 a Lleida\"}]},{\"@type\":\"WebSite\",\"@id\":\"https:\/\/gremicafe.cat\/#website\",\"url\":\"https:\/\/gremicafe.cat\/\",\"name\":\"Gremi del Caf\u00e8, torradors de Catalunya\",\"description\":\"Web oficial del gremi de torradors de caf\u00e8 de Catalunya\",\"publisher\":{\"@id\":\"https:\/\/gremicafe.cat\/#organization\"},\"potentialAction\":[{\"@type\":\"SearchAction\",\"target\":{\"@type\":\"EntryPoint\",\"urlTemplate\":\"https:\/\/gremicafe.cat\/?s={search_term_string}\"},\"query-input\":{\"@type\":\"PropertyValueSpecification\",\"valueRequired\":true,\"valueName\":\"search_term_string\"}}],\"inLanguage\":\"es\"},{\"@type\":\"Organization\",\"@id\":\"https:\/\/gremicafe.cat\/#organization\",\"name\":\"Gremi del Caf\u00e8, Torradors de Catalunya\",\"url\":\"https:\/\/gremicafe.cat\/\",\"logo\":{\"@type\":\"ImageObject\",\"inLanguage\":\"es\",\"@id\":\"https:\/\/gremicafe.cat\/#\/schema\/logo\/image\/\",\"url\":\"https:\/\/gremicafe.cat\/wp-content\/uploads\/2018\/03\/gremicafe-logo250.png\",\"contentUrl\":\"https:\/\/gremicafe.cat\/wp-content\/uploads\/2018\/03\/gremicafe-logo250.png\",\"width\":250,\"height\":49,\"caption\":\"Gremi del Caf\u00e8, Torradors de Catalunya\"},\"image\":{\"@id\":\"https:\/\/gremicafe.cat\/#\/schema\/logo\/image\/\"},\"sameAs\":[\"https:\/\/www.facebook.com\/gremicafecat\",\"https:\/\/x.com\/gremicafecat\",\"https:\/\/www.instagram.com\/gremicafecat\/\",\"https:\/\/www.pinterest.es\/gremicafecat\/\",\"https:\/\/www.youtube.com\/channel\/UCGLo5Y35vLwLvP4FrPZrCrw\/\"]},{\"@type\":\"Person\",\"@id\":\"https:\/\/gremicafe.cat\/#\/schema\/person\/dabfdbb3d0fa36260855a380f94e4733\",\"name\":\"gremicafe\",\"image\":{\"@type\":\"ImageObject\",\"inLanguage\":\"es\",\"@id\":\"https:\/\/gremicafe.cat\/#\/schema\/person\/image\/\",\"url\":\"https:\/\/secure.gravatar.com\/avatar\/e59baa4ca8f6f97576d6375fb6d3c8f0?s=96&d=mm&r=g\",\"contentUrl\":\"https:\/\/secure.gravatar.com\/avatar\/e59baa4ca8f6f97576d6375fb6d3c8f0?s=96&d=mm&r=g\",\"caption\":\"gremicafe\"}}]}<\/script>\n<!-- \/ Yoast SEO plugin. -->","yoast_head_json":{"title":"L'Assemblea del Gremi de Torradors de Caf\u00e8 se celebrar\u00e0 a Lleida - Gremi del Caf\u00e8, torradors de Catalunya","description":"El Gremi de Torradors de Caf\u00e8 de Catalunya convoca tots els seus socis a l\u2019Assemblea General, corresponent a l'any 2026, \u00a0que tindr\u00e0 lloc el pr\u00f2xim\u00a0dimecres 20 de maig de 2026, a les 10:00 h, a Lleida, en un espai proper a la Seu Vella de Lleida, de la capital de ponent.","robots":{"index":"index","follow":"follow","max-snippet":"max-snippet:-1","max-image-preview":"max-image-preview:large","max-video-preview":"max-video-preview:-1"},"canonical":"https:\/\/gremicafe.cat\/es\/2026\/04\/20\/lassemblea-del-gremi-de-torradors-de-cafe-se-celebrara-a-lleida\/","og_locale":"es_ES","og_type":"article","og_title":"L'Assemblea del Gremi de Torradors de Caf\u00e8 se celebrar\u00e0 a Lleida - Gremi del Caf\u00e8, torradors de Catalunya","og_description":"El Gremi de Torradors de Caf\u00e8 de Catalunya convoca tots els seus socis a l\u2019Assemblea General, corresponent a l'any 2026, \u00a0que tindr\u00e0 lloc el pr\u00f2xim\u00a0dimecres 20 de maig de 2026, a les 10:00 h, a Lleida, en un espai proper a la Seu Vella de Lleida, de la capital de ponent.","og_url":"https:\/\/gremicafe.cat\/es\/2026\/04\/20\/lassemblea-del-gremi-de-torradors-de-cafe-se-celebrara-a-lleida\/","og_site_name":"Gremi del Caf\u00e8, torradors de Catalunya","article_publisher":"https:\/\/www.facebook.com\/gremicafecat","article_published_time":"2026-04-20T14:43:20+00:00","article_modified_time":"2026-04-27T14:44:22+00:00","og_image":[{"width":1080,"height":1350,"url":"https:\/\/gremicafe.cat\/wp-content\/uploads\/2026\/04\/AssembleaLleida.jpg","type":"image\/jpeg"}],"author":"gremicafe","twitter_card":"summary_large_image","twitter_creator":"@gremicafecat","twitter_site":"@gremicafecat","twitter_misc":{"Escrito por":"gremicafe","Tiempo de lectura":"2 minutos"},"schema":{"@context":"https:\/\/schema.org","@graph":[{"@type":"Article","@id":"https:\/\/gremicafe.cat\/2026\/04\/20\/lassemblea-del-gremi-de-torradors-de-cafe-se-celebrara-a-lleida\/#article","isPartOf":{"@id":"https:\/\/gremicafe.cat\/2026\/04\/20\/lassemblea-del-gremi-de-torradors-de-cafe-se-celebrara-a-lleida\/"},"author":{"name":"gremicafe","@id":"https:\/\/gremicafe.cat\/#\/schema\/person\/dabfdbb3d0fa36260855a380f94e4733"},"headline":"L&#8217;Assemblea del Gremi de Torradors de Caf\u00e8 se celebrar\u00e0 a Lleida","datePublished":"2026-04-20T14:43:20+00:00","dateModified":"2026-04-27T14:44:22+00:00","mainEntityOfPage":{"@id":"https:\/\/gremicafe.cat\/2026\/04\/20\/lassemblea-del-gremi-de-torradors-de-cafe-se-celebrara-a-lleida\/"},"wordCount":160,"publisher":{"@id":"https:\/\/gremicafe.cat\/#organization"},"image":{"@id":"https:\/\/gremicafe.cat\/2026\/04\/20\/lassemblea-del-gremi-de-torradors-de-cafe-se-celebrara-a-lleida\/#primaryimage"},"thumbnailUrl":"https:\/\/gremicafe.cat\/wp-content\/uploads\/2026\/04\/AssembleaLleida.jpg","keywords":["Assemblea Gremi","LLeida"],"articleSection":["Not\u00edcies"],"inLanguage":"es"},{"@type":"WebPage","@id":"https:\/\/gremicafe.cat\/2026\/04\/20\/lassemblea-del-gremi-de-torradors-de-cafe-se-celebrara-a-lleida\/","url":"https:\/\/gremicafe.cat\/2026\/04\/20\/lassemblea-del-gremi-de-torradors-de-cafe-se-celebrara-a-lleida\/","name":"L'Assemblea del Gremi de Torradors de Caf\u00e8 se celebrar\u00e0 a Lleida - Gremi del Caf\u00e8, torradors de Catalunya","isPartOf":{"@id":"https:\/\/gremicafe.cat\/#website"},"primaryImageOfPage":{"@id":"https:\/\/gremicafe.cat\/2026\/04\/20\/lassemblea-del-gremi-de-torradors-de-cafe-se-celebrara-a-lleida\/#primaryimage"},"image":{"@id":"https:\/\/gremicafe.cat\/2026\/04\/20\/lassemblea-del-gremi-de-torradors-de-cafe-se-celebrara-a-lleida\/#primaryimage"},"thumbnailUrl":"https:\/\/gremicafe.cat\/wp-content\/uploads\/2026\/04\/AssembleaLleida.jpg","datePublished":"2026-04-20T14:43:20+00:00","dateModified":"2026-04-27T14:44:22+00:00","description":"El Gremi de Torradors de Caf\u00e8 de Catalunya convoca tots els seus socis a l\u2019Assemblea General, corresponent a l'any 2026, \u00a0que tindr\u00e0 lloc el pr\u00f2xim\u00a0dimecres 20 de maig de 2026, a les 10:00 h, a Lleida, en un espai proper a la Seu Vella de Lleida, de la capital de ponent.","breadcrumb":{"@id":"https:\/\/gremicafe.cat\/2026\/04\/20\/lassemblea-del-gremi-de-torradors-de-cafe-se-celebrara-a-lleida\/#breadcrumb"},"inLanguage":"es","potentialAction":[{"@type":"ReadAction","target":["https:\/\/gremicafe.cat\/2026\/04\/20\/lassemblea-del-gremi-de-torradors-de-cafe-se-celebrara-a-lleida\/"]}]},{"@type":"ImageObject","inLanguage":"es","@id":"https:\/\/gremicafe.cat\/2026\/04\/20\/lassemblea-del-gremi-de-torradors-de-cafe-se-celebrara-a-lleida\/#primaryimage","url":"https:\/\/gremicafe.cat\/wp-content\/uploads\/2026\/04\/AssembleaLleida.jpg","contentUrl":"https:\/\/gremicafe.cat\/wp-content\/uploads\/2026\/04\/AssembleaLleida.jpg","width":1080,"height":1350},{"@type":"BreadcrumbList","@id":"https:\/\/gremicafe.cat\/2026\/04\/20\/lassemblea-del-gremi-de-torradors-de-cafe-se-celebrara-a-lleida\/#breadcrumb","itemListElement":[{"@type":"ListItem","position":1,"name":"Inici","item":"https:\/\/gremicafe.cat\/"},{"@type":"ListItem","position":2,"name":"L&#8217;Assemblea del Gremi de Torradors de Caf\u00e8 se celebrar\u00e0 a Lleida"}]},{"@type":"WebSite","@id":"https:\/\/gremicafe.cat\/#website","url":"https:\/\/gremicafe.cat\/","name":"Gremio del Caf\u00e9, tostadores de Catalu\u00f1a","description":"Web oficial del gremio de tostadores de caf\u00e9 de Catalunya","publisher":{"@id":"https:\/\/gremicafe.cat\/#organization"},"potentialAction":[{"@type":"SearchAction","target":{"@type":"EntryPoint","urlTemplate":"https:\/\/gremicafe.cat\/?s={search_term_string}"},"query-input":{"@type":"PropertyValueSpecification","valueRequired":true,"valueName":"search_term_string"}}],"inLanguage":"es"},{"@type":"Organization","@id":"https:\/\/gremicafe.cat\/#organization","name":"Gremio del Caf\u00e9, Tostadores de Catalu\u00f1a","url":"https:\/\/gremicafe.cat\/","logo":{"@type":"ImageObject","inLanguage":"es","@id":"https:\/\/gremicafe.cat\/#\/schema\/logo\/image\/","url":"https:\/\/gremicafe.cat\/wp-content\/uploads\/2018\/03\/gremicafe-logo250.png","contentUrl":"https:\/\/gremicafe.cat\/wp-content\/uploads\/2018\/03\/gremicafe-logo250.png","width":250,"height":49,"caption":"Gremi del Caf\u00e8, Torradors de Catalunya"},"image":{"@id":"https:\/\/gremicafe.cat\/#\/schema\/logo\/image\/"},"sameAs":["https:\/\/www.facebook.com\/gremicafecat","https:\/\/x.com\/gremicafecat","https:\/\/www.instagram.com\/gremicafecat\/","https:\/\/www.pinterest.es\/gremicafecat\/","https:\/\/www.youtube.com\/channel\/UCGLo5Y35vLwLvP4FrPZrCrw\/"]},{"@type":"Person","@id":"https:\/\/gremicafe.cat\/#\/schema\/person\/dabfdbb3d0fa36260855a380f94e4733","name":"gremicafe","image":{"@type":"ImageObject","inLanguage":"es","@id":"https:\/\/gremicafe.cat\/#\/schema\/person\/image\/","url":"https:\/\/secure.gravatar.com\/avatar\/e59baa4ca8f6f97576d6375fb6d3c8f0?s=96&d=mm&r=g","contentUrl":"https:\/\/secure.gravatar.com\/avatar\/e59baa4ca8f6f97576d6375fb6d3c8f0?s=96&d=mm&r=g","caption":"gremicafe"}}]}},"_links":{"self":[{"href":"https:\/\/gremicafe.cat\/es\/wp-json\/wp\/v2\/posts\/8342"}],"collection":[{"href":"https:\/\/gremicafe.cat\/es\/wp-json\/wp\/v2\/posts"}],"about":[{"href":"https:\/\/gremicafe.cat\/es\/wp-json\/wp\/v2\/types\/post"}],"author":[{"embeddable":true,"href":"https:\/\/gremicafe.cat\/es\/wp-json\/wp\/v2\/users\/1"}],"replies":[{"embeddable":true,"href":"https:\/\/gremicafe.cat\/es\/wp-json\/wp\/v2\/comments?post=8342"}],"version-history":[{"count":0,"href":"https:\/\/gremicafe.cat\/es\/wp-json\/wp\/v2\/posts\/8342\/revisions"}],"wp:featuredmedia":[{"embeddable":true,"href":"https:\/\/gremicafe.cat\/es\/wp-json\/wp\/v2\/media\/8343"}],"wp:attachment":[{"href":"https:\/\/gremicafe.cat\/es\/wp-json\/wp\/v2\/media?parent=8342"}],"wp:term":[{"taxonomy":"category","embeddable":true,"href":"https:\/\/gremicafe.cat\/es\/wp-json\/wp\/v2\/categories?post=8342"},{"taxonomy":"post_tag","embeddable":true,"href":"https:\/\/gremicafe.cat\/es\/wp-json\/wp\/v2\/tags?post=8342"}],"curies":[{"name":"wp","href":"https:\/\/api.w.org\/{rel}","templated":true}]}}